

{"id":105335,"date":"2020-06-26T02:00:32","date_gmt":"2020-06-26T09:00:32","guid":{"rendered":"https:\/\/www.questionpro.com\/blog\/?p=105335"},"modified":"2023-03-17T23:21:35","modified_gmt":"2023-03-17T23:21:35","slug":"medicion-de-la-experiencia-del-empleado","status":"publish","type":"post","link":"https:\/\/www.questionpro.com\/blog\/es\/medicion-de-la-experiencia-del-empleado\/","title":{"rendered":"Medici\u00f3n de la Experiencia del Empleado (EX) en tu empresa"},"content":{"rendered":"<p><span style=\"font-weight: 400;\">La mayor\u00eda de las empresas se enfocan en la \u00f3ptima atenci\u00f3n al cliente, con mediciones constantes del grado de satisfacci\u00f3n que se logra en ellos y programas\u00a0 que les dan voz (VoC), a favor de la mejora continua de marca; sin embargo, las empresas que deseen tener una excelente Experiencia del Cliente, deben poner acci\u00f3n en la medici\u00f3n de Experiencia del Empleado (EX).<\/span><\/p>\n<p><span style=\"font-weight: 400;\">El concepto de Experiencia del Empleado, o <a href=\"https:\/\/www.questionpro.com\/blog\/es\/que-es-employee-experience\/\" target=\"_blank\" rel=\"noopener\">Employee Experience<\/a> (EX) por su nombre en ingl\u00e9s, que trataremos en este blog puede sonarte nuevo, tal vez complejo de abordar o llenarte de nuevas ideas, t\u00fa decides el impacto que puede tener en tu empresa y en la <\/span><a href=\"https:\/\/www.questionpro.com\/blog\/es\/experiencia-del-cliente-que-es\/\" target=\"_blank\" rel=\"noopener noreferrer\"><span style=\"font-weight: 400;\">Experiencia del Cliente<\/span><\/a><span style=\"font-weight: 400;\"> (CX).<\/span><\/p>\n<p><span style=\"font-weight: 400;\">\u00bfSab\u00edas que el 75% de los empleados en M\u00e9xico sufren fatiga por estr\u00e9s laboral y que el 85% de las organizaciones no fomentan el desarrollo personal?<\/span><\/p>\n<p>Seguramente son cifras que como tal no hab\u00edas escuchado, pero que ya pod\u00edas imaginar, ya que desde la formaci\u00f3n escolar no estamos enfocado en el crecimiento personal y profesional, sino en la productividad.<\/p>\n<p><span style=\"font-weight: 400;\">Los datos anteriormente expuestos pueden sonar simples, pero en muchas ocasiones son la ra\u00edz de los principales problemas con los equipos de trabajo, fomentando la alta rotaci\u00f3n de personal, ambientes laborales t\u00f3xicos, empleados enfocados \u00fanicamente en horarios y pagos, nula identidad con la empresa, y una muy mala atenci\u00f3n al cliente.<\/span><\/p>\n<blockquote><p><span style=\"font-weight: 400;\">\u00bfSabes <\/span><a href=\"https:\/\/www.questionpro.com\/blog\/es\/como-mejorar-la-experiencia-de-empleados\/\" target=\"_blank\" rel=\"noopener noreferrer\"><span style=\"font-weight: 400;\">c\u00f3mo mejorar la experiencia de empleados<\/span><\/a><span style=\"font-weight: 400;\">?<\/span><\/p><\/blockquote>\n<h2><span style=\"font-weight: 400;\"><br \/>\nDale poder a tu marca, con empleados poderosos<\/span><\/h2>\n<p><span style=\"font-weight: 400;\">La Experiencia del Empleado (EX) se puede definir como <\/span><b>todo aquello que tus colaboradores perciben cuando interact\u00faan antes, durante y despu\u00e9s de la ejecuci\u00f3n de su trabajo<\/b><span style=\"font-weight: 400;\">, desde que inicia el proceso de contrataci\u00f3n, hasta la separaci\u00f3n del cargo.\u00a0<\/span><\/p>\n<p><span style=\"font-weight: 400;\">Es importante puntualizar que es un asunto de percepci\u00f3n, por lo que muchas veces pudiera resultar subjetiva, siendo esto una de las premisas de la importancia de realizar programas de medici\u00f3n de la Experiencia del Empleado.<\/span><\/p>\n<p><span style=\"font-weight: 400;\">Por ejemplo, uno de los puntos principales de descontento en la mayor parte de los empleados es que sus superiores pongan por encima la eficiencia, a costa de la adaptabilidad; por ejemplo, con turnos enormes que les den poco margen de descanso o tiempo de crecimiento personal o profesional, para tener mayormente abierto un punto de venta o evitar contratar personal adicional.<\/span><\/p>\n<p><span style=\"font-weight: 400;\">Saber si tus empleados cuentan con autonom\u00eda para realizar su trabajo, est\u00e1n siendo desarrollados adecuadamente, si sienten que son efectivos en su campo de trabajo y conectados con sus compa\u00f1eros o jefes, te marcar\u00e1 la pauta para realizar acciones que los ayuden a mejorar su percepci\u00f3n y que adoren tu marca.\u00a0<\/span><\/p>\n<p><i><span style=\"font-weight: 400;\">Si tienes un equipo de trabajo bien conformado, con confianza mutua y con lealtad a la marca, se desempe\u00f1ar\u00e1 mejor para no defraudar a los dem\u00e1s, antes que a s\u00ed mismos.<\/span><\/i><\/p>\n<p><span style=\"font-weight: 400;\">Recuerda que todo punto de contacto de tus prospectos o clientes, desde la primera interacci\u00f3n, hasta la compra y recompra de tu producto o servicio conlleva interacciones con tu equipo de trabajo, de ah\u00ed la importancia de la medici\u00f3n de la Experiencia del Empleado, por la correlaci\u00f3n con la Experiencia del Cliente (CX).<\/span><\/p>\n<p><span style=\"font-weight: 400;\">Ahora, si deseas ser excelente, implementa un buen programa de <\/span><a href=\"https:\/\/www.questionpro.com\/blog\/es\/voz-del-empleado\/\" target=\"_blank\" rel=\"noopener noreferrer\"><span style=\"font-weight: 400;\">Voz del Empleado<\/span><\/a><span style=\"font-weight: 400;\"> que funcione paralelamente a un programa de Voz del Cliente. Recuerda que la palabra clave es: ESCUCHA.\u00a0<\/span><\/p>\n<h2><span style=\"font-weight: 400;\">\u00bfC\u00f3mo realizar la medici\u00f3n de la Experiencia del Empleado?<\/span><\/h2>\n<p><span style=\"font-weight: 400;\">Dale voz a tus empleados con programas certeros con los que se puedan expresar adecuadamente, con cuestionarios de alto valor que arrojen datos que puedan ser accionables, para fortalecer tu Experiencia de\u00a0 Empleado.\u00a0<\/span><\/p>\n<p><span style=\"font-weight: 400;\">El corporativo DecisionWise, con base en su experiencia de m\u00e1s de 20 a\u00f1os, propone enfocarse en <\/span><b>M.A.G.I.C.<\/b><span style=\"font-weight: 400;\"> (Meaning, Autonomy, Growth, Impact, Connection), veamos m\u00e1s sobre ello:<\/span><\/p>\n<h3><span style=\"font-weight: 400;\">Meaning \/ Significado\u00a0<\/span><\/h3>\n<p><span style=\"font-weight: 400;\">En este primer punto deber\u00e1s identificar si tus empleados perciben que hacen alguna diferencia con su trabajo, que la empresa lo siente parte de ella y se lo comunican eficazmente.<\/span><\/p>\n<h3><span style=\"font-weight: 400;\">Autonomy\u00a0 \/ Autonom\u00eda\u00a0<\/span><\/h3>\n<p><span style=\"font-weight: 400;\">Es muy importante saber si has sentado correctamente las bases para que tus empleados se sientan con la libertad de accionar y si saben que tienen la capacidad de tomar decisiones, con tu total confianza para hacerlo.\u00a0<\/span><\/p>\n<h3><span style=\"font-weight: 400;\">Growth \/ Crecimiento<\/span><\/h3>\n<p><span style=\"font-weight: 400;\">Otro de los puntos m\u00e1s relevantes es saber si perciben que tienen la oportunidad de desarrollarse y se sienten desafiados positivamente para su crecimiento.<\/span><\/p>\n<h3><span style=\"font-weight: 400;\">Impact \/ Impacto<\/span><\/h3>\n<p><span style=\"font-weight: 400;\">Detecta si tus colaboradores perciben que tienen \u00e9xito laboral y si su esfuerzo contribuye al \u00e9xito de la organizaci\u00f3n con la que trabajan.\u00a0<\/span><\/p>\n<h3><span style=\"font-weight: 400;\">Connection \/ Conexi\u00f3n<\/span><\/h3>\n<p><span style=\"font-weight: 400;\">Sentirse parte de un grupo es una de las grandes necesidades humanas, por lo que analiza si tus empleados tienen una conexi\u00f3n personal con sus compa\u00f1eros, si tienen la suficiente confianza con su jefe para acercarse, si existe una conexi\u00f3n real con su trabajo o solo es rutina para ellos.<\/span><\/p>\n<p><span style=\"font-weight: 400;\">Recuerda que lo anterior debe ser analizado durante todo el <\/span><a href=\"https:\/\/www.questionpro.com\/blog\/es\/cuales-son-las-etapas-del-ciclo-de-vida-del-empleado\/\" target=\"_blank\" rel=\"noopener noreferrer\"><span style=\"font-weight: 400;\">ciclo de vida del empleado<\/span><\/a><span style=\"font-weight: 400;\"> (Employees Journey), planteado en tu Mapa de Experiencia del Empleado (Employees Journey Map), que incluye el reclutamiento, la capacitaci\u00f3n y el desarrollo que obtenga desde el inicio y durante su trabajo, la atenci\u00f3n a sus necesidades laborales, el cuidado y seguridad durante toda su jornada, las habilidades y confianza para la toma de decisiones, hasta la separaci\u00f3n del cargo. <\/span><span style=\"font-weight: 400;\"><br \/>\n<\/span><span style=\"font-weight: 400;\"><br \/>\n<\/span><span style=\"font-weight: 400;\">Adem\u00e1s, recuerda que puedes implementar una evaluaci\u00f3n a trav\u00e9s de <\/span><a href=\"https:\/\/www.questionpro.com\/es\/encuesta-de-clima-laboral.html\" target=\"_blank\" rel=\"noopener noreferrer\"><span style=\"font-weight: 400;\">encuestas de clima laboral<\/span><\/a><span style=\"font-weight: 400;\"> peri\u00f3dicamente.<\/span><\/p>\n<p><span style=\"font-weight: 400;\">Si logras impactar positivamente en la Experiencia de tus Empleados, ellos dar\u00e1n mucho m\u00e1s por su equipo de trabajo, por la marca de la que se sienten parte y por tus clientes. \u00a1Convi\u00e9rtelos en embajadores de tu marca!<\/span><\/p>\n<div><a href=\"https:\/\/info.questionpro.com\/colaborador-questionpro\" target=\"_blank\" rel=\"noopener noreferrer\"><img loading=\"lazy\" decoding=\"async\" style=\"float: left;\" src=\"https:\/\/www.questionpro.com\/qp_userimages\/sub-3\/3175908\/download_1531148106167.png\" width=\"60\" height=\"60\" \/><\/a><\/div>\n<div>\n<h2 style=\"color: #1b3380; display: inline;\">\u00a1COLABORA CON NOSOTROS!<\/h2>\n<p>En QuestionPro necesitamos tu talento, si quieres colaborar en nuestro blog da <a style=\"color: #22b6ff;\" href=\"https:\/\/info.questionpro.com\/colaborador-questionpro\" target=\"_blank\" rel=\"noopener noreferrer\">click aqu\u00ed<\/a><\/p>\n<hr \/>\n<p><span style=\"font-weight: 400;\"><br \/>\n<img loading=\"lazy\" decoding=\"async\" class=\"wp-image-105387 alignleft\" src=\"https:\/\/www.questionpro.com\/blog\/wp-content\/uploads\/2020\/06\/logo-inbox-research-300x300.jpg\" alt=\"logo inbox research\" width=\"122\" height=\"122\" \/>Autora:<\/span><strong> Paula Mor\u00e9z. <\/strong><span style=\"font-family: -apple-system, BlinkMacSystemFont, 'Segoe UI', Roboto, Oxygen-Sans, Ubuntu, Cantarell, 'Helvetica Neue', sans-serif;\">Content Manager en <a href=\"https:\/\/info.questionpro.com\/es\/inbox-research\" target=\"_blank\" rel=\"noopener noreferrer\">Inbox Research<\/a>, <\/span><span style=\"font-weight: 400;\">empresa mexicana especialista en Customer Experience Management.<br \/>\nTwitter: <a href=\"https:\/\/twitter.com\/Inbox_mx\" target=\"_blank\" rel=\"noopener noreferrer\">@Inbox_mx<\/a><br \/>\nLinkedIn: <a href=\"https:\/\/www.linkedin.com\/company\/inbox-research\/\" target=\"_blank\" rel=\"noopener noreferrer\">Inbox Research<\/a><br \/>\nFacebook: <a href=\"https:\/\/www.facebook.com\/InboxResearchMx\/\" target=\"_blank\" rel=\"noopener noreferrer\">Inbox Research Mx<\/a><\/span><\/p>\n<\/div>\n","protected":false},"excerpt":{"rendered":"<p>La mayor\u00eda de las empresas se enfocan en la \u00f3ptima atenci\u00f3n al cliente, con mediciones constantes del grado de satisfacci\u00f3n [&hellip;]<\/p>\n","protected":false},"author":42,"featured_media":105337,"comment_status":"closed","ping_status":"closed","sticky":false,"template":"","format":"standard","meta":{"_genesis_hide_title":false,"_genesis_hide_breadcrumbs":false,"_genesis_hide_singular_image":false,"_genesis_hide_footer_widgets":false,"_genesis_custom_body_class":"","_genesis_custom_post_class":"","_genesis_layout":"","footnotes":""},"categories":[164,269,165],"tags":[],"yoast_head":"<!-- This site is optimized with the Yoast SEO plugin v20.4 - https:\/\/yoast.com\/wordpress\/plugins\/seo\/ -->\n<title>Medici\u00f3n de la Experiencia del Empleado (EX) en tu empresa<\/title>\n<meta name=\"description\" content=\"Conoce las ventajas de la medici\u00f3n de la experiencia del empleado y logra la satisfacci\u00f3n de tu fuerza de trabajol con la ayuda de su retroalimentaci\u00f3n.\" \/>\n<meta name=\"robots\" content=\"index, follow, max-snippet:-1, max-image-preview:large, max-video-preview:-1\" \/>\n<link rel=\"canonical\" href=\"https:\/\/www.questionpro.com\/blog\/es\/medicion-de-la-experiencia-del-empleado\/\" \/>\n<meta property=\"og:locale\" content=\"es_ES\" \/>\n<meta property=\"og:type\" content=\"article\" \/>\n<meta property=\"og:title\" content=\"Medici\u00f3n de la Experiencia del Empleado (EX) en tu empresa\" \/>\n<meta property=\"og:description\" content=\"Conoce las ventajas de la medici\u00f3n de la experiencia del empleado y logra la satisfacci\u00f3n de tu fuerza de trabajol con la ayuda de su retroalimentaci\u00f3n.\" \/>\n<meta property=\"og:url\" content=\"https:\/\/www.questionpro.com\/blog\/es\/medicion-de-la-experiencia-del-empleado\/\" \/>\n<meta property=\"og:site_name\" content=\"QuestionPro\" \/>\n<meta property=\"article:publisher\" content=\"https:\/\/www.facebook.com\/questionpro\" \/>\n<meta property=\"article:published_time\" content=\"2020-06-26T09:00:32+00:00\" \/>\n<meta property=\"article:modified_time\" content=\"2023-03-17T23:21:35+00:00\" \/>\n<meta property=\"og:image\" content=\"https:\/\/www.questionpro.com\/blog\/wp-content\/uploads\/2020\/06\/experiencia-empleado.jpg\" \/>\n\t<meta property=\"og:image:width\" content=\"900\" \/>\n\t<meta property=\"og:image:height\" content=\"600\" \/>\n\t<meta property=\"og:image:type\" content=\"image\/jpeg\" \/>\n<meta name=\"author\" content=\"Cristina Ortega\" \/>\n<meta name=\"twitter:card\" content=\"summary_large_image\" \/>\n<meta name=\"twitter:creator\" content=\"@questionpro\" \/>\n<meta name=\"twitter:site\" content=\"@questionpro\" \/>\n<meta name=\"twitter:label1\" content=\"Written by\" \/>\n\t<meta name=\"twitter:data1\" content=\"Cristina Ortega\" \/>\n\t<meta name=\"twitter:label2\" content=\"Est. reading time\" \/>\n\t<meta name=\"twitter:data2\" content=\"5 minutes\" \/>\n<script type=\"application\/ld+json\" class=\"yoast-schema-graph\">{\"@context\":\"https:\/\/schema.org\",\"@graph\":[{\"@type\":\"Article\",\"@id\":\"https:\/\/www.questionpro.com\/blog\/es\/medicion-de-la-experiencia-del-empleado\/#article\",\"isPartOf\":{\"@id\":\"https:\/\/www.questionpro.com\/blog\/es\/medicion-de-la-experiencia-del-empleado\/\"},\"author\":{\"name\":\"Cristina Ortega\",\"@id\":\"https:\/\/www.questionpro.com\/blog\/es\/#\/schema\/person\/36aae2d8eed7708b6408f95c0198593d\"},\"headline\":\"Medici\u00f3n de la Experiencia del Empleado (EX) en tu empresa\",\"datePublished\":\"2020-06-26T09:00:32+00:00\",\"dateModified\":\"2023-03-17T23:21:35+00:00\",\"mainEntityOfPage\":{\"@id\":\"https:\/\/www.questionpro.com\/blog\/es\/medicion-de-la-experiencia-del-empleado\/\"},\"wordCount\":1020,\"publisher\":{\"@id\":\"https:\/\/www.questionpro.com\/blog\/es\/#organization\"},\"articleSection\":[\"Fuerza de Trabajo\",\"Retenci\u00f3n de empleados\",\"Workforce\"],\"inLanguage\":\"es\"},{\"@type\":\"WebPage\",\"@id\":\"https:\/\/www.questionpro.com\/blog\/es\/medicion-de-la-experiencia-del-empleado\/\",\"url\":\"https:\/\/www.questionpro.com\/blog\/es\/medicion-de-la-experiencia-del-empleado\/\",\"name\":\"Medici\u00f3n de la Experiencia del Empleado (EX) en tu empresa\",\"isPartOf\":{\"@id\":\"https:\/\/www.questionpro.com\/blog\/es\/#website\"},\"datePublished\":\"2020-06-26T09:00:32+00:00\",\"dateModified\":\"2023-03-17T23:21:35+00:00\",\"description\":\"Conoce las ventajas de la medici\u00f3n de la experiencia del empleado y logra la satisfacci\u00f3n de tu fuerza de trabajol con la ayuda de su retroalimentaci\u00f3n.\",\"breadcrumb\":{\"@id\":\"https:\/\/www.questionpro.com\/blog\/es\/medicion-de-la-experiencia-del-empleado\/#breadcrumb\"},\"inLanguage\":\"es\",\"potentialAction\":[{\"@type\":\"ReadAction\",\"target\":[\"https:\/\/www.questionpro.com\/blog\/es\/medicion-de-la-experiencia-del-empleado\/\"]}]},{\"@type\":\"BreadcrumbList\",\"@id\":\"https:\/\/www.questionpro.com\/blog\/es\/medicion-de-la-experiencia-del-empleado\/#breadcrumb\",\"itemListElement\":[{\"@type\":\"ListItem\",\"position\":1,\"name\":\"Home\",\"item\":\"https:\/\/www.questionpro.com\/blog\/es\/\"},{\"@type\":\"ListItem\",\"position\":2,\"name\":\"Workforce\",\"item\":\"https:\/\/www.questionpro.com\/blog\/es\/category\/workforce\/\"},{\"@type\":\"ListItem\",\"position\":3,\"name\":\"Medici\u00f3n de la Experiencia del Empleado (EX) en tu empresa\"}]},{\"@type\":\"WebSite\",\"@id\":\"https:\/\/www.questionpro.com\/blog\/es\/#website\",\"url\":\"https:\/\/www.questionpro.com\/blog\/es\/\",\"name\":\"QuestionPro\",\"description\":\"\",\"publisher\":{\"@id\":\"https:\/\/www.questionpro.com\/blog\/es\/#organization\"},\"potentialAction\":[{\"@type\":\"SearchAction\",\"target\":{\"@type\":\"EntryPoint\",\"urlTemplate\":\"https:\/\/www.questionpro.com\/blog\/es\/?s={search_term_string}\"},\"query-input\":\"required name=search_term_string\"}],\"inLanguage\":\"es\"},{\"@type\":\"Organization\",\"@id\":\"https:\/\/www.questionpro.com\/blog\/es\/#organization\",\"name\":\"QuestionPro\",\"url\":\"https:\/\/www.questionpro.com\/blog\/es\/\",\"logo\":{\"@type\":\"ImageObject\",\"inLanguage\":\"es\",\"@id\":\"https:\/\/www.questionpro.com\/blog\/es\/#\/schema\/logo\/image\/\",\"url\":\"https:\/\/www.questionpro.com\/blog\/wp-content\/uploads\/2022\/10\/questionpro-logo.svg\",\"contentUrl\":\"https:\/\/www.questionpro.com\/blog\/wp-content\/uploads\/2022\/10\/questionpro-logo.svg\",\"caption\":\"QuestionPro\"},\"image\":{\"@id\":\"https:\/\/www.questionpro.com\/blog\/es\/#\/schema\/logo\/image\/\"},\"sameAs\":[\"https:\/\/www.facebook.com\/questionpro\",\"https:\/\/twitter.com\/questionpro\",\"https:\/\/www.linkedin.com\/company\/questionpro\/\"]},{\"@type\":\"Person\",\"@id\":\"https:\/\/www.questionpro.com\/blog\/es\/#\/schema\/person\/36aae2d8eed7708b6408f95c0198593d\",\"name\":\"Cristina Ortega\",\"image\":{\"@type\":\"ImageObject\",\"inLanguage\":\"es\",\"@id\":\"https:\/\/www.questionpro.com\/blog\/es\/#\/schema\/person\/image\/\",\"url\":\"https:\/\/secure.gravatar.com\/avatar\/49635f2181bfe83c436d50b9a8bf1f2e?s=96&d=mm&r=g\",\"contentUrl\":\"https:\/\/secure.gravatar.com\/avatar\/49635f2181bfe83c436d50b9a8bf1f2e?s=96&d=mm&r=g\",\"caption\":\"Cristina Ortega\"},\"url\":\"https:\/\/www.questionpro.com\/blog\/es\/author\/cristinaortega\/\"}]}<\/script>\n<!-- \/ Yoast SEO plugin. -->","yoast_head_json":{"title":"Medici\u00f3n de la Experiencia del Empleado (EX) en tu empresa","description":"Conoce las ventajas de la medici\u00f3n de la experiencia del empleado y logra la satisfacci\u00f3n de tu fuerza de trabajol con la ayuda de su retroalimentaci\u00f3n.","robots":{"index":"index","follow":"follow","max-snippet":"max-snippet:-1","max-image-preview":"max-image-preview:large","max-video-preview":"max-video-preview:-1"},"canonical":"https:\/\/www.questionpro.com\/blog\/es\/medicion-de-la-experiencia-del-empleado\/","og_locale":"es_ES","og_type":"article","og_title":"Medici\u00f3n de la Experiencia del Empleado (EX) en tu empresa","og_description":"Conoce las ventajas de la medici\u00f3n de la experiencia del empleado y logra la satisfacci\u00f3n de tu fuerza de trabajol con la ayuda de su retroalimentaci\u00f3n.","og_url":"https:\/\/www.questionpro.com\/blog\/es\/medicion-de-la-experiencia-del-empleado\/","og_site_name":"QuestionPro","article_publisher":"https:\/\/www.facebook.com\/questionpro","article_published_time":"2020-06-26T09:00:32+00:00","article_modified_time":"2023-03-17T23:21:35+00:00","og_image":[{"width":900,"height":600,"url":"https:\/\/www.questionpro.com\/blog\/wp-content\/uploads\/2020\/06\/experiencia-empleado.jpg","type":"image\/jpeg"}],"author":"Cristina Ortega","twitter_card":"summary_large_image","twitter_creator":"@questionpro","twitter_site":"@questionpro","twitter_misc":{"Written by":"Cristina Ortega","Est. reading time":"5 minutes"},"schema":{"@context":"https:\/\/schema.org","@graph":[{"@type":"Article","@id":"https:\/\/www.questionpro.com\/blog\/es\/medicion-de-la-experiencia-del-empleado\/#article","isPartOf":{"@id":"https:\/\/www.questionpro.com\/blog\/es\/medicion-de-la-experiencia-del-empleado\/"},"author":{"name":"Cristina Ortega","@id":"https:\/\/www.questionpro.com\/blog\/es\/#\/schema\/person\/36aae2d8eed7708b6408f95c0198593d"},"headline":"Medici\u00f3n de la Experiencia del Empleado (EX) en tu empresa","datePublished":"2020-06-26T09:00:32+00:00","dateModified":"2023-03-17T23:21:35+00:00","mainEntityOfPage":{"@id":"https:\/\/www.questionpro.com\/blog\/es\/medicion-de-la-experiencia-del-empleado\/"},"wordCount":1020,"publisher":{"@id":"https:\/\/www.questionpro.com\/blog\/es\/#organization"},"articleSection":["Fuerza de Trabajo","Retenci\u00f3n de empleados","Workforce"],"inLanguage":"es"},{"@type":"WebPage","@id":"https:\/\/www.questionpro.com\/blog\/es\/medicion-de-la-experiencia-del-empleado\/","url":"https:\/\/www.questionpro.com\/blog\/es\/medicion-de-la-experiencia-del-empleado\/","name":"Medici\u00f3n de la Experiencia del Empleado (EX) en tu empresa","isPartOf":{"@id":"https:\/\/www.questionpro.com\/blog\/es\/#website"},"datePublished":"2020-06-26T09:00:32+00:00","dateModified":"2023-03-17T23:21:35+00:00","description":"Conoce las ventajas de la medici\u00f3n de la experiencia del empleado y logra la satisfacci\u00f3n de tu fuerza de trabajol con la ayuda de su retroalimentaci\u00f3n.","breadcrumb":{"@id":"https:\/\/www.questionpro.com\/blog\/es\/medicion-de-la-experiencia-del-empleado\/#breadcrumb"},"inLanguage":"es","potentialAction":[{"@type":"ReadAction","target":["https:\/\/www.questionpro.com\/blog\/es\/medicion-de-la-experiencia-del-empleado\/"]}]},{"@type":"BreadcrumbList","@id":"https:\/\/www.questionpro.com\/blog\/es\/medicion-de-la-experiencia-del-empleado\/#breadcrumb","itemListElement":[{"@type":"ListItem","position":1,"name":"Home","item":"https:\/\/www.questionpro.com\/blog\/es\/"},{"@type":"ListItem","position":2,"name":"Workforce","item":"https:\/\/www.questionpro.com\/blog\/es\/category\/workforce\/"},{"@type":"ListItem","position":3,"name":"Medici\u00f3n de la Experiencia del Empleado (EX) en tu empresa"}]},{"@type":"WebSite","@id":"https:\/\/www.questionpro.com\/blog\/es\/#website","url":"https:\/\/www.questionpro.com\/blog\/es\/","name":"QuestionPro","description":"","publisher":{"@id":"https:\/\/www.questionpro.com\/blog\/es\/#organization"},"potentialAction":[{"@type":"SearchAction","target":{"@type":"EntryPoint","urlTemplate":"https:\/\/www.questionpro.com\/blog\/es\/?s={search_term_string}"},"query-input":"required name=search_term_string"}],"inLanguage":"es"},{"@type":"Organization","@id":"https:\/\/www.questionpro.com\/blog\/es\/#organization","name":"QuestionPro","url":"https:\/\/www.questionpro.com\/blog\/es\/","logo":{"@type":"ImageObject","inLanguage":"es","@id":"https:\/\/www.questionpro.com\/blog\/es\/#\/schema\/logo\/image\/","url":"https:\/\/www.questionpro.com\/blog\/wp-content\/uploads\/2022\/10\/questionpro-logo.svg","contentUrl":"https:\/\/www.questionpro.com\/blog\/wp-content\/uploads\/2022\/10\/questionpro-logo.svg","caption":"QuestionPro"},"image":{"@id":"https:\/\/www.questionpro.com\/blog\/es\/#\/schema\/logo\/image\/"},"sameAs":["https:\/\/www.facebook.com\/questionpro","https:\/\/twitter.com\/questionpro","https:\/\/www.linkedin.com\/company\/questionpro\/"]},{"@type":"Person","@id":"https:\/\/www.questionpro.com\/blog\/es\/#\/schema\/person\/36aae2d8eed7708b6408f95c0198593d","name":"Cristina Ortega","image":{"@type":"ImageObject","inLanguage":"es","@id":"https:\/\/www.questionpro.com\/blog\/es\/#\/schema\/person\/image\/","url":"https:\/\/secure.gravatar.com\/avatar\/49635f2181bfe83c436d50b9a8bf1f2e?s=96&d=mm&r=g","contentUrl":"https:\/\/secure.gravatar.com\/avatar\/49635f2181bfe83c436d50b9a8bf1f2e?s=96&d=mm&r=g","caption":"Cristina Ortega"},"url":"https:\/\/www.questionpro.com\/blog\/es\/author\/cristinaortega\/"}]}},"featured_image_src":"https:\/\/www.questionpro.com\/blog\/wp-content\/uploads\/2020\/06\/experiencia-empleado.jpg","featured_image_src_square":"https:\/\/www.questionpro.com\/blog\/wp-content\/uploads\/2020\/06\/experiencia-empleado.jpg","author_info":{"display_name":"Cristina Ortega","author_link":"https:\/\/www.questionpro.com\/blog\/es\/author\/cristinaortega\/"},"_links":{"self":[{"href":"https:\/\/www.questionpro.com\/blog\/es\/wp-json\/wp\/v2\/posts\/105335"}],"collection":[{"href":"https:\/\/www.questionpro.com\/blog\/es\/wp-json\/wp\/v2\/posts"}],"about":[{"href":"https:\/\/www.questionpro.com\/blog\/es\/wp-json\/wp\/v2\/types\/post"}],"author":[{"embeddable":true,"href":"https:\/\/www.questionpro.com\/blog\/es\/wp-json\/wp\/v2\/users\/42"}],"replies":[{"embeddable":true,"href":"https:\/\/www.questionpro.com\/blog\/es\/wp-json\/wp\/v2\/comments?post=105335"}],"version-history":[{"count":2,"href":"https:\/\/www.questionpro.com\/blog\/es\/wp-json\/wp\/v2\/posts\/105335\/revisions"}],"predecessor-version":[{"id":783619,"href":"https:\/\/www.questionpro.com\/blog\/es\/wp-json\/wp\/v2\/posts\/105335\/revisions\/783619"}],"wp:featuredmedia":[{"embeddable":true,"href":"https:\/\/www.questionpro.com\/blog\/es\/wp-json\/wp\/v2\/media\/105337"}],"wp:attachment":[{"href":"https:\/\/www.questionpro.com\/blog\/es\/wp-json\/wp\/v2\/media?parent=105335"}],"wp:term":[{"taxonomy":"category","embeddable":true,"href":"https:\/\/www.questionpro.com\/blog\/es\/wp-json\/wp\/v2\/categories?post=105335"},{"taxonomy":"post_tag","embeddable":true,"href":"https:\/\/www.questionpro.com\/blog\/es\/wp-json\/wp\/v2\/tags?post=105335"}],"curies":[{"name":"wp","href":"https:\/\/api.w.org\/{rel}","templated":true}]}}