

{"id":129010,"date":"2022-02-27T02:00:06","date_gmt":"2022-02-27T10:00:06","guid":{"rendered":"https:\/\/www.questionpro.com\/blog\/?p=129010"},"modified":"2023-01-23T11:43:46","modified_gmt":"2023-01-23T11:43:46","slug":"gestion-por-objetivos","status":"publish","type":"post","link":"https:\/\/www.questionpro.com\/blog\/es\/gestion-por-objetivos\/","title":{"rendered":"Gesti\u00f3n por objetivos: Qu\u00e9 es y c\u00f3mo desarrollarla"},"content":{"rendered":"<p><span style=\"font-weight: 400;\">Desarrollar una <\/span><b>gesti\u00f3n por objetivos <\/b><span style=\"font-weight: 400;\">es una de las mejores estrategias para garantizar el aprovechamiento de los recursos humanos, t\u00e9cnicos y financieros de una empresa.<\/span><\/p>\n<p><span style=\"font-weight: 400;\">En este art\u00edculo hemos recopilado en qu\u00e9 consiste, cu\u00e1les son sus beneficios y c\u00f3mo puedes implementarla en tu negocio.<\/span><\/p>\n<h2><span style=\"font-weight: 400;\">\u00bfQu\u00e9 es la gesti\u00f3n por objetivos?<\/span><\/h2>\n<p><span style=\"font-weight: 400;\">La gesti\u00f3n por objetivos es un proceso estrat\u00e9gico que consiste en definir los objetivos principales de una empresa y luego utilizarlos para determinar los objetivos de los empleados.&nbsp;<\/span><\/p>\n<p><span style=\"font-weight: 400;\">Es un esfuerzo para ser justos y razonables en cuanto a las actividades que se asignan, para predecir el rendimiento y juzgarlo con m\u00e1s cuidado, as\u00ed como para asegurarse de que los objetivos de la organizaci\u00f3n son definidos y transmitidos por la direcci\u00f3n a los miembros de la organizaci\u00f3n con la intenci\u00f3n de alcanzar cada uno de forma exitosa.<\/span><\/p>\n<p><span style=\"font-weight: 400;\">Los procesos de gesti\u00f3n por objetivos pretenden <\/span><b>identificar los principales objetivos de un empleado<\/b><span style=\"font-weight: 400;\">, que posteriormente se califican con la participaci\u00f3n del equipo de trabajo.&nbsp;<\/span><\/p>\n<p><span style=\"font-weight: 400;\">Esto ayuda a todos los colaboradores de la empresa a ver sus logros en conexi\u00f3n con las principales prioridades de la empresa mientras llevan a cabo sus tareas, reforzando la alineaci\u00f3n entre la actividad y el resultado y la <\/span><a href=\"https:\/\/www.questionpro.com\/blog\/es\/comunicacion-interna-impacto-2\/\" target=\"_blank\" rel=\"noopener\"><span style=\"font-weight: 400;\">comunicaci\u00f3n interna<\/span><\/a><span style=\"font-weight: 400;\">, lo que ayuda a aumentar dr\u00e1sticamente la productividad.<\/span><\/p>\n<h2><span style=\"font-weight: 400;\">Importancia de la gesti\u00f3n por objetivos<\/span><\/h2>\n<p><span style=\"font-weight: 400;\">La gesti\u00f3n por objetivos conduce a jerarqu\u00edas bien definidas en el lugar de trabajo y garantiza la transparencia en todos los niveles, pues funciona como una manera de ayudar a los empleados a comprender sus obligaciones en el lugar de trabajo.\u2028&nbsp;<\/span><\/p>\n<p><span style=\"font-weight: 400;\">Los objetivos se dise\u00f1an para cada empleado en funci\u00f3n de sus intereses, su especializaci\u00f3n y su formaci\u00f3n. Gracias a esto, los empleados tienen claro lo que se espera de ellos.&nbsp; Tambi\u00e9n es importante se\u00f1alar que los empleados, a su manera, contribuyen a la consecuci\u00f3n de las metas y objetivos de la organizaci\u00f3n.&nbsp;<\/span><\/p>\n<p><span style=\"font-weight: 400;\">La gesti\u00f3n por tanto ayuda a garantizar una comunicaci\u00f3n eficaz entre los empleados y crea un ambiente positivo en el lugar de trabajo.<\/span><\/p>\n<blockquote><p><i><span style=\"font-weight: 400;\">Conoce qu\u00e9 es la <\/span><\/i><a href=\"https:\/\/www.questionpro.com\/blog\/es\/gestion-del-desempeno-de-empleados\/\" target=\"_blank\" rel=\"noopener\"><i><span style=\"font-weight: 400;\">gesti\u00f3n del desempe\u00f1o de empleados<\/span><\/i><\/a><i><span style=\"font-weight: 400;\">, ventajas y c\u00f3mo funciona<\/span><\/i><\/p><\/blockquote>\n<p>&nbsp;<\/p>\n<h2><span style=\"font-weight: 400;\">Ventajas de la gesti\u00f3n por objetivos en una empresa<\/span><\/h2>\n<p><span style=\"font-weight: 400;\">La gesti\u00f3n por objetivos tiene muchas ventajas para el \u00e9xito de una empresa, entre los que se encuentran:<\/span><\/p>\n<ul>\n<li style=\"font-weight: 400;\" aria-level=\"1\"><span style=\"font-weight: 400;\">Los empleados se enorgullecen de realizar su <\/span><a href=\"https:\/\/www.questionpro.com\/blog\/es\/trabajo-por-objetivos\/\" target=\"_blank\" rel=\"noopener\"><span style=\"font-weight: 400;\">trabajo por objetivos<\/span><\/a><span style=\"font-weight: 400;\"> que saben que pueden alcanzar. <\/span><\/li>\n<li style=\"font-weight: 400;\" aria-level=\"1\"><span style=\"font-weight: 400;\">Alinea a los empleados con sus puntos fuertes, habilidades y formaci\u00f3n profesional.<\/span><\/li>\n<li style=\"font-weight: 400;\" aria-level=\"1\"><span style=\"font-weight: 400;\">Conduce a una mayor <\/span><a href=\"https:\/\/www.questionpro.com\/blog\/es\/comunicacion-organizacional\/\" target=\"_blank\" rel=\"noopener\"><span style=\"font-weight: 400;\">comunicaci\u00f3n organizacional<\/span><\/a><span style=\"font-weight: 400;\"> e intercambio entre la direcci\u00f3n y los empleados. <\/span><\/li>\n<li style=\"font-weight: 400;\" aria-level=\"1\"><span style=\"font-weight: 400;\">La asignaci\u00f3n de objetivos a medida aporta un sentido de importancia a los empleados, lo que aumenta su <\/span><a href=\"https:\/\/www.questionpro.com\/blog\/es\/lealtad-empresarial\/\" target=\"_blank\" rel=\"noopener\"><span style=\"font-weight: 400;\">lealtad empresarial<\/span><\/a><span style=\"font-weight: 400;\">.<\/span><\/li>\n<li style=\"font-weight: 400;\" aria-level=\"1\"><span style=\"font-weight: 400;\">La direcci\u00f3n puede crear objetivos que conduzcan al \u00e9xito de la empresa, evaluar la comprensi\u00f3n de estos por parte de los empleados y los resultados alcanzados a lo largo del tiempo.<\/span><\/li>\n<\/ul>\n<blockquote><p><i><span style=\"font-weight: 400;\">Conoce m\u00e1s sobre la <\/span><\/i><a href=\"https:\/\/www.questionpro.com\/blog\/es\/gestion-del-talento-humano\/\" target=\"_blank\" rel=\"noopener\"><i><span style=\"font-weight: 400;\">gesti\u00f3n del talento humano<\/span><\/i><\/a><i><span style=\"font-weight: 400;\"> en las \u00e1reas de servicios de TI<\/span><\/i><\/p><\/blockquote>\n<p>&nbsp;<\/p>\n<h2><span style=\"font-weight: 400;\">\u00bfC\u00f3mo desarrollar una gesti\u00f3n por objetivos?<\/span><\/h2>\n<p><span style=\"font-weight: 400;\">Ahora te presentaremos los pasos m\u00e1s importantes que debes tener en cuenta para desarrollar una gesti\u00f3n por objetivos en tu empresa:<\/span><\/p>\n<h3><span style=\"font-weight: 400;\">1. Define los objetivos de tu organizaci\u00f3n<\/span><\/h3>\n<p><span style=\"font-weight: 400;\">El establecimiento de objetivos y <\/span><a href=\"https:\/\/www.questionpro.com\/blog\/es\/estrategias-de-negocio\/\" target=\"_blank\" rel=\"noopener\"><span style=\"font-weight: 400;\">estrategias de negocio<\/span><\/a><span style=\"font-weight: 400;\"> es fundamental para el \u00e9xito de cualquier empresa y sirve para varios prop\u00f3sitos, que van desde el logro de las metas propuestas hasta un mejor <\/span><a href=\"https:\/\/www.questionpro.com\/blog\/es\/comportamiento-organizacional\/\" target=\"_blank\" rel=\"noopener\"><span style=\"font-weight: 400;\">comportamiento organizacional<\/span><\/a><span style=\"font-weight: 400;\">.<\/span><\/p>\n<p><span style=\"font-weight: 400;\">Por ello es necesario incluir a varios tipos de directivos en la fijaci\u00f3n de objetivos. Los objetivos fijados por los supervisores son provisionales, basados en una interpretaci\u00f3n y evaluaci\u00f3n de lo que la empresa puede y debe lograr en un tiempo determinado.&nbsp;<\/span><\/p>\n<blockquote><p><i><span style=\"font-weight: 400;\">Aprende a crear <\/span><\/i><a href=\"https:\/\/www.questionpro.com\/blog\/es\/que-son-los-objetivos-smart\/\" target=\"_blank\" rel=\"noopener\"><i><span style=\"font-weight: 400;\">objetivos SMART <\/span><\/i><\/a><i><span style=\"font-weight: 400;\">en tu negocio<\/span><\/i><\/p><\/blockquote>\n<p>&nbsp;<\/p>\n<h3><span style=\"font-weight: 400;\">2. Asigna los objetivos de los empleados<\/span><\/h3>\n<p><span style=\"font-weight: 400;\">Una vez informados los empleados sobre los objetivos generales, el plan y las estrategias a seguir, los directivos pueden empezar a trabajar con sus subordinados en el establecimiento de sus objetivos personales.&nbsp;<\/span><\/p>\n<p><span style=\"font-weight: 400;\">Se trata de una conversaci\u00f3n individual en la que los subordinados comunicar\u00e1n a los directivos sus objetivos y qu\u00e9 metas pueden alcanzar en un tiempo determinado y con qu\u00e9 recursos.&nbsp;<\/span><\/p>\n<p><span style=\"font-weight: 400;\">A continuaci\u00f3n, pueden compartir algunas ideas tentativas sobre los objetivos que la organizaci\u00f3n o el departamento pueden considerar factibles.<\/span><\/p>\n<h3><span style=\"font-weight: 400;\">3. Eval\u00faa el rendimiento<\/span><\/h3>\n<p><span style=\"font-weight: 400;\">Aunque el enfoque de gesti\u00f3n por objetivos es necesario para aumentar la eficacia de los directivos, es igualmente esencial para controlar el rendimiento y el progreso de cada empleado de la organizaci\u00f3n.<\/span><\/p>\n<p><span style=\"font-weight: 400;\">La <\/span><a href=\"https:\/\/www.questionpro.com\/blog\/es\/evaluacion-del-rendimiento\/\" target=\"_blank\" rel=\"noopener\"><span style=\"font-weight: 400;\">evaluaci\u00f3n del rendimiento<\/span><\/a><span style=\"font-weight: 400;\"> es una revisi\u00f3n rutinaria del \u00e9xito de los empleados dentro de las organizaciones y se realiza con la participaci\u00f3n de los directivos afectados, generalmente a trav\u00e9s de <\/span><a href=\"https:\/\/www.questionpro.com\/es\/encuestas-de-entrenamiento-para-empleados.html\" target=\"_blank\" rel=\"noopener\"><span style=\"font-weight: 400;\">encuestas para empleados<\/span><\/a><span style=\"font-weight: 400;\"> o con la ayuda de un <\/span><a href=\"https:\/\/www.questionpro.com\/es\/software-de-evaluacion-360-grados\/\" target=\"_blank\" rel=\"noopener\"><span style=\"font-weight: 400;\">software de evaluaci\u00f3n 360 grados<\/span><\/a><span style=\"font-weight: 400;\">.<\/span><\/p>\n<h3><span style=\"font-weight: 400;\">4. Proporciona retroalimentaci\u00f3n<\/span><\/h3>\n<p><span style=\"font-weight: 400;\">En el enfoque de la gesti\u00f3n, el paso m\u00e1s esencial es la retroalimentaci\u00f3n continua sobre los objetivos y los resultados alcanzados, ya que permite a los empleados hacer un seguimiento de sus acciones, continuarlas o corregirlas si es necesario.&nbsp;<\/span><\/p>\n<p><span style=\"font-weight: 400;\">Puedes brindar un <\/span><a href=\"https:\/\/www.questionpro.com\/blog\/es\/feedback-al-empleado\/\" target=\"_blank\" rel=\"noopener\"><span style=\"font-weight: 400;\">feedback al empleado<\/span><\/a><span style=\"font-weight: 400;\"> continuo a trav\u00e9s de los resultados y el an\u00e1lisis de las encuestas para empleados, adem\u00e1s de complementarlo con reuniones formales de evaluaci\u00f3n en las que superiores y subordinados pueden debatir los avances hacia los objetivos, lo que da lugar a una mejor retroalimentaci\u00f3n.<\/span><\/p>\n<blockquote><p><i><span style=\"font-weight: 400;\">Conoce cu\u00e1l es el <\/span><\/i><a href=\"https:\/\/www.questionpro.com\/blog\/es\/el-papel-del-directivo-de-recursos-humanos\/\" target=\"_blank\" rel=\"noopener\"><i><span style=\"font-weight: 400;\">papel del directivo de Recursos Humanos<\/span><\/i><\/a><\/p><\/blockquote>\n<p>&nbsp;<\/p>\n<h2><span style=\"font-weight: 400;\">Conclusi\u00f3n<\/span><\/h2>\n<p><span style=\"font-weight: 400;\">Como puedes ver, una gesti\u00f3n por objetivos es una estrategia que no solo ayuda a alcanzar las metas en ventas, sino a desarrollar un <\/span><a href=\"https:\/\/www.questionpro.com\/es\/clima-laboral.html\" target=\"_blank\" rel=\"noopener\"><span style=\"font-weight: 400;\">clima laboral<\/span><\/a><span style=\"font-weight: 400;\"> favorable que promueva el crecimiento. la felicidad y la retenci\u00f3n de los empleados.<\/span><\/p>\n<p><span style=\"font-weight: 400;\">En una \u00e9poca en la que el <\/span><a href=\"https:\/\/www.questionpro.com\/blog\/es\/el-trabajo-desde-casa\/\" target=\"_blank\" rel=\"noopener\"><span style=\"font-weight: 400;\">trabajo desde casa<\/span><\/a><span style=\"font-weight: 400;\"> cobra cada vez mayor relevancia, contar con herramientas en l\u00ednea que te ayuden a implementar y evaluar una gesti\u00f3n por objetivos es fundamental para garantizar el \u00e9xito y la transparencia.&nbsp;<\/span><\/p>\n<p><span style=\"font-weight: 400;\">Una de estas es <\/span><a href=\"https:\/\/www.questionpro.com\/es\/workforce\/\" target=\"_blank\" rel=\"noopener\"><span style=\"font-weight: 400;\">QuestionPro Workforce<\/span><\/a><span style=\"font-weight: 400;\">, una plataforma que te ofrece plantillas predise\u00f1adas de evaluaciones de clima laboral, 360, encuestas de pulso y m\u00e1s, adem\u00e1s de un portal de employee experience personalizable para que puedas gestionar mejor a tu talento.<\/span><\/p>\n<p><span style=\"font-weight: 400;\">\u00a1Solicita una demo o comp\u00e1rtenos tus necesidades en nuestro chat!<\/span><\/p>\n<p><center><a href=\"https:\/\/www.questionpro.com\/a\/showEntry.do?lan=es_LA\" target=\"_blank\" rel=\"noopener\"><button>Crear encuesta gratis<\/button><\/a> <a href=\"https:\/\/agendardemo2.questionpro.com\/?custom1=gestion-por-objetivos\" target=\"_blank\" rel=\"noopener\"><button>Agendar demostraci\u00f3n<\/button><\/a><\/center>&nbsp;<\/p>\n","protected":false},"excerpt":{"rendered":"<p>Desarrollar una gesti\u00f3n por objetivos es una de las mejores estrategias para garantizar el aprovechamiento de los recursos humanos, t\u00e9cnicos [&hellip;]<\/p>\n","protected":false},"author":47,"featured_media":129011,"comment_status":"closed","ping_status":"closed","sticky":false,"template":"","format":"standard","meta":{"_genesis_hide_title":false,"_genesis_hide_breadcrumbs":false,"_genesis_hide_singular_image":false,"_genesis_hide_footer_widgets":false,"_genesis_custom_body_class":"","_genesis_custom_post_class":"","_genesis_layout":"","footnotes":""},"categories":[164,165],"tags":[],"yoast_head":"<!-- This site is optimized with the Yoast SEO plugin v20.4 - https:\/\/yoast.com\/wordpress\/plugins\/seo\/ -->\n<title>Gesti\u00f3n por objetivos: Qu\u00e9 es y c\u00f3mo desarrollarla<\/title>\n<meta name=\"description\" content=\"Conoce qu\u00e9 es una gesti\u00f3n por objetivos, cu\u00e1l es su importancia en el mundo laboral actual y c\u00f3mo implementarla y evaluarla con \u00e9xito.\" \/>\n<meta name=\"robots\" content=\"index, follow, max-snippet:-1, max-image-preview:large, max-video-preview:-1\" \/>\n<link rel=\"canonical\" href=\"https:\/\/www.questionpro.com\/blog\/es\/gestion-por-objetivos\/\" \/>\n<meta property=\"og:locale\" content=\"es_ES\" \/>\n<meta property=\"og:type\" content=\"article\" \/>\n<meta property=\"og:title\" content=\"Gesti\u00f3n por objetivos: Qu\u00e9 es y c\u00f3mo desarrollarla\" \/>\n<meta property=\"og:description\" content=\"Conoce qu\u00e9 es una gesti\u00f3n por objetivos, cu\u00e1l es su importancia en el mundo laboral actual y c\u00f3mo implementarla y evaluarla con \u00e9xito.\" \/>\n<meta property=\"og:url\" content=\"https:\/\/www.questionpro.com\/blog\/es\/gestion-por-objetivos\/\" \/>\n<meta property=\"og:site_name\" content=\"QuestionPro\" \/>\n<meta property=\"article:publisher\" content=\"https:\/\/www.facebook.com\/questionpro\" \/>\n<meta property=\"article:published_time\" content=\"2022-02-27T10:00:06+00:00\" \/>\n<meta property=\"article:modified_time\" content=\"2023-01-23T11:43:46+00:00\" \/>\n<meta property=\"og:image\" content=\"https:\/\/www.questionpro.com\/blog\/wp-content\/uploads\/2022\/02\/1941-Que-es-la-gestion-por-objetivos.jpg\" \/>\n\t<meta property=\"og:image:width\" content=\"1600\" \/>\n\t<meta property=\"og:image:height\" content=\"836\" \/>\n\t<meta property=\"og:image:type\" content=\"image\/jpeg\" \/>\n<meta name=\"author\" content=\"Marytere Narvaez\" \/>\n<meta name=\"twitter:card\" content=\"summary_large_image\" \/>\n<meta name=\"twitter:image\" content=\"https:\/\/www.questionpro.com\/blog\/wp-content\/uploads\/2022\/02\/1941-Que-es-la-gestion-por-objetivos.jpg\" \/>\n<meta name=\"twitter:creator\" content=\"@questionpro\" \/>\n<meta name=\"twitter:site\" content=\"@questionpro\" \/>\n<meta name=\"twitter:label1\" content=\"Written by\" \/>\n\t<meta name=\"twitter:data1\" content=\"Marytere Narvaez\" \/>\n\t<meta name=\"twitter:label2\" content=\"Est. reading time\" \/>\n\t<meta name=\"twitter:data2\" content=\"5 minutes\" \/>\n<script type=\"application\/ld+json\" class=\"yoast-schema-graph\">{\"@context\":\"https:\/\/schema.org\",\"@graph\":[{\"@type\":\"Article\",\"@id\":\"https:\/\/www.questionpro.com\/blog\/es\/gestion-por-objetivos\/#article\",\"isPartOf\":{\"@id\":\"https:\/\/www.questionpro.com\/blog\/es\/gestion-por-objetivos\/\"},\"author\":{\"name\":\"Marytere Narvaez\",\"@id\":\"https:\/\/www.questionpro.com\/blog\/es\/#\/schema\/person\/501d372d2c1f28be39d17fe2885b6350\"},\"headline\":\"Gesti\u00f3n por objetivos: Qu\u00e9 es y c\u00f3mo desarrollarla\",\"datePublished\":\"2022-02-27T10:00:06+00:00\",\"dateModified\":\"2023-01-23T11:43:46+00:00\",\"mainEntityOfPage\":{\"@id\":\"https:\/\/www.questionpro.com\/blog\/es\/gestion-por-objetivos\/\"},\"wordCount\":1109,\"publisher\":{\"@id\":\"https:\/\/www.questionpro.com\/blog\/es\/#organization\"},\"articleSection\":[\"Fuerza de Trabajo\",\"Workforce\"],\"inLanguage\":\"es\"},{\"@type\":\"WebPage\",\"@id\":\"https:\/\/www.questionpro.com\/blog\/es\/gestion-por-objetivos\/\",\"url\":\"https:\/\/www.questionpro.com\/blog\/es\/gestion-por-objetivos\/\",\"name\":\"Gesti\u00f3n por objetivos: Qu\u00e9 es y c\u00f3mo desarrollarla\",\"isPartOf\":{\"@id\":\"https:\/\/www.questionpro.com\/blog\/es\/#website\"},\"datePublished\":\"2022-02-27T10:00:06+00:00\",\"dateModified\":\"2023-01-23T11:43:46+00:00\",\"description\":\"Conoce qu\u00e9 es una gesti\u00f3n por objetivos, cu\u00e1l es su importancia en el mundo laboral actual y c\u00f3mo implementarla y evaluarla con \u00e9xito.\",\"breadcrumb\":{\"@id\":\"https:\/\/www.questionpro.com\/blog\/es\/gestion-por-objetivos\/#breadcrumb\"},\"inLanguage\":\"es\",\"potentialAction\":[{\"@type\":\"ReadAction\",\"target\":[\"https:\/\/www.questionpro.com\/blog\/es\/gestion-por-objetivos\/\"]}]},{\"@type\":\"BreadcrumbList\",\"@id\":\"https:\/\/www.questionpro.com\/blog\/es\/gestion-por-objetivos\/#breadcrumb\",\"itemListElement\":[{\"@type\":\"ListItem\",\"position\":1,\"name\":\"Home\",\"item\":\"https:\/\/www.questionpro.com\/blog\/es\/\"},{\"@type\":\"ListItem\",\"position\":2,\"name\":\"Workforce\",\"item\":\"https:\/\/www.questionpro.com\/blog\/es\/category\/workforce\/\"},{\"@type\":\"ListItem\",\"position\":3,\"name\":\"Gesti\u00f3n por objetivos: Qu\u00e9 es y c\u00f3mo desarrollarla\"}]},{\"@type\":\"WebSite\",\"@id\":\"https:\/\/www.questionpro.com\/blog\/es\/#website\",\"url\":\"https:\/\/www.questionpro.com\/blog\/es\/\",\"name\":\"QuestionPro\",\"description\":\"\",\"publisher\":{\"@id\":\"https:\/\/www.questionpro.com\/blog\/es\/#organization\"},\"potentialAction\":[{\"@type\":\"SearchAction\",\"target\":{\"@type\":\"EntryPoint\",\"urlTemplate\":\"https:\/\/www.questionpro.com\/blog\/es\/?s={search_term_string}\"},\"query-input\":\"required name=search_term_string\"}],\"inLanguage\":\"es\"},{\"@type\":\"Organization\",\"@id\":\"https:\/\/www.questionpro.com\/blog\/es\/#organization\",\"name\":\"QuestionPro\",\"url\":\"https:\/\/www.questionpro.com\/blog\/es\/\",\"logo\":{\"@type\":\"ImageObject\",\"inLanguage\":\"es\",\"@id\":\"https:\/\/www.questionpro.com\/blog\/es\/#\/schema\/logo\/image\/\",\"url\":\"https:\/\/www.questionpro.com\/blog\/wp-content\/uploads\/2022\/10\/questionpro-logo.svg\",\"contentUrl\":\"https:\/\/www.questionpro.com\/blog\/wp-content\/uploads\/2022\/10\/questionpro-logo.svg\",\"caption\":\"QuestionPro\"},\"image\":{\"@id\":\"https:\/\/www.questionpro.com\/blog\/es\/#\/schema\/logo\/image\/\"},\"sameAs\":[\"https:\/\/www.facebook.com\/questionpro\",\"https:\/\/twitter.com\/questionpro\",\"https:\/\/www.linkedin.com\/company\/questionpro\/\"]},{\"@type\":\"Person\",\"@id\":\"https:\/\/www.questionpro.com\/blog\/es\/#\/schema\/person\/501d372d2c1f28be39d17fe2885b6350\",\"name\":\"Marytere Narvaez\",\"image\":{\"@type\":\"ImageObject\",\"inLanguage\":\"es\",\"@id\":\"https:\/\/www.questionpro.com\/blog\/es\/#\/schema\/person\/image\/\",\"url\":\"https:\/\/secure.gravatar.com\/avatar\/0a95aa27d703393a72894871d806ba74?s=96&d=mm&r=g\",\"contentUrl\":\"https:\/\/secure.gravatar.com\/avatar\/0a95aa27d703393a72894871d806ba74?s=96&d=mm&r=g\",\"caption\":\"Marytere Narvaez\"},\"url\":\"https:\/\/www.questionpro.com\/blog\/es\/author\/marytere\/\"}]}<\/script>\n<!-- \/ Yoast SEO plugin. -->","yoast_head_json":{"title":"Gesti\u00f3n por objetivos: Qu\u00e9 es y c\u00f3mo desarrollarla","description":"Conoce qu\u00e9 es una gesti\u00f3n por objetivos, cu\u00e1l es su importancia en el mundo laboral actual y c\u00f3mo implementarla y evaluarla con \u00e9xito.","robots":{"index":"index","follow":"follow","max-snippet":"max-snippet:-1","max-image-preview":"max-image-preview:large","max-video-preview":"max-video-preview:-1"},"canonical":"https:\/\/www.questionpro.com\/blog\/es\/gestion-por-objetivos\/","og_locale":"es_ES","og_type":"article","og_title":"Gesti\u00f3n por objetivos: Qu\u00e9 es y c\u00f3mo desarrollarla","og_description":"Conoce qu\u00e9 es una gesti\u00f3n por objetivos, cu\u00e1l es su importancia en el mundo laboral actual y c\u00f3mo implementarla y evaluarla con \u00e9xito.","og_url":"https:\/\/www.questionpro.com\/blog\/es\/gestion-por-objetivos\/","og_site_name":"QuestionPro","article_publisher":"https:\/\/www.facebook.com\/questionpro","article_published_time":"2022-02-27T10:00:06+00:00","article_modified_time":"2023-01-23T11:43:46+00:00","og_image":[{"width":1600,"height":836,"url":"https:\/\/www.questionpro.com\/blog\/wp-content\/uploads\/2022\/02\/1941-Que-es-la-gestion-por-objetivos.jpg","type":"image\/jpeg"}],"author":"Marytere Narvaez","twitter_card":"summary_large_image","twitter_image":"https:\/\/www.questionpro.com\/blog\/wp-content\/uploads\/2022\/02\/1941-Que-es-la-gestion-por-objetivos.jpg","twitter_creator":"@questionpro","twitter_site":"@questionpro","twitter_misc":{"Written by":"Marytere Narvaez","Est. reading time":"5 minutes"},"schema":{"@context":"https:\/\/schema.org","@graph":[{"@type":"Article","@id":"https:\/\/www.questionpro.com\/blog\/es\/gestion-por-objetivos\/#article","isPartOf":{"@id":"https:\/\/www.questionpro.com\/blog\/es\/gestion-por-objetivos\/"},"author":{"name":"Marytere Narvaez","@id":"https:\/\/www.questionpro.com\/blog\/es\/#\/schema\/person\/501d372d2c1f28be39d17fe2885b6350"},"headline":"Gesti\u00f3n por objetivos: Qu\u00e9 es y c\u00f3mo desarrollarla","datePublished":"2022-02-27T10:00:06+00:00","dateModified":"2023-01-23T11:43:46+00:00","mainEntityOfPage":{"@id":"https:\/\/www.questionpro.com\/blog\/es\/gestion-por-objetivos\/"},"wordCount":1109,"publisher":{"@id":"https:\/\/www.questionpro.com\/blog\/es\/#organization"},"articleSection":["Fuerza de Trabajo","Workforce"],"inLanguage":"es"},{"@type":"WebPage","@id":"https:\/\/www.questionpro.com\/blog\/es\/gestion-por-objetivos\/","url":"https:\/\/www.questionpro.com\/blog\/es\/gestion-por-objetivos\/","name":"Gesti\u00f3n por objetivos: Qu\u00e9 es y c\u00f3mo desarrollarla","isPartOf":{"@id":"https:\/\/www.questionpro.com\/blog\/es\/#website"},"datePublished":"2022-02-27T10:00:06+00:00","dateModified":"2023-01-23T11:43:46+00:00","description":"Conoce qu\u00e9 es una gesti\u00f3n por objetivos, cu\u00e1l es su importancia en el mundo laboral actual y c\u00f3mo implementarla y evaluarla con \u00e9xito.","breadcrumb":{"@id":"https:\/\/www.questionpro.com\/blog\/es\/gestion-por-objetivos\/#breadcrumb"},"inLanguage":"es","potentialAction":[{"@type":"ReadAction","target":["https:\/\/www.questionpro.com\/blog\/es\/gestion-por-objetivos\/"]}]},{"@type":"BreadcrumbList","@id":"https:\/\/www.questionpro.com\/blog\/es\/gestion-por-objetivos\/#breadcrumb","itemListElement":[{"@type":"ListItem","position":1,"name":"Home","item":"https:\/\/www.questionpro.com\/blog\/es\/"},{"@type":"ListItem","position":2,"name":"Workforce","item":"https:\/\/www.questionpro.com\/blog\/es\/category\/workforce\/"},{"@type":"ListItem","position":3,"name":"Gesti\u00f3n por objetivos: Qu\u00e9 es y c\u00f3mo desarrollarla"}]},{"@type":"WebSite","@id":"https:\/\/www.questionpro.com\/blog\/es\/#website","url":"https:\/\/www.questionpro.com\/blog\/es\/","name":"QuestionPro","description":"","publisher":{"@id":"https:\/\/www.questionpro.com\/blog\/es\/#organization"},"potentialAction":[{"@type":"SearchAction","target":{"@type":"EntryPoint","urlTemplate":"https:\/\/www.questionpro.com\/blog\/es\/?s={search_term_string}"},"query-input":"required name=search_term_string"}],"inLanguage":"es"},{"@type":"Organization","@id":"https:\/\/www.questionpro.com\/blog\/es\/#organization","name":"QuestionPro","url":"https:\/\/www.questionpro.com\/blog\/es\/","logo":{"@type":"ImageObject","inLanguage":"es","@id":"https:\/\/www.questionpro.com\/blog\/es\/#\/schema\/logo\/image\/","url":"https:\/\/www.questionpro.com\/blog\/wp-content\/uploads\/2022\/10\/questionpro-logo.svg","contentUrl":"https:\/\/www.questionpro.com\/blog\/wp-content\/uploads\/2022\/10\/questionpro-logo.svg","caption":"QuestionPro"},"image":{"@id":"https:\/\/www.questionpro.com\/blog\/es\/#\/schema\/logo\/image\/"},"sameAs":["https:\/\/www.facebook.com\/questionpro","https:\/\/twitter.com\/questionpro","https:\/\/www.linkedin.com\/company\/questionpro\/"]},{"@type":"Person","@id":"https:\/\/www.questionpro.com\/blog\/es\/#\/schema\/person\/501d372d2c1f28be39d17fe2885b6350","name":"Marytere Narvaez","image":{"@type":"ImageObject","inLanguage":"es","@id":"https:\/\/www.questionpro.com\/blog\/es\/#\/schema\/person\/image\/","url":"https:\/\/secure.gravatar.com\/avatar\/0a95aa27d703393a72894871d806ba74?s=96&d=mm&r=g","contentUrl":"https:\/\/secure.gravatar.com\/avatar\/0a95aa27d703393a72894871d806ba74?s=96&d=mm&r=g","caption":"Marytere Narvaez"},"url":"https:\/\/www.questionpro.com\/blog\/es\/author\/marytere\/"}]}},"featured_image_src":"https:\/\/www.questionpro.com\/blog\/wp-content\/uploads\/2022\/02\/1941-Gestion-por-objetivos.jpg","featured_image_src_square":"https:\/\/www.questionpro.com\/blog\/wp-content\/uploads\/2022\/02\/1941-Gestion-por-objetivos.jpg","author_info":{"display_name":"Marytere Narvaez","author_link":"https:\/\/www.questionpro.com\/blog\/es\/author\/marytere\/"},"_links":{"self":[{"href":"https:\/\/www.questionpro.com\/blog\/es\/wp-json\/wp\/v2\/posts\/129010"}],"collection":[{"href":"https:\/\/www.questionpro.com\/blog\/es\/wp-json\/wp\/v2\/posts"}],"about":[{"href":"https:\/\/www.questionpro.com\/blog\/es\/wp-json\/wp\/v2\/types\/post"}],"author":[{"embeddable":true,"href":"https:\/\/www.questionpro.com\/blog\/es\/wp-json\/wp\/v2\/users\/47"}],"replies":[{"embeddable":true,"href":"https:\/\/www.questionpro.com\/blog\/es\/wp-json\/wp\/v2\/comments?post=129010"}],"version-history":[{"count":1,"href":"https:\/\/www.questionpro.com\/blog\/es\/wp-json\/wp\/v2\/posts\/129010\/revisions"}],"predecessor-version":[{"id":775098,"href":"https:\/\/www.questionpro.com\/blog\/es\/wp-json\/wp\/v2\/posts\/129010\/revisions\/775098"}],"wp:featuredmedia":[{"embeddable":true,"href":"https:\/\/www.questionpro.com\/blog\/es\/wp-json\/wp\/v2\/media\/129011"}],"wp:attachment":[{"href":"https:\/\/www.questionpro.com\/blog\/es\/wp-json\/wp\/v2\/media?parent=129010"}],"wp:term":[{"taxonomy":"category","embeddable":true,"href":"https:\/\/www.questionpro.com\/blog\/es\/wp-json\/wp\/v2\/categories?post=129010"},{"taxonomy":"post_tag","embeddable":true,"href":"https:\/\/www.questionpro.com\/blog\/es\/wp-json\/wp\/v2\/tags?post=129010"}],"curies":[{"name":"wp","href":"https:\/\/api.w.org\/{rel}","templated":true}]}}