

{"id":24953,"date":"2016-06-21T06:30:44","date_gmt":"2016-06-21T13:30:44","guid":{"rendered":"http:\/\/www.questionpro.com\/blog\/es\/?p=24953"},"modified":"2023-01-09T16:49:06","modified_gmt":"2023-01-09T16:49:06","slug":"recursos-humanos-empleados","status":"publish","type":"post","link":"https:\/\/www.questionpro.com\/blog\/es\/recursos-humanos-empleados\/","title":{"rendered":"La formaci\u00f3n como factor clave en el departamento de Recursos Humanos"},"content":{"rendered":"<p><span style=\"font-weight: 400;\">La Formaci\u00f3n es un factor clave dentro de un Departamento de <\/span><a href=\"https:\/\/www.questionpro.com\/es\/que-son-los-recursos-humanos.html\" target=\"_blank\" rel=\"noopener\"><b>recursos humanos<\/b><\/a><b>,<\/b><span style=\"font-weight: 400;\"> dado que todo avanza a pasos agigantados es necesario que desde <\/span><b>recursos humanos<\/b><span style=\"font-weight: 400;\"> se planifique una buena formaci\u00f3n para los trabajadores en las empresas, para ello es necesario que el Responsable \u00f3 los Responsables de organizar las actividades formativas en las organizaciones &nbsp;est\u00e9n pegados a negocio, es decir, tienen que estar al tanto continuamente de las necesidades que los trabajadores tienen para la realizaci\u00f3n de sus trabajos, esto puede lograrse a trav\u00e9s de una <\/span><a href=\"https:\/\/www.questionpro.com\/es\/encuesta-de-clima-laboral.html\" target=\"_blank\" rel=\"noopener\"><span style=\"font-weight: 400;\">encuesta de clima laboral<\/span><\/a><span style=\"font-weight: 400;\">.<\/span><\/p>\n<h2><span style=\"font-weight: 400;\">Plan de formaci\u00f3n de un buen departamento de Recursos Humanos<\/span><\/h2>\n<h3>PASO 1- &nbsp;An\u00e1lisis de la situaci\u00f3n de partida:<\/h3>\n<p><span style=\"font-weight: 400;\">Para empezar hay que realizar un <\/span><b>diagn\u00f3stico de la situaci\u00f3n de la empresa<\/b><span style=\"font-weight: 400;\">, es importante ver los <\/span><b>retos internos y externos<\/b><span style=\"font-weight: 400;\"> que \u00e9sta tiene ya sean a corto o largo plazo, tambi\u00e9n hay que tener en cuenta los <\/span><b>obst\u00e1culos <\/b><span style=\"font-weight: 400;\">que &nbsp;puedan encontrarse en el desarrollo de la formaci\u00f3n y as\u00ed como tener presentes el <\/span><b>mercado y la competencia<\/b><span style=\"font-weight: 400;\">. <\/span><\/p>\n<h3>PASO 2 &#8211; Dise\u00f1o del Plan de Formaci\u00f3n:<\/h3>\n<p><span style=\"font-weight: 400;\">En este apartado ser\u00e1 necesario mencionar <\/span><b>3 fases<\/b><span style=\"font-weight: 400;\">. La Primera de las fases ser\u00e1<\/span><b> Identificar las necesidades de formaci\u00f3n<\/b><span style=\"font-weight: 400;\">, esto es c\u00f3mo se desempe\u00f1a el trabajo y c\u00f3mo se deber\u00eda desempe\u00f1ar, lo que dec\u00edamos al principio estar pegado a negocio y ver las necesidades de los empleados para la realizaci\u00f3n de sus trabajos. La segunda de las fases ser\u00e1 <\/span><b>&nbsp;Determinar las competencias a desarrollar <\/b><span style=\"font-weight: 400;\">&nbsp;(conocimientos, actitudes y habilidades) necesarias para el desarrollo del trabajo, y por \u00faltimo <\/span><b>Determinar los objetivos<\/b> <b>formativos.<\/b><\/p>\n<h3>PASO 3- Gesti\u00f3n e impartici\u00f3n de la formaci\u00f3n:<\/h3>\n<p><span style=\"font-weight: 400;\">Cabe decir que antes de la planificaci\u00f3n hay que tener en cuenta:<\/span><\/p>\n<ul>\n<li style=\"font-weight: 400;\"><span style=\"font-weight: 400;\">Contenidos Formativos.<\/span><\/li>\n<li style=\"font-weight: 400;\"><span style=\"font-weight: 400;\">Poblaci\u00f3n destinataria.<\/span><\/li>\n<li style=\"font-weight: 400;\"><span style=\"font-weight: 400;\">N\u00famero de trabajadores que formaremos.<\/span><\/li>\n<li style=\"font-weight: 400;\"><span style=\"font-weight: 400;\">Cronograma de la actividad formativa.<\/span><\/li>\n<li style=\"font-weight: 400;\"><span style=\"font-weight: 400;\">Jornada, esto es importante saber si la formaci\u00f3n se realizar\u00e1 durante horario laboral o &nbsp;fuera de horario laboral.<\/span><\/li>\n<li style=\"font-weight: 400;\"><span style=\"font-weight: 400;\">Modalidad de la formaci\u00f3n, \u00e9sta puede impartirse de forma online o presencial.<\/span><\/li>\n<li style=\"font-weight: 400;\"><span style=\"font-weight: 400;\">Lugar de impartici\u00f3n de la formaci\u00f3n, si bien se dar\u00e1 la actividad formativa en la empresa o en otro centro.<\/span><\/li>\n<\/ul>\n<p><span style=\"font-weight: 400;\">Es importante decir que la Formaci\u00f3n puede ser Interna por &nbsp;lo que la &nbsp;impartan responsables de las distintas \u00e1reas de la empresa o bien externa, contratando los servicios de una consultor\u00eda.<\/span><\/p>\n<h3>PASO 4- Organizaci\u00f3n y Planificaci\u00f3n de las Actividades Formativas.<\/h3>\n<p><span style=\"font-weight: 400;\">Calendariza a lo largo del a\u00f1o una serie de cursos y talleres que cubran las expectativas y necesidades prioritarias de tu fuerza laboral.<\/span><\/p>\n<h3>PASO 5- Evaluaci\u00f3n de Resultados.<\/h3>\n<p><span style=\"font-weight: 400;\">Toda formaci\u00f3n que se haga hay que evaluarla a trav\u00e9s de un <\/span><b>cuestionario de evaluaci\u00f3n<\/b><span style=\"font-weight: 400;\">.<\/span><\/p>\n<h3>PASO 6- Seguimiento.<\/h3>\n<p><span style=\"font-weight: 400;\">En mi opini\u00f3n el paso m\u00e1s importante de todo el Plan Formativo, para ver si la formaci\u00f3n impartida a los trabajadores ha servido para algo &nbsp;hay que hacer seguimiento sobre el trabajo de los mismos para ver si cumplen los objetivos que se les pide.<\/span><br \/>\n<span style=\"font-weight: 400;\">Llevando a cabo este Plan de Formaci\u00f3n se facilitar\u00e1 el trabajo a los Responsables de recursos humanos y lo mismo pasar\u00e1 con los trabajadores, esto conlleva a un aumento de los beneficios de la empresa y tambi\u00e9n servir\u00e1 para aumentar el compromiso de los trabajadores con la organizaci\u00f3n.<\/span><\/p>\n<div><img loading=\"lazy\" decoding=\"async\" class=\"alignnone\" style=\"float: left;\" src=\"https:\/\/www.questionpro.com\/qp_userimages\/sub-3\/3175908\/download_1531148106167.png\" alt=\"colaboradores questionpro s\u00famate\" width=\"60\" height=\"60\"><\/div>\n<div>\n<h2 style=\"color: #1b3380; display: inline;\">\u00a1COLABORA CON NOSOTROS!<\/h2>\n<p>En QuestionPro necesitamos tu talento, si quieres colaborar en nuestro blog da <a style=\"color: #22b6ff;\" href=\"https:\/\/info.questionpro.com\/colaborador-questionpro\" target=\"_blank\" rel=\"noopener\">click aqu\u00ed<\/a><\/p>\n<p>&nbsp;<\/p>\n<hr>\n<p><span style=\"font-weight: 400;\">Sobre el autor:<\/span><\/p>\n<p><span style=\"font-weight: 400;\">Fernando Ponte S\u00e1nchez.<\/span><br \/>\n<span style=\"font-weight: 400;\">Grado en Relaciones Laborales y RRHH por la Universidad de Santiago de Compostela, Becario en FINSA &nbsp;en el departamento de delecci\u00f3n de personal, (empresa del sector maderero), m\u00e1ster en direcci\u00f3n y gesti\u00f3n de personas por la universidad de la Coru\u00f1a en la ERLAC.<\/span><\/p>\n<p><span style=\"font-weight: 400;\">Datos de contacto:<\/span><br \/>\n<span style=\"font-weight: 400;\">Tel: +34639504297<\/span><br \/>\n<span style=\"font-weight: 400;\">Mail: <a href=\"mailto:fp.87@hotmail.com\" target=\"_blank\" rel=\"noopener\">fp.87@hotmail.com<\/a><\/span><\/p>\n<\/div>\n","protected":false},"excerpt":{"rendered":"<p>La Formaci\u00f3n es un factor clave dentro de un Departamento de recursos humanos, dado que todo avanza a pasos agigantados [&hellip;]<\/p>\n","protected":false},"author":73,"featured_media":769534,"comment_status":"closed","ping_status":"closed","sticky":false,"template":"","format":"standard","meta":{"_genesis_hide_title":false,"_genesis_hide_breadcrumbs":false,"_genesis_hide_singular_image":false,"_genesis_hide_footer_widgets":false,"_genesis_custom_body_class":"","_genesis_custom_post_class":"","_genesis_layout":"","footnotes":""},"categories":[164,269,165],"tags":[],"yoast_head":"<!-- This site is optimized with the Yoast SEO plugin v20.4 - https:\/\/yoast.com\/wordpress\/plugins\/seo\/ -->\n<title>Recursos humanos: Ayuda a tus empleados a seguir creciendo<\/title>\n<meta name=\"description\" content=\"Es necesario que el departamento de recursos humanos planifique y gestione actividades formativas para los trabajadores de la empresa.\" \/>\n<meta name=\"robots\" content=\"index, follow, max-snippet:-1, max-image-preview:large, max-video-preview:-1\" \/>\n<link rel=\"canonical\" href=\"https:\/\/www.questionpro.com\/blog\/es\/recursos-humanos-empleados\/\" \/>\n<meta property=\"og:locale\" content=\"es_ES\" \/>\n<meta property=\"og:type\" content=\"article\" \/>\n<meta property=\"og:title\" content=\"Recursos humanos: Ayuda a tus empleados a seguir creciendo\" \/>\n<meta property=\"og:description\" content=\"Es necesario que el departamento de recursos humanos planifique y gestione actividades formativas para los trabajadores de la empresa.\" \/>\n<meta property=\"og:url\" content=\"https:\/\/www.questionpro.com\/blog\/es\/recursos-humanos-empleados\/\" \/>\n<meta property=\"og:site_name\" content=\"QuestionPro\" \/>\n<meta property=\"article:publisher\" content=\"https:\/\/www.facebook.com\/questionpro\" \/>\n<meta property=\"article:published_time\" content=\"2016-06-21T13:30:44+00:00\" \/>\n<meta property=\"article:modified_time\" content=\"2023-01-09T16:49:06+00:00\" \/>\n<meta property=\"og:image\" content=\"https:\/\/www.questionpro.com\/blog\/wp-content\/uploads\/2016\/06\/06-LA-FORMACION-COMO-FACTOR-CLAVE-2-800x533-1.jpg\" \/>\n\t<meta property=\"og:image:width\" content=\"800\" \/>\n\t<meta property=\"og:image:height\" content=\"533\" \/>\n\t<meta property=\"og:image:type\" content=\"image\/jpeg\" \/>\n<meta name=\"author\" content=\"Colaboradores QuestionPro\" \/>\n<meta name=\"twitter:card\" content=\"summary_large_image\" \/>\n<meta name=\"twitter:creator\" content=\"@questionpro\" \/>\n<meta name=\"twitter:site\" content=\"@questionpro\" \/>\n<meta name=\"twitter:label1\" content=\"Written by\" \/>\n\t<meta name=\"twitter:data1\" content=\"Colaboradores QuestionPro\" \/>\n\t<meta name=\"twitter:label2\" content=\"Est. reading time\" \/>\n\t<meta name=\"twitter:data2\" content=\"3 minutes\" \/>\n<script type=\"application\/ld+json\" class=\"yoast-schema-graph\">{\"@context\":\"https:\/\/schema.org\",\"@graph\":[{\"@type\":\"Article\",\"@id\":\"https:\/\/www.questionpro.com\/blog\/es\/recursos-humanos-empleados\/#article\",\"isPartOf\":{\"@id\":\"https:\/\/www.questionpro.com\/blog\/es\/recursos-humanos-empleados\/\"},\"author\":{\"name\":\"Colaboradores QuestionPro\",\"@id\":\"https:\/\/www.questionpro.com\/blog\/es\/#\/schema\/person\/8ec73687dda60dd6c88373b22a54c4b8\"},\"headline\":\"La formaci\u00f3n como factor clave en el departamento de Recursos Humanos\",\"datePublished\":\"2016-06-21T13:30:44+00:00\",\"dateModified\":\"2023-01-09T16:49:06+00:00\",\"mainEntityOfPage\":{\"@id\":\"https:\/\/www.questionpro.com\/blog\/es\/recursos-humanos-empleados\/\"},\"wordCount\":667,\"publisher\":{\"@id\":\"https:\/\/www.questionpro.com\/blog\/es\/#organization\"},\"articleSection\":[\"Fuerza de Trabajo\",\"Retenci\u00f3n de empleados\",\"Workforce\"],\"inLanguage\":\"es\"},{\"@type\":\"WebPage\",\"@id\":\"https:\/\/www.questionpro.com\/blog\/es\/recursos-humanos-empleados\/\",\"url\":\"https:\/\/www.questionpro.com\/blog\/es\/recursos-humanos-empleados\/\",\"name\":\"Recursos humanos: Ayuda a tus empleados a seguir creciendo\",\"isPartOf\":{\"@id\":\"https:\/\/www.questionpro.com\/blog\/es\/#website\"},\"datePublished\":\"2016-06-21T13:30:44+00:00\",\"dateModified\":\"2023-01-09T16:49:06+00:00\",\"description\":\"Es necesario que el departamento de recursos humanos planifique y gestione actividades formativas para los trabajadores de la empresa.\",\"breadcrumb\":{\"@id\":\"https:\/\/www.questionpro.com\/blog\/es\/recursos-humanos-empleados\/#breadcrumb\"},\"inLanguage\":\"es\",\"potentialAction\":[{\"@type\":\"ReadAction\",\"target\":[\"https:\/\/www.questionpro.com\/blog\/es\/recursos-humanos-empleados\/\"]}]},{\"@type\":\"BreadcrumbList\",\"@id\":\"https:\/\/www.questionpro.com\/blog\/es\/recursos-humanos-empleados\/#breadcrumb\",\"itemListElement\":[{\"@type\":\"ListItem\",\"position\":1,\"name\":\"Home\",\"item\":\"https:\/\/www.questionpro.com\/blog\/es\/\"},{\"@type\":\"ListItem\",\"position\":2,\"name\":\"Workforce\",\"item\":\"https:\/\/www.questionpro.com\/blog\/es\/category\/workforce\/\"},{\"@type\":\"ListItem\",\"position\":3,\"name\":\"La formaci\u00f3n como factor clave en el departamento de Recursos Humanos\"}]},{\"@type\":\"WebSite\",\"@id\":\"https:\/\/www.questionpro.com\/blog\/es\/#website\",\"url\":\"https:\/\/www.questionpro.com\/blog\/es\/\",\"name\":\"QuestionPro\",\"description\":\"\",\"publisher\":{\"@id\":\"https:\/\/www.questionpro.com\/blog\/es\/#organization\"},\"potentialAction\":[{\"@type\":\"SearchAction\",\"target\":{\"@type\":\"EntryPoint\",\"urlTemplate\":\"https:\/\/www.questionpro.com\/blog\/es\/?s={search_term_string}\"},\"query-input\":\"required name=search_term_string\"}],\"inLanguage\":\"es\"},{\"@type\":\"Organization\",\"@id\":\"https:\/\/www.questionpro.com\/blog\/es\/#organization\",\"name\":\"QuestionPro\",\"url\":\"https:\/\/www.questionpro.com\/blog\/es\/\",\"logo\":{\"@type\":\"ImageObject\",\"inLanguage\":\"es\",\"@id\":\"https:\/\/www.questionpro.com\/blog\/es\/#\/schema\/logo\/image\/\",\"url\":\"https:\/\/www.questionpro.com\/blog\/wp-content\/uploads\/2022\/10\/questionpro-logo.svg\",\"contentUrl\":\"https:\/\/www.questionpro.com\/blog\/wp-content\/uploads\/2022\/10\/questionpro-logo.svg\",\"caption\":\"QuestionPro\"},\"image\":{\"@id\":\"https:\/\/www.questionpro.com\/blog\/es\/#\/schema\/logo\/image\/\"},\"sameAs\":[\"https:\/\/www.facebook.com\/questionpro\",\"https:\/\/twitter.com\/questionpro\",\"https:\/\/www.linkedin.com\/company\/questionpro\/\"]},{\"@type\":\"Person\",\"@id\":\"https:\/\/www.questionpro.com\/blog\/es\/#\/schema\/person\/8ec73687dda60dd6c88373b22a54c4b8\",\"name\":\"Colaboradores QuestionPro\",\"image\":{\"@type\":\"ImageObject\",\"inLanguage\":\"es\",\"@id\":\"https:\/\/www.questionpro.com\/blog\/es\/#\/schema\/person\/image\/\",\"url\":\"https:\/\/secure.gravatar.com\/avatar\/40e3417f5e2ebcebfa44bc3d926bcd72?s=96&d=mm&r=g\",\"contentUrl\":\"https:\/\/secure.gravatar.com\/avatar\/40e3417f5e2ebcebfa44bc3d926bcd72?s=96&d=mm&r=g\",\"caption\":\"Colaboradores QuestionPro\"},\"url\":\"https:\/\/www.questionpro.com\/blog\/es\/author\/colaboradoresqp\/\"}]}<\/script>\n<!-- \/ Yoast SEO plugin. -->","yoast_head_json":{"title":"Recursos humanos: Ayuda a tus empleados a seguir creciendo","description":"Es necesario que el departamento de recursos humanos planifique y gestione actividades formativas para los trabajadores de la empresa.","robots":{"index":"index","follow":"follow","max-snippet":"max-snippet:-1","max-image-preview":"max-image-preview:large","max-video-preview":"max-video-preview:-1"},"canonical":"https:\/\/www.questionpro.com\/blog\/es\/recursos-humanos-empleados\/","og_locale":"es_ES","og_type":"article","og_title":"Recursos humanos: Ayuda a tus empleados a seguir creciendo","og_description":"Es necesario que el departamento de recursos humanos planifique y gestione actividades formativas para los trabajadores de la empresa.","og_url":"https:\/\/www.questionpro.com\/blog\/es\/recursos-humanos-empleados\/","og_site_name":"QuestionPro","article_publisher":"https:\/\/www.facebook.com\/questionpro","article_published_time":"2016-06-21T13:30:44+00:00","article_modified_time":"2023-01-09T16:49:06+00:00","og_image":[{"width":800,"height":533,"url":"https:\/\/www.questionpro.com\/blog\/wp-content\/uploads\/2016\/06\/06-LA-FORMACION-COMO-FACTOR-CLAVE-2-800x533-1.jpg","type":"image\/jpeg"}],"author":"Colaboradores QuestionPro","twitter_card":"summary_large_image","twitter_creator":"@questionpro","twitter_site":"@questionpro","twitter_misc":{"Written by":"Colaboradores QuestionPro","Est. reading time":"3 minutes"},"schema":{"@context":"https:\/\/schema.org","@graph":[{"@type":"Article","@id":"https:\/\/www.questionpro.com\/blog\/es\/recursos-humanos-empleados\/#article","isPartOf":{"@id":"https:\/\/www.questionpro.com\/blog\/es\/recursos-humanos-empleados\/"},"author":{"name":"Colaboradores QuestionPro","@id":"https:\/\/www.questionpro.com\/blog\/es\/#\/schema\/person\/8ec73687dda60dd6c88373b22a54c4b8"},"headline":"La formaci\u00f3n como factor clave en el departamento de Recursos Humanos","datePublished":"2016-06-21T13:30:44+00:00","dateModified":"2023-01-09T16:49:06+00:00","mainEntityOfPage":{"@id":"https:\/\/www.questionpro.com\/blog\/es\/recursos-humanos-empleados\/"},"wordCount":667,"publisher":{"@id":"https:\/\/www.questionpro.com\/blog\/es\/#organization"},"articleSection":["Fuerza de Trabajo","Retenci\u00f3n de empleados","Workforce"],"inLanguage":"es"},{"@type":"WebPage","@id":"https:\/\/www.questionpro.com\/blog\/es\/recursos-humanos-empleados\/","url":"https:\/\/www.questionpro.com\/blog\/es\/recursos-humanos-empleados\/","name":"Recursos humanos: Ayuda a tus empleados a seguir creciendo","isPartOf":{"@id":"https:\/\/www.questionpro.com\/blog\/es\/#website"},"datePublished":"2016-06-21T13:30:44+00:00","dateModified":"2023-01-09T16:49:06+00:00","description":"Es necesario que el departamento de recursos humanos planifique y gestione actividades formativas para los trabajadores de la empresa.","breadcrumb":{"@id":"https:\/\/www.questionpro.com\/blog\/es\/recursos-humanos-empleados\/#breadcrumb"},"inLanguage":"es","potentialAction":[{"@type":"ReadAction","target":["https:\/\/www.questionpro.com\/blog\/es\/recursos-humanos-empleados\/"]}]},{"@type":"BreadcrumbList","@id":"https:\/\/www.questionpro.com\/blog\/es\/recursos-humanos-empleados\/#breadcrumb","itemListElement":[{"@type":"ListItem","position":1,"name":"Home","item":"https:\/\/www.questionpro.com\/blog\/es\/"},{"@type":"ListItem","position":2,"name":"Workforce","item":"https:\/\/www.questionpro.com\/blog\/es\/category\/workforce\/"},{"@type":"ListItem","position":3,"name":"La formaci\u00f3n como factor clave en el departamento de Recursos Humanos"}]},{"@type":"WebSite","@id":"https:\/\/www.questionpro.com\/blog\/es\/#website","url":"https:\/\/www.questionpro.com\/blog\/es\/","name":"QuestionPro","description":"","publisher":{"@id":"https:\/\/www.questionpro.com\/blog\/es\/#organization"},"potentialAction":[{"@type":"SearchAction","target":{"@type":"EntryPoint","urlTemplate":"https:\/\/www.questionpro.com\/blog\/es\/?s={search_term_string}"},"query-input":"required name=search_term_string"}],"inLanguage":"es"},{"@type":"Organization","@id":"https:\/\/www.questionpro.com\/blog\/es\/#organization","name":"QuestionPro","url":"https:\/\/www.questionpro.com\/blog\/es\/","logo":{"@type":"ImageObject","inLanguage":"es","@id":"https:\/\/www.questionpro.com\/blog\/es\/#\/schema\/logo\/image\/","url":"https:\/\/www.questionpro.com\/blog\/wp-content\/uploads\/2022\/10\/questionpro-logo.svg","contentUrl":"https:\/\/www.questionpro.com\/blog\/wp-content\/uploads\/2022\/10\/questionpro-logo.svg","caption":"QuestionPro"},"image":{"@id":"https:\/\/www.questionpro.com\/blog\/es\/#\/schema\/logo\/image\/"},"sameAs":["https:\/\/www.facebook.com\/questionpro","https:\/\/twitter.com\/questionpro","https:\/\/www.linkedin.com\/company\/questionpro\/"]},{"@type":"Person","@id":"https:\/\/www.questionpro.com\/blog\/es\/#\/schema\/person\/8ec73687dda60dd6c88373b22a54c4b8","name":"Colaboradores QuestionPro","image":{"@type":"ImageObject","inLanguage":"es","@id":"https:\/\/www.questionpro.com\/blog\/es\/#\/schema\/person\/image\/","url":"https:\/\/secure.gravatar.com\/avatar\/40e3417f5e2ebcebfa44bc3d926bcd72?s=96&d=mm&r=g","contentUrl":"https:\/\/secure.gravatar.com\/avatar\/40e3417f5e2ebcebfa44bc3d926bcd72?s=96&d=mm&r=g","caption":"Colaboradores QuestionPro"},"url":"https:\/\/www.questionpro.com\/blog\/es\/author\/colaboradoresqp\/"}]}},"featured_image_src":"https:\/\/www.questionpro.com\/blog\/wp-content\/uploads\/2016\/06\/06-LA-FORMACION-COMO-FACTOR-CLAVE-2-800x533-1.jpg","featured_image_src_square":"https:\/\/www.questionpro.com\/blog\/wp-content\/uploads\/2016\/06\/06-LA-FORMACION-COMO-FACTOR-CLAVE-2-800x533-1.jpg","author_info":{"display_name":"Colaboradores QuestionPro","author_link":"https:\/\/www.questionpro.com\/blog\/es\/author\/colaboradoresqp\/"},"_links":{"self":[{"href":"https:\/\/www.questionpro.com\/blog\/es\/wp-json\/wp\/v2\/posts\/24953"}],"collection":[{"href":"https:\/\/www.questionpro.com\/blog\/es\/wp-json\/wp\/v2\/posts"}],"about":[{"href":"https:\/\/www.questionpro.com\/blog\/es\/wp-json\/wp\/v2\/types\/post"}],"author":[{"embeddable":true,"href":"https:\/\/www.questionpro.com\/blog\/es\/wp-json\/wp\/v2\/users\/73"}],"replies":[{"embeddable":true,"href":"https:\/\/www.questionpro.com\/blog\/es\/wp-json\/wp\/v2\/comments?post=24953"}],"version-history":[{"count":1,"href":"https:\/\/www.questionpro.com\/blog\/es\/wp-json\/wp\/v2\/posts\/24953\/revisions"}],"predecessor-version":[{"id":769546,"href":"https:\/\/www.questionpro.com\/blog\/es\/wp-json\/wp\/v2\/posts\/24953\/revisions\/769546"}],"wp:featuredmedia":[{"embeddable":true,"href":"https:\/\/www.questionpro.com\/blog\/es\/wp-json\/wp\/v2\/media\/769534"}],"wp:attachment":[{"href":"https:\/\/www.questionpro.com\/blog\/es\/wp-json\/wp\/v2\/media?parent=24953"}],"wp:term":[{"taxonomy":"category","embeddable":true,"href":"https:\/\/www.questionpro.com\/blog\/es\/wp-json\/wp\/v2\/categories?post=24953"},{"taxonomy":"post_tag","embeddable":true,"href":"https:\/\/www.questionpro.com\/blog\/es\/wp-json\/wp\/v2\/tags?post=24953"}],"curies":[{"name":"wp","href":"https:\/\/api.w.org\/{rel}","templated":true}]}}