

{"id":34687,"date":"2016-12-18T05:30:19","date_gmt":"2016-12-18T13:30:19","guid":{"rendered":"http:\/\/www.questionpro.com\/blog\/es\/?p=34687"},"modified":"2023-02-25T02:01:54","modified_gmt":"2023-02-25T02:01:54","slug":"generacion-millennials-fuerza-laboral","status":"publish","type":"post","link":"https:\/\/www.questionpro.com\/blog\/es\/generacion-millennials-fuerza-laboral\/","title":{"rendered":"Generacion Millennials, la nueva fuerza laboral"},"content":{"rendered":"<p style=\"text-align: justify;\"><span style=\"font-weight: 400;\">\u00bfSe han puesto a pensar que los j\u00f3venes de ahora, aquellos conocidos como generacion Millennials se est\u00e1n convirtiendo en la nueva fuerza laboral?<\/span><\/p>\n<p style=\"text-align: justify;\"><span style=\"font-weight: 400;\">Muchos de ellos se distinguen por su madurez y por tener objetivos bien establecidos. Sin duda estos j\u00f3venes est\u00e1n estableciendo nuevas l\u00edneas de trabajo, dando un ambiente m\u00e1s relajado a las oficinas y tambi\u00e9n aportando informaci\u00f3n muy valiosa, ya que sin duda, es un mercado muy peculiar que debemos de buscar satisfacer. <\/span><\/p>\n<p style=\"text-align: justify;\"><span style=\"font-weight: 400;\">Pero tambi\u00e9n existen empresas que no conf\u00edan en el talento de la generacion Millennials, o no los contratan por falta de experiencia. Pero a la vez, se sienten atra\u00eddos por ellos al saber que est\u00e1n inmersos en un mundo que crece cada vez m\u00e1s, y es el mundo digital, el de las redes sociales que acapara la atenci\u00f3n de todos; Adem\u00e1s saben que el mercado est\u00e1 ah\u00ed, pegado al internet, dando clics, buscando nuevas oportunidades y sin duda a esas personas tambi\u00e9n hay que venderles. Te invito a leer: <\/span><a href=\"https:\/\/www.questionpro.com\/blog\/es\/investigacion-de-consumidores-amistad\/\" target=\"_blank\" rel=\"noopener\"><span style=\"font-weight: 400;\">Tendencia en Millennials: Amistad en la era digital<\/span><\/a><\/p>\n<h2><span style=\"font-weight: 400;\">Generacion Millennials, parte importante del cambio<\/span><\/h2>\n<p style=\"text-align: justify;\"><span style=\"font-weight: 400;\">Se estima que para el a\u00f1o &nbsp;2025 los millennials abarcar\u00e1n el 75% de la fuerza de trabajo global. Lo positivo es que est\u00e1n trayendo a los espacios de trabajo una nueva perspectiva de c\u00f3mo se lleva a cabo un negocio, desafiando el status quo de sus respectivas industrias.<\/span><\/p>\n<p style=\"text-align: justify;\"><span style=\"font-weight: 400;\">Estos j\u00f3venes tienen contacto con estas nuevas tecnolog\u00edas, las usan, las crean, aportan nuevas ideas. Vivimos en una era de muchos cambios, de innovaci\u00f3n, y sin duda la estructura laboral cambi\u00f3 con su llegada. Ellos trabajan en equipo, en cualquier sitio, desde casa, en un caf\u00e9 o cualquier lugar donde tengan una conexi\u00f3n a internet, con horarios no establecidos. <\/span><\/p>\n<blockquote>\n<p style=\"text-align: justify;\"><span style=\"font-weight: 400;\">Quiz\u00e1 te interese leer de los beneficios del <\/span><span style=\"font-weight: 400;\"><a href=\"https:\/\/www.questionpro.com\/blog\/es\/el-trabajo-desde-casa\/\" target=\"_blank\" rel=\"noopener\">trabajo desde casa<\/a>, una opci\u00f3n que puede mejorar el rendimiento de tus empleados<\/span><span style=\"font-weight: 400;\">.<\/span><\/p>\n<\/blockquote>\n<p>&nbsp;<\/p>\n<p style=\"text-align: justify;\"><span style=\"font-weight: 400;\">Son ellos los que d\u00eda a d\u00eda demandan nuevos servicios, tienen otras necesidades, que evidentemente tienen que ver con cuestiones digitales y nuevos contenidos. Incluir a la generacion Millennials sin duda traer\u00e1 frescura a todas aquellas empresas que buscan crecer. <\/span><\/p>\n<blockquote>\n<p style=\"text-align: justify;\"><span style=\"font-weight: 400;\">Aqu\u00ed 6 rasgos clave de los <\/span><a href=\"http:\/\/www.forbes.com.mx\/6-rasgos-clave-de-los-millennials-los-nuevos-consumidores\/#gs.kHVRcm8\" target=\"_blank\" rel=\"noopener\"><span style=\"font-weight: 400;\">millennials, los nuevos consumidores.<\/span><\/a><\/p>\n<\/blockquote>\n<p>&nbsp;<\/p>\n<p style=\"text-align: justify;\"><span style=\"font-weight: 400;\">Si quieres saber m\u00e1s de ellos, solo tienes que voltear a ver las redes sociales, y obviamente tambi\u00e9n est\u00e1n ya presentes en las empresas que hoy se destacan a nivel mundial en todos los \u00e1mbitos, pero sobre todo en lo digital. <\/span><\/p>\n<p style=\"text-align: justify;\"><span style=\"font-weight: 400;\">La generacion Millennials est\u00e1 remodelando la din\u00e1mica de la industria, de ah\u00ed que nuestros negocios tambi\u00e9n deben adaptarse y ser una organizaci\u00f3n amigable con esta generaci\u00f3n. <\/span><\/p>\n<blockquote>\n<p style=\"text-align: justify;\"><span style=\"font-weight: 400;\">Te recomiendo tambi\u00e9n leer: <\/span><a href=\"https:\/\/www.questionpro.com\/blog\/es\/investigacion-de-mercados-marcas-en-adolescentes\/\" target=\"_blank\" rel=\"noopener\"><span style=\"font-weight: 400;\">Investigaci\u00f3n de mercados: \u00bfc\u00f3mo llegan las marcas a los adolescentes?<\/span><\/a><\/p>\n<\/blockquote>\n<p>&nbsp;<\/p>\n<h2><span style=\"font-weight: 400;\">3 principios b\u00e1sicos para involucrarse con la generacion Millennials <\/span><\/h2>\n<ul>\n<li style=\"font-weight: 400; text-align: justify;\"><span style=\"font-weight: 400;\">Son muy diversos y se distinguen porque luchan por conseguir sus sue\u00f1os. Cada uno traer\u00e1 una perspectiva \u00fanica a tu lugar de trabajo. Por ello debes crear un entorno amigable donde puedas ser tu mismo. Implementar una cultura de apertura y tolerancia hacia las dem\u00e1s personas te ayudar\u00e1 a tener una organizaci\u00f3n m\u00e1s colaborativa y generadora de nuevas ideas.<\/span><\/li>\n<\/ul>\n<ul style=\"text-align: justify;\">\n<li style=\"font-weight: 400;\"><span style=\"font-weight: 400;\">Sin duda los millennials buscar salir adversos de cualquier desaf\u00edo, quieren ser reconocido. Impulsa los conceptos de trabajo y dedicaci\u00f3n y logra que tu empresa se beneficie con el impulso y tenacidad de esta generaci\u00f3n.<\/span><\/li>\n<\/ul>\n<ul>\n<li style=\"font-weight: 400; text-align: justify;\"><span style=\"font-weight: 400;\">La generacion Millennials es apasionada y optimista, buscan hacer del mundo un lugar mejor. Las empresas deben reconocer este tipo de esfuerzos y demostrarles el valor que tienen para la compa\u00f1\u00eda, as\u00ed crear\u00e1n un sentido de pertenencia que har\u00e1 que sigan dando siempre lo mejor de s\u00ed. <\/span><a href=\"https:\/\/www.questionpro.com\/blog\/es\/el-sentido-de-pertenencia\/\" target=\"_blank\" rel=\"noopener\"><span style=\"font-weight: 400;\">Gestiona el sentido de pertenencia de tus empleados<\/span><\/a><\/li>\n<\/ul>\n<p style=\"text-align: justify;\"><span style=\"font-weight: 400;\">Debes abrirte a otras maneras de hacer las cosas y tambi\u00e9n de pensar, conectar con esta generaci\u00f3n llena de talento, tener una compa\u00f1\u00eda suficientemente atractiva para iniciar colaboraciones &nbsp;te llevar\u00e1n a innovar y destacar de los dem\u00e1s.<\/span><\/p>\n<p style=\"text-align: justify;\"><span style=\"font-weight: 400;\">Los millennials son una clase de empleados diferentes y eso significa que los l\u00edderes de negocio necesitan entender y adaptarse a este nuevo contexto que forma d\u00eda con d\u00eda a esta generaci\u00f3n. Por ello comprender c\u00f3mo se va a desarrollar el futuro de nuestro negocio es una inversi\u00f3n que traer\u00e1 grandes beneficios para nuestra organizaci\u00f3n.<\/span><\/p>\n<p style=\"text-align: justify;\"><span style=\"font-weight: 400;\">Quiz\u00e1 te interese leer: <\/span><span style=\"font-weight: 400;\"><a href=\"https:\/\/www.questionpro.com\/blog\/es\/humanidades-digitales\/\" target=\"_blank\" rel=\"noopener\">Humanidades digitales<\/a>, el balance entre lo humano y lo tecnol\u00f3gico<\/span><span style=\"font-weight: 400;\">.<\/span><\/p>\n<p style=\"text-align: justify;\"><span style=\"font-weight: 400;\">Dale espacio a los j\u00f3venes, ya juegan un papel clave, aportan ideas y nuevas formas de hacer las cosas. Esc\u00fachalos, obs\u00e9rvalos, ellos ser\u00e1n no solo los clientes, sino tambi\u00e9n los trabajadores del ma\u00f1ana. El mundo digital es suyo, int\u00e9gralos a tu empresa y dales la oportunidad de realizar proyectos que les motiven. La transformaci\u00f3n digital est\u00e1 en manos de la generacion Millennials, ellos te pueden ayudar a &nbsp;acelerar tu inclusi\u00f3n a este mundo lleno de oportunidades y crecimiento.<\/span><\/p>\n<p>Por \u00faltimo, conoce m\u00e1s de los millennials y el <a href=\"https:\/\/www.questionpro.com\/blog\/es\/millennials-complejo-de-jonas\/\" target=\"_blank\" rel=\"noopener\">complejo de Jon\u00e1s<\/a> en el entorno laboral.<\/p>\n","protected":false},"excerpt":{"rendered":"<p>\u00bfSe han puesto a pensar que los j\u00f3venes de ahora, aquellos conocidos como generacion Millennials se est\u00e1n convirtiendo en la [&hellip;]<\/p>\n","protected":false},"author":121,"featured_media":35078,"comment_status":"closed","ping_status":"closed","sticky":false,"template":"","format":"standard","meta":{"_yoast_wpseo_focuskw":"generacion millennials","_yoast_wpseo_title":"Integra a la generacion millennials a tu fuerza laboral","_yoast_wpseo_metadesc":"Si quieres dar un cambio positivo a tu negocio integra a la generacion millennials, conoce caracter\u00edsticas que mejorar\u00e1n su productividad.","_genesis_hide_title":false,"_genesis_hide_breadcrumbs":false,"_genesis_hide_singular_image":false,"_genesis_hide_footer_widgets":false,"_genesis_custom_body_class":"","_genesis_custom_post_class":"","_genesis_layout":"","footnotes":""},"categories":[164,165],"tags":[],"yoast_head":"<!-- This site is optimized with the Yoast SEO plugin v20.4 - https:\/\/yoast.com\/wordpress\/plugins\/seo\/ -->\n<title>Integra a la generacion millennials a tu fuerza laboral<\/title>\n<meta name=\"description\" content=\"Si quieres dar un cambio positivo a tu negocio integra a la generacion millennials, conoce caracter\u00edsticas que mejorar\u00e1n su productividad.\" \/>\n<meta name=\"robots\" content=\"index, follow, max-snippet:-1, max-image-preview:large, max-video-preview:-1\" \/>\n<link rel=\"canonical\" href=\"https:\/\/www.questionpro.com\/blog\/es\/generacion-millennials-fuerza-laboral\/\" \/>\n<meta property=\"og:locale\" content=\"es_ES\" \/>\n<meta property=\"og:type\" content=\"article\" \/>\n<meta property=\"og:title\" content=\"Integra a la generacion millennials a tu fuerza laboral\" \/>\n<meta property=\"og:description\" content=\"Si quieres dar un cambio positivo a tu negocio integra a la generacion millennials, conoce caracter\u00edsticas que mejorar\u00e1n su productividad.\" \/>\n<meta property=\"og:url\" content=\"https:\/\/www.questionpro.com\/blog\/es\/generacion-millennials-fuerza-laboral\/\" \/>\n<meta property=\"og:site_name\" content=\"QuestionPro\" \/>\n<meta property=\"article:publisher\" content=\"https:\/\/www.facebook.com\/questionpro\" \/>\n<meta property=\"article:published_time\" content=\"2016-12-18T13:30:19+00:00\" \/>\n<meta property=\"article:modified_time\" content=\"2023-02-25T02:01:54+00:00\" \/>\n<meta property=\"og:image\" content=\"https:\/\/www.questionpro.com\/blog\/wp-content\/uploads\/2016\/12\/0109.jpg\" \/>\n\t<meta property=\"og:image:width\" content=\"900\" \/>\n\t<meta property=\"og:image:height\" content=\"600\" \/>\n\t<meta property=\"og:image:type\" content=\"image\/jpeg\" \/>\n<meta name=\"author\" content=\"Javier Esteban Sanchez Diaz\" \/>\n<meta name=\"twitter:card\" content=\"summary_large_image\" \/>\n<meta name=\"twitter:creator\" content=\"@questionpro\" \/>\n<meta name=\"twitter:site\" content=\"@questionpro\" \/>\n<meta name=\"twitter:label1\" content=\"Written by\" \/>\n\t<meta name=\"twitter:data1\" content=\"Javier Esteban Sanchez Diaz\" \/>\n\t<meta name=\"twitter:label2\" content=\"Est. reading time\" \/>\n\t<meta name=\"twitter:data2\" content=\"4 minutes\" \/>\n<script type=\"application\/ld+json\" class=\"yoast-schema-graph\">{\"@context\":\"https:\/\/schema.org\",\"@graph\":[{\"@type\":\"Article\",\"@id\":\"https:\/\/www.questionpro.com\/blog\/es\/generacion-millennials-fuerza-laboral\/#article\",\"isPartOf\":{\"@id\":\"https:\/\/www.questionpro.com\/blog\/es\/generacion-millennials-fuerza-laboral\/\"},\"author\":{\"name\":\"Javier Esteban Sanchez Diaz\",\"@id\":\"https:\/\/www.questionpro.com\/blog\/es\/#\/schema\/person\/1046e37c32dc96878b018e99ef5d5668\"},\"headline\":\"Generacion Millennials, la nueva fuerza laboral\",\"datePublished\":\"2016-12-18T13:30:19+00:00\",\"dateModified\":\"2023-02-25T02:01:54+00:00\",\"mainEntityOfPage\":{\"@id\":\"https:\/\/www.questionpro.com\/blog\/es\/generacion-millennials-fuerza-laboral\/\"},\"wordCount\":874,\"publisher\":{\"@id\":\"https:\/\/www.questionpro.com\/blog\/es\/#organization\"},\"articleSection\":[\"Fuerza de Trabajo\",\"Workforce\"],\"inLanguage\":\"es\"},{\"@type\":\"WebPage\",\"@id\":\"https:\/\/www.questionpro.com\/blog\/es\/generacion-millennials-fuerza-laboral\/\",\"url\":\"https:\/\/www.questionpro.com\/blog\/es\/generacion-millennials-fuerza-laboral\/\",\"name\":\"Integra a la generacion millennials a tu fuerza laboral\",\"isPartOf\":{\"@id\":\"https:\/\/www.questionpro.com\/blog\/es\/#website\"},\"datePublished\":\"2016-12-18T13:30:19+00:00\",\"dateModified\":\"2023-02-25T02:01:54+00:00\",\"description\":\"Si quieres dar un cambio positivo a tu negocio integra a la generacion millennials, conoce caracter\u00edsticas que mejorar\u00e1n su productividad.\",\"breadcrumb\":{\"@id\":\"https:\/\/www.questionpro.com\/blog\/es\/generacion-millennials-fuerza-laboral\/#breadcrumb\"},\"inLanguage\":\"es\",\"potentialAction\":[{\"@type\":\"ReadAction\",\"target\":[\"https:\/\/www.questionpro.com\/blog\/es\/generacion-millennials-fuerza-laboral\/\"]}]},{\"@type\":\"BreadcrumbList\",\"@id\":\"https:\/\/www.questionpro.com\/blog\/es\/generacion-millennials-fuerza-laboral\/#breadcrumb\",\"itemListElement\":[{\"@type\":\"ListItem\",\"position\":1,\"name\":\"Home\",\"item\":\"https:\/\/www.questionpro.com\/blog\/es\/\"},{\"@type\":\"ListItem\",\"position\":2,\"name\":\"Workforce\",\"item\":\"https:\/\/www.questionpro.com\/blog\/es\/category\/workforce\/\"},{\"@type\":\"ListItem\",\"position\":3,\"name\":\"Generacion Millennials, la nueva fuerza laboral\"}]},{\"@type\":\"WebSite\",\"@id\":\"https:\/\/www.questionpro.com\/blog\/es\/#website\",\"url\":\"https:\/\/www.questionpro.com\/blog\/es\/\",\"name\":\"QuestionPro\",\"description\":\"\",\"publisher\":{\"@id\":\"https:\/\/www.questionpro.com\/blog\/es\/#organization\"},\"potentialAction\":[{\"@type\":\"SearchAction\",\"target\":{\"@type\":\"EntryPoint\",\"urlTemplate\":\"https:\/\/www.questionpro.com\/blog\/es\/?s={search_term_string}\"},\"query-input\":\"required name=search_term_string\"}],\"inLanguage\":\"es\"},{\"@type\":\"Organization\",\"@id\":\"https:\/\/www.questionpro.com\/blog\/es\/#organization\",\"name\":\"QuestionPro\",\"url\":\"https:\/\/www.questionpro.com\/blog\/es\/\",\"logo\":{\"@type\":\"ImageObject\",\"inLanguage\":\"es\",\"@id\":\"https:\/\/www.questionpro.com\/blog\/es\/#\/schema\/logo\/image\/\",\"url\":\"https:\/\/www.questionpro.com\/blog\/wp-content\/uploads\/2022\/10\/questionpro-logo.svg\",\"contentUrl\":\"https:\/\/www.questionpro.com\/blog\/wp-content\/uploads\/2022\/10\/questionpro-logo.svg\",\"caption\":\"QuestionPro\"},\"image\":{\"@id\":\"https:\/\/www.questionpro.com\/blog\/es\/#\/schema\/logo\/image\/\"},\"sameAs\":[\"https:\/\/www.facebook.com\/questionpro\",\"https:\/\/twitter.com\/questionpro\",\"https:\/\/www.linkedin.com\/company\/questionpro\/\"]},{\"@type\":\"Person\",\"@id\":\"https:\/\/www.questionpro.com\/blog\/es\/#\/schema\/person\/1046e37c32dc96878b018e99ef5d5668\",\"name\":\"Javier Esteban Sanchez Diaz\",\"image\":{\"@type\":\"ImageObject\",\"inLanguage\":\"es\",\"@id\":\"https:\/\/www.questionpro.com\/blog\/es\/#\/schema\/person\/image\/\",\"url\":\"https:\/\/secure.gravatar.com\/avatar\/5686828dc080158481ecd19b0fd192bd?s=96&d=mm&r=g\",\"contentUrl\":\"https:\/\/secure.gravatar.com\/avatar\/5686828dc080158481ecd19b0fd192bd?s=96&d=mm&r=g\",\"caption\":\"Javier Esteban Sanchez Diaz\"},\"url\":\"https:\/\/www.questionpro.com\/blog\/es\/author\/jaessadi\/\"}]}<\/script>\n<!-- \/ Yoast SEO plugin. -->","yoast_head_json":{"title":"Integra a la generacion millennials a tu fuerza laboral","description":"Si quieres dar un cambio positivo a tu negocio integra a la generacion millennials, conoce caracter\u00edsticas que mejorar\u00e1n su productividad.","robots":{"index":"index","follow":"follow","max-snippet":"max-snippet:-1","max-image-preview":"max-image-preview:large","max-video-preview":"max-video-preview:-1"},"canonical":"https:\/\/www.questionpro.com\/blog\/es\/generacion-millennials-fuerza-laboral\/","og_locale":"es_ES","og_type":"article","og_title":"Integra a la generacion millennials a tu fuerza laboral","og_description":"Si quieres dar un cambio positivo a tu negocio integra a la generacion millennials, conoce caracter\u00edsticas que mejorar\u00e1n su productividad.","og_url":"https:\/\/www.questionpro.com\/blog\/es\/generacion-millennials-fuerza-laboral\/","og_site_name":"QuestionPro","article_publisher":"https:\/\/www.facebook.com\/questionpro","article_published_time":"2016-12-18T13:30:19+00:00","article_modified_time":"2023-02-25T02:01:54+00:00","og_image":[{"width":900,"height":600,"url":"https:\/\/www.questionpro.com\/blog\/wp-content\/uploads\/2016\/12\/0109.jpg","type":"image\/jpeg"}],"author":"Javier Esteban Sanchez Diaz","twitter_card":"summary_large_image","twitter_creator":"@questionpro","twitter_site":"@questionpro","twitter_misc":{"Written by":"Javier Esteban Sanchez Diaz","Est. reading time":"4 minutes"},"schema":{"@context":"https:\/\/schema.org","@graph":[{"@type":"Article","@id":"https:\/\/www.questionpro.com\/blog\/es\/generacion-millennials-fuerza-laboral\/#article","isPartOf":{"@id":"https:\/\/www.questionpro.com\/blog\/es\/generacion-millennials-fuerza-laboral\/"},"author":{"name":"Javier Esteban Sanchez Diaz","@id":"https:\/\/www.questionpro.com\/blog\/es\/#\/schema\/person\/1046e37c32dc96878b018e99ef5d5668"},"headline":"Generacion Millennials, la nueva fuerza laboral","datePublished":"2016-12-18T13:30:19+00:00","dateModified":"2023-02-25T02:01:54+00:00","mainEntityOfPage":{"@id":"https:\/\/www.questionpro.com\/blog\/es\/generacion-millennials-fuerza-laboral\/"},"wordCount":874,"publisher":{"@id":"https:\/\/www.questionpro.com\/blog\/es\/#organization"},"articleSection":["Fuerza de Trabajo","Workforce"],"inLanguage":"es"},{"@type":"WebPage","@id":"https:\/\/www.questionpro.com\/blog\/es\/generacion-millennials-fuerza-laboral\/","url":"https:\/\/www.questionpro.com\/blog\/es\/generacion-millennials-fuerza-laboral\/","name":"Integra a la generacion millennials a tu fuerza laboral","isPartOf":{"@id":"https:\/\/www.questionpro.com\/blog\/es\/#website"},"datePublished":"2016-12-18T13:30:19+00:00","dateModified":"2023-02-25T02:01:54+00:00","description":"Si quieres dar un cambio positivo a tu negocio integra a la generacion millennials, conoce caracter\u00edsticas que mejorar\u00e1n su productividad.","breadcrumb":{"@id":"https:\/\/www.questionpro.com\/blog\/es\/generacion-millennials-fuerza-laboral\/#breadcrumb"},"inLanguage":"es","potentialAction":[{"@type":"ReadAction","target":["https:\/\/www.questionpro.com\/blog\/es\/generacion-millennials-fuerza-laboral\/"]}]},{"@type":"BreadcrumbList","@id":"https:\/\/www.questionpro.com\/blog\/es\/generacion-millennials-fuerza-laboral\/#breadcrumb","itemListElement":[{"@type":"ListItem","position":1,"name":"Home","item":"https:\/\/www.questionpro.com\/blog\/es\/"},{"@type":"ListItem","position":2,"name":"Workforce","item":"https:\/\/www.questionpro.com\/blog\/es\/category\/workforce\/"},{"@type":"ListItem","position":3,"name":"Generacion Millennials, la nueva fuerza laboral"}]},{"@type":"WebSite","@id":"https:\/\/www.questionpro.com\/blog\/es\/#website","url":"https:\/\/www.questionpro.com\/blog\/es\/","name":"QuestionPro","description":"","publisher":{"@id":"https:\/\/www.questionpro.com\/blog\/es\/#organization"},"potentialAction":[{"@type":"SearchAction","target":{"@type":"EntryPoint","urlTemplate":"https:\/\/www.questionpro.com\/blog\/es\/?s={search_term_string}"},"query-input":"required name=search_term_string"}],"inLanguage":"es"},{"@type":"Organization","@id":"https:\/\/www.questionpro.com\/blog\/es\/#organization","name":"QuestionPro","url":"https:\/\/www.questionpro.com\/blog\/es\/","logo":{"@type":"ImageObject","inLanguage":"es","@id":"https:\/\/www.questionpro.com\/blog\/es\/#\/schema\/logo\/image\/","url":"https:\/\/www.questionpro.com\/blog\/wp-content\/uploads\/2022\/10\/questionpro-logo.svg","contentUrl":"https:\/\/www.questionpro.com\/blog\/wp-content\/uploads\/2022\/10\/questionpro-logo.svg","caption":"QuestionPro"},"image":{"@id":"https:\/\/www.questionpro.com\/blog\/es\/#\/schema\/logo\/image\/"},"sameAs":["https:\/\/www.facebook.com\/questionpro","https:\/\/twitter.com\/questionpro","https:\/\/www.linkedin.com\/company\/questionpro\/"]},{"@type":"Person","@id":"https:\/\/www.questionpro.com\/blog\/es\/#\/schema\/person\/1046e37c32dc96878b018e99ef5d5668","name":"Javier Esteban Sanchez Diaz","image":{"@type":"ImageObject","inLanguage":"es","@id":"https:\/\/www.questionpro.com\/blog\/es\/#\/schema\/person\/image\/","url":"https:\/\/secure.gravatar.com\/avatar\/5686828dc080158481ecd19b0fd192bd?s=96&d=mm&r=g","contentUrl":"https:\/\/secure.gravatar.com\/avatar\/5686828dc080158481ecd19b0fd192bd?s=96&d=mm&r=g","caption":"Javier Esteban Sanchez Diaz"},"url":"https:\/\/www.questionpro.com\/blog\/es\/author\/jaessadi\/"}]}},"featured_image_src":"https:\/\/www.questionpro.com\/blog\/wp-content\/uploads\/2016\/12\/0109.jpg","featured_image_src_square":"https:\/\/www.questionpro.com\/blog\/wp-content\/uploads\/2016\/12\/0109.jpg","author_info":{"display_name":"Javier Esteban Sanchez Diaz","author_link":"https:\/\/www.questionpro.com\/blog\/es\/author\/jaessadi\/"},"_links":{"self":[{"href":"https:\/\/www.questionpro.com\/blog\/es\/wp-json\/wp\/v2\/posts\/34687"}],"collection":[{"href":"https:\/\/www.questionpro.com\/blog\/es\/wp-json\/wp\/v2\/posts"}],"about":[{"href":"https:\/\/www.questionpro.com\/blog\/es\/wp-json\/wp\/v2\/types\/post"}],"author":[{"embeddable":true,"href":"https:\/\/www.questionpro.com\/blog\/es\/wp-json\/wp\/v2\/users\/121"}],"replies":[{"embeddable":true,"href":"https:\/\/www.questionpro.com\/blog\/es\/wp-json\/wp\/v2\/comments?post=34687"}],"version-history":[{"count":1,"href":"https:\/\/www.questionpro.com\/blog\/es\/wp-json\/wp\/v2\/posts\/34687\/revisions"}],"predecessor-version":[{"id":781972,"href":"https:\/\/www.questionpro.com\/blog\/es\/wp-json\/wp\/v2\/posts\/34687\/revisions\/781972"}],"wp:featuredmedia":[{"embeddable":true,"href":"https:\/\/www.questionpro.com\/blog\/es\/wp-json\/wp\/v2\/media\/35078"}],"wp:attachment":[{"href":"https:\/\/www.questionpro.com\/blog\/es\/wp-json\/wp\/v2\/media?parent=34687"}],"wp:term":[{"taxonomy":"category","embeddable":true,"href":"https:\/\/www.questionpro.com\/blog\/es\/wp-json\/wp\/v2\/categories?post=34687"},{"taxonomy":"post_tag","embeddable":true,"href":"https:\/\/www.questionpro.com\/blog\/es\/wp-json\/wp\/v2\/tags?post=34687"}],"curies":[{"name":"wp","href":"https:\/\/api.w.org\/{rel}","templated":true}]}}