

{"id":52029,"date":"2017-12-16T02:00:37","date_gmt":"2017-12-16T10:00:37","guid":{"rendered":"https:\/\/www.questionpro.com\/blog\/?p=52029"},"modified":"2023-02-18T02:20:20","modified_gmt":"2023-02-18T02:20:20","slug":"redes-sociales-nuevo-escenario-digital","status":"publish","type":"post","link":"https:\/\/www.questionpro.com\/blog\/es\/redes-sociales-nuevo-escenario-digital\/","title":{"rendered":"Redes sociales, marca personal y organizacional en el nuevo escenario digital"},"content":{"rendered":"<p><span style=\"font-weight: 400;\">Cuando una persona u organizaci\u00f3n se plantea la creaci\u00f3n de un perfil en una o varias redes sociales, se debe hacer previamente algunas preguntas:&nbsp;&nbsp;&nbsp;<\/span><span style=\"font-weight: 400;\"><br \/>\n<\/span><span style=\"font-weight: 400;\"><br \/>\n<\/span><span style=\"font-weight: 400;\">1 \u00bfCu\u00e1l ser\u00e1 el p\u00fablico objetivo al que va apuntar ese perfil?&nbsp;&nbsp;<\/span><span style=\"font-weight: 400;\"><br \/>\n<\/span><span style=\"font-weight: 400;\">2. \u00bfQu\u00e9 tipo de publicaciones se divulgaran, con qu\u00e9 tipo de tem\u00e1tica personal, empresarial, comercial, motivacional etc.?<\/span><span style=\"font-weight: 400;\"><br \/>\n<\/span><span style=\"font-weight: 400;\">3. \u00bfEn qu\u00e9 redes sociales se crear\u00e1 el perfil?<\/span><span style=\"font-weight: 400;\"><br \/>\n<\/span><span style=\"font-weight: 400;\">4. \u00bfCon qu\u00e9 frecuencia se realizar\u00e1n publicaciones?<\/span><span style=\"font-weight: 400;\"><br \/>\n<\/span><span style=\"font-weight: 400;\">5. \u00bfDe qu\u00e9 forma manejar\u00e1s la influencia y la reputaci\u00f3n en las redes sociales?&nbsp;&nbsp;<\/span><span style=\"font-weight: 400;\"><br \/>\n<\/span><span style=\"font-weight: 400;\"><br \/>\n<\/span><span style=\"font-weight: 400;\">Hablemos un poco de las caracter\u00edsticas de las principales redes sociales y de <\/span><a href=\"https:\/\/www.questionpro.com\/blog\/es\/plan-de-marketing-digital-fundamental-para-las-organizaciones\/\" target=\"_blank\" rel=\"noopener\"><span style=\"font-weight: 400;\">ventajas de tener un plan de marketing digital en tiempos 2.0<\/span><\/a><span style=\"font-weight: 400;\">.<\/span><\/p>\n<h2><span style=\"font-weight: 400;\">Redes sociales para una campa\u00f1a de marketing<\/span><\/h2>\n<p><b><i>Facebook<\/i><\/b><i><span style=\"font-weight: 400;\">:<\/span><\/i><span style=\"font-weight: 400;\"> Es una red social que permite tener contacto con personas de acuerdo a la afinidad o el conocimiento que tengamos de ellas por familiaridad, amistad, laboral o gusto. <\/span><\/p>\n<p><span style=\"font-weight: 400;\">Tambi\u00e9n tiene aplicaci\u00f3n empresarial, que sirve como canal de comunicaci\u00f3n virtual con los clientes en el que se promocionan los productos o servicios que se comercializan a trav\u00e9s de&nbsp;una fan page, la cual genera interacci\u00f3n y retroalimentaci\u00f3n de los usuarios a trav\u00e9s de comentarios o foros de discusi\u00f3n y&nbsp;herramientas como el <\/span><span style=\"font-weight: 400;\">&nbsp;Facebook Live<\/span><span style=\"font-weight: 400;\">. Una funci\u00f3n de esta red social que le permite a sus usuarios realizar transmisiones en vivo de eventos entre otras actividades dentro de las estrategias de Marketing Online.<\/span><span style=\"font-weight: 400;\"><br \/>\n<\/span><span style=\"font-weight: 400;\"><br \/>\n<\/span><b><i>Twitter<\/i><\/b><i><span style=\"font-weight: 400;\">:<\/span><\/i><span style=\"font-weight: 400;\"> Es una red social en la que se difunde informaci\u00f3n multimedia que incluye textos, im\u00e1genes, gr\u00e1ficas, encuestas. Las publicaciones tienen una limitante la extensi\u00f3n es reducida a 140 caracteres o 280, de acuerdo a las preferencias del usuario, que pueden ser personas dando a conocer sus opiniones, u Organizaciones promocionando sus productos o servicios seg\u00fan su p\u00fablico objetivo. <\/span><\/p>\n<p><span style=\"font-weight: 400;\">Con estas innovaciones se abre la posibilidad que se convierta en un micro-blog con videos, fotograf\u00edas, infograf\u00edas y encuestas, convirtiendo de sus usuarios de twitteros a blogueros empresariales. Te comparto: <\/span><a href=\"http:\/\/bit.ly\/1TSVhOD\" target=\"_blank\" rel=\"noopener\"><span style=\"font-weight: 400;\">4 consejos para mejorar tu campa\u00f1a de marketing digital en Twitter<\/span><\/a><span style=\"font-weight: 400;\">.<\/span><span style=\"font-weight: 400;\"><br \/>\n<\/span><span style=\"font-weight: 400;\"><br \/>\n<\/span><b><i>YouTube<\/i><\/b><b>:<\/b><span style=\"font-weight: 400;\"> Es la plataforma pionera de redes sociales, desde su creaci\u00f3n el 14 de febrero de 2005, en la generaci\u00f3n contenidos a trav\u00e9s de videos, con el paso de los a\u00f1os se ha popularizado su uso en el planeta y de la misma forma se ha innovado en producciones de videos personales o tambi\u00e9n denominados <\/span><span style=\"font-weight: 400;\">Youtubers<\/span><span style=\"font-weight: 400;\">, los tutoriales de infinidad de temas como manualidades, idiomas, software, producciones musicales hasta llegar al video-marketing que realizan las compa\u00f1\u00edas para promocionar sus productos o servicios.&nbsp;<\/span><span style=\"font-weight: 400;\"><br \/>\n<\/span><span style=\"font-weight: 400;\"><br \/>\n<\/span><span style=\"font-weight: 400;\">Estos videos se pueden monetizar y de esta forma, productores y realizadores obtienen ganancias econ\u00f3micas de acuerdo al n\u00famero de visualizaciones que obtengan, convirti\u00e9ndose en una publicaci\u00f3n viral o influyente.<\/span><span style=\"font-weight: 400;\"><br \/>\n<\/span><span style=\"font-weight: 400;\"><br \/>\n<\/span><b><i>SoundCloud<\/i><\/b><i><span style=\"font-weight: 400;\">:<\/span><\/i><span style=\"font-weight: 400;\"> Es&nbsp;una plataforma para la publicaci\u00f3n de audios en formato digital, es \u00fatil principalmente para la industria musical para promocionar a cantantes o grupos musicales. <\/span><\/p>\n<p><span style=\"font-weight: 400;\">Adem\u00e1s es utilizada por los medios de comunicaci\u00f3n para colgar en la nube un archivo o un <\/span><span style=\"font-weight: 400;\">Podcast<\/span><span style=\"font-weight: 400;\"> de sus programas emitidos, para que sus oyentes los puedan escuchar de forma online en cualquier momento.<\/span><span style=\"font-weight: 400;\"><br \/>\n<\/span><span style=\"font-weight: 400;\"><br \/>\n<\/span><span style=\"font-weight: 400;\">Las personas tambi\u00e9n hacen uso de esta plataforma, como en el caso de los pol\u00edticos quienes buscan difundir sus discursos a sus electores, por su parte&nbsp;&nbsp;&nbsp;<\/span><span style=\"font-weight: 400;\"><br \/>\n<\/span><span style=\"font-weight: 400;\">las empresas de Marketing tambi\u00e9n hacen uso de SoundCloud, para difundir los productos de sus clientes a partir de <\/span><span style=\"font-weight: 400;\">jingles<\/span><span style=\"font-weight: 400;\"> o comerciales musicales.<\/span><\/p>\n<blockquote><p><span style=\"font-weight: 400;\">Te recomiendo tambi\u00e9n leer: <\/span><a href=\"https:\/\/www.questionpro.com\/blog\/es\/como-crear-contenido-de-valor-en-social-media\/\" target=\"_blank\" rel=\"noopener\"><span style=\"font-weight: 400;\">C\u00f3mo crear contenido de valor en social media<\/span><\/a><\/p><\/blockquote>\n<p>&nbsp;<\/p>\n<p><b><i>LinkedIn<\/i><\/b><b>:<\/b><span style=\"font-weight: 400;\"> Es la principal red social en el \u00e1rea laboral en la cual los usuarios deben registrar su perfil profesional, lo m\u00e1s completo posible, incluyendo sus estudios realizados, art\u00edculos publicados e idiomas que maneje.&nbsp; <\/span><\/p>\n<p><span style=\"font-weight: 400;\">Puede hacer contacto con personas que tengan perfiles afines, las organizaciones pueden ofrecer sus vacantes a trav\u00e9s de esta red social y contactar a sus prospectos a trav\u00e9s de la app Linkedin Job Search cuya finalidad es servir de puente virtual entre el candidato con un perfil espec\u00edfico y las distintas empresas que abren vacantes o convocatorias, porque Linkedin tiene 3 clases de perfiles el de usuario, empresa y vacantes de empleo.&nbsp;&nbsp;<\/span><span style=\"font-weight: 400;\"><br \/>\n<\/span><span style=\"font-weight: 400;\"><br \/>\n<\/span><span style=\"font-weight: 400;\">Uno de los par\u00e1metros para mejorar la reputaci\u00f3n y el reconocimiento en esta red social, se mide de acuerdo al n\u00famero de veces que sus contactos recomienden las publicaciones de los usuarios.<\/span><\/p>\n<blockquote><p>Descubre c\u00f3mo utilizar el <a href=\"https:\/\/www.questionpro.com\/blog\/es\/social-media-data\/\" target=\"_blank\" rel=\"noopener\">social media data<\/a> en la toma de decisiones.<\/p><\/blockquote>\n<p>&nbsp;<\/p>\n<h2><span style=\"font-weight: 400;\">Las redes sociales, aliadas del emprendimiento<\/span><\/h2>\n<p><span style=\"font-weight: 400;\">Se debe subrayar que las redes sociales deben ser utilizadas laboralmente, para sacarle provecho. Ejemplo de ello fue el caso de Cristian Zaccardo, el futbolista italiano campe\u00f3n del mundo en Alemania 2006 quien se encontraba sin equipo en junio pasado, antes de iniciar la temporada futbol\u00edstica europea, y actualmente juega en el&nbsp;<\/span><a href=\"https:\/\/es.wikipedia.org\/wiki\/Hamrun_Spartans\" target=\"_blank\" rel=\"noopener\"><span style=\"font-weight: 400;\">Hamrun Spartans<\/span><\/a><span style=\"font-weight: 400;\"> de la de la Premier League de Malta. Zaccardo ofreci\u00f3 sus servicios por medio de un perfil en LinkedIn, convirti\u00e9ndose este en un caso <em>sui g\u00e9neris<\/em>, muy llamativo de la utilizaci\u00f3n de las redes sociales como una herramienta de b\u00fasqueda laboral por la prominencia del personaje.<\/span><span style=\"font-weight: 400;\"><br \/>\n<\/span><span style=\"font-weight: 400;\"><br \/>\n<\/span><span style=\"font-weight: 400;\">Una de las sugerencias para que las personas y las empresas mejoren la experiencia del usuario en redes sociales, y creen la necesidad de ingresar a sus cuentas, es a partir de una premisa fundamental del mercadeo: La oferta y la demanda coexisten y esta relaci\u00f3n se debe reflejar en las publicaciones para que el perfil siendo personal o institucional se convierta en influyente, generando credibilidad y con ello una buena reputaci\u00f3n online. &nbsp;<\/span><\/p>\n<blockquote><p><a href=\"https:\/\/www.questionpro.com\/blog\/es\/presencia-en-redes-sociales\/\" target=\"_blank\" rel=\"noopener\"><span style=\"font-weight: 400;\">Presencia en redes sociales, una manera de alcanzar el \u00e9xito<\/span><\/a><\/p><\/blockquote>\n<p>&nbsp;<\/p>\n<h2><span style=\"font-weight: 400;\">Pero, \u00bfQu\u00e9 es la reputaci\u00f3n online?<\/span><\/h2>\n<p><span style=\"font-weight: 400;\">En primer lugar \u201cLa reputaci\u00f3n digital u online: Es la opini\u00f3n o consideraci\u00f3n en que se tiene a alguien o algo, en el entorno digital o el prestigio o estima hacia alguien o algo en las redes sociales\u201d, parificando el concepto del Instituto de Tecnolog\u00edas de la Comunicaci\u00f3n de Espa\u00f1a, expresado en su estudio titulado Gu\u00eda para usuarios: identidad digital y reputaci\u00f3n online, publicado en junio de 2012. <\/span><\/p>\n<p><span style=\"font-weight: 400;\">Un segundo enfoque de reputaci\u00f3n online es el de la p\u00e1gina gestiondereputaciononline.com, que la define como \u201cEl&nbsp;reflejo del prestigio de una persona, empresa o marca en Internet, creada no solo por la misma, sino tambi\u00e9n por el resto de personas que intercambian informaci\u00f3n y opiniones sobre ella en Internet a trav\u00e9s de foros, blogs o redes sociales. <\/span><\/p>\n<p><span style=\"font-weight: 400;\">Y la relaciona con el concepto de&nbsp;Gesti\u00f3n de la Reputaci\u00f3n Online&nbsp;va desde la&nbsp;recopilaci\u00f3n&nbsp;de toda la informaci\u00f3n relacionada, pasando por su&nbsp;seguimiento, con criterio de si afecta o no negativamente a la &#8220;reputaci\u00f3n&#8221; e &#8220;imagen&#8221; de la persona, empresa o marca, pero adem\u00e1s, de su gesti\u00f3n o &#8220;control&#8221;, es decir, de influir sobre dichos contenidos que perjudican a nuestra marca\u201d. <\/span><\/p>\n<p><span style=\"font-weight: 400;\">Adicionalmente se aconseja implementar buenas pr\u00e1cticas como las siguientes, para mantener una buena reputaci\u00f3n online.&nbsp; &nbsp;<\/span><span style=\"font-weight: 400;\"><br \/>\n<\/span><span style=\"font-weight: 400;\"><br \/>\n<\/span><span style=\"font-weight: 400;\">1.- Ser coherente con sus publicaciones.&nbsp;<\/span><span style=\"font-weight: 400;\"><br \/>\n<\/span><span style=\"font-weight: 400;\">2.- Decir la verdad.<\/span><span style=\"font-weight: 400;\"><br \/>\n<\/span><span style=\"font-weight: 400;\">3.- Poner la cara en las redes Sociales. &nbsp;&nbsp;<\/span><\/p>\n<p><span style=\"font-weight: 400;\">Para cumplir este prop\u00f3sito se debe plantear un Estudio de Percepciones, H\u00e1bitos y Actitudes del Cliente Online enfocado para redes sociales siguiendo par\u00e1metros y estrategias claras, porque todas las personas somos una marca y las organizaciones tambi\u00e9n lo son. &nbsp;&nbsp;<\/span><\/p>\n<p><span style=\"font-weight: 400;\">El estudio de percepciones, h\u00e1bitos y actitudes del cliente online, es una investigaci\u00f3n centrada en el an\u00e1lisis de las conductas, expresadas los usuarios que consultan las redes sociales, de personas influyentes u organizaciones y su interacciones con respecto a las publicaciones.&nbsp;&nbsp;&nbsp;<\/span><span style=\"font-weight: 400;\"><br \/>\n<\/span><span style=\"font-weight: 400;\"><br \/>\n<\/span><span style=\"font-weight: 400;\">Los elementos a considerar en la investigaci\u00f3n son acordes al perfil de los seguidores en redes sociales, en relaci\u00f3n al producto o servicio que buscan y de all\u00ed se desprenden siete interrogantes que enunciaremos a continuaci\u00f3n:&nbsp;<\/span><\/p>\n<ul>\n<li style=\"list-style-type: none;\">\n<ul>\n<li><span style=\"font-weight: 400;\">\u00bfCu\u00e1l es el segmento poblacional o p\u00fablico objetivo al que apunta la empresa?<\/span><\/li>\n<li>\u00bfQu\u00e9 tipo de publicaciones le interesa ver en las distintas cuentas?<\/li>\n<li>\u00bfCon qu\u00e9 frecuencia ingresa a consultar las publicaciones que publica la empresa de su inter\u00e9s?<\/li>\n<li>\u00bfA qu\u00e9 tipo de publicaciones le da like?<\/li>\n<li>\u00bfQu\u00e9 diferencia los contenidos de cuentas de empresas similares o pertenecientes al mismo sector econ\u00f3mico?<\/li>\n<li>\u00bfCu\u00e1l es su valor diferencial frente a la competencia?<\/li>\n<li>\u00bfCu\u00e1l es la necesidad que cubren los contenidos que gener\u00f3?<\/li>\n<\/ul>\n<\/li>\n<\/ul>\n<p><span style=\"font-weight: 400;\">Para resolver estas preguntas se pueden realizar <\/span><b>encuestas online<\/b><span style=\"font-weight: 400;\">, utilizando las distintas estrategias del email marketing o video conferencias a manera de <\/span><span style=\"font-weight: 400;\">Focus group&nbsp;<\/span><span style=\"font-weight: 400;\">online o grupo focal en l\u00ednea, con los usuarios interesados en el tema e inscritos previamente para de esta manera obtener la informaci\u00f3n requerida para potencializar la laboral en las redes sociales.<\/span><\/p>\n<blockquote><p><span style=\"font-weight: 400;\">Te invito a que leas: <\/span><a href=\"https:\/\/www.questionpro.com\/blog\/es\/investigacion-de-mercados-por-redes-sociales\/\"><span style=\"font-weight: 400;\">C\u00f3mo realizar investigaciones de mercado a trav\u00e9s de las redes sociales<\/span><span style=\"font-weight: 400;\"><br \/>\n<\/span><span style=\"font-weight: 400;\"><br \/>\n<\/span><\/a><\/p><\/blockquote>\n<p><span style=\"font-weight: 400;\">Concluyo este art\u00edculo con un importante dato sobre el impacto de las redes sociales en Colombia, donde 15 millones de personas y organizaciones son usuarios&nbsp;de&nbsp; Facebook y&nbsp; Twitter, seg\u00fan la m\u00e1s reciente encuesta del <\/span><a href=\"https:\/\/es.slideshare.net\/Ministerio_TIC\/gran-encuesta-del-sector-tic-2017\" target=\"_blank\" rel=\"noopener\"><span style=\"font-weight: 400;\">Acceso, &nbsp;Uso, y Retos de las Tecnolog\u00edas de la Informaci\u00f3n y las Comunicaciones<\/span><\/a><span style=\"font-weight: 400;\"> presentada en agosto de 2017, por el ministerio TIC, resultados que comprueban la tesis seg\u00fan la cual las audiencias crecen cuando encuentran informaci\u00f3n llamativa porque el contenido es el rey de las redes sociales. <\/span><\/p>\n<div><img loading=\"lazy\" decoding=\"async\" style=\"float: left;\" src=\"https:\/\/www.questionpro.com\/qp_userimages\/sub-3\/3175908\/download_1531148106167.png\" width=\"60\" height=\"60\"><\/div>\n<div>\n<h2 style=\"color: #1b3380; display: inline;\">\u00a1COLABORA CON NOSOTROS!<\/h2>\n<p>En QuestionPro necesitamos tu talento, si quieres colaborar en nuestro blog da <a style=\"color: #22b6ff;\" href=\"https:\/\/info.questionpro.com\/colaborador-questionpro\" target=\"_blank\" rel=\"noopener\">click aqu\u00ed<\/a><\/p>\n<hr>\n<p><span style=\"font-weight: 400;\">Sobre el autor:<\/span><\/p>\n<p><span style=\"font-weight: 400;\">Andr\u00e9s Felipe Fuentes Vel\u00e1squez, Comunicador social, redactor y Community Manager de la Universidad de Los Libertadores en Colombia. Creador, Director y Periodista del medio digital llamado \u201cEl Radar Informativo de Felipe Fuentes\u201d.<\/span><\/p>\n<p><span style=\"font-weight: 400;\">LinkedIn: <\/span><span style=\"font-weight: 400;\"><a href=\"https:\/\/www.linkedin.com\/in\/andr%C3%A9s-felipe-fuentes-vel%C3%A1squez-607a7229?authType=NAME_SEARCH&amp;authToken=Lu-2&amp;locale=es_ES&amp;trk=tyah&amp;trkInfo=clickedVertical%3Amynetwork%2CclickedEntityId%3A101175271%2CauthType%3ANAME_SEARCH%2Cidx%3A1-1-1%2CtarId%3A1462386508522%2Ctas%3Aandres%20felipe\" target=\"_blank\" rel=\"noopener\">Andr\u00e9s Felipe Fuentes Vel\u00e1squez<\/a>.<\/span><br \/>\n<span style=\"font-weight: 400;\">Twitter: <\/span><a href=\"https:\/\/twitter.com\/elradarinfoff\" target=\"_blank\" rel=\"noopener\"><span style=\"font-weight: 400;\">@elradarinfoff<\/span><\/a><\/p>\n<\/div>\n","protected":false},"excerpt":{"rendered":"<p>Cuando una persona u organizaci\u00f3n se plantea la creaci\u00f3n de un perfil en una o varias redes sociales, se debe [&hellip;]<\/p>\n","protected":false},"author":73,"featured_media":52053,"comment_status":"closed","ping_status":"closed","sticky":false,"template":"","format":"standard","meta":{"_genesis_hide_title":false,"_genesis_hide_breadcrumbs":false,"_genesis_hide_singular_image":false,"_genesis_hide_footer_widgets":false,"_genesis_custom_body_class":"","_genesis_custom_post_class":"","_genesis_layout":"","footnotes":""},"categories":[176,231],"tags":[],"yoast_head":"<!-- This site is optimized with the Yoast SEO plugin v20.4 - https:\/\/yoast.com\/wordpress\/plugins\/seo\/ -->\n<title>Redes sociales, marca personal y organizacional en la era digital<\/title>\n<meta name=\"description\" content=\"Aprovecha el uso de las redes sociales para impulsar tu negocio. Conoce c\u00f3mo estas herramientas online ayudan a posicionar tu marca us\u00e1ndolas correctamente.\" \/>\n<meta name=\"robots\" content=\"index, follow, max-snippet:-1, max-image-preview:large, max-video-preview:-1\" \/>\n<link rel=\"canonical\" href=\"https:\/\/www.questionpro.com\/blog\/es\/redes-sociales-nuevo-escenario-digital\/\" \/>\n<meta property=\"og:locale\" content=\"es_ES\" \/>\n<meta property=\"og:type\" content=\"article\" \/>\n<meta property=\"og:title\" content=\"Redes sociales, marca personal y organizacional en la era digital\" \/>\n<meta property=\"og:description\" content=\"Aprovecha el uso de las redes sociales para impulsar tu negocio. Conoce c\u00f3mo estas herramientas online ayudan a posicionar tu marca us\u00e1ndolas correctamente.\" \/>\n<meta property=\"og:url\" content=\"https:\/\/www.questionpro.com\/blog\/es\/redes-sociales-nuevo-escenario-digital\/\" \/>\n<meta property=\"og:site_name\" content=\"QuestionPro\" \/>\n<meta property=\"article:publisher\" content=\"https:\/\/www.facebook.com\/questionpro\" \/>\n<meta property=\"article:published_time\" content=\"2017-12-16T10:00:37+00:00\" \/>\n<meta property=\"article:modified_time\" content=\"2023-02-18T02:20:20+00:00\" \/>\n<meta property=\"og:image\" content=\"https:\/\/www.questionpro.com\/blog\/wp-content\/uploads\/2017\/12\/465-1.jpg\" \/>\n\t<meta property=\"og:image:width\" content=\"900\" \/>\n\t<meta property=\"og:image:height\" content=\"600\" \/>\n\t<meta property=\"og:image:type\" content=\"image\/jpeg\" \/>\n<meta name=\"author\" content=\"Colaboradores QuestionPro\" \/>\n<meta name=\"twitter:card\" content=\"summary_large_image\" \/>\n<meta name=\"twitter:creator\" content=\"@questionpro\" \/>\n<meta name=\"twitter:site\" content=\"@questionpro\" \/>\n<meta name=\"twitter:label1\" content=\"Written by\" \/>\n\t<meta name=\"twitter:data1\" content=\"Colaboradores QuestionPro\" \/>\n\t<meta name=\"twitter:label2\" content=\"Est. reading time\" \/>\n\t<meta name=\"twitter:data2\" content=\"7 minutes\" \/>\n<script type=\"application\/ld+json\" class=\"yoast-schema-graph\">{\"@context\":\"https:\/\/schema.org\",\"@graph\":[{\"@type\":\"Article\",\"@id\":\"https:\/\/www.questionpro.com\/blog\/es\/redes-sociales-nuevo-escenario-digital\/#article\",\"isPartOf\":{\"@id\":\"https:\/\/www.questionpro.com\/blog\/es\/redes-sociales-nuevo-escenario-digital\/\"},\"author\":{\"name\":\"Colaboradores QuestionPro\",\"@id\":\"https:\/\/www.questionpro.com\/blog\/es\/#\/schema\/person\/8ec73687dda60dd6c88373b22a54c4b8\"},\"headline\":\"Redes sociales, marca personal y organizacional en el nuevo escenario digital\",\"datePublished\":\"2017-12-16T10:00:37+00:00\",\"dateModified\":\"2023-02-18T02:20:20+00:00\",\"mainEntityOfPage\":{\"@id\":\"https:\/\/www.questionpro.com\/blog\/es\/redes-sociales-nuevo-escenario-digital\/\"},\"wordCount\":1695,\"publisher\":{\"@id\":\"https:\/\/www.questionpro.com\/blog\/es\/#organization\"},\"articleSection\":[\"Estrategia de marketing\",\"Mercadotecnia\"],\"inLanguage\":\"es\"},{\"@type\":\"WebPage\",\"@id\":\"https:\/\/www.questionpro.com\/blog\/es\/redes-sociales-nuevo-escenario-digital\/\",\"url\":\"https:\/\/www.questionpro.com\/blog\/es\/redes-sociales-nuevo-escenario-digital\/\",\"name\":\"Redes sociales, marca personal y organizacional en la era digital\",\"isPartOf\":{\"@id\":\"https:\/\/www.questionpro.com\/blog\/es\/#website\"},\"datePublished\":\"2017-12-16T10:00:37+00:00\",\"dateModified\":\"2023-02-18T02:20:20+00:00\",\"description\":\"Aprovecha el uso de las redes sociales para impulsar tu negocio. Conoce c\u00f3mo estas herramientas online ayudan a posicionar tu marca us\u00e1ndolas correctamente.\",\"breadcrumb\":{\"@id\":\"https:\/\/www.questionpro.com\/blog\/es\/redes-sociales-nuevo-escenario-digital\/#breadcrumb\"},\"inLanguage\":\"es\",\"potentialAction\":[{\"@type\":\"ReadAction\",\"target\":[\"https:\/\/www.questionpro.com\/blog\/es\/redes-sociales-nuevo-escenario-digital\/\"]}]},{\"@type\":\"BreadcrumbList\",\"@id\":\"https:\/\/www.questionpro.com\/blog\/es\/redes-sociales-nuevo-escenario-digital\/#breadcrumb\",\"itemListElement\":[{\"@type\":\"ListItem\",\"position\":1,\"name\":\"Home\",\"item\":\"https:\/\/www.questionpro.com\/blog\/es\/\"},{\"@type\":\"ListItem\",\"position\":2,\"name\":\"QuestionPro\",\"item\":\"https:\/\/www.questionpro.com\/blog\/es\/category\/questionpro-articulos\/\"},{\"@type\":\"ListItem\",\"position\":3,\"name\":\"Estrategia de marketing\",\"item\":\"https:\/\/www.questionpro.com\/blog\/es\/category\/questionpro-articulos\/estrategia-de-marketing\/\"},{\"@type\":\"ListItem\",\"position\":4,\"name\":\"Redes sociales, marca personal y organizacional en el nuevo escenario digital\"}]},{\"@type\":\"WebSite\",\"@id\":\"https:\/\/www.questionpro.com\/blog\/es\/#website\",\"url\":\"https:\/\/www.questionpro.com\/blog\/es\/\",\"name\":\"QuestionPro\",\"description\":\"\",\"publisher\":{\"@id\":\"https:\/\/www.questionpro.com\/blog\/es\/#organization\"},\"potentialAction\":[{\"@type\":\"SearchAction\",\"target\":{\"@type\":\"EntryPoint\",\"urlTemplate\":\"https:\/\/www.questionpro.com\/blog\/es\/?s={search_term_string}\"},\"query-input\":\"required name=search_term_string\"}],\"inLanguage\":\"es\"},{\"@type\":\"Organization\",\"@id\":\"https:\/\/www.questionpro.com\/blog\/es\/#organization\",\"name\":\"QuestionPro\",\"url\":\"https:\/\/www.questionpro.com\/blog\/es\/\",\"logo\":{\"@type\":\"ImageObject\",\"inLanguage\":\"es\",\"@id\":\"https:\/\/www.questionpro.com\/blog\/es\/#\/schema\/logo\/image\/\",\"url\":\"https:\/\/www.questionpro.com\/blog\/wp-content\/uploads\/2022\/10\/questionpro-logo.svg\",\"contentUrl\":\"https:\/\/www.questionpro.com\/blog\/wp-content\/uploads\/2022\/10\/questionpro-logo.svg\",\"caption\":\"QuestionPro\"},\"image\":{\"@id\":\"https:\/\/www.questionpro.com\/blog\/es\/#\/schema\/logo\/image\/\"},\"sameAs\":[\"https:\/\/www.facebook.com\/questionpro\",\"https:\/\/twitter.com\/questionpro\",\"https:\/\/www.linkedin.com\/company\/questionpro\/\"]},{\"@type\":\"Person\",\"@id\":\"https:\/\/www.questionpro.com\/blog\/es\/#\/schema\/person\/8ec73687dda60dd6c88373b22a54c4b8\",\"name\":\"Colaboradores QuestionPro\",\"image\":{\"@type\":\"ImageObject\",\"inLanguage\":\"es\",\"@id\":\"https:\/\/www.questionpro.com\/blog\/es\/#\/schema\/person\/image\/\",\"url\":\"https:\/\/secure.gravatar.com\/avatar\/40e3417f5e2ebcebfa44bc3d926bcd72?s=96&d=mm&r=g\",\"contentUrl\":\"https:\/\/secure.gravatar.com\/avatar\/40e3417f5e2ebcebfa44bc3d926bcd72?s=96&d=mm&r=g\",\"caption\":\"Colaboradores QuestionPro\"},\"url\":\"https:\/\/www.questionpro.com\/blog\/es\/author\/colaboradoresqp\/\"}]}<\/script>\n<!-- \/ Yoast SEO plugin. -->","yoast_head_json":{"title":"Redes sociales, marca personal y organizacional en la era digital","description":"Aprovecha el uso de las redes sociales para impulsar tu negocio. Conoce c\u00f3mo estas herramientas online ayudan a posicionar tu marca us\u00e1ndolas correctamente.","robots":{"index":"index","follow":"follow","max-snippet":"max-snippet:-1","max-image-preview":"max-image-preview:large","max-video-preview":"max-video-preview:-1"},"canonical":"https:\/\/www.questionpro.com\/blog\/es\/redes-sociales-nuevo-escenario-digital\/","og_locale":"es_ES","og_type":"article","og_title":"Redes sociales, marca personal y organizacional en la era digital","og_description":"Aprovecha el uso de las redes sociales para impulsar tu negocio. Conoce c\u00f3mo estas herramientas online ayudan a posicionar tu marca us\u00e1ndolas correctamente.","og_url":"https:\/\/www.questionpro.com\/blog\/es\/redes-sociales-nuevo-escenario-digital\/","og_site_name":"QuestionPro","article_publisher":"https:\/\/www.facebook.com\/questionpro","article_published_time":"2017-12-16T10:00:37+00:00","article_modified_time":"2023-02-18T02:20:20+00:00","og_image":[{"width":900,"height":600,"url":"https:\/\/www.questionpro.com\/blog\/wp-content\/uploads\/2017\/12\/465-1.jpg","type":"image\/jpeg"}],"author":"Colaboradores QuestionPro","twitter_card":"summary_large_image","twitter_creator":"@questionpro","twitter_site":"@questionpro","twitter_misc":{"Written by":"Colaboradores QuestionPro","Est. reading time":"7 minutes"},"schema":{"@context":"https:\/\/schema.org","@graph":[{"@type":"Article","@id":"https:\/\/www.questionpro.com\/blog\/es\/redes-sociales-nuevo-escenario-digital\/#article","isPartOf":{"@id":"https:\/\/www.questionpro.com\/blog\/es\/redes-sociales-nuevo-escenario-digital\/"},"author":{"name":"Colaboradores QuestionPro","@id":"https:\/\/www.questionpro.com\/blog\/es\/#\/schema\/person\/8ec73687dda60dd6c88373b22a54c4b8"},"headline":"Redes sociales, marca personal y organizacional en el nuevo escenario digital","datePublished":"2017-12-16T10:00:37+00:00","dateModified":"2023-02-18T02:20:20+00:00","mainEntityOfPage":{"@id":"https:\/\/www.questionpro.com\/blog\/es\/redes-sociales-nuevo-escenario-digital\/"},"wordCount":1695,"publisher":{"@id":"https:\/\/www.questionpro.com\/blog\/es\/#organization"},"articleSection":["Estrategia de marketing","Mercadotecnia"],"inLanguage":"es"},{"@type":"WebPage","@id":"https:\/\/www.questionpro.com\/blog\/es\/redes-sociales-nuevo-escenario-digital\/","url":"https:\/\/www.questionpro.com\/blog\/es\/redes-sociales-nuevo-escenario-digital\/","name":"Redes sociales, marca personal y organizacional en la era digital","isPartOf":{"@id":"https:\/\/www.questionpro.com\/blog\/es\/#website"},"datePublished":"2017-12-16T10:00:37+00:00","dateModified":"2023-02-18T02:20:20+00:00","description":"Aprovecha el uso de las redes sociales para impulsar tu negocio. Conoce c\u00f3mo estas herramientas online ayudan a posicionar tu marca us\u00e1ndolas correctamente.","breadcrumb":{"@id":"https:\/\/www.questionpro.com\/blog\/es\/redes-sociales-nuevo-escenario-digital\/#breadcrumb"},"inLanguage":"es","potentialAction":[{"@type":"ReadAction","target":["https:\/\/www.questionpro.com\/blog\/es\/redes-sociales-nuevo-escenario-digital\/"]}]},{"@type":"BreadcrumbList","@id":"https:\/\/www.questionpro.com\/blog\/es\/redes-sociales-nuevo-escenario-digital\/#breadcrumb","itemListElement":[{"@type":"ListItem","position":1,"name":"Home","item":"https:\/\/www.questionpro.com\/blog\/es\/"},{"@type":"ListItem","position":2,"name":"QuestionPro","item":"https:\/\/www.questionpro.com\/blog\/es\/category\/questionpro-articulos\/"},{"@type":"ListItem","position":3,"name":"Estrategia de marketing","item":"https:\/\/www.questionpro.com\/blog\/es\/category\/questionpro-articulos\/estrategia-de-marketing\/"},{"@type":"ListItem","position":4,"name":"Redes sociales, marca personal y organizacional en el nuevo escenario digital"}]},{"@type":"WebSite","@id":"https:\/\/www.questionpro.com\/blog\/es\/#website","url":"https:\/\/www.questionpro.com\/blog\/es\/","name":"QuestionPro","description":"","publisher":{"@id":"https:\/\/www.questionpro.com\/blog\/es\/#organization"},"potentialAction":[{"@type":"SearchAction","target":{"@type":"EntryPoint","urlTemplate":"https:\/\/www.questionpro.com\/blog\/es\/?s={search_term_string}"},"query-input":"required name=search_term_string"}],"inLanguage":"es"},{"@type":"Organization","@id":"https:\/\/www.questionpro.com\/blog\/es\/#organization","name":"QuestionPro","url":"https:\/\/www.questionpro.com\/blog\/es\/","logo":{"@type":"ImageObject","inLanguage":"es","@id":"https:\/\/www.questionpro.com\/blog\/es\/#\/schema\/logo\/image\/","url":"https:\/\/www.questionpro.com\/blog\/wp-content\/uploads\/2022\/10\/questionpro-logo.svg","contentUrl":"https:\/\/www.questionpro.com\/blog\/wp-content\/uploads\/2022\/10\/questionpro-logo.svg","caption":"QuestionPro"},"image":{"@id":"https:\/\/www.questionpro.com\/blog\/es\/#\/schema\/logo\/image\/"},"sameAs":["https:\/\/www.facebook.com\/questionpro","https:\/\/twitter.com\/questionpro","https:\/\/www.linkedin.com\/company\/questionpro\/"]},{"@type":"Person","@id":"https:\/\/www.questionpro.com\/blog\/es\/#\/schema\/person\/8ec73687dda60dd6c88373b22a54c4b8","name":"Colaboradores QuestionPro","image":{"@type":"ImageObject","inLanguage":"es","@id":"https:\/\/www.questionpro.com\/blog\/es\/#\/schema\/person\/image\/","url":"https:\/\/secure.gravatar.com\/avatar\/40e3417f5e2ebcebfa44bc3d926bcd72?s=96&d=mm&r=g","contentUrl":"https:\/\/secure.gravatar.com\/avatar\/40e3417f5e2ebcebfa44bc3d926bcd72?s=96&d=mm&r=g","caption":"Colaboradores QuestionPro"},"url":"https:\/\/www.questionpro.com\/blog\/es\/author\/colaboradoresqp\/"}]}},"featured_image_src":"https:\/\/www.questionpro.com\/blog\/wp-content\/uploads\/2017\/12\/465-1.jpg","featured_image_src_square":"https:\/\/www.questionpro.com\/blog\/wp-content\/uploads\/2017\/12\/465-1.jpg","author_info":{"display_name":"Colaboradores QuestionPro","author_link":"https:\/\/www.questionpro.com\/blog\/es\/author\/colaboradoresqp\/"},"_links":{"self":[{"href":"https:\/\/www.questionpro.com\/blog\/es\/wp-json\/wp\/v2\/posts\/52029"}],"collection":[{"href":"https:\/\/www.questionpro.com\/blog\/es\/wp-json\/wp\/v2\/posts"}],"about":[{"href":"https:\/\/www.questionpro.com\/blog\/es\/wp-json\/wp\/v2\/types\/post"}],"author":[{"embeddable":true,"href":"https:\/\/www.questionpro.com\/blog\/es\/wp-json\/wp\/v2\/users\/73"}],"replies":[{"embeddable":true,"href":"https:\/\/www.questionpro.com\/blog\/es\/wp-json\/wp\/v2\/comments?post=52029"}],"version-history":[{"count":1,"href":"https:\/\/www.questionpro.com\/blog\/es\/wp-json\/wp\/v2\/posts\/52029\/revisions"}],"predecessor-version":[{"id":780231,"href":"https:\/\/www.questionpro.com\/blog\/es\/wp-json\/wp\/v2\/posts\/52029\/revisions\/780231"}],"wp:featuredmedia":[{"embeddable":true,"href":"https:\/\/www.questionpro.com\/blog\/es\/wp-json\/wp\/v2\/media\/52053"}],"wp:attachment":[{"href":"https:\/\/www.questionpro.com\/blog\/es\/wp-json\/wp\/v2\/media?parent=52029"}],"wp:term":[{"taxonomy":"category","embeddable":true,"href":"https:\/\/www.questionpro.com\/blog\/es\/wp-json\/wp\/v2\/categories?post=52029"},{"taxonomy":"post_tag","embeddable":true,"href":"https:\/\/www.questionpro.com\/blog\/es\/wp-json\/wp\/v2\/tags?post=52029"}],"curies":[{"name":"wp","href":"https:\/\/api.w.org\/{rel}","templated":true}]}}