

{"id":775432,"date":"2023-01-26T06:00:00","date_gmt":"2023-01-26T06:00:00","guid":{"rendered":"https:\/\/www.questionpro.com\/blog\/?p=775432"},"modified":"2023-01-25T00:24:23","modified_gmt":"2023-01-25T00:24:23","slug":"planificacion-de-la-plantilla-laboral","status":"publish","type":"post","link":"https:\/\/www.questionpro.com\/blog\/es\/planificacion-de-la-plantilla-laboral\/","title":{"rendered":"Planificaci\u00f3n de la plantilla laboral: Qu\u00e9 es, ventajas y c\u00f3mo realizarla"},"content":{"rendered":"\n<p>El futuro del trabajo se acerca r\u00e1pidamente, y la mayor\u00eda de las empresas no est\u00e1n preparadas para lo que se avecina, especialmente aquellas que no han tomado decisiones informadas basadas en los valiosos datos de que disponen. Hablemos de la <strong>planificaci\u00f3n de la plantilla laboral.&nbsp;<\/strong><\/p>\n\n\n\n<p>El hecho de que estos datos se analicen y se tengan en cuenta a la hora de dise\u00f1ar el futuro de tu organizaci\u00f3n puede ayudarte a tomar las decisiones correctas para tu personal, algo que es m\u00e1s cr\u00edtico que nunca.<\/p>\n\n\n\n<p>Las empresas deben conocer el n\u00famero exacto de empleados con las aptitudes adecuadas que deben contratar y retener, para poder colocarlos en las funciones apropiadas para garantizar la productividad y la rentabilidad. La planificaci\u00f3n de la plantilla laboral ayuda a las organizaciones a tomar mejores decisiones, productos y resultados para las personas. En otras palabras: lo que realmente importa.<\/p>\n\n\n\n<h2 class=\"wp-block-heading\">\u00bfQu\u00e9 es la planificaci\u00f3n de la plantilla laboral?<\/h2>\n\n\n\n<p>La <a href=\"https:\/\/www.questionpro.com\/blog\/es\/planificacion-estrategica\/\" target=\"_blank\" rel=\"noreferrer noopener\">planificaci\u00f3n estrat\u00e9gica<\/a> de la fuerza laboral es el proceso de an\u00e1lisis, previsi\u00f3n y planificaci\u00f3n de la oferta y la demanda de mano de obra. Las organizaciones pueden planificar eficazmente para garantizar que su organizaci\u00f3n cuenta con empleados debidamente calificados en las funciones adecuadas, identificando las carencias de talento, desarrollando procedimientos de <a href=\"https:\/\/www.questionpro.com\/blog\/es\/gestion-de-personal\/\" target=\"_blank\" rel=\"noreferrer noopener\">gesti\u00f3n de empleados<\/a> y elaborando estrategias de contrataci\u00f3n.<\/p>\n\n\n\n<h2 class=\"wp-block-heading\">Ventajas de tener una plantilla laboral planificada<\/h2>\n\n\n\n<p>Hoy en d\u00eda, las empresas deben innovar. Para lograrlo, necesitan personas con talento que puedan hacer frente a esas exigencias. Esto obliga a las organizaciones a trabajar de forma m\u00e1s eficiente, encontrando formas de mantener los costes bajos y maximizar su presupuesto sin comprometer la calidad del trabajo.<\/p>\n\n\n\n<p>Si se aplica correctamente, los beneficios de la planificaci\u00f3n de la plantilla laboral incluyen:<\/p>\n\n\n\n<ul>\n<li>Ayuda a las empresas a tomar las mejores decisiones en cuanto a la estructuraci\u00f3n de su plantilla.<\/li>\n\n\n\n<li>Mejora el control sobre los costes de talento no planificados y la productividad de los empleados.<\/li>\n\n\n\n<li>Proporciona una mayor visibilidad de los problemas de demanda y oferta de talento que surgen en tu empresa.<\/li>\n\n\n\n<li>Permite el acceso a la informaci\u00f3n relacionada con las decisiones sobre el talento, si est\u00e1n funcionando eficazmente y si es necesario realizar cambios en el futuro.<\/li>\n<\/ul>\n\n\n\n<h2 class=\"wp-block-heading\">Pasos para la planificaci\u00f3n de la plantilla<\/h2>\n\n\n\n<p>Ahora que sabemos que la planificaci\u00f3n de la plantilla es esencial para el \u00e9xito de muchas organizaciones, para que este proceso tenga \u00e9xito, hay algunos pasos que se pueden seguir:<\/p>\n\n\n\n<ol>\n<h3><li>Al\u00edneate a los objetivos de la empresa<\/li><\/h3>\n<\/ol>\n\n\n\n<p>En lo que respecta al desarrollo del talento, tus <a href=\"https:\/\/www.questionpro.com\/blog\/objetivos-empresariales\/\" target=\"_blank\" rel=\"noreferrer noopener\">objetivos empresariales<\/a> indicar\u00e1n qu\u00e9 intervenciones y programas de aprendizaje deben desarrollarse para proporcionar la combinaci\u00f3n de habilidades necesarias para la empresa. Tambi\u00e9n proporcionar\u00e1 informaci\u00f3n sobre c\u00f3mo identificar y motivar a los mejores empleados para retenerlos.<\/p>\n\n\n\n<p>A trav\u00e9s de este proceso, empezar\u00e1n a surgir las carencias. Este proceso plantear\u00e1 la cuesti\u00f3n de c\u00f3mo la organizaci\u00f3n debe mitigar cualquier escasez de competencias resultante del reposicionamiento y el crecimiento de la empresa.<\/p>\n\n\n\n<ol start=\"2\">\n<h3><li>Aseg\u00farate de tener una imagen precisa de los puestos y de las tendencias dentro de la organizaci\u00f3n<\/li><\/h3>\n<\/ol>\n\n\n\n<p>Para que este proceso sea eficaz, los profesionales de <a href=\"https:\/\/www.questionpro.com\/es\/que-son-los-recursos-humanos.html\">Recursos Humanos<\/a> que realizan esta actividad deben tener acceso a datos y an\u00e1lisis s\u00f3lidos sobre la mano de obra actual, a menudo estos datos pueden ser gestionados por equipos especializados que analizan, interpretan y act\u00faan sobre los datos del personal.<\/p>\n\n\n\n<p>Estos datos pueden ser estad\u00edsticas de <a href=\"https:\/\/www.questionpro.com\/blog\/es\/rotacion-de-personal\/\">rotaci\u00f3n laboral<\/a> por tipo de rol o divisi\u00f3n, datos de contrataci\u00f3n, tiempo de contrataci\u00f3n, informaci\u00f3n demogr\u00e1fica, antig\u00fcedad y salario.<\/p>\n\n\n\n<ol start=\"3\">\n<h3><li>Identifica las lagunas<\/li><\/h3>\n<\/ol>\n\n\n\n<p>Haz un <a href=\"https:\/\/www.questionpro.com\/blog\/es\/analisis-de-brechas\/\">an\u00e1lisis GAP<\/a> que analice las \u00e1reas de escasez de habilidades, \u00e1reas de reducci\u00f3n de personal, tasas de rotaci\u00f3n de empleados, predicciones de planificaci\u00f3n de la sucesi\u00f3n y m\u00e9tricas de adquisici\u00f3n de talento que predigan el tiempo de contrataci\u00f3n y el costo de la misma.<\/p>\n\n\n\n<ol start=\"4\">\n<h3><li>Establece un plan para abordar las lagunas<\/li><\/h3>\n<\/ol>\n\n\n\n<p>Un plan eficaz para colmar las lagunas deber\u00eda ser una parte esencial de cualquier estrategia de Recursos Humanos, ya que es clave para aumentar la capacidad, la aptitud y la productividad de la plantilla.<\/p>\n\n\n\n<p>El plan debe identificar qu\u00e9 \u00e1reas deben abordarse y en qu\u00e9 orden de prioridad para apoyar mejor los objetivos empresariales, debe incluir acciones para contratar y retener a los empleados de mejor calidad para la empresa y garantizar que los procesos y la estructura operativa permitan a esas personas realizar un gran trabajo y rendir al m\u00e1ximo.<\/p>\n\n\n\n<h2 class=\"wp-block-heading\">Conclusi\u00f3n<\/h2>\n\n\n\n<p>Cuando se aplica correctamente, la planificaci\u00f3n de la plantilla laboral da a la empresa una <a href=\"https:\/\/www.questionpro.com\/blog\/es\/ventaja-competitiva\/\">ventaja competitiva<\/a> y refuerza su posici\u00f3n gracias a la formaci\u00f3n y el desarrollo de tus trabajadores.&nbsp;<\/p>\n\n\n\n<p>Si quieres empezar a planificar tu plantilla, consulta <a href=\"https:\/\/www.questionpro.com\/es\/workforce\/\">QuestionPro Workforce<\/a>, una plataforma de encuestas y an\u00e1lisis de la cultura y la experiencia de los empleados que proporciona an\u00e1lisis y conocimientos significativos sobre tu personal y puede ayudarte a impulsar el mejor tipo de cambio.<\/p>\n\n\n\n<center>\n    <a href=\"https:\/\/www.questionpro.com\/a\/showEntry.do?lan=es_LA&amp;sourceRef=blog\">\n        <button style=\"background: #ff9f00;\">Crear encuesta gratis<\/button>\n    <\/a> \n    <a href=\"https:\/\/agendardemo2.questionpro.com\/?custom1=planificacion-de-la-plantilla-laboral\" target=\"_blank\" rel=\"noopener\">\n        <button>Agendar demostraci\u00f3n<\/button>\n    <\/a>\n<\/center>\n","protected":false},"excerpt":{"rendered":"<p>El futuro del trabajo se acerca r\u00e1pidamente, y la mayor\u00eda de las empresas no est\u00e1n preparadas para lo que se [&hellip;]<\/p>\n","protected":false},"author":42,"featured_media":775434,"comment_status":"closed","ping_status":"closed","sticky":false,"template":"","format":"standard","meta":{"_genesis_hide_title":false,"_genesis_hide_breadcrumbs":false,"_genesis_hide_singular_image":false,"_genesis_hide_footer_widgets":false,"_genesis_custom_body_class":"","_genesis_custom_post_class":"","_genesis_layout":"","footnotes":""},"categories":[164,165],"tags":[],"yoast_head":"<!-- This site is optimized with the Yoast SEO plugin v20.4 - https:\/\/yoast.com\/wordpress\/plugins\/seo\/ -->\n<title>Planificaci\u00f3n de la plantilla laboral: Qu\u00e9 es y c\u00f3mo realizarla<\/title>\n<meta name=\"description\" content=\"La planificaci\u00f3n de la plantilla laboral es el proceso de an\u00e1lisis, previsi\u00f3n y planificaci\u00f3n de la oferta y la demanda de mano de obra.\" \/>\n<meta name=\"robots\" content=\"index, follow, max-snippet:-1, max-image-preview:large, max-video-preview:-1\" \/>\n<link rel=\"canonical\" href=\"https:\/\/www.questionpro.com\/blog\/es\/planificacion-de-la-plantilla-laboral\/\" \/>\n<meta property=\"og:locale\" content=\"es_ES\" \/>\n<meta property=\"og:type\" content=\"article\" \/>\n<meta property=\"og:title\" content=\"Planificaci\u00f3n de la plantilla laboral: Qu\u00e9 es y c\u00f3mo realizarla\" \/>\n<meta property=\"og:description\" content=\"La planificaci\u00f3n de la plantilla laboral es el proceso de an\u00e1lisis, previsi\u00f3n y planificaci\u00f3n de la oferta y la demanda de mano de obra.\" \/>\n<meta property=\"og:url\" content=\"https:\/\/www.questionpro.com\/blog\/es\/planificacion-de-la-plantilla-laboral\/\" \/>\n<meta property=\"og:site_name\" content=\"QuestionPro\" \/>\n<meta property=\"article:publisher\" content=\"https:\/\/www.facebook.com\/questionpro\" \/>\n<meta property=\"article:published_time\" content=\"2023-01-26T06:00:00+00:00\" \/>\n<meta property=\"article:modified_time\" content=\"2023-01-25T00:24:23+00:00\" \/>\n<meta property=\"og:image\" content=\"https:\/\/www.questionpro.com\/blog\/wp-content\/uploads\/2023\/01\/2267-planificacion-de-plantilla.jpg\" \/>\n\t<meta property=\"og:image:width\" content=\"900\" \/>\n\t<meta property=\"og:image:height\" content=\"450\" \/>\n\t<meta property=\"og:image:type\" content=\"image\/jpeg\" \/>\n<meta name=\"author\" content=\"Cristina Ortega\" \/>\n<meta name=\"twitter:card\" content=\"summary_large_image\" \/>\n<meta name=\"twitter:creator\" content=\"@questionpro\" \/>\n<meta name=\"twitter:site\" content=\"@questionpro\" \/>\n<meta name=\"twitter:label1\" content=\"Written by\" \/>\n\t<meta name=\"twitter:data1\" content=\"Cristina Ortega\" \/>\n\t<meta name=\"twitter:label2\" content=\"Est. reading time\" \/>\n\t<meta name=\"twitter:data2\" content=\"4 minutes\" \/>\n<script type=\"application\/ld+json\" class=\"yoast-schema-graph\">{\"@context\":\"https:\/\/schema.org\",\"@graph\":[{\"@type\":\"Article\",\"@id\":\"https:\/\/www.questionpro.com\/blog\/es\/planificacion-de-la-plantilla-laboral\/#article\",\"isPartOf\":{\"@id\":\"https:\/\/www.questionpro.com\/blog\/es\/planificacion-de-la-plantilla-laboral\/\"},\"author\":{\"name\":\"Cristina Ortega\",\"@id\":\"https:\/\/www.questionpro.com\/blog\/es\/#\/schema\/person\/36aae2d8eed7708b6408f95c0198593d\"},\"headline\":\"Planificaci\u00f3n de la plantilla laboral: Qu\u00e9 es, ventajas y c\u00f3mo realizarla\",\"datePublished\":\"2023-01-26T06:00:00+00:00\",\"dateModified\":\"2023-01-25T00:24:23+00:00\",\"mainEntityOfPage\":{\"@id\":\"https:\/\/www.questionpro.com\/blog\/es\/planificacion-de-la-plantilla-laboral\/\"},\"wordCount\":882,\"publisher\":{\"@id\":\"https:\/\/www.questionpro.com\/blog\/es\/#organization\"},\"articleSection\":[\"Fuerza de Trabajo\",\"Workforce\"],\"inLanguage\":\"es\"},{\"@type\":\"WebPage\",\"@id\":\"https:\/\/www.questionpro.com\/blog\/es\/planificacion-de-la-plantilla-laboral\/\",\"url\":\"https:\/\/www.questionpro.com\/blog\/es\/planificacion-de-la-plantilla-laboral\/\",\"name\":\"Planificaci\u00f3n de la plantilla laboral: Qu\u00e9 es y c\u00f3mo realizarla\",\"isPartOf\":{\"@id\":\"https:\/\/www.questionpro.com\/blog\/es\/#website\"},\"datePublished\":\"2023-01-26T06:00:00+00:00\",\"dateModified\":\"2023-01-25T00:24:23+00:00\",\"description\":\"La planificaci\u00f3n de la plantilla laboral es el proceso de an\u00e1lisis, previsi\u00f3n y planificaci\u00f3n de la oferta y la demanda de mano de obra.\",\"breadcrumb\":{\"@id\":\"https:\/\/www.questionpro.com\/blog\/es\/planificacion-de-la-plantilla-laboral\/#breadcrumb\"},\"inLanguage\":\"es\",\"potentialAction\":[{\"@type\":\"ReadAction\",\"target\":[\"https:\/\/www.questionpro.com\/blog\/es\/planificacion-de-la-plantilla-laboral\/\"]}]},{\"@type\":\"BreadcrumbList\",\"@id\":\"https:\/\/www.questionpro.com\/blog\/es\/planificacion-de-la-plantilla-laboral\/#breadcrumb\",\"itemListElement\":[{\"@type\":\"ListItem\",\"position\":1,\"name\":\"Home\",\"item\":\"https:\/\/www.questionpro.com\/blog\/es\/\"},{\"@type\":\"ListItem\",\"position\":2,\"name\":\"Workforce\",\"item\":\"https:\/\/www.questionpro.com\/blog\/es\/category\/workforce\/\"},{\"@type\":\"ListItem\",\"position\":3,\"name\":\"Planificaci\u00f3n de la plantilla laboral: Qu\u00e9 es, ventajas y c\u00f3mo realizarla\"}]},{\"@type\":\"WebSite\",\"@id\":\"https:\/\/www.questionpro.com\/blog\/es\/#website\",\"url\":\"https:\/\/www.questionpro.com\/blog\/es\/\",\"name\":\"QuestionPro\",\"description\":\"\",\"publisher\":{\"@id\":\"https:\/\/www.questionpro.com\/blog\/es\/#organization\"},\"potentialAction\":[{\"@type\":\"SearchAction\",\"target\":{\"@type\":\"EntryPoint\",\"urlTemplate\":\"https:\/\/www.questionpro.com\/blog\/es\/?s={search_term_string}\"},\"query-input\":\"required name=search_term_string\"}],\"inLanguage\":\"es\"},{\"@type\":\"Organization\",\"@id\":\"https:\/\/www.questionpro.com\/blog\/es\/#organization\",\"name\":\"QuestionPro\",\"url\":\"https:\/\/www.questionpro.com\/blog\/es\/\",\"logo\":{\"@type\":\"ImageObject\",\"inLanguage\":\"es\",\"@id\":\"https:\/\/www.questionpro.com\/blog\/es\/#\/schema\/logo\/image\/\",\"url\":\"https:\/\/www.questionpro.com\/blog\/wp-content\/uploads\/2022\/10\/questionpro-logo.svg\",\"contentUrl\":\"https:\/\/www.questionpro.com\/blog\/wp-content\/uploads\/2022\/10\/questionpro-logo.svg\",\"caption\":\"QuestionPro\"},\"image\":{\"@id\":\"https:\/\/www.questionpro.com\/blog\/es\/#\/schema\/logo\/image\/\"},\"sameAs\":[\"https:\/\/www.facebook.com\/questionpro\",\"https:\/\/twitter.com\/questionpro\",\"https:\/\/www.linkedin.com\/company\/questionpro\/\"]},{\"@type\":\"Person\",\"@id\":\"https:\/\/www.questionpro.com\/blog\/es\/#\/schema\/person\/36aae2d8eed7708b6408f95c0198593d\",\"name\":\"Cristina Ortega\",\"image\":{\"@type\":\"ImageObject\",\"inLanguage\":\"es\",\"@id\":\"https:\/\/www.questionpro.com\/blog\/es\/#\/schema\/person\/image\/\",\"url\":\"https:\/\/secure.gravatar.com\/avatar\/49635f2181bfe83c436d50b9a8bf1f2e?s=96&d=mm&r=g\",\"contentUrl\":\"https:\/\/secure.gravatar.com\/avatar\/49635f2181bfe83c436d50b9a8bf1f2e?s=96&d=mm&r=g\",\"caption\":\"Cristina Ortega\"},\"url\":\"https:\/\/www.questionpro.com\/blog\/es\/author\/cristinaortega\/\"}]}<\/script>\n<!-- \/ Yoast SEO plugin. -->","yoast_head_json":{"title":"Planificaci\u00f3n de la plantilla laboral: Qu\u00e9 es y c\u00f3mo realizarla","description":"La planificaci\u00f3n de la plantilla laboral es el proceso de an\u00e1lisis, previsi\u00f3n y planificaci\u00f3n de la oferta y la demanda de mano de obra.","robots":{"index":"index","follow":"follow","max-snippet":"max-snippet:-1","max-image-preview":"max-image-preview:large","max-video-preview":"max-video-preview:-1"},"canonical":"https:\/\/www.questionpro.com\/blog\/es\/planificacion-de-la-plantilla-laboral\/","og_locale":"es_ES","og_type":"article","og_title":"Planificaci\u00f3n de la plantilla laboral: Qu\u00e9 es y c\u00f3mo realizarla","og_description":"La planificaci\u00f3n de la plantilla laboral es el proceso de an\u00e1lisis, previsi\u00f3n y planificaci\u00f3n de la oferta y la demanda de mano de obra.","og_url":"https:\/\/www.questionpro.com\/blog\/es\/planificacion-de-la-plantilla-laboral\/","og_site_name":"QuestionPro","article_publisher":"https:\/\/www.facebook.com\/questionpro","article_published_time":"2023-01-26T06:00:00+00:00","article_modified_time":"2023-01-25T00:24:23+00:00","og_image":[{"width":900,"height":450,"url":"https:\/\/www.questionpro.com\/blog\/wp-content\/uploads\/2023\/01\/2267-planificacion-de-plantilla.jpg","type":"image\/jpeg"}],"author":"Cristina Ortega","twitter_card":"summary_large_image","twitter_creator":"@questionpro","twitter_site":"@questionpro","twitter_misc":{"Written by":"Cristina Ortega","Est. reading time":"4 minutes"},"schema":{"@context":"https:\/\/schema.org","@graph":[{"@type":"Article","@id":"https:\/\/www.questionpro.com\/blog\/es\/planificacion-de-la-plantilla-laboral\/#article","isPartOf":{"@id":"https:\/\/www.questionpro.com\/blog\/es\/planificacion-de-la-plantilla-laboral\/"},"author":{"name":"Cristina Ortega","@id":"https:\/\/www.questionpro.com\/blog\/es\/#\/schema\/person\/36aae2d8eed7708b6408f95c0198593d"},"headline":"Planificaci\u00f3n de la plantilla laboral: Qu\u00e9 es, ventajas y c\u00f3mo realizarla","datePublished":"2023-01-26T06:00:00+00:00","dateModified":"2023-01-25T00:24:23+00:00","mainEntityOfPage":{"@id":"https:\/\/www.questionpro.com\/blog\/es\/planificacion-de-la-plantilla-laboral\/"},"wordCount":882,"publisher":{"@id":"https:\/\/www.questionpro.com\/blog\/es\/#organization"},"articleSection":["Fuerza de Trabajo","Workforce"],"inLanguage":"es"},{"@type":"WebPage","@id":"https:\/\/www.questionpro.com\/blog\/es\/planificacion-de-la-plantilla-laboral\/","url":"https:\/\/www.questionpro.com\/blog\/es\/planificacion-de-la-plantilla-laboral\/","name":"Planificaci\u00f3n de la plantilla laboral: Qu\u00e9 es y c\u00f3mo realizarla","isPartOf":{"@id":"https:\/\/www.questionpro.com\/blog\/es\/#website"},"datePublished":"2023-01-26T06:00:00+00:00","dateModified":"2023-01-25T00:24:23+00:00","description":"La planificaci\u00f3n de la plantilla laboral es el proceso de an\u00e1lisis, previsi\u00f3n y planificaci\u00f3n de la oferta y la demanda de mano de obra.","breadcrumb":{"@id":"https:\/\/www.questionpro.com\/blog\/es\/planificacion-de-la-plantilla-laboral\/#breadcrumb"},"inLanguage":"es","potentialAction":[{"@type":"ReadAction","target":["https:\/\/www.questionpro.com\/blog\/es\/planificacion-de-la-plantilla-laboral\/"]}]},{"@type":"BreadcrumbList","@id":"https:\/\/www.questionpro.com\/blog\/es\/planificacion-de-la-plantilla-laboral\/#breadcrumb","itemListElement":[{"@type":"ListItem","position":1,"name":"Home","item":"https:\/\/www.questionpro.com\/blog\/es\/"},{"@type":"ListItem","position":2,"name":"Workforce","item":"https:\/\/www.questionpro.com\/blog\/es\/category\/workforce\/"},{"@type":"ListItem","position":3,"name":"Planificaci\u00f3n de la plantilla laboral: Qu\u00e9 es, ventajas y c\u00f3mo realizarla"}]},{"@type":"WebSite","@id":"https:\/\/www.questionpro.com\/blog\/es\/#website","url":"https:\/\/www.questionpro.com\/blog\/es\/","name":"QuestionPro","description":"","publisher":{"@id":"https:\/\/www.questionpro.com\/blog\/es\/#organization"},"potentialAction":[{"@type":"SearchAction","target":{"@type":"EntryPoint","urlTemplate":"https:\/\/www.questionpro.com\/blog\/es\/?s={search_term_string}"},"query-input":"required name=search_term_string"}],"inLanguage":"es"},{"@type":"Organization","@id":"https:\/\/www.questionpro.com\/blog\/es\/#organization","name":"QuestionPro","url":"https:\/\/www.questionpro.com\/blog\/es\/","logo":{"@type":"ImageObject","inLanguage":"es","@id":"https:\/\/www.questionpro.com\/blog\/es\/#\/schema\/logo\/image\/","url":"https:\/\/www.questionpro.com\/blog\/wp-content\/uploads\/2022\/10\/questionpro-logo.svg","contentUrl":"https:\/\/www.questionpro.com\/blog\/wp-content\/uploads\/2022\/10\/questionpro-logo.svg","caption":"QuestionPro"},"image":{"@id":"https:\/\/www.questionpro.com\/blog\/es\/#\/schema\/logo\/image\/"},"sameAs":["https:\/\/www.facebook.com\/questionpro","https:\/\/twitter.com\/questionpro","https:\/\/www.linkedin.com\/company\/questionpro\/"]},{"@type":"Person","@id":"https:\/\/www.questionpro.com\/blog\/es\/#\/schema\/person\/36aae2d8eed7708b6408f95c0198593d","name":"Cristina Ortega","image":{"@type":"ImageObject","inLanguage":"es","@id":"https:\/\/www.questionpro.com\/blog\/es\/#\/schema\/person\/image\/","url":"https:\/\/secure.gravatar.com\/avatar\/49635f2181bfe83c436d50b9a8bf1f2e?s=96&d=mm&r=g","contentUrl":"https:\/\/secure.gravatar.com\/avatar\/49635f2181bfe83c436d50b9a8bf1f2e?s=96&d=mm&r=g","caption":"Cristina Ortega"},"url":"https:\/\/www.questionpro.com\/blog\/es\/author\/cristinaortega\/"}]}},"featured_image_src":"https:\/\/www.questionpro.com\/blog\/wp-content\/uploads\/2023\/01\/2267-planificacion-de-plantilla.jpg","featured_image_src_square":"https:\/\/www.questionpro.com\/blog\/wp-content\/uploads\/2023\/01\/2267-planificacion-de-plantilla.jpg","author_info":{"display_name":"Cristina Ortega","author_link":"https:\/\/www.questionpro.com\/blog\/es\/author\/cristinaortega\/"},"_links":{"self":[{"href":"https:\/\/www.questionpro.com\/blog\/es\/wp-json\/wp\/v2\/posts\/775432"}],"collection":[{"href":"https:\/\/www.questionpro.com\/blog\/es\/wp-json\/wp\/v2\/posts"}],"about":[{"href":"https:\/\/www.questionpro.com\/blog\/es\/wp-json\/wp\/v2\/types\/post"}],"author":[{"embeddable":true,"href":"https:\/\/www.questionpro.com\/blog\/es\/wp-json\/wp\/v2\/users\/42"}],"replies":[{"embeddable":true,"href":"https:\/\/www.questionpro.com\/blog\/es\/wp-json\/wp\/v2\/comments?post=775432"}],"version-history":[{"count":3,"href":"https:\/\/www.questionpro.com\/blog\/es\/wp-json\/wp\/v2\/posts\/775432\/revisions"}],"predecessor-version":[{"id":1024616,"href":"https:\/\/www.questionpro.com\/blog\/es\/wp-json\/wp\/v2\/posts\/775432\/revisions\/1024616"}],"wp:featuredmedia":[{"embeddable":true,"href":"https:\/\/www.questionpro.com\/blog\/es\/wp-json\/wp\/v2\/media\/775434"}],"wp:attachment":[{"href":"https:\/\/www.questionpro.com\/blog\/es\/wp-json\/wp\/v2\/media?parent=775432"}],"wp:term":[{"taxonomy":"category","embeddable":true,"href":"https:\/\/www.questionpro.com\/blog\/es\/wp-json\/wp\/v2\/categories?post=775432"},{"taxonomy":"post_tag","embeddable":true,"href":"https:\/\/www.questionpro.com\/blog\/es\/wp-json\/wp\/v2\/tags?post=775432"}],"curies":[{"name":"wp","href":"https:\/\/api.w.org\/{rel}","templated":true}]}}