

{"id":79498,"date":"2019-10-10T02:00:47","date_gmt":"2019-10-10T09:00:47","guid":{"rendered":"https:\/\/www.questionpro.com\/blog\/?p=79498"},"modified":"2019-10-10T02:00:47","modified_gmt":"2019-10-10T09:00:47","slug":"metricas-para-medir-la-cultura-organizacional","status":"publish","type":"post","link":"https:\/\/www.questionpro.com\/blog\/es\/metricas-para-medir-la-cultura-organizacional\/","title":{"rendered":"8 m\u00e9tricas para medir la cultura organizacional"},"content":{"rendered":"<p><span style=\"font-weight: 400;\">Todo el mundo habla de la cultura organizacional, pero no muchos hacen algo sustancial al respecto. Todo el mundo ama la cultura, pero \u00bfcu\u00e1ntos aman las m\u00e9tricas para medir la cultura organizacional?\u00a0<\/span><\/p>\n<p><span style=\"font-weight: 400;\">Desde hace alg\u00fan tiempo, a los l\u00edderes empresariales les resulta dif\u00edcil poner el dedo en la llaga de las m\u00e9tricas de la cultura organizacional. La cultura ha sido considerada durante mucho tiempo como un tema de conversaci\u00f3n suave, porque muchas empresas no conocen la <\/span><a href=\"https:\/\/www.questionpro.com\/blog\/es\/gestion-de-la-cultura-organizacional\/\" target=\"_blank\" rel=\"noopener noreferrer\"><span style=\"font-weight: 400;\">importancia de la gesti\u00f3n de la cultura organizacional<\/span><\/a><span style=\"font-weight: 400;\">.<\/span><\/p>\n<p><span style=\"font-weight: 400;\">Muchas empresas la consideran como algo intangible, subjetivo y dif\u00edcil de medir. Pero con la herramienta de evaluaci\u00f3n correcta, medir la cultura puede ser muy f\u00e1cil. Las empresas necesitan creer que se puede alinear la cultura con el \u00e9xito empresarial.<\/span><\/p>\n<p><span style=\"font-weight: 400;\">En pocas palabras, la cultura del lugar de trabajo es un conjunto de comportamientos que determina el patr\u00f3n de c\u00f3mo se hacen las cosas en una organizaci\u00f3n.\u00a0<\/span><\/p>\n<p><span style=\"font-weight: 400;\">Al decidir las m\u00e9tricas para medir la cultura organizacional es importante que conozcas tu propia cultura. La cultura no puede ser duplicada, es \u00fanica para cada organizaci\u00f3n. Sin embargo, siempre puede volver atr\u00e1s y ver lo que la mayor\u00eda de las compa\u00f1\u00edas exitosas hacen de manera diferente para lograr el \u00e9xito empresarial.\u00a0<\/span><\/p>\n<h2><span style=\"font-weight: 400;\">M\u00e9tricas para medir la cultura organizacional<\/span><\/h2>\n<p><span style=\"font-weight: 400;\">El uso de las siguientes m\u00e9tricas de cultura organizacional te ayudar\u00e1n a entender lo que necesitas hacer de manera diferente para el \u00e9xito organizacional.\u00a0<\/span><\/p>\n<h3><span style=\"font-weight: 400;\">Comunicaci\u00f3n eficaz\u00a0<\/span><\/h3>\n<p><span style=\"font-weight: 400;\">Las organizaciones que facilitan la comunicaci\u00f3n abierta y libre tienden a tener mejores resultados que sus competidores. Como l\u00edder, necesitas evaluar si los canales de <a href=\"https:\/\/www.questionpro.com\/blog\/es\/comunicacion-organizacional\/\" target=\"_blank\" rel=\"noopener\">comunicaci\u00f3n organizacional<\/a> son lo suficientemente efectivos y si est\u00e1n ayudando a tus empleados y a todos los dem\u00e1s miembros de la organizaci\u00f3n a entender la informaci\u00f3n con claridad.\u00a0<\/span><\/p>\n<blockquote><p><span style=\"font-weight: 400;\">Te invito a que leas: <\/span><span style=\"font-weight: 400;\">La <a href=\"https:\/\/www.questionpro.com\/blog\/es\/comunicacion-interna-impacto-2\/\" target=\"_blank\" rel=\"noopener\">comunicaci\u00f3n interna<\/a> y su impacto organizacional para lograr resultado<\/span><span style=\"font-weight: 400;\">.<\/span><\/p><\/blockquote>\n<p>&nbsp;<\/p>\n<h3><span style=\"font-weight: 400;\">Enfoque innovador<\/span><\/h3>\n<p><span style=\"font-weight: 400;\">Para cualquier empresa la innovaci\u00f3n es la clave, no se puede seguir haciendo las mismas cosas de la misma manera a\u00f1o tras a\u00f1o y esperar un milagro. <\/span><\/p>\n<p><span style=\"font-weight: 400;\">La innovaci\u00f3n est\u00e1 estrechamente relacionada con la <a href=\"https:\/\/www.questionpro.com\/blog\/es\/comunicacion-organizacional\/\" target=\"_blank\" rel=\"noopener\">comunicaci\u00f3n organizacional<\/a> porque todo se reduce al hecho de que si tus empleados tienen la capacidad de transmitir ideas, \u00bfcu\u00e1nto est\u00e1 dispuesta tu organizaci\u00f3n a aceptar y adaptarse a esos cambios?\u00a0<\/span><\/p>\n<p><span style=\"font-weight: 400;\">Si bien la innovaci\u00f3n es una de las m\u00e9tricas para medir la cultura organizacional, recuerda que se presenta de muchas formas.\u00a0<\/span><\/p>\n<h3><span style=\"font-weight: 400;\">Adaptaci\u00f3n al cambio<\/span><\/h3>\n<p><span style=\"font-weight: 400;\">Si te adaptas y cambias r\u00e1pidamente, est\u00e1s obligado a permanecer m\u00e1s tiempo en el mercado. Hay organizaciones que sienten que se est\u00e1n adaptando bien a los cambios (tanto interna como externamente), sin embargo, ese podr\u00eda no ser el caso.\u00a0<\/span><\/p>\n<p><span style=\"font-weight: 400;\">Los empleados son tus mejores evaluadores. Ellos son los que sienten los efectos de lo que est\u00e1 saliendo mal, por lo tanto, recibe retroalimentaci\u00f3n peri\u00f3dica de tus empleados.\u00a0<\/span><\/p>\n<h3><span style=\"font-weight: 400;\">Clima laboral<\/span><\/h3>\n<p><span style=\"font-weight: 400;\">El clima laboral es otra de las m\u00e9tricas para medir la cultura organizacional y abarca la salud general de la organizaci\u00f3n, tanto f\u00edsica como mental. Esto no s\u00f3lo conduce a una fuerza laboral m\u00e1s comprometida y satisfecha, sino tambi\u00e9n a una fuerza laboral m\u00e1s productiva.\u00a0<\/span><\/p>\n<p><span style=\"font-weight: 400;\">Si tus empleados est\u00e1n contentos y son m\u00e1s productivos, significa que habr\u00e1 menos desgaste y mejor retenci\u00f3n.<\/span><\/p>\n<blockquote><p><span style=\"font-weight: 400;\">Checa esta gu\u00eda y crea una <\/span><a href=\"https:\/\/www.questionpro.com\/es\/encuesta-de-clima-laboral.html\" target=\"_blank\" rel=\"noopener noreferrer\"><span style=\"font-weight: 400;\">encuesta de clima laboral<\/span><\/a><span style=\"font-weight: 400;\">.\u00a0<\/span><\/p><\/blockquote>\n<p>&nbsp;<\/p>\n<h3><span style=\"font-weight: 400;\">Fomentar la colaboraci\u00f3n\u00a0<\/span><\/h3>\n<p><span style=\"font-weight: 400;\">Imagina una organizaci\u00f3n donde cada individuo trabaja solo, dif\u00edcil de imaginar, \u00bfno es as\u00ed? Esto es exactamente lo que no querr\u00e1s que suceda en tu organizaci\u00f3n.\u00a0<\/span><\/p>\n<p><span style=\"font-weight: 400;\">Por ejemplo, tu equipo de ventas puede tener la mejor relaci\u00f3n, pero si no colaboran con los otros departamentos, tu organizaci\u00f3n est\u00e1 obligada a lograr que sucede. Por ello es importante utilizar esta m\u00e9trica para medir la cultura organizacional y fomentar la uni\u00f3n entre los equipos.\u00a0<\/span><\/p>\n<h3><span style=\"font-weight: 400;\">Convierte a tus gerentes en mentores\u00a0<\/span><\/h3>\n<p><span style=\"font-weight: 400;\">Proporciona el apoyo que los empleados necesitan para desempe\u00f1arse mejor en el trabajo. Si capacitas a tus gerentes para que capaciten a los empleados, habr\u00e1 una mejor conexi\u00f3n entre ellos y el equipo. Y la colaboraci\u00f3n no da\u00f1\u00f3 a nadie, nunca.\u00a0<\/span><\/p>\n<h3><span style=\"font-weight: 400;\">Enfoque en el rendimiento\u00a0<\/span><\/h3>\n<p><span style=\"font-weight: 400;\">Como organizaci\u00f3n, es tu responsabilidad que sus empleados conozcan su papel dentro de la organizaci\u00f3n. Una vez que lo saben bien, lo \u00fanico que queda es concentrarse en el rendimiento. Reconoce a tus empleados, celebra sus logros y recomp\u00e9nselos cuando se desempe\u00f1en de manera excepcional.\u00a0<\/span><\/p>\n<p><span style=\"font-weight: 400;\">Permite que tus empleados sepan que aprecias su trabajo duro y dedicaci\u00f3n. Esta es otra de las m\u00e9tricas para medir la cultura organizacional a la que le debes prestar especial atenci\u00f3n.<\/span><\/p>\n<blockquote><p><span style=\"font-weight: 400;\">Te recomiendo que leas: <\/span><a href=\"https:\/\/www.questionpro.com\/blog\/es\/desempeno-laboral\/\" target=\"_blank\" rel=\"noopener noreferrer\"><span style=\"font-weight: 400;\">\u00bfC\u00f3mo medir el desempe\u00f1o laboral?<\/span><\/a><\/p><\/blockquote>\n<p>&nbsp;<\/p>\n<h3><span style=\"font-weight: 400;\">Misi\u00f3n, valor y objetivos\u00a0<\/span><\/h3>\n<p><span style=\"font-weight: 400;\">Tener una declaraci\u00f3n de misi\u00f3n no es suficiente, \u00a1tambi\u00e9n necesita ser fiel a ella! No s\u00f3lo los l\u00edderes de la organizaci\u00f3n, sino tambi\u00e9n tus empleados deben saber qu\u00e9 es lo que est\u00e1 impulsando el n\u00facleo de la organizaci\u00f3n, cu\u00e1les son los valores que necesitan inculcar con los empleados y cu\u00e1l es el objetivo colectivo que la organizaci\u00f3n necesita alcanzar con la ayuda de la fuerza laboral.\u00a0<\/span><\/p>\n<p><span style=\"font-weight: 400;\">Finalmente, la cultura y las m\u00e9tricas pueden estar en una relaci\u00f3n comprometida. La manera en que una organizaci\u00f3n aborda estas m\u00e9tricas habla por s\u00ed solo de su car\u00e1cter y fortaleza.\u00a0<\/span><\/p>\n<p><span style=\"font-weight: 400;\">Por \u00faltimo, pero no por ello menos importante, siempre hay un margen de mejora. Si no mejoras, no evolucionas y donde no hay evoluci\u00f3n no hay supervivencia. Mejora el rendimiento de tu negocio dando el seguimientos a estas m\u00e9tricas para medir la cultura organizacional.<\/span><\/p>\n<p><span style=\"font-weight: 400;\">Aplica encuestas a tus empleados y haz un <a href=\"https:\/\/www.questionpro.com\/blog\/es\/diagnostico-de-la-cultura-laboral\/\" target=\"_blank\" rel=\"noopener\">diagn\u00f3stico de la cultura laboral<\/a> de tu organizaci\u00f3n para hacer y los cambios y mejorar. Agenda una demostraci\u00f3n de nuestro software de encuestas online hoy mismo.<\/span><\/p>\n<p><center><a href=\"https:\/\/agendardemo2.questionpro.com\/?custom1=medir-la-cultura-organizacional\" target=\"_blank\" rel=\"noopener\"><button>AGENDAR UNA DEMOSTRACI\u00d3N<\/button><\/a><\/center><\/p>\n","protected":false},"excerpt":{"rendered":"<p>Todo el mundo habla de la cultura organizacional, pero no muchos hacen algo sustancial al respecto. Todo el mundo ama [&hellip;]<\/p>\n","protected":false},"author":38,"featured_media":79380,"comment_status":"closed","ping_status":"closed","sticky":false,"template":"","format":"standard","meta":{"_genesis_hide_title":false,"_genesis_hide_breadcrumbs":false,"_genesis_hide_singular_image":false,"_genesis_hide_footer_widgets":false,"_genesis_custom_body_class":"","_genesis_custom_post_class":"","_genesis_layout":"","footnotes":""},"categories":[164,165],"tags":[],"yoast_head":"<!-- This site is optimized with the Yoast SEO plugin v20.4 - https:\/\/yoast.com\/wordpress\/plugins\/seo\/ -->\n<title>8 m\u00e9tricas para medir la cultura organizacional<\/title>\n<meta name=\"description\" content=\"Conoce las m\u00e9tricas para medir la cultura organizacional y mejora la satisfacci\u00f3n y el rendimiento de empleados con su retroalimentaci\u00f3n.\" \/>\n<meta name=\"robots\" content=\"index, follow, max-snippet:-1, max-image-preview:large, max-video-preview:-1\" \/>\n<link rel=\"canonical\" href=\"https:\/\/www.questionpro.com\/blog\/es\/metricas-para-medir-la-cultura-organizacional\/\" \/>\n<meta property=\"og:locale\" content=\"es_ES\" \/>\n<meta property=\"og:type\" content=\"article\" \/>\n<meta property=\"og:title\" content=\"8 m\u00e9tricas para medir la cultura organizacional\" \/>\n<meta property=\"og:description\" content=\"Conoce las m\u00e9tricas para medir la cultura organizacional y mejora la satisfacci\u00f3n y el rendimiento de empleados con su retroalimentaci\u00f3n.\" \/>\n<meta property=\"og:url\" content=\"https:\/\/www.questionpro.com\/blog\/es\/metricas-para-medir-la-cultura-organizacional\/\" \/>\n<meta property=\"og:site_name\" content=\"QuestionPro\" \/>\n<meta property=\"article:publisher\" content=\"https:\/\/www.facebook.com\/questionpro\" \/>\n<meta property=\"article:published_time\" content=\"2019-10-10T09:00:47+00:00\" \/>\n<meta property=\"og:image\" content=\"https:\/\/www.questionpro.com\/blog\/wp-content\/uploads\/2019\/09\/1127.jpg\" \/>\n\t<meta property=\"og:image:width\" content=\"900\" \/>\n\t<meta property=\"og:image:height\" content=\"600\" \/>\n\t<meta property=\"og:image:type\" content=\"image\/jpeg\" \/>\n<meta name=\"author\" content=\"Aldrin Vel\u00e1zquez\" \/>\n<meta name=\"twitter:card\" content=\"summary_large_image\" \/>\n<meta name=\"twitter:creator\" content=\"@questionpro\" \/>\n<meta name=\"twitter:site\" content=\"@questionpro\" \/>\n<meta name=\"twitter:label1\" content=\"Written by\" \/>\n\t<meta name=\"twitter:data1\" content=\"Aldrin Vel\u00e1zquez\" \/>\n\t<meta name=\"twitter:label2\" content=\"Est. reading time\" \/>\n\t<meta name=\"twitter:data2\" content=\"5 minutes\" \/>\n<script type=\"application\/ld+json\" class=\"yoast-schema-graph\">{\"@context\":\"https:\/\/schema.org\",\"@graph\":[{\"@type\":\"Article\",\"@id\":\"https:\/\/www.questionpro.com\/blog\/es\/metricas-para-medir-la-cultura-organizacional\/#article\",\"isPartOf\":{\"@id\":\"https:\/\/www.questionpro.com\/blog\/es\/metricas-para-medir-la-cultura-organizacional\/\"},\"author\":{\"name\":\"Aldrin Vel\u00e1zquez\",\"@id\":\"https:\/\/www.questionpro.com\/blog\/es\/#\/schema\/person\/d35da30d2998411aa82b89c6e7dea405\"},\"headline\":\"8 m\u00e9tricas para medir la cultura organizacional\",\"datePublished\":\"2019-10-10T09:00:47+00:00\",\"dateModified\":\"2019-10-10T09:00:47+00:00\",\"mainEntityOfPage\":{\"@id\":\"https:\/\/www.questionpro.com\/blog\/es\/metricas-para-medir-la-cultura-organizacional\/\"},\"wordCount\":1041,\"publisher\":{\"@id\":\"https:\/\/www.questionpro.com\/blog\/es\/#organization\"},\"articleSection\":[\"Fuerza de Trabajo\",\"Workforce\"],\"inLanguage\":\"es\"},{\"@type\":\"WebPage\",\"@id\":\"https:\/\/www.questionpro.com\/blog\/es\/metricas-para-medir-la-cultura-organizacional\/\",\"url\":\"https:\/\/www.questionpro.com\/blog\/es\/metricas-para-medir-la-cultura-organizacional\/\",\"name\":\"8 m\u00e9tricas para medir la cultura organizacional\",\"isPartOf\":{\"@id\":\"https:\/\/www.questionpro.com\/blog\/es\/#website\"},\"datePublished\":\"2019-10-10T09:00:47+00:00\",\"dateModified\":\"2019-10-10T09:00:47+00:00\",\"description\":\"Conoce las m\u00e9tricas para medir la cultura organizacional y mejora la satisfacci\u00f3n y el rendimiento de empleados con su retroalimentaci\u00f3n.\",\"breadcrumb\":{\"@id\":\"https:\/\/www.questionpro.com\/blog\/es\/metricas-para-medir-la-cultura-organizacional\/#breadcrumb\"},\"inLanguage\":\"es\",\"potentialAction\":[{\"@type\":\"ReadAction\",\"target\":[\"https:\/\/www.questionpro.com\/blog\/es\/metricas-para-medir-la-cultura-organizacional\/\"]}]},{\"@type\":\"BreadcrumbList\",\"@id\":\"https:\/\/www.questionpro.com\/blog\/es\/metricas-para-medir-la-cultura-organizacional\/#breadcrumb\",\"itemListElement\":[{\"@type\":\"ListItem\",\"position\":1,\"name\":\"Home\",\"item\":\"https:\/\/www.questionpro.com\/blog\/es\/\"},{\"@type\":\"ListItem\",\"position\":2,\"name\":\"8 m\u00e9tricas para medir la cultura organizacional\"}]},{\"@type\":\"WebSite\",\"@id\":\"https:\/\/www.questionpro.com\/blog\/es\/#website\",\"url\":\"https:\/\/www.questionpro.com\/blog\/es\/\",\"name\":\"QuestionPro\",\"description\":\"\",\"publisher\":{\"@id\":\"https:\/\/www.questionpro.com\/blog\/es\/#organization\"},\"potentialAction\":[{\"@type\":\"SearchAction\",\"target\":{\"@type\":\"EntryPoint\",\"urlTemplate\":\"https:\/\/www.questionpro.com\/blog\/es\/?s={search_term_string}\"},\"query-input\":\"required name=search_term_string\"}],\"inLanguage\":\"es\"},{\"@type\":\"Organization\",\"@id\":\"https:\/\/www.questionpro.com\/blog\/es\/#organization\",\"name\":\"QuestionPro\",\"url\":\"https:\/\/www.questionpro.com\/blog\/es\/\",\"logo\":{\"@type\":\"ImageObject\",\"inLanguage\":\"es\",\"@id\":\"https:\/\/www.questionpro.com\/blog\/es\/#\/schema\/logo\/image\/\",\"url\":\"https:\/\/www.questionpro.com\/blog\/wp-content\/uploads\/2022\/10\/questionpro-logo.svg\",\"contentUrl\":\"https:\/\/www.questionpro.com\/blog\/wp-content\/uploads\/2022\/10\/questionpro-logo.svg\",\"caption\":\"QuestionPro\"},\"image\":{\"@id\":\"https:\/\/www.questionpro.com\/blog\/es\/#\/schema\/logo\/image\/\"},\"sameAs\":[\"https:\/\/www.facebook.com\/questionpro\",\"https:\/\/twitter.com\/questionpro\",\"https:\/\/www.linkedin.com\/company\/questionpro\/\"]},{\"@type\":\"Person\",\"@id\":\"https:\/\/www.questionpro.com\/blog\/es\/#\/schema\/person\/d35da30d2998411aa82b89c6e7dea405\",\"name\":\"Aldrin Vel\u00e1zquez\",\"image\":{\"@type\":\"ImageObject\",\"inLanguage\":\"es\",\"@id\":\"https:\/\/www.questionpro.com\/blog\/es\/#\/schema\/person\/image\/\",\"url\":\"https:\/\/secure.gravatar.com\/avatar\/15cd4f50090bad0d98024fdf261d7d4a?s=96&d=mm&r=g\",\"contentUrl\":\"https:\/\/secure.gravatar.com\/avatar\/15cd4f50090bad0d98024fdf261d7d4a?s=96&d=mm&r=g\",\"caption\":\"Aldrin Vel\u00e1zquez\"},\"description\":\"Head of SEO at QuestionPro. Content Creator, Digital Marketing and SEO Specialist focusing on Organic Business Growth.\",\"url\":\"https:\/\/www.questionpro.com\/blog\/es\/author\/aldrinvelazquez\/\"}]}<\/script>\n<!-- \/ Yoast SEO plugin. -->","yoast_head_json":{"title":"8 m\u00e9tricas para medir la cultura organizacional","description":"Conoce las m\u00e9tricas para medir la cultura organizacional y mejora la satisfacci\u00f3n y el rendimiento de empleados con su retroalimentaci\u00f3n.","robots":{"index":"index","follow":"follow","max-snippet":"max-snippet:-1","max-image-preview":"max-image-preview:large","max-video-preview":"max-video-preview:-1"},"canonical":"https:\/\/www.questionpro.com\/blog\/es\/metricas-para-medir-la-cultura-organizacional\/","og_locale":"es_ES","og_type":"article","og_title":"8 m\u00e9tricas para medir la cultura organizacional","og_description":"Conoce las m\u00e9tricas para medir la cultura organizacional y mejora la satisfacci\u00f3n y el rendimiento de empleados con su retroalimentaci\u00f3n.","og_url":"https:\/\/www.questionpro.com\/blog\/es\/metricas-para-medir-la-cultura-organizacional\/","og_site_name":"QuestionPro","article_publisher":"https:\/\/www.facebook.com\/questionpro","article_published_time":"2019-10-10T09:00:47+00:00","og_image":[{"width":900,"height":600,"url":"https:\/\/www.questionpro.com\/blog\/wp-content\/uploads\/2019\/09\/1127.jpg","type":"image\/jpeg"}],"author":"Aldrin Vel\u00e1zquez","twitter_card":"summary_large_image","twitter_creator":"@questionpro","twitter_site":"@questionpro","twitter_misc":{"Written by":"Aldrin Vel\u00e1zquez","Est. reading time":"5 minutes"},"schema":{"@context":"https:\/\/schema.org","@graph":[{"@type":"Article","@id":"https:\/\/www.questionpro.com\/blog\/es\/metricas-para-medir-la-cultura-organizacional\/#article","isPartOf":{"@id":"https:\/\/www.questionpro.com\/blog\/es\/metricas-para-medir-la-cultura-organizacional\/"},"author":{"name":"Aldrin Vel\u00e1zquez","@id":"https:\/\/www.questionpro.com\/blog\/es\/#\/schema\/person\/d35da30d2998411aa82b89c6e7dea405"},"headline":"8 m\u00e9tricas para medir la cultura organizacional","datePublished":"2019-10-10T09:00:47+00:00","dateModified":"2019-10-10T09:00:47+00:00","mainEntityOfPage":{"@id":"https:\/\/www.questionpro.com\/blog\/es\/metricas-para-medir-la-cultura-organizacional\/"},"wordCount":1041,"publisher":{"@id":"https:\/\/www.questionpro.com\/blog\/es\/#organization"},"articleSection":["Fuerza de Trabajo","Workforce"],"inLanguage":"es"},{"@type":"WebPage","@id":"https:\/\/www.questionpro.com\/blog\/es\/metricas-para-medir-la-cultura-organizacional\/","url":"https:\/\/www.questionpro.com\/blog\/es\/metricas-para-medir-la-cultura-organizacional\/","name":"8 m\u00e9tricas para medir la cultura organizacional","isPartOf":{"@id":"https:\/\/www.questionpro.com\/blog\/es\/#website"},"datePublished":"2019-10-10T09:00:47+00:00","dateModified":"2019-10-10T09:00:47+00:00","description":"Conoce las m\u00e9tricas para medir la cultura organizacional y mejora la satisfacci\u00f3n y el rendimiento de empleados con su retroalimentaci\u00f3n.","breadcrumb":{"@id":"https:\/\/www.questionpro.com\/blog\/es\/metricas-para-medir-la-cultura-organizacional\/#breadcrumb"},"inLanguage":"es","potentialAction":[{"@type":"ReadAction","target":["https:\/\/www.questionpro.com\/blog\/es\/metricas-para-medir-la-cultura-organizacional\/"]}]},{"@type":"BreadcrumbList","@id":"https:\/\/www.questionpro.com\/blog\/es\/metricas-para-medir-la-cultura-organizacional\/#breadcrumb","itemListElement":[{"@type":"ListItem","position":1,"name":"Home","item":"https:\/\/www.questionpro.com\/blog\/es\/"},{"@type":"ListItem","position":2,"name":"8 m\u00e9tricas para medir la cultura organizacional"}]},{"@type":"WebSite","@id":"https:\/\/www.questionpro.com\/blog\/es\/#website","url":"https:\/\/www.questionpro.com\/blog\/es\/","name":"QuestionPro","description":"","publisher":{"@id":"https:\/\/www.questionpro.com\/blog\/es\/#organization"},"potentialAction":[{"@type":"SearchAction","target":{"@type":"EntryPoint","urlTemplate":"https:\/\/www.questionpro.com\/blog\/es\/?s={search_term_string}"},"query-input":"required name=search_term_string"}],"inLanguage":"es"},{"@type":"Organization","@id":"https:\/\/www.questionpro.com\/blog\/es\/#organization","name":"QuestionPro","url":"https:\/\/www.questionpro.com\/blog\/es\/","logo":{"@type":"ImageObject","inLanguage":"es","@id":"https:\/\/www.questionpro.com\/blog\/es\/#\/schema\/logo\/image\/","url":"https:\/\/www.questionpro.com\/blog\/wp-content\/uploads\/2022\/10\/questionpro-logo.svg","contentUrl":"https:\/\/www.questionpro.com\/blog\/wp-content\/uploads\/2022\/10\/questionpro-logo.svg","caption":"QuestionPro"},"image":{"@id":"https:\/\/www.questionpro.com\/blog\/es\/#\/schema\/logo\/image\/"},"sameAs":["https:\/\/www.facebook.com\/questionpro","https:\/\/twitter.com\/questionpro","https:\/\/www.linkedin.com\/company\/questionpro\/"]},{"@type":"Person","@id":"https:\/\/www.questionpro.com\/blog\/es\/#\/schema\/person\/d35da30d2998411aa82b89c6e7dea405","name":"Aldrin Vel\u00e1zquez","image":{"@type":"ImageObject","inLanguage":"es","@id":"https:\/\/www.questionpro.com\/blog\/es\/#\/schema\/person\/image\/","url":"https:\/\/secure.gravatar.com\/avatar\/15cd4f50090bad0d98024fdf261d7d4a?s=96&d=mm&r=g","contentUrl":"https:\/\/secure.gravatar.com\/avatar\/15cd4f50090bad0d98024fdf261d7d4a?s=96&d=mm&r=g","caption":"Aldrin Vel\u00e1zquez"},"description":"Head of SEO at QuestionPro. Content Creator, Digital Marketing and SEO Specialist focusing on Organic Business Growth.","url":"https:\/\/www.questionpro.com\/blog\/es\/author\/aldrinvelazquez\/"}]}},"featured_image_src":"https:\/\/www.questionpro.com\/blog\/wp-content\/uploads\/2019\/09\/1127.jpg","featured_image_src_square":"https:\/\/www.questionpro.com\/blog\/wp-content\/uploads\/2019\/09\/1127.jpg","author_info":{"display_name":"Aldrin Vel\u00e1zquez","author_link":"https:\/\/www.questionpro.com\/blog\/es\/author\/aldrinvelazquez\/"},"_links":{"self":[{"href":"https:\/\/www.questionpro.com\/blog\/es\/wp-json\/wp\/v2\/posts\/79498"}],"collection":[{"href":"https:\/\/www.questionpro.com\/blog\/es\/wp-json\/wp\/v2\/posts"}],"about":[{"href":"https:\/\/www.questionpro.com\/blog\/es\/wp-json\/wp\/v2\/types\/post"}],"author":[{"embeddable":true,"href":"https:\/\/www.questionpro.com\/blog\/es\/wp-json\/wp\/v2\/users\/38"}],"replies":[{"embeddable":true,"href":"https:\/\/www.questionpro.com\/blog\/es\/wp-json\/wp\/v2\/comments?post=79498"}],"version-history":[{"count":0,"href":"https:\/\/www.questionpro.com\/blog\/es\/wp-json\/wp\/v2\/posts\/79498\/revisions"}],"wp:featuredmedia":[{"embeddable":true,"href":"https:\/\/www.questionpro.com\/blog\/es\/wp-json\/wp\/v2\/media\/79380"}],"wp:attachment":[{"href":"https:\/\/www.questionpro.com\/blog\/es\/wp-json\/wp\/v2\/media?parent=79498"}],"wp:term":[{"taxonomy":"category","embeddable":true,"href":"https:\/\/www.questionpro.com\/blog\/es\/wp-json\/wp\/v2\/categories?post=79498"},{"taxonomy":"post_tag","embeddable":true,"href":"https:\/\/www.questionpro.com\/blog\/es\/wp-json\/wp\/v2\/tags?post=79498"}],"curies":[{"name":"wp","href":"https:\/\/api.w.org\/{rel}","templated":true}]}}