

{"id":811513,"date":"2023-09-05T07:00:00","date_gmt":"2023-09-05T07:00:00","guid":{"rendered":"https:\/\/www.questionpro.com\/blog\/?p=811513"},"modified":"2023-09-05T07:00:05","modified_gmt":"2023-09-05T07:00:05","slug":"encuesta-sobre-turismo-inclusivo-en-mexico","status":"publish","type":"post","link":"https:\/\/www.questionpro.com\/blog\/es\/encuesta-sobre-turismo-inclusivo-en-mexico\/","title":{"rendered":"Encuesta sobre turismo inclusivo en M\u00e9xico: \u00bfQu\u00e9 tan accesible es viajar con adultos mayores o personas con discapacidad en el pa\u00eds?"},"content":{"rendered":"\n<p>Hoy les compartiremos los resultados de una <strong>encuesta sobre turismo inclusivo<\/strong>, y es que el turismo es algo que enriquece nuestras culturas, nos permite descubrir cosas nuevas y nos ayuda a relajarnos.&nbsp;<\/p>\n\n\n\n<p>Sin embargo, a medida que m\u00e1s personas viajan, es importante asegurarnos de que todos, sin importar sus diferencias o limitaciones f\u00edsicas, puedan disfrutar de esta experiencia.&nbsp;<\/p>\n\n\n\n<h2 class=\"wp-block-heading\">\u00bfQu\u00e9 es el turismo inclusivo?<\/h2>\n\n\n\n<p>El turismo inclusivo se refiere a hacer que la experiencia de viajar sea accesible y acogedora para todas las personas, sin importar sus diferencias o capacidades. En lugar de limitar el acceso a ciertos grupos, el turismo inclusivo busca eliminar barreras y crear entornos en los que todos puedan disfrutar y participar plenamente en las actividades tur\u00edsticas.&nbsp;<\/p>\n\n\n\n<p>Implica adaptar servicios, instalaciones y actividades para garantizar que las personas con discapacidades, necesidades especiales puedan disfrutar de la misma experiencia en igualdad de condiciones.<\/p>\n\n\n\n<p>Su objetivo es hacer que viajar sea posible para muchas personas diferentes, como aquellas con discapacidades, necesidades especiales y habilidades diversas. En lugar de poner barreras, el turismo inclusivo abre las puertas para que todos puedan explorar y disfrutar.<\/p>\n\n\n\n<h2 class=\"wp-block-heading\">Un Turismo para Todos: Encuesta sobre turismo inclusivo<\/h2>\n\n\n\n<p>Viajar con adultos mayores o personas con discapacidad puede ser una odisea llena de obst\u00e1culos. As\u00ed que le preguntamos a 300 Mexicanos y esto fue lo que nos contaron\u2026<\/p>\n\n\n\n<p>Para el 35.11% de los encuestados, las dificultades de movilidad y el cansancio encabezan la lista. Acceder a instalaciones y atracciones resulta un desaf\u00edo real, ya que el 24.43% de los participantes se\u00f1ala el acceso limitado como una preocupaci\u00f3n importante.<\/p>\n\n\n\n<figure class=\"wp-block-image size-full\"><img loading=\"lazy\" decoding=\"async\" width=\"900\" height=\"515\" src=\"https:\/\/www.questionpro.com\/blog\/wp-content\/uploads\/2023\/09\/2497-Turismo-inclusivo-p1.jpg\" alt=\"resultados de la encuesta de turismo inclusivo\" class=\"wp-image-811534\" \/><\/figure>\n\n\n\n<h3 class=\"wp-block-heading\">Desaf\u00edos de comodidad y accesibilidad<\/h3>\n\n\n\n<p>La experiencia de viajar con una persona con discapacidad puede variar significativamente. El 41.67% encuentra que, aunque hay desaf\u00edos, la experiencia es en su mayor\u00eda positiva. Sin embargo, para el 40.67%, la falta de accesibilidad dificulta en gran medida el viaje. Queda claro que la comodidad y la accesibilidad no son garantizadas para todos.<\/p>\n\n\n\n<figure class=\"wp-block-image size-full\"><img loading=\"lazy\" decoding=\"async\" width=\"900\" height=\"515\" src=\"https:\/\/www.questionpro.com\/blog\/wp-content\/uploads\/2023\/09\/2497-Turismo-inclusivo-p2.jpg\" alt=\"experiencia de viajar con una persona con discapacidad \" class=\"wp-image-811544\" \/><\/figure>\n\n\n\n<h3 class=\"wp-block-heading\">Acceso denegado<\/h3>\n\n\n\n<p>Las personas con discapacidad siguen enfrentando barreras para acceder a instalaciones tur\u00edsticas. La falta de rampas o ascensores es un problema importante, como lo menciona el 52.68% de los encuestados. Pero tambi\u00e9n existe una batalla contra las actitudes negativas hacia la discapacidad (21.22%) y la falta de informaci\u00f3n sobre accesibilidad (20%).<\/p>\n\n\n\n<figure class=\"wp-block-image size-full\"><img loading=\"lazy\" decoding=\"async\" width=\"900\" height=\"515\" src=\"https:\/\/www.questionpro.com\/blog\/wp-content\/uploads\/2023\/09\/2497-Turismo-inclusivo-p3.jpg\" alt=\"ejemplo de encuesta de turismo inclusivo\" class=\"wp-image-811554\" \/><\/figure>\n\n\n\n<h3 class=\"wp-block-heading\">Cuestionando la accesibilidad tur\u00edstica en M\u00e9xico<\/h3>\n\n\n\n<p>La accesibilidad en los destinos tur\u00edsticos de M\u00e9xico es una cuesti\u00f3n abierta. Un 35% cree que solo en algunos casos espec\u00edficos hay accesibilidad, mientras que un 33% considera que en su mayor\u00eda es inadecuada. Sin embargo, hay esperanza, ya que un 22.33% ve mejoras en la accesibilidad en la mayor\u00eda de los casos.<\/p>\n\n\n\n<figure class=\"wp-block-image size-full\"><img loading=\"lazy\" decoding=\"async\" width=\"900\" height=\"515\" src=\"https:\/\/www.questionpro.com\/blog\/wp-content\/uploads\/2023\/09\/2497-Turismo-inclusivo-p4.jpg\" alt=\"resultados de encuesta de turismo inclusivo\" class=\"wp-image-811574\" \/><\/figure>\n\n\n\n<h3 class=\"wp-block-heading\">Construyendo un futuro inclusivo<\/h3>\n\n\n\n<p>La infraestructura tur\u00edstica necesita evolucionar para incluir a todos. M\u00e1s rampas y ascensores (30.51%) encabezan la lista de mejoras necesarias, seguidas de habitaciones y alojamientos adaptados (23.07%). La formaci\u00f3n del personal en atenci\u00f3n inclusiva (21.43%) y la se\u00f1alizaci\u00f3n clara (16.52%) tambi\u00e9n son esenciales en el camino hacia la inclusi\u00f3n.<\/p>\n\n\n\n<figure class=\"wp-block-image size-full\"><img loading=\"lazy\" decoding=\"async\" width=\"900\" height=\"515\" src=\"https:\/\/www.questionpro.com\/blog\/wp-content\/uploads\/2023\/09\/2497-Turismo-inclusivo-p5.jpg\" alt=\"datos sobre turismo inclusivo en M\u00e9xico\" class=\"wp-image-811584\" \/><\/figure>\n\n\n\n<h3 class=\"wp-block-heading\">Haciendo la diferencia: Sensibilizaci\u00f3n y formaci\u00f3n<\/h3>\n\n\n\n<p>La mayor\u00eda (80%) cree en el poder de la sensibilizaci\u00f3n y la formaci\u00f3n para mejorar la experiencia de viaje inclusivo. Reconociendo que estos esfuerzos son esenciales, queda claro que la conciencia y el conocimiento son herramientas cruciales para abrir puertas a todos.<\/p>\n\n\n\n<figure class=\"wp-block-image size-full\"><img loading=\"lazy\" decoding=\"async\" width=\"900\" height=\"650\" src=\"https:\/\/www.questionpro.com\/blog\/wp-content\/uploads\/2023\/09\/2497-Turismo-inclusivo-p6.jpg\" alt=\"turismo inclusivo\" class=\"wp-image-811604\" \/><\/figure>\n\n\n\n<h3 class=\"wp-block-heading\">Responsabilidad compartida<\/h3>\n\n\n\n<p>La pregunta sobre qui\u00e9n debe liderar el camino hacia la inclusi\u00f3n en el turismo tiene m\u00faltiples respuestas. La sociedad en general (27.87%), las empresas tur\u00edsticas (24.59%), el gobierno (20.84%) y todos los anteriores (26.7%) comparten la responsabilidad. Es un recordatorio de que solo juntos podemos tejer una red de oportunidades accesibles.<\/p>\n\n\n\n<figure class=\"wp-block-image size-full\"><img loading=\"lazy\" decoding=\"async\" width=\"900\" height=\"705\" src=\"https:\/\/www.questionpro.com\/blog\/wp-content\/uploads\/2023\/09\/2497-Turismo-inclusivo-p7.jpg\" alt=\"hacia un turismo inclusivo\" class=\"wp-image-811614\" \/><\/figure>\n\n\n\n<p>Quiz\u00e1 te interesa conocer c\u00f3mo hacer una <a href=\"https:\/\/www.questionpro.com\/blog\/es\/encuestas-para-turistas\/\">encuesta para turistas<\/a>.<\/p>\n\n\n\n<h2 class=\"wp-block-heading\">Conclusi\u00f3n<\/h2>\n\n\n\n<p>La encuesta sobre turismo inclusivo nos recuerda una realidad que no podemos ignorar. Viajar con adultos mayores o personas con discapacidad a menudo se convierte en una lucha contra obst\u00e1culos invisibles para la gran mayor\u00eda. Las dificultades de movilidad, la falta de accesibilidad y la comodidad comprometida son desaf\u00edos reales que afectan a muchas personas.<\/p>\n\n\n\n<p>La infraestructura tur\u00edstica necesita cambios, como m\u00e1s rampas y alojamientos adaptados. La responsabilidad es compartida entre la sociedad, empresas tur\u00edsticas y el gobierno.<\/p>\n\n\n\n<p>El futuro inclusivo depende de todos nosotros. Al trabajar juntos, podemos tejer una red de oportunidades accesibles y construir un mundo de viajes igualitarios y enriquecedores para todos.<\/p>\n\n\n\n<p>Datos como el de esta encuesta, relacionados con el turismo en M\u00e9xico los puedes escuchar en nuestra colaboraci\u00f3n con Altazor Intelligence en la secci\u00f3n: En Contexto, dentro del programa <strong>Amo M\u00e9xico Travel<\/strong>. S\u00e1bados y domingo 3:00 pm por el 104.1 de Radio F\u00f3rmula<\/p>\n\n\n\n<p>Y recuerda que QuestionPro te puede ayudar a realizar este tipo de encuestas y a obtener a los respondentes id\u00f3neos para tus estudios e investigaci\u00f3n.<\/p>\n\n\n\n<br>\n\n    <a href=\"https:\/\/contactar.questionpro.com\/cuenta-gratis?custom1=encuesta-sobre-turismo-inclusivo\">\n        <button style=\"background: #ff9f00\">Crear cuenta gratis<\/button>\n    <\/a>\n    <a>\n        <button>Agendar demostraci\u00f3n<\/button>\n    <\/a>\n\n<br>\n\n","protected":false},"excerpt":{"rendered":"<p>Hoy les compartiremos los resultados de una encuesta sobre turismo inclusivo, y es que el turismo es algo que enriquece [&hellip;]<\/p>\n","protected":false},"author":169,"featured_media":811514,"comment_status":"closed","ping_status":"closed","sticky":false,"template":"","format":"standard","meta":{"_yoast_wpseo_focuskw":"Encuesta sobre turismo inclusivo","_yoast_wpseo_title":"Encuesta sobre turismo inclusivo en M\u00e9xico","_yoast_wpseo_metadesc":"Descubre qu\u00e9 piensan 300 mexicanos del turismo inclusivo y la importancia de eliminar obst\u00e1culos y crear oportunidades para los viajeros.","_genesis_hide_title":false,"_genesis_hide_breadcrumbs":false,"_genesis_hide_singular_image":false,"_genesis_hide_footer_widgets":false,"_genesis_custom_body_class":"","_genesis_custom_post_class":"","_genesis_layout":"","footnotes":""},"categories":[187],"tags":[],"yoast_head":"<!-- This site is optimized with the Yoast SEO plugin v20.4 - https:\/\/yoast.com\/wordpress\/plugins\/seo\/ -->\n<title>Encuesta sobre turismo inclusivo en M\u00e9xico<\/title>\n<meta name=\"description\" content=\"Descubre qu\u00e9 piensan 300 mexicanos del turismo inclusivo y la importancia de eliminar obst\u00e1culos y crear oportunidades para los viajeros.\" \/>\n<meta name=\"robots\" content=\"index, follow, max-snippet:-1, max-image-preview:large, max-video-preview:-1\" \/>\n<link rel=\"canonical\" href=\"https:\/\/www.questionpro.com\/blog\/es\/encuesta-sobre-turismo-inclusivo-en-mexico\/\" \/>\n<meta property=\"og:locale\" content=\"es_ES\" \/>\n<meta property=\"og:type\" content=\"article\" \/>\n<meta property=\"og:title\" content=\"Encuesta sobre turismo inclusivo en M\u00e9xico\" \/>\n<meta property=\"og:description\" content=\"Descubre qu\u00e9 piensan 300 mexicanos del turismo inclusivo y la importancia de eliminar obst\u00e1culos y crear oportunidades para los viajeros.\" \/>\n<meta property=\"og:url\" content=\"https:\/\/www.questionpro.com\/blog\/es\/encuesta-sobre-turismo-inclusivo-en-mexico\/\" \/>\n<meta property=\"og:site_name\" content=\"QuestionPro\" \/>\n<meta property=\"article:publisher\" content=\"https:\/\/www.facebook.com\/questionpro\" \/>\n<meta property=\"article:published_time\" content=\"2023-09-05T07:00:00+00:00\" \/>\n<meta property=\"article:modified_time\" content=\"2023-09-05T07:00:05+00:00\" \/>\n<meta property=\"og:image\" content=\"https:\/\/www.questionpro.com\/blog\/wp-content\/uploads\/2023\/09\/2497-Meta-turismo-inclusivo.jpg\" \/>\n\t<meta property=\"og:image:width\" content=\"1600\" \/>\n\t<meta property=\"og:image:height\" content=\"836\" \/>\n\t<meta property=\"og:image:type\" content=\"image\/jpeg\" \/>\n<meta name=\"author\" content=\"Jes\u00fas Marfil\" \/>\n<meta name=\"twitter:card\" content=\"summary_large_image\" \/>\n<meta name=\"twitter:image\" content=\"https:\/\/www.questionpro.com\/blog\/wp-content\/uploads\/2023\/09\/2497-Meta-turismo-inclusivo.jpg\" \/>\n<meta name=\"twitter:creator\" content=\"@questionpro\" \/>\n<meta name=\"twitter:site\" content=\"@questionpro\" \/>\n<meta name=\"twitter:label1\" content=\"Written by\" \/>\n\t<meta name=\"twitter:data1\" content=\"Jes\u00fas Marfil\" \/>\n\t<meta name=\"twitter:label2\" content=\"Est. reading time\" \/>\n\t<meta name=\"twitter:data2\" content=\"5 minutes\" \/>\n<script type=\"application\/ld+json\" class=\"yoast-schema-graph\">{\"@context\":\"https:\/\/schema.org\",\"@graph\":[{\"@type\":\"Article\",\"@id\":\"https:\/\/www.questionpro.com\/blog\/es\/encuesta-sobre-turismo-inclusivo-en-mexico\/#article\",\"isPartOf\":{\"@id\":\"https:\/\/www.questionpro.com\/blog\/es\/encuesta-sobre-turismo-inclusivo-en-mexico\/\"},\"author\":{\"name\":\"Jes\u00fas Marfil\",\"@id\":\"https:\/\/www.questionpro.com\/blog\/es\/#\/schema\/person\/6bb199d0ec5298a99a22bb5fefea5697\"},\"headline\":\"Encuesta sobre turismo inclusivo en M\u00e9xico: \u00bfQu\u00e9 tan accesible es viajar con adultos mayores o personas con discapacidad en el pa\u00eds?\",\"datePublished\":\"2023-09-05T07:00:00+00:00\",\"dateModified\":\"2023-09-05T07:00:05+00:00\",\"mainEntityOfPage\":{\"@id\":\"https:\/\/www.questionpro.com\/blog\/es\/encuesta-sobre-turismo-inclusivo-en-mexico\/\"},\"wordCount\":835,\"publisher\":{\"@id\":\"https:\/\/www.questionpro.com\/blog\/es\/#organization\"},\"articleSection\":[\"Surveys\"],\"inLanguage\":\"es\"},{\"@type\":\"WebPage\",\"@id\":\"https:\/\/www.questionpro.com\/blog\/es\/encuesta-sobre-turismo-inclusivo-en-mexico\/\",\"url\":\"https:\/\/www.questionpro.com\/blog\/es\/encuesta-sobre-turismo-inclusivo-en-mexico\/\",\"name\":\"Encuesta sobre turismo inclusivo en M\u00e9xico\",\"isPartOf\":{\"@id\":\"https:\/\/www.questionpro.com\/blog\/es\/#website\"},\"datePublished\":\"2023-09-05T07:00:00+00:00\",\"dateModified\":\"2023-09-05T07:00:05+00:00\",\"description\":\"Descubre qu\u00e9 piensan 300 mexicanos del turismo inclusivo y la importancia de eliminar obst\u00e1culos y crear oportunidades para los viajeros.\",\"breadcrumb\":{\"@id\":\"https:\/\/www.questionpro.com\/blog\/es\/encuesta-sobre-turismo-inclusivo-en-mexico\/#breadcrumb\"},\"inLanguage\":\"es\",\"potentialAction\":[{\"@type\":\"ReadAction\",\"target\":[\"https:\/\/www.questionpro.com\/blog\/es\/encuesta-sobre-turismo-inclusivo-en-mexico\/\"]}]},{\"@type\":\"BreadcrumbList\",\"@id\":\"https:\/\/www.questionpro.com\/blog\/es\/encuesta-sobre-turismo-inclusivo-en-mexico\/#breadcrumb\",\"itemListElement\":[{\"@type\":\"ListItem\",\"position\":1,\"name\":\"Home\",\"item\":\"https:\/\/www.questionpro.com\/blog\/es\/\"},{\"@type\":\"ListItem\",\"position\":2,\"name\":\"Encuestas\",\"item\":\"https:\/\/www.questionpro.com\/blog\/es\/category\/encuestas-es\/\"},{\"@type\":\"ListItem\",\"position\":3,\"name\":\"Encuesta sobre turismo inclusivo en M\u00e9xico: \u00bfQu\u00e9 tan accesible es viajar con adultos mayores o personas con discapacidad en el pa\u00eds?\"}]},{\"@type\":\"WebSite\",\"@id\":\"https:\/\/www.questionpro.com\/blog\/es\/#website\",\"url\":\"https:\/\/www.questionpro.com\/blog\/es\/\",\"name\":\"QuestionPro\",\"description\":\"\",\"publisher\":{\"@id\":\"https:\/\/www.questionpro.com\/blog\/es\/#organization\"},\"potentialAction\":[{\"@type\":\"SearchAction\",\"target\":{\"@type\":\"EntryPoint\",\"urlTemplate\":\"https:\/\/www.questionpro.com\/blog\/es\/?s={search_term_string}\"},\"query-input\":\"required name=search_term_string\"}],\"inLanguage\":\"es\"},{\"@type\":\"Organization\",\"@id\":\"https:\/\/www.questionpro.com\/blog\/es\/#organization\",\"name\":\"QuestionPro\",\"url\":\"https:\/\/www.questionpro.com\/blog\/es\/\",\"logo\":{\"@type\":\"ImageObject\",\"inLanguage\":\"es\",\"@id\":\"https:\/\/www.questionpro.com\/blog\/es\/#\/schema\/logo\/image\/\",\"url\":\"https:\/\/www.questionpro.com\/blog\/wp-content\/uploads\/2022\/10\/questionpro-logo.svg\",\"contentUrl\":\"https:\/\/www.questionpro.com\/blog\/wp-content\/uploads\/2022\/10\/questionpro-logo.svg\",\"caption\":\"QuestionPro\"},\"image\":{\"@id\":\"https:\/\/www.questionpro.com\/blog\/es\/#\/schema\/logo\/image\/\"},\"sameAs\":[\"https:\/\/www.facebook.com\/questionpro\",\"https:\/\/twitter.com\/questionpro\",\"https:\/\/www.linkedin.com\/company\/questionpro\/\"]},{\"@type\":\"Person\",\"@id\":\"https:\/\/www.questionpro.com\/blog\/es\/#\/schema\/person\/6bb199d0ec5298a99a22bb5fefea5697\",\"name\":\"Jes\u00fas Marfil\",\"image\":{\"@type\":\"ImageObject\",\"inLanguage\":\"es\",\"@id\":\"https:\/\/www.questionpro.com\/blog\/es\/#\/schema\/person\/image\/\",\"url\":\"https:\/\/secure.gravatar.com\/avatar\/8e53055b31c43bb61e8d8c024de6ff96?s=96&d=mm&r=g\",\"contentUrl\":\"https:\/\/secure.gravatar.com\/avatar\/8e53055b31c43bb61e8d8c024de6ff96?s=96&d=mm&r=g\",\"caption\":\"Jes\u00fas Marfil\"},\"sameAs\":[\"http:\/\/www.questionpro.com\/es\/\"],\"url\":\"https:\/\/www.questionpro.com\/blog\/es\/author\/jesusmarfil\/\"}]}<\/script>\n<!-- \/ Yoast SEO plugin. -->","yoast_head_json":{"title":"Encuesta sobre turismo inclusivo en M\u00e9xico","description":"Descubre qu\u00e9 piensan 300 mexicanos del turismo inclusivo y la importancia de eliminar obst\u00e1culos y crear oportunidades para los viajeros.","robots":{"index":"index","follow":"follow","max-snippet":"max-snippet:-1","max-image-preview":"max-image-preview:large","max-video-preview":"max-video-preview:-1"},"canonical":"https:\/\/www.questionpro.com\/blog\/es\/encuesta-sobre-turismo-inclusivo-en-mexico\/","og_locale":"es_ES","og_type":"article","og_title":"Encuesta sobre turismo inclusivo en M\u00e9xico","og_description":"Descubre qu\u00e9 piensan 300 mexicanos del turismo inclusivo y la importancia de eliminar obst\u00e1culos y crear oportunidades para los viajeros.","og_url":"https:\/\/www.questionpro.com\/blog\/es\/encuesta-sobre-turismo-inclusivo-en-mexico\/","og_site_name":"QuestionPro","article_publisher":"https:\/\/www.facebook.com\/questionpro","article_published_time":"2023-09-05T07:00:00+00:00","article_modified_time":"2023-09-05T07:00:05+00:00","og_image":[{"width":1600,"height":836,"url":"https:\/\/www.questionpro.com\/blog\/wp-content\/uploads\/2023\/09\/2497-Meta-turismo-inclusivo.jpg","type":"image\/jpeg"}],"author":"Jes\u00fas Marfil","twitter_card":"summary_large_image","twitter_image":"https:\/\/www.questionpro.com\/blog\/wp-content\/uploads\/2023\/09\/2497-Meta-turismo-inclusivo.jpg","twitter_creator":"@questionpro","twitter_site":"@questionpro","twitter_misc":{"Written by":"Jes\u00fas Marfil","Est. reading time":"5 minutes"},"schema":{"@context":"https:\/\/schema.org","@graph":[{"@type":"Article","@id":"https:\/\/www.questionpro.com\/blog\/es\/encuesta-sobre-turismo-inclusivo-en-mexico\/#article","isPartOf":{"@id":"https:\/\/www.questionpro.com\/blog\/es\/encuesta-sobre-turismo-inclusivo-en-mexico\/"},"author":{"name":"Jes\u00fas Marfil","@id":"https:\/\/www.questionpro.com\/blog\/es\/#\/schema\/person\/6bb199d0ec5298a99a22bb5fefea5697"},"headline":"Encuesta sobre turismo inclusivo en M\u00e9xico: \u00bfQu\u00e9 tan accesible es viajar con adultos mayores o personas con discapacidad en el pa\u00eds?","datePublished":"2023-09-05T07:00:00+00:00","dateModified":"2023-09-05T07:00:05+00:00","mainEntityOfPage":{"@id":"https:\/\/www.questionpro.com\/blog\/es\/encuesta-sobre-turismo-inclusivo-en-mexico\/"},"wordCount":835,"publisher":{"@id":"https:\/\/www.questionpro.com\/blog\/es\/#organization"},"articleSection":["Surveys"],"inLanguage":"es"},{"@type":"WebPage","@id":"https:\/\/www.questionpro.com\/blog\/es\/encuesta-sobre-turismo-inclusivo-en-mexico\/","url":"https:\/\/www.questionpro.com\/blog\/es\/encuesta-sobre-turismo-inclusivo-en-mexico\/","name":"Encuesta sobre turismo inclusivo en M\u00e9xico","isPartOf":{"@id":"https:\/\/www.questionpro.com\/blog\/es\/#website"},"datePublished":"2023-09-05T07:00:00+00:00","dateModified":"2023-09-05T07:00:05+00:00","description":"Descubre qu\u00e9 piensan 300 mexicanos del turismo inclusivo y la importancia de eliminar obst\u00e1culos y crear oportunidades para los viajeros.","breadcrumb":{"@id":"https:\/\/www.questionpro.com\/blog\/es\/encuesta-sobre-turismo-inclusivo-en-mexico\/#breadcrumb"},"inLanguage":"es","potentialAction":[{"@type":"ReadAction","target":["https:\/\/www.questionpro.com\/blog\/es\/encuesta-sobre-turismo-inclusivo-en-mexico\/"]}]},{"@type":"BreadcrumbList","@id":"https:\/\/www.questionpro.com\/blog\/es\/encuesta-sobre-turismo-inclusivo-en-mexico\/#breadcrumb","itemListElement":[{"@type":"ListItem","position":1,"name":"Home","item":"https:\/\/www.questionpro.com\/blog\/es\/"},{"@type":"ListItem","position":2,"name":"Encuestas","item":"https:\/\/www.questionpro.com\/blog\/es\/category\/encuestas-es\/"},{"@type":"ListItem","position":3,"name":"Encuesta sobre turismo inclusivo en M\u00e9xico: \u00bfQu\u00e9 tan accesible es viajar con adultos mayores o personas con discapacidad en el pa\u00eds?"}]},{"@type":"WebSite","@id":"https:\/\/www.questionpro.com\/blog\/es\/#website","url":"https:\/\/www.questionpro.com\/blog\/es\/","name":"QuestionPro","description":"","publisher":{"@id":"https:\/\/www.questionpro.com\/blog\/es\/#organization"},"potentialAction":[{"@type":"SearchAction","target":{"@type":"EntryPoint","urlTemplate":"https:\/\/www.questionpro.com\/blog\/es\/?s={search_term_string}"},"query-input":"required name=search_term_string"}],"inLanguage":"es"},{"@type":"Organization","@id":"https:\/\/www.questionpro.com\/blog\/es\/#organization","name":"QuestionPro","url":"https:\/\/www.questionpro.com\/blog\/es\/","logo":{"@type":"ImageObject","inLanguage":"es","@id":"https:\/\/www.questionpro.com\/blog\/es\/#\/schema\/logo\/image\/","url":"https:\/\/www.questionpro.com\/blog\/wp-content\/uploads\/2022\/10\/questionpro-logo.svg","contentUrl":"https:\/\/www.questionpro.com\/blog\/wp-content\/uploads\/2022\/10\/questionpro-logo.svg","caption":"QuestionPro"},"image":{"@id":"https:\/\/www.questionpro.com\/blog\/es\/#\/schema\/logo\/image\/"},"sameAs":["https:\/\/www.facebook.com\/questionpro","https:\/\/twitter.com\/questionpro","https:\/\/www.linkedin.com\/company\/questionpro\/"]},{"@type":"Person","@id":"https:\/\/www.questionpro.com\/blog\/es\/#\/schema\/person\/6bb199d0ec5298a99a22bb5fefea5697","name":"Jes\u00fas Marfil","image":{"@type":"ImageObject","inLanguage":"es","@id":"https:\/\/www.questionpro.com\/blog\/es\/#\/schema\/person\/image\/","url":"https:\/\/secure.gravatar.com\/avatar\/8e53055b31c43bb61e8d8c024de6ff96?s=96&d=mm&r=g","contentUrl":"https:\/\/secure.gravatar.com\/avatar\/8e53055b31c43bb61e8d8c024de6ff96?s=96&d=mm&r=g","caption":"Jes\u00fas Marfil"},"sameAs":["http:\/\/www.questionpro.com\/es\/"],"url":"https:\/\/www.questionpro.com\/blog\/es\/author\/jesusmarfil\/"}]}},"featured_image_src":"https:\/\/www.questionpro.com\/blog\/wp-content\/uploads\/2023\/09\/2497-turismo-inclusivo-v2.jpg","featured_image_src_square":"https:\/\/www.questionpro.com\/blog\/wp-content\/uploads\/2023\/09\/2497-turismo-inclusivo-v2.jpg","author_info":{"display_name":"Jes\u00fas Marfil","author_link":"https:\/\/www.questionpro.com\/blog\/es\/author\/jesusmarfil\/"},"_links":{"self":[{"href":"https:\/\/www.questionpro.com\/blog\/es\/wp-json\/wp\/v2\/posts\/811513"}],"collection":[{"href":"https:\/\/www.questionpro.com\/blog\/es\/wp-json\/wp\/v2\/posts"}],"about":[{"href":"https:\/\/www.questionpro.com\/blog\/es\/wp-json\/wp\/v2\/types\/post"}],"author":[{"embeddable":true,"href":"https:\/\/www.questionpro.com\/blog\/es\/wp-json\/wp\/v2\/users\/169"}],"replies":[{"embeddable":true,"href":"https:\/\/www.questionpro.com\/blog\/es\/wp-json\/wp\/v2\/comments?post=811513"}],"version-history":[{"count":3,"href":"https:\/\/www.questionpro.com\/blog\/es\/wp-json\/wp\/v2\/posts\/811513\/revisions"}],"predecessor-version":[{"id":813137,"href":"https:\/\/www.questionpro.com\/blog\/es\/wp-json\/wp\/v2\/posts\/811513\/revisions\/813137"}],"wp:featuredmedia":[{"embeddable":true,"href":"https:\/\/www.questionpro.com\/blog\/es\/wp-json\/wp\/v2\/media\/811514"}],"wp:attachment":[{"href":"https:\/\/www.questionpro.com\/blog\/es\/wp-json\/wp\/v2\/media?parent=811513"}],"wp:term":[{"taxonomy":"category","embeddable":true,"href":"https:\/\/www.questionpro.com\/blog\/es\/wp-json\/wp\/v2\/categories?post=811513"},{"taxonomy":"post_tag","embeddable":true,"href":"https:\/\/www.questionpro.com\/blog\/es\/wp-json\/wp\/v2\/tags?post=811513"}],"curies":[{"name":"wp","href":"https:\/\/api.w.org\/{rel}","templated":true}]}}