

{"id":931050,"date":"2024-06-21T07:00:00","date_gmt":"2024-06-21T14:00:00","guid":{"rendered":"https:\/\/www.questionpro.com\/blog\/?p=931050"},"modified":"2024-06-24T08:25:46","modified_gmt":"2024-06-24T15:25:46","slug":"pausa-laboral","status":"publish","type":"post","link":"https:\/\/www.questionpro.com\/blog\/es\/pausa-laboral\/","title":{"rendered":"De despedido a contratado: C\u00f3mo convertir una pausa laboral en la mejor oportunidad de tu carrera"},"content":{"rendered":"\n<p>Enfrentar una <strong>pausa laboral<\/strong>, no importa si es voluntaria o forzada, puede ser desalentador es un periodo de incertidumbre y ansiedad. Sin embargo, esta fase puede transformarse en una valiosa oportunidad para redefinir tu carrera, adquirir nuevas habilidades y regresar al mercado laboral con una ventaja competitiva.&nbsp;<\/p>\n\n\n\n<p>En este art\u00edculo, exploraremos c\u00f3mo aprovechar al m\u00e1ximo una pausa laboral y convertirla en un trampol\u00edn hacia el \u00e9xito profesional.&nbsp;<\/p>\n\n\n\n<h2 class=\"wp-block-heading\">Entender la pausa laboral: Un nuevo comienzo<\/h2>\n\n\n\n<p>Primero, es esencial cambiar la perspectiva sobre la pausa laboral. En lugar de verla como un obst\u00e1culo, considera este tiempo como una oportunidad para reflexionar sobre tus objetivos, adquirir nuevas competencias y preparar un regreso triunfal al mercado laboral. Recuerda que a veces debemos retroceder un poco para agarrar vuelo.&nbsp;<\/p>\n\n\n\n<h2 class=\"wp-block-heading\">Descubre tus habilidades clave<\/h2>\n\n\n\n<p>Estas son algunas de las habilidades que puedes trabajar para pasar de la pausa laboral a la acci\u00f3n:<\/p>\n\n\n\n<h3 class=\"wp-block-heading\">1. Autoevaluaci\u00f3n y planificaci\u00f3n:<\/h3>\n\n\n\n<p>Comienza por realizar una <a href=\"https:\/\/www.questionpro.com\/blog\/es\/autoevaluacion\/\">autoevaluaci\u00f3n<\/a> detallada. Identifica muy bien donde est\u00e1s parad@, cu\u00e1les son tus fortalezas, tus debilidades, oportunidades y amenazas. Esto te permitir\u00e1 entender mejor d\u00f3nde te encuentras y <strong>hacia d\u00f3nde deseas dirigir tu carrera<\/strong>. Dise\u00f1a una estrategia, \u00bfqu\u00e9 es lo que necesitas para alcanzar ese objetivo?<\/p>\n\n\n\n<h3 class=\"wp-block-heading\">2. Educaci\u00f3n y certificaciones:<\/h3>\n\n\n\n<p>Utiliza este tiempo para mejorar tus habilidades, en base a tu estrategia <strong>\u00bfqu\u00e9 necesitas mejorar?<\/strong> Existen innumerables cursos en l\u00ednea y certificaciones que pueden aumentar tu valor en el mercado. Plataformas como Coursera, Udemy y LinkedIn Learning ofrecen cursos en diversas \u00e1reas que pueden ayudarte a desarrollar competencias clave.<\/p>\n\n\n\n<h3 class=\"wp-block-heading\">3. Aprendizaje de nuevas tecnolog\u00edas:<\/h3>\n\n\n\n<p>En un mundo cada vez m\u00e1s digital, <strong>el conocimiento de nuevas tecnolog\u00edas es crucial<\/strong>. Aprende sobre herramientas y software relevantes para tu campo.<\/p>\n\n\n\n<h2 class=\"wp-block-heading\">Mantente visible en la industria<\/h2>\n\n\n\n<p>Aprovecha las oportunidades para conectar con profesionales de tu industria.&nbsp;<\/p>\n\n\n\n<h3 class=\"wp-block-heading\">1. Networking:<\/h3>\n\n\n\n<p>En cualquier momento y lugar puedes crear una conexi\u00f3n. Participa en webinars, conferencias y eventos de networking presenciales y virtuales. LinkedIn es una herramienta poderosa para mantenerte en contacto con colegas y construir nuevas relaciones.<\/p>\n\n\n\n<h3 class=\"wp-block-heading\">2. Participaci\u00f3n en Comunidades Profesionales:<\/h3>\n\n\n\n<p>\u00danete a grupos profesionales en redes sociales y foros relacionados con tu industria. Participa activamente en discusiones, comparte tus conocimientos y mantente al tanto de las tendencias del sector.<\/p>\n\n\n\n<h2 class=\"wp-block-heading\">Diversifica tu estrategia<\/h2>\n\n\n\n<p>Estas actividades te ayudar\u00e1n a enfrentar tu pausa laboral e impulsar lo que venga para ti:<\/p>\n\n\n\n<h3 class=\"wp-block-heading\">1. Trabajos Freelance:<\/h3>\n\n\n\n<p>El trabajo freelance es una excelente manera de mantenerte activo y relevante en tu campo. Sitios como Upwork, Freelancer y Fiverr te permiten ofrecer tus servicios y trabajar en proyectos que pueden enriquecer tu portafolio.<\/p>\n\n\n\n<h3 class=\"wp-block-heading\">2. Voluntariado:<\/h3>\n\n\n\n<p>El voluntariado no solo es una forma de devolver a la comunidad, sino que tambi\u00e9n puede proporcionarte experiencia valiosa y expandir tu red profesional. Busca oportunidades en organizaciones sin fines de lucro que necesiten tus habilidades.<\/p>\n\n\n\n<h3 class=\"wp-block-heading\">3. Proyectos personales:<\/h3>\n\n\n\n<p>Inicia proyectos personales que demuestren tus habilidades y pasi\u00f3n por tu campo. Ya sea un blog, un podcast, o un proyecto de investigaci\u00f3n, estos esfuerzos pueden destacar en tu curr\u00edculum y en entrevistas.<\/p>\n\n\n\n<h2 class=\"wp-block-heading\">Networking Efectivo<\/h2>\n\n\n\n<p>No esperes a que las oportunidades lleguen a ti.<\/p>\n\n\n\n<h3 class=\"wp-block-heading\">1. Conectarse proactivamente:<\/h3>\n\n\n\n<p>Proactivamente conecta con antiguos colegas, mentores y l\u00edderes de la industria. Solicita reuniones informales para discutir tendencias del sector y explorar posibles colaboraciones.<\/p>\n\n\n\n<h3 class=\"wp-block-heading\">2. Utilizar LinkedIn:<\/h3>\n\n\n\n<p>LinkedIn es una herramienta esencial para el networking profesional. Actualiza tu perfil con tus nuevas habilidades y proyectos. Publica contenido relevante y participa en discusiones para aumentar tu visibilidad.<\/p>\n\n\n\n<h3 class=\"wp-block-heading\">3. Grupos profesionales:<\/h3>\n\n\n\n<p>\u00danete a grupos y asociaciones profesionales relacionados con tu campo. Estos pueden ofrecer recursos valiosos, oportunidades de networking y eventos exclusivos.<\/p>\n\n\n\n<h2 class=\"wp-block-heading\">De regreso al mercado laboral<\/h2>\n\n\n\n<p>\u00bfQu\u00e9 necesitas al salir de tu pausa laboral?<\/p>\n\n\n\n<h3 class=\"wp-block-heading\">1. Actualizar el Curr\u00edculum:<\/h3>\n\n\n\n<p>Tu curr\u00edculum debe reflejar las nuevas habilidades y experiencias adquiridas durante tu pausa laboral. Enfatiza los cursos completados, los proyectos freelance, el voluntariado y cualquier logro relevante.<\/p>\n\n\n\n<h3 class=\"wp-block-heading\">2. Prepararse para entrevistas:<\/h3>\n\n\n\n<p>Practica tus respuestas a preguntas de entrevista, especialmente aquellas relacionadas con tu pausa laboral. S\u00e9 honesto y enfoca la conversaci\u00f3n en c\u00f3mo has utilizado este tiempo para desarrollarte profesionalmente.<\/p>\n\n\n\n<p>Aqu\u00ed algunas de las caracter\u00edsticas de una <a href=\"https:\/\/www.questionpro.com\/blog\/es\/entrevista-laboral\/\">entrevista laboral<\/a>.<\/p>\n\n\n\n<h3 class=\"wp-block-heading\">3. Estrategia de b\u00fasqueda de empleo:<\/h3>\n\n\n\n<p>Desarrolla una estrategia de b\u00fasqueda de empleo que incluya el uso de plataformas de empleo, agencias de reclutamiento y redes profesionales. Define claramente tus objetivos y el tipo de roles que buscas.<\/p>\n\n\n\n<p>Transformar una pausa laboral, tradicionalmente vista como un obst\u00e1culo, en una oportunidad estrat\u00e9gica es un enfoque innovador y empoderador.&nbsp;<\/p>\n\n\n\n<p>Una pausa laboral no debe ser vista como el final de tu carrera, sino como una oportunidad para reinventarse y crecer. Al adoptar una actitud proactiva, educarte, y mantenerte conectado con tu industria, puedes convertir este periodo en una plataforma para alcanzar nuevos niveles de \u00e9xito profesional. Recuerda, el camino hacia el \u00e9xito no siempre es lineal, y cada experiencia, incluida una pausa laboral, puede aportar valor y perspectiva a tu viaje profesional.<\/p>\n\n\n\n<p>Aprovecha esta oportunidad para transformarte y regresar al mercado laboral con m\u00e1s fuerza y confianza que nunca \u00a1T\u00fa tienes el poder de transformar este desaf\u00edo en una historia de \u00e9xito inspiradora!<\/p>\n\n\n\n<div style=\"background-color:#f2f2f2;color:#32373c\" class=\"wp-block-genesis-blocks-gb-profile-box square gb-has-avatar gb-font-size-18 gb-block-profile gb-profile-columns\"><div class=\"gb-profile-column gb-profile-avatar-wrap\"><div class=\"gb-profile-image-wrap\"><figure class=\"gb-profile-image-square\"><img loading=\"lazy\" decoding=\"async\" width=\"591\" height=\"591\" class=\"gb-profile-avatar wp-image-870350\" src=\"https:\/\/www.questionpro.com\/blog\/wp-content\/uploads\/2024\/05\/avatar-colaborador.png\" alt=\"Elisa Mendieta Lloyd\" srcset=\"https:\/\/www.questionpro.com\/blog\/wp-content\/uploads\/2024\/05\/avatar-colaborador.png 591w, https:\/\/www.questionpro.com\/blog\/wp-content\/uploads\/2024\/05\/avatar-colaborador-300x300.png 300w, https:\/\/www.questionpro.com\/blog\/wp-content\/uploads\/2024\/05\/avatar-colaborador-150x150.png 150w, https:\/\/www.questionpro.com\/blog\/wp-content\/uploads\/2024\/05\/avatar-colaborador-100x100.png 100w\" sizes=\"(max-width: 591px) 100vw, 591px\" \/><\/figure><\/div><\/div><div class=\"gb-profile-column gb-profile-content-wrap\"><h2 class=\"gb-profile-name\" style=\"color:#32373c\"><a href=\"http:\/\/www.linkedin.com\/in\/elisalloyd\">Elisa Lloyd<\/a><\/h2><p class=\"gb-profile-title\" style=\"color:#32373c\">Consultora experta en Recursos Humanos y transformaci\u00f3n personal<\/p><div class=\"gb-profile-text\">A lo largo de su trayectoria, Elisa ha ocupado roles directivos en diversas organizaciones, destac\u00e1ndose por su enfoque en el bienestar laboral, la creaci\u00f3n de un clima y cultura organizacional positivos, y su capacidad para formar equipos de alto rendimiento. Su participaci\u00f3n como docente acad\u00e9mica en la Universidad Iberoamericana, escritora para revistas especializadas y miembro de la C\u00e1mara Internacional de conferencistas como Master Speaker Internacional evidencian su compromiso con el aprendizaje continuo y la difusi\u00f3n del conocimiento en su campo.<\/div><ul class=\"gb-social-links\"><\/ul><\/div><\/div>\n","protected":false},"excerpt":{"rendered":"<p>Enfrentar una pausa laboral, no importa si es voluntaria o forzada, puede ser desalentador es un periodo de incertidumbre y [&hellip;]<\/p>\n","protected":false},"author":42,"featured_media":931051,"comment_status":"closed","ping_status":"closed","sticky":false,"template":"","format":"standard","meta":{"_genesis_hide_title":false,"_genesis_hide_breadcrumbs":false,"_genesis_hide_singular_image":false,"_genesis_hide_footer_widgets":false,"_genesis_custom_body_class":"","_genesis_custom_post_class":"","_genesis_layout":"","footnotes":""},"categories":[165],"tags":[],"yoast_head":"<!-- This site is optimized with the Yoast SEO plugin v20.4 - https:\/\/yoast.com\/wordpress\/plugins\/seo\/ -->\n<title>C\u00f3mo convertir una pausa laboral en la mejor oportunidad de carrerra<\/title>\n<meta name=\"description\" content=\"Convierte una pausa laboral en una oportunidad: adquiere nuevas habilidades y regresa al mercado laboral con ventaja competitiva.\" \/>\n<meta name=\"robots\" content=\"index, follow, max-snippet:-1, max-image-preview:large, max-video-preview:-1\" \/>\n<link rel=\"canonical\" href=\"https:\/\/www.questionpro.com\/blog\/es\/pausa-laboral\/\" \/>\n<meta property=\"og:locale\" content=\"es_ES\" \/>\n<meta property=\"og:type\" content=\"article\" \/>\n<meta property=\"og:title\" content=\"C\u00f3mo convertir una pausa laboral en la mejor oportunidad de carrerra\" \/>\n<meta property=\"og:description\" content=\"Convierte una pausa laboral en una oportunidad: adquiere nuevas habilidades y regresa al mercado laboral con ventaja competitiva.\" \/>\n<meta property=\"og:url\" content=\"https:\/\/www.questionpro.com\/blog\/es\/pausa-laboral\/\" \/>\n<meta property=\"og:site_name\" content=\"QuestionPro\" \/>\n<meta property=\"article:publisher\" content=\"https:\/\/www.facebook.com\/questionpro\" \/>\n<meta property=\"article:published_time\" content=\"2024-06-21T14:00:00+00:00\" \/>\n<meta property=\"article:modified_time\" content=\"2024-06-24T15:25:46+00:00\" \/>\n<meta property=\"og:image\" content=\"https:\/\/www.questionpro.com\/blog\/wp-content\/uploads\/2024\/06\/2762-despido-a-contratado.jpg\" \/>\n\t<meta property=\"og:image:width\" content=\"1600\" \/>\n\t<meta property=\"og:image:height\" content=\"836\" \/>\n\t<meta property=\"og:image:type\" content=\"image\/jpeg\" \/>\n<meta name=\"author\" content=\"Cristina Ortega\" \/>\n<meta name=\"twitter:card\" content=\"summary_large_image\" \/>\n<meta name=\"twitter:image\" content=\"https:\/\/www.questionpro.com\/blog\/wp-content\/uploads\/2024\/06\/2762-despido-a-contratado.jpg\" \/>\n<meta name=\"twitter:creator\" content=\"@questionpro\" \/>\n<meta name=\"twitter:site\" content=\"@questionpro\" \/>\n<meta name=\"twitter:label1\" content=\"Written by\" \/>\n\t<meta name=\"twitter:data1\" content=\"Cristina Ortega\" \/>\n\t<meta name=\"twitter:label2\" content=\"Est. reading time\" \/>\n\t<meta name=\"twitter:data2\" content=\"5 minutes\" \/>\n<script type=\"application\/ld+json\" class=\"yoast-schema-graph\">{\"@context\":\"https:\/\/schema.org\",\"@graph\":[{\"@type\":\"Article\",\"@id\":\"https:\/\/www.questionpro.com\/blog\/es\/pausa-laboral\/#article\",\"isPartOf\":{\"@id\":\"https:\/\/www.questionpro.com\/blog\/es\/pausa-laboral\/\"},\"author\":{\"name\":\"Cristina Ortega\",\"@id\":\"https:\/\/www.questionpro.com\/blog\/es\/#\/schema\/person\/36aae2d8eed7708b6408f95c0198593d\"},\"headline\":\"De despedido a contratado: C\u00f3mo convertir una pausa laboral en la mejor oportunidad de tu carrera\",\"datePublished\":\"2024-06-21T14:00:00+00:00\",\"dateModified\":\"2024-06-24T15:25:46+00:00\",\"mainEntityOfPage\":{\"@id\":\"https:\/\/www.questionpro.com\/blog\/es\/pausa-laboral\/\"},\"wordCount\":979,\"publisher\":{\"@id\":\"https:\/\/www.questionpro.com\/blog\/es\/#organization\"},\"articleSection\":[\"Workforce\"],\"inLanguage\":\"es\"},{\"@type\":\"WebPage\",\"@id\":\"https:\/\/www.questionpro.com\/blog\/es\/pausa-laboral\/\",\"url\":\"https:\/\/www.questionpro.com\/blog\/es\/pausa-laboral\/\",\"name\":\"C\u00f3mo convertir una pausa laboral en la mejor oportunidad de carrerra\",\"isPartOf\":{\"@id\":\"https:\/\/www.questionpro.com\/blog\/es\/#website\"},\"datePublished\":\"2024-06-21T14:00:00+00:00\",\"dateModified\":\"2024-06-24T15:25:46+00:00\",\"description\":\"Convierte una pausa laboral en una oportunidad: adquiere nuevas habilidades y regresa al mercado laboral con ventaja competitiva.\",\"breadcrumb\":{\"@id\":\"https:\/\/www.questionpro.com\/blog\/es\/pausa-laboral\/#breadcrumb\"},\"inLanguage\":\"es\",\"potentialAction\":[{\"@type\":\"ReadAction\",\"target\":[\"https:\/\/www.questionpro.com\/blog\/es\/pausa-laboral\/\"]}]},{\"@type\":\"BreadcrumbList\",\"@id\":\"https:\/\/www.questionpro.com\/blog\/es\/pausa-laboral\/#breadcrumb\",\"itemListElement\":[{\"@type\":\"ListItem\",\"position\":1,\"name\":\"Home\",\"item\":\"https:\/\/www.questionpro.com\/blog\/es\/\"},{\"@type\":\"ListItem\",\"position\":2,\"name\":\"Workforce\",\"item\":\"https:\/\/www.questionpro.com\/blog\/es\/category\/workforce\/\"},{\"@type\":\"ListItem\",\"position\":3,\"name\":\"De despedido a contratado: C\u00f3mo convertir una pausa laboral en la mejor oportunidad de tu carrera\"}]},{\"@type\":\"WebSite\",\"@id\":\"https:\/\/www.questionpro.com\/blog\/es\/#website\",\"url\":\"https:\/\/www.questionpro.com\/blog\/es\/\",\"name\":\"QuestionPro\",\"description\":\"\",\"publisher\":{\"@id\":\"https:\/\/www.questionpro.com\/blog\/es\/#organization\"},\"potentialAction\":[{\"@type\":\"SearchAction\",\"target\":{\"@type\":\"EntryPoint\",\"urlTemplate\":\"https:\/\/www.questionpro.com\/blog\/es\/?s={search_term_string}\"},\"query-input\":\"required name=search_term_string\"}],\"inLanguage\":\"es\"},{\"@type\":\"Organization\",\"@id\":\"https:\/\/www.questionpro.com\/blog\/es\/#organization\",\"name\":\"QuestionPro\",\"url\":\"https:\/\/www.questionpro.com\/blog\/es\/\",\"logo\":{\"@type\":\"ImageObject\",\"inLanguage\":\"es\",\"@id\":\"https:\/\/www.questionpro.com\/blog\/es\/#\/schema\/logo\/image\/\",\"url\":\"https:\/\/www.questionpro.com\/blog\/wp-content\/uploads\/2022\/10\/questionpro-logo.svg\",\"contentUrl\":\"https:\/\/www.questionpro.com\/blog\/wp-content\/uploads\/2022\/10\/questionpro-logo.svg\",\"caption\":\"QuestionPro\"},\"image\":{\"@id\":\"https:\/\/www.questionpro.com\/blog\/es\/#\/schema\/logo\/image\/\"},\"sameAs\":[\"https:\/\/www.facebook.com\/questionpro\",\"https:\/\/twitter.com\/questionpro\",\"https:\/\/www.linkedin.com\/company\/questionpro\/\"]},{\"@type\":\"Person\",\"@id\":\"https:\/\/www.questionpro.com\/blog\/es\/#\/schema\/person\/36aae2d8eed7708b6408f95c0198593d\",\"name\":\"Cristina Ortega\",\"image\":{\"@type\":\"ImageObject\",\"inLanguage\":\"es\",\"@id\":\"https:\/\/www.questionpro.com\/blog\/es\/#\/schema\/person\/image\/\",\"url\":\"https:\/\/secure.gravatar.com\/avatar\/49635f2181bfe83c436d50b9a8bf1f2e?s=96&d=mm&r=g\",\"contentUrl\":\"https:\/\/secure.gravatar.com\/avatar\/49635f2181bfe83c436d50b9a8bf1f2e?s=96&d=mm&r=g\",\"caption\":\"Cristina Ortega\"},\"url\":\"https:\/\/www.questionpro.com\/blog\/es\/author\/cristinaortega\/\"}]}<\/script>\n<!-- \/ Yoast SEO plugin. -->","yoast_head_json":{"title":"C\u00f3mo convertir una pausa laboral en la mejor oportunidad de carrerra","description":"Convierte una pausa laboral en una oportunidad: adquiere nuevas habilidades y regresa al mercado laboral con ventaja competitiva.","robots":{"index":"index","follow":"follow","max-snippet":"max-snippet:-1","max-image-preview":"max-image-preview:large","max-video-preview":"max-video-preview:-1"},"canonical":"https:\/\/www.questionpro.com\/blog\/es\/pausa-laboral\/","og_locale":"es_ES","og_type":"article","og_title":"C\u00f3mo convertir una pausa laboral en la mejor oportunidad de carrerra","og_description":"Convierte una pausa laboral en una oportunidad: adquiere nuevas habilidades y regresa al mercado laboral con ventaja competitiva.","og_url":"https:\/\/www.questionpro.com\/blog\/es\/pausa-laboral\/","og_site_name":"QuestionPro","article_publisher":"https:\/\/www.facebook.com\/questionpro","article_published_time":"2024-06-21T14:00:00+00:00","article_modified_time":"2024-06-24T15:25:46+00:00","og_image":[{"width":1600,"height":836,"url":"https:\/\/www.questionpro.com\/blog\/wp-content\/uploads\/2024\/06\/2762-despido-a-contratado.jpg","type":"image\/jpeg"}],"author":"Cristina Ortega","twitter_card":"summary_large_image","twitter_image":"https:\/\/www.questionpro.com\/blog\/wp-content\/uploads\/2024\/06\/2762-despido-a-contratado.jpg","twitter_creator":"@questionpro","twitter_site":"@questionpro","twitter_misc":{"Written by":"Cristina Ortega","Est. reading time":"5 minutes"},"schema":{"@context":"https:\/\/schema.org","@graph":[{"@type":"Article","@id":"https:\/\/www.questionpro.com\/blog\/es\/pausa-laboral\/#article","isPartOf":{"@id":"https:\/\/www.questionpro.com\/blog\/es\/pausa-laboral\/"},"author":{"name":"Cristina Ortega","@id":"https:\/\/www.questionpro.com\/blog\/es\/#\/schema\/person\/36aae2d8eed7708b6408f95c0198593d"},"headline":"De despedido a contratado: C\u00f3mo convertir una pausa laboral en la mejor oportunidad de tu carrera","datePublished":"2024-06-21T14:00:00+00:00","dateModified":"2024-06-24T15:25:46+00:00","mainEntityOfPage":{"@id":"https:\/\/www.questionpro.com\/blog\/es\/pausa-laboral\/"},"wordCount":979,"publisher":{"@id":"https:\/\/www.questionpro.com\/blog\/es\/#organization"},"articleSection":["Workforce"],"inLanguage":"es"},{"@type":"WebPage","@id":"https:\/\/www.questionpro.com\/blog\/es\/pausa-laboral\/","url":"https:\/\/www.questionpro.com\/blog\/es\/pausa-laboral\/","name":"C\u00f3mo convertir una pausa laboral en la mejor oportunidad de carrerra","isPartOf":{"@id":"https:\/\/www.questionpro.com\/blog\/es\/#website"},"datePublished":"2024-06-21T14:00:00+00:00","dateModified":"2024-06-24T15:25:46+00:00","description":"Convierte una pausa laboral en una oportunidad: adquiere nuevas habilidades y regresa al mercado laboral con ventaja competitiva.","breadcrumb":{"@id":"https:\/\/www.questionpro.com\/blog\/es\/pausa-laboral\/#breadcrumb"},"inLanguage":"es","potentialAction":[{"@type":"ReadAction","target":["https:\/\/www.questionpro.com\/blog\/es\/pausa-laboral\/"]}]},{"@type":"BreadcrumbList","@id":"https:\/\/www.questionpro.com\/blog\/es\/pausa-laboral\/#breadcrumb","itemListElement":[{"@type":"ListItem","position":1,"name":"Home","item":"https:\/\/www.questionpro.com\/blog\/es\/"},{"@type":"ListItem","position":2,"name":"Workforce","item":"https:\/\/www.questionpro.com\/blog\/es\/category\/workforce\/"},{"@type":"ListItem","position":3,"name":"De despedido a contratado: C\u00f3mo convertir una pausa laboral en la mejor oportunidad de tu carrera"}]},{"@type":"WebSite","@id":"https:\/\/www.questionpro.com\/blog\/es\/#website","url":"https:\/\/www.questionpro.com\/blog\/es\/","name":"QuestionPro","description":"","publisher":{"@id":"https:\/\/www.questionpro.com\/blog\/es\/#organization"},"potentialAction":[{"@type":"SearchAction","target":{"@type":"EntryPoint","urlTemplate":"https:\/\/www.questionpro.com\/blog\/es\/?s={search_term_string}"},"query-input":"required name=search_term_string"}],"inLanguage":"es"},{"@type":"Organization","@id":"https:\/\/www.questionpro.com\/blog\/es\/#organization","name":"QuestionPro","url":"https:\/\/www.questionpro.com\/blog\/es\/","logo":{"@type":"ImageObject","inLanguage":"es","@id":"https:\/\/www.questionpro.com\/blog\/es\/#\/schema\/logo\/image\/","url":"https:\/\/www.questionpro.com\/blog\/wp-content\/uploads\/2022\/10\/questionpro-logo.svg","contentUrl":"https:\/\/www.questionpro.com\/blog\/wp-content\/uploads\/2022\/10\/questionpro-logo.svg","caption":"QuestionPro"},"image":{"@id":"https:\/\/www.questionpro.com\/blog\/es\/#\/schema\/logo\/image\/"},"sameAs":["https:\/\/www.facebook.com\/questionpro","https:\/\/twitter.com\/questionpro","https:\/\/www.linkedin.com\/company\/questionpro\/"]},{"@type":"Person","@id":"https:\/\/www.questionpro.com\/blog\/es\/#\/schema\/person\/36aae2d8eed7708b6408f95c0198593d","name":"Cristina Ortega","image":{"@type":"ImageObject","inLanguage":"es","@id":"https:\/\/www.questionpro.com\/blog\/es\/#\/schema\/person\/image\/","url":"https:\/\/secure.gravatar.com\/avatar\/49635f2181bfe83c436d50b9a8bf1f2e?s=96&d=mm&r=g","contentUrl":"https:\/\/secure.gravatar.com\/avatar\/49635f2181bfe83c436d50b9a8bf1f2e?s=96&d=mm&r=g","caption":"Cristina Ortega"},"url":"https:\/\/www.questionpro.com\/blog\/es\/author\/cristinaortega\/"}]}},"featured_image_src":"https:\/\/www.questionpro.com\/blog\/wp-content\/uploads\/2024\/06\/2762-Portada-despido-a-contratado.jpg","featured_image_src_square":"https:\/\/www.questionpro.com\/blog\/wp-content\/uploads\/2024\/06\/2762-Portada-despido-a-contratado.jpg","author_info":{"display_name":"Cristina Ortega","author_link":"https:\/\/www.questionpro.com\/blog\/es\/author\/cristinaortega\/"},"_links":{"self":[{"href":"https:\/\/www.questionpro.com\/blog\/es\/wp-json\/wp\/v2\/posts\/931050"}],"collection":[{"href":"https:\/\/www.questionpro.com\/blog\/es\/wp-json\/wp\/v2\/posts"}],"about":[{"href":"https:\/\/www.questionpro.com\/blog\/es\/wp-json\/wp\/v2\/types\/post"}],"author":[{"embeddable":true,"href":"https:\/\/www.questionpro.com\/blog\/es\/wp-json\/wp\/v2\/users\/42"}],"replies":[{"embeddable":true,"href":"https:\/\/www.questionpro.com\/blog\/es\/wp-json\/wp\/v2\/comments?post=931050"}],"version-history":[{"count":3,"href":"https:\/\/www.questionpro.com\/blog\/es\/wp-json\/wp\/v2\/posts\/931050\/revisions"}],"predecessor-version":[{"id":931558,"href":"https:\/\/www.questionpro.com\/blog\/es\/wp-json\/wp\/v2\/posts\/931050\/revisions\/931558"}],"wp:featuredmedia":[{"embeddable":true,"href":"https:\/\/www.questionpro.com\/blog\/es\/wp-json\/wp\/v2\/media\/931051"}],"wp:attachment":[{"href":"https:\/\/www.questionpro.com\/blog\/es\/wp-json\/wp\/v2\/media?parent=931050"}],"wp:term":[{"taxonomy":"category","embeddable":true,"href":"https:\/\/www.questionpro.com\/blog\/es\/wp-json\/wp\/v2\/categories?post=931050"},{"taxonomy":"post_tag","embeddable":true,"href":"https:\/\/www.questionpro.com\/blog\/es\/wp-json\/wp\/v2\/tags?post=931050"}],"curies":[{"name":"wp","href":"https:\/\/api.w.org\/{rel}","templated":true}]}}