

{"id":784675,"date":"2022-03-31T06:45:19","date_gmt":"2022-03-31T13:45:19","guid":{"rendered":"https:\/\/www.questionpro.com\/blog\/60-questions-a-poser-dans-le-cadre-dune-enquete-sur-la-conference-parents-professeurs\/"},"modified":"2022-03-31T06:45:19","modified_gmt":"2022-03-31T06:45:19","slug":"60-questions-a-poser-dans-le-cadre-dune-enquete-sur-la-conference-parents-professeurs","status":"publish","type":"post","link":"https:\/\/www.questionpro.com\/blog\/fr\/60-questions-a-poser-dans-le-cadre-dune-enquete-sur-la-conference-parents-professeurs\/","title":{"rendered":"60 questions \u00e0 poser dans le cadre d&rsquo;une enqu\u00eate sur la conf\u00e9rence parents-professeurs"},"content":{"rendered":"<p><span style=\"font-weight: 400;\">Il est important d&rsquo;assister aux r\u00e9unions parents-professeurs pour en savoir plus sur les r\u00e9sultats scolaires et le comportement social et \u00e9motionnel de votre enfant. Il offre aux parents et aux enseignants la possibilit\u00e9 d&rsquo;am\u00e9liorer l&rsquo;exp\u00e9rience de leur enfant \u00e0 l&rsquo;\u00e9cole et de tirer le meilleur parti de ses premi\u00e8res ann\u00e9es de vie.<\/span><\/p>\n<p><span style=\"font-weight: 400;\">Ce qui peut faire la diff\u00e9rence, c&rsquo;est <\/span><a href=\"https:\/\/www.questionpro.com\/article\/survey-question-answer-type.html\">poser les bonnes questions<\/a><span style=\"font-weight: 400;\">. Les parents doivent poser des questions qui leur permettent de conna\u00eetre la face cach\u00e9e de la personnalit\u00e9 de leur enfant, tandis que les enseignants doivent communiquer les bonnes informations aux parents.&nbsp;<\/span><\/p>\n<p><span style=\"font-weight: 400;\">Les enfants sont les principaux b\u00e9n\u00e9ficiaires de la collaboration entre les parents et les enseignants. Il est donc important de poser les bonnes questions en peu de temps lors de la r\u00e9union parents-professeurs. Les <a href=\"https:\/\/www.questionpro.com\/blog\/how-to-run-student-polls-live\/\">sondages aupr\u00e8s des \u00e9l\u00e8ves<\/a> peuvent \u00eatre utiles dans ce cas.<\/span><\/p>\n<p><span style=\"font-weight: 400;\">Voici une liste de questions que vous pouvez poser lors d&rsquo;une r\u00e9union parents-professeurs. En fonction de la personne qui les pose, nous les avons r\u00e9parties en trois cat\u00e9gories.<\/span><\/p>\n<ul>\n<li><span style=\"font-weight: 400;\">Questions aux parents sur la conf\u00e9rence parents-enseignants<\/span><\/li>\n<li><span style=\"font-weight: 400;\">Questions aux enseignants pour les conf\u00e9rences parents-enseignants<\/span><\/li>\n<li><span style=\"font-weight: 400;\">Questions relatives au retour d&rsquo;information sur les conf\u00e9rences parents-enseignants<\/span><\/li>\n<\/ul>\n<p><span style=\"font-weight: 400;\">Vous pouvez les utiliser dans une enqu\u00eate en ligne comme <a href=\"https:\/\/www.questionpro.com\/blog\/kahoot-alternative\/\">alternatives au Kahoot<\/a> ou dans des questionnaires en utilisant l&rsquo;un de nos <\/span>mod\u00e8les d&rsquo;enqu\u00eate.<span style=\"font-weight: 400;\">&nbsp;<\/span><\/p>\n<p style=\"text-align: center;\"><a class=\"square-cta secondary-lined-cta\" href=\"https:\/\/www.questionpro.com\/survey-templates\/\" target=\"_blank\" rel=\"noopener noreferrer\"><strong>350+ mod\u00e8les d&rsquo;enqu\u00eate gratuits<\/strong><\/a><\/p>\n<h2><span style=\"font-weight: 400;\">Enqu\u00eate sur la conf\u00e9rence parents-enseignants : questions pour les parents<\/span><\/h2>\n<p><span style=\"font-weight: 400;\">L&rsquo;\u00e9tablissement d&rsquo;une relation saine avec l&rsquo;enseignant de votre enfant peut faire une grande diff\u00e9rence dans son exp\u00e9rience scolaire. Pr\u00e9parez-vous donc \u00e0 poser les questions pertinentes qui vous donneront le plus d&rsquo;informations sur les comp\u00e9tences, les performances, les d\u00e9fis et les attitudes de vos enfants. Les <a href=\"https:\/\/www.questionpro.com\/blog\/parent-survey-questions\/\">questions de l&rsquo;enqu\u00eate aupr\u00e8s des parents<\/a> vous aideront \u00e0 tirer le meilleur parti de la courte fen\u00eatre dont disposent les parents.<\/span><\/p>\n<h3><span style=\"font-weight: 400;\">Questions sur les r\u00e9sultats scolaires<\/span><\/h3>\n<ol>\n<li style=\"font-weight: 400;\" aria-level=\"1\"><span style=\"font-weight: 400;\">Quels sont les r\u00e9sultats scolaires de mon enfant ?<\/span><\/li>\n<li style=\"font-weight: 400;\" aria-level=\"1\"><span style=\"font-weight: 400;\">Quels sont les r\u00e9sultats de mon enfant dans les mati\u00e8res sp\u00e9cifiques de &lt;&gt; ?<\/span><\/li>\n<li style=\"font-weight: 400;\" aria-level=\"1\"><span style=\"font-weight: 400;\">Mon enfant rencontre-t-il des difficult\u00e9s particuli\u00e8res dans une mati\u00e8re ?<\/span><\/li>\n<li style=\"font-weight: 400;\" aria-level=\"1\"><span style=\"font-weight: 400;\">Mon enfant a-t-il des difficult\u00e9s \u00e0 se concentrer sur ses \u00e9tudes ?<\/span><\/li>\n<li style=\"font-weight: 400;\" aria-level=\"1\"><span style=\"font-weight: 400;\">Pensez-vous que mon enfant a besoin d&rsquo;une \u00e9valuation de l&rsquo;\u00e9ducation sp\u00e9ciale ?<\/span><\/li>\n<li style=\"font-weight: 400;\" aria-level=\"1\"><span style=\"font-weight: 400;\">Mon enfant est-il attentif en classe ?<\/span><\/li>\n<li style=\"font-weight: 400;\" aria-level=\"1\"><span style=\"font-weight: 400;\">Que pr\u00e9f\u00e8re mon enfant &#8211; des cours hors ligne ou des cours en ligne ?<\/span><\/li>\n<li style=\"font-weight: 400;\" aria-level=\"1\"><span style=\"font-weight: 400;\">Quels sont, selon vous, les moyens d&rsquo;aider notre enfant \u00e0 apprendre une mati\u00e8re ?<\/span><\/li>\n<li style=\"font-weight: 400;\" aria-level=\"1\"><span style=\"font-weight: 400;\">Comment aider nos enfants \u00e0 ma\u00eetriser leur mati\u00e8re pr\u00e9f\u00e9r\u00e9e ?<\/span><\/li>\n<li style=\"font-weight: 400;\" aria-level=\"1\"><span style=\"font-weight: 400;\">Comment pouvons-nous aider nos enfants \u00e0 progresser sur le plan scolaire ?<\/span><\/li>\n<li style=\"font-weight: 400;\" aria-level=\"1\"><span style=\"font-weight: 400;\">Comment mes enfants se d\u00e9brouillent-ils dans leurs devoirs, leurs tests et leurs discussions ?<\/span><\/li>\n<li style=\"font-weight: 400;\" aria-level=\"1\"><span style=\"font-weight: 400;\">Quelles sont les forces et les faiblesses de mon enfant ?<\/span><\/li>\n<li style=\"font-weight: 400;\" aria-level=\"1\"><span style=\"font-weight: 400;\">Les r\u00e9sultats de mon enfant correspondent-ils \u00e0 son \u00e2ge et \u00e0 son niveau scolaire ?<\/span><\/li>\n<li style=\"font-weight: 400;\" aria-level=\"1\"><span style=\"font-weight: 400;\">Votre \u00e9cole propose-t-elle un tutorat professionnel ?<\/span><\/li>\n<li style=\"font-weight: 400;\" aria-level=\"1\"><span style=\"font-weight: 400;\">Comment r\u00e9compensez-vous les \u00e9tudiants ?<\/span><\/li>\n<\/ol>\n<p style=\"text-align: center;\"><a class=\"square-cta secondary-lined-cta\" href=\"https:\/\/www.questionpro.com\/survey-templates\/parent-teacher-conference-questions-for-parents\/\" target=\"_blank\" rel=\"noopener noreferrer\"><strong>Mod\u00e8le gratuit d&rsquo;enqu\u00eate sur la conf\u00e9rence parents-professeurs pour les parents<\/strong><\/a><\/p>\n<h3><span style=\"font-weight: 400;\">Questions sur le comportement social et \u00e9motionnel<\/span><\/h3>\n<ol>\n<li style=\"font-weight: 400;\" aria-level=\"1\"><span style=\"font-weight: 400;\">Comment mon enfant se comporte-t-il socialement avec ses pairs ?<\/span><\/li>\n<li style=\"font-weight: 400;\" aria-level=\"1\"><span style=\"font-weight: 400;\">Mon enfant a-t-il suffisamment d&rsquo;amis \u00e0 l&rsquo;\u00e9cole ?<\/span><\/li>\n<li style=\"font-weight: 400;\" aria-level=\"1\"><span style=\"font-weight: 400;\">Mon enfant parle-t-il suffisamment avec ses camarades de classe ?<\/span><\/li>\n<li style=\"font-weight: 400;\" aria-level=\"1\"><span style=\"font-weight: 400;\">Mon enfant a-t-il l&rsquo;air heureux \u00e0 l&rsquo;\u00e9cole ?<\/span><\/li>\n<li style=\"font-weight: 400;\" aria-level=\"1\"><span style=\"font-weight: 400;\">Dans les situations difficiles, mon enfant se d\u00e9fend-il de mani\u00e8re autonome ?<\/span><\/li>\n<li style=\"font-weight: 400;\" aria-level=\"1\"><span style=\"font-weight: 400;\">Mon enfant se sent-il intimid\u00e9 par les autres ?<\/span><\/li>\n<li style=\"font-weight: 400;\" aria-level=\"1\"><span style=\"font-weight: 400;\">Quelle est la politique de votre \u00e9cole en mati\u00e8re de harc\u00e8lement scolaire ?<\/span><\/li>\n<li style=\"font-weight: 400;\" aria-level=\"1\"><span style=\"font-weight: 400;\">\u00c0 qui dois-je m&rsquo;adresser si j&rsquo;ai l&rsquo;impression que mon enfant est victime de harc\u00e8lement ?<\/span><\/li>\n<li style=\"font-weight: 400;\" aria-level=\"1\"><span style=\"font-weight: 400;\">Que pensez-vous des capacit\u00e9s d&rsquo;organisation de mon enfant ?<\/span><\/li>\n<li style=\"font-weight: 400;\" aria-level=\"1\"><span style=\"font-weight: 400;\">Mon enfant parle-t-il respectueusement avec les repr\u00e9sentants de l&rsquo;autorit\u00e9 ?<\/span><\/li>\n<li style=\"font-weight: 400;\" aria-level=\"1\"><span style=\"font-weight: 400;\">Mon enfant aime-t-il participer \u00e0 des activit\u00e9s extrascolaires ?<\/span><\/li>\n<li style=\"font-weight: 400;\" aria-level=\"1\"><span style=\"font-weight: 400;\">Mon enfant est-il exceptionnellement dou\u00e9 pour un art ou un sport ?<\/span><\/li>\n<li style=\"font-weight: 400;\" aria-level=\"1\"><span style=\"font-weight: 400;\">Mon enfant maintient-il la discipline en classe ?<\/span><\/li>\n<li style=\"font-weight: 400;\" aria-level=\"1\"><span style=\"font-weight: 400;\">Quelles sont les comp\u00e9tences non techniques que vous sugg\u00e9rez \u00e0 mon enfant de d\u00e9velopper ?<\/span><\/li>\n<li style=\"font-weight: 400;\" aria-level=\"1\"><span style=\"font-weight: 400;\">Souhaitez-vous nous faire part d&rsquo;un comportement particulier de mon enfant ?<\/span><\/li>\n<\/ol>\n<h3><span style=\"font-weight: 400;\">G\u00e9n\u00e9ral<\/span><\/h3>\n<p><span style=\"font-weight: 400;\">Vous pouvez utiliser les questions ci-dessous pour informer les enseignants sur votre enfant. Cela leur permettra d&rsquo;offrir un meilleur soutien aux enfants et de mieux les comprendre.<\/span><\/p>\n<ol>\n<li style=\"font-weight: 400;\" aria-level=\"1\"><span style=\"font-weight: 400;\">Avez-vous d&rsquo;autres commentaires, suggestions ou pr\u00e9occupations ?<\/span><\/li>\n<li style=\"font-weight: 400;\" aria-level=\"1\"><span style=\"font-weight: 400;\">Je traverse une phase difficile de ma vie. Comment puis-je m&rsquo;assurer que cela n&rsquo;affecte pas mon enfant ?<\/span><\/li>\n<li style=\"font-weight: 400;\" aria-level=\"1\"><span style=\"font-weight: 400;\">Mon enfant se comporte-t-il comme on l&rsquo;attend d&rsquo;un enfant du m\u00eame \u00e2ge ?<\/span><\/li>\n<li style=\"font-weight: 400;\" aria-level=\"1\"><span style=\"font-weight: 400;\">Comment cr\u00e9er un meilleur lien avec mon enfant ?<\/span><\/li>\n<li style=\"font-weight: 400;\" aria-level=\"1\"><span style=\"font-weight: 400;\">Comment rester inform\u00e9 des r\u00e9sultats de mon enfant et des programmes scolaires ?<\/span><\/li>\n<\/ol>\n<h2><span style=\"font-weight: 400;\">Questions de l&rsquo;enqu\u00eate sur la conf\u00e9rence parents-enseignants \u00e0 l&rsquo;intention des enseignants<\/span><\/h2>\n<p><span style=\"font-weight: 400;\">Voici quelques questions que les enseignants peuvent poser aux parents pour mieux conna\u00eetre leurs enfants. Vous pouvez cr\u00e9er un questionnaire en ligne et le distribuer aux parents, imprimer un questionnaire en ligne.  <\/span><a href=\"https:\/\/www.questionpro.com\/features\/paper-surveys.html\">enqu\u00eate papier<\/a><span style=\"font-weight: 400;\">.<\/span><\/p>\n<ol>\n<li style=\"font-weight: 400;\" aria-level=\"1\"><span style=\"font-weight: 400;\">Comment votre enfant se sent-il \u00e0 l&rsquo;\u00e9cole ?<\/span><\/li>\n<li style=\"font-weight: 400;\" aria-level=\"1\"><span style=\"font-weight: 400;\">Que pense votre enfant des enseignants ?<\/span><\/li>\n<li style=\"font-weight: 400;\" aria-level=\"1\"><span style=\"font-weight: 400;\">Que pense votre enfant du fait de faire ses devoirs ?<\/span><\/li>\n<li style=\"font-weight: 400;\" aria-level=\"1\"><span style=\"font-weight: 400;\">Combien de temps votre enfant passe-t-il en moyenne \u00e0 faire ses devoirs ?<\/span><\/li>\n<li style=\"font-weight: 400;\" aria-level=\"1\"><span style=\"font-weight: 400;\">Que pense votre enfant de ses camarades de classe ?<\/span><\/li>\n<li style=\"font-weight: 400;\" aria-level=\"1\"><span style=\"font-weight: 400;\">Votre enfant pose-t-il des questions sur certains sujets ?<\/span><\/li>\n<li style=\"font-weight: 400;\" aria-level=\"1\"><span style=\"font-weight: 400;\">Votre enfant a-t-il des difficult\u00e9s \u00e0 se concentrer sur une mati\u00e8re \u00e0 la maison ?<\/span><\/li>\n<li style=\"font-weight: 400;\" aria-level=\"1\"><span style=\"font-weight: 400;\">Comment puis-je aider au mieux votre enfant ?<\/span><\/li>\n<li style=\"font-weight: 400;\" aria-level=\"1\"><span style=\"font-weight: 400;\">Comment votre enfant se sent-il \u00e0 la maison ?<\/span><\/li>\n<li style=\"font-weight: 400;\" aria-level=\"1\"><span style=\"font-weight: 400;\">Votre enfant a-t-il des pr\u00e9occupations particuli\u00e8res concernant l&rsquo;\u00e9cole, ses camarades ou ses enseignants ?<\/span><\/li>\n<\/ol>\n<p style=\"text-align: center;\"><a class=\"square-cta secondary-lined-cta\" href=\"https:\/\/www.questionpro.com\/survey-templates\/parent-teacher-conference-questions-for-teachers\/\" target=\"_blank\" rel=\"noopener noreferrer\"><strong>Mod\u00e8le gratuit d&rsquo;enqu\u00eate sur la conf\u00e9rence parents-professeurs pour les enseignants<\/strong><\/a><\/p>\n<h2><span style=\"font-weight: 400;\">Questions de l&rsquo;enqu\u00eate sur les r\u00e9actions \u00e0 la conf\u00e9rence parents-enseignants<\/span><\/h2>\n<p><span style=\"font-weight: 400;\">Utilisez les exemples de questions ci-dessous pour recueillir les commentaires des parents sur la conf\u00e9rence avec les enseignants. En ligne  <\/span><a href=\"https:\/\/www.questionpro.com\/survey-software\/\">logiciel d&rsquo;enqu\u00eate<\/a><span style=\"font-weight: 400;\"> vous permettent de cr\u00e9er, de distribuer et d&rsquo;analyser les donn\u00e9es collect\u00e9es afin d&rsquo;obtenir des informations significatives.<\/span><\/p>\n<ol>\n<li style=\"font-weight: 400;\" aria-level=\"1\"><span style=\"font-weight: 400;\">Quel est votre degr\u00e9 de satisfaction \u00e0 l&rsquo;\u00e9gard de la r\u00e9union parents-professeurs ?<\/span><\/li>\n<li style=\"font-weight: 400;\" aria-level=\"1\"><span style=\"font-weight: 400;\">Avez-vous re\u00e7u un retour d&rsquo;information complet sur les performances de votre enfant tout au long de l&rsquo;ann\u00e9e ?<\/span><\/li>\n<li style=\"font-weight: 400;\" aria-level=\"1\"><span style=\"font-weight: 400;\">Avez-vous re\u00e7u des informations sur les r\u00e9sultats scolaires de votre enfant lors de la r\u00e9union ?<\/span><\/li>\n<li style=\"font-weight: 400;\" aria-level=\"1\"><span style=\"font-weight: 400;\">Avez-vous re\u00e7u des informations sur le comportement social de votre enfant lors de la r\u00e9union ?<\/span><\/li>\n<li style=\"font-weight: 400;\" aria-level=\"1\"><span style=\"font-weight: 400;\">Avez-vous re\u00e7u des informations sur l&rsquo;\u00e9tat \u00e9motionnel de votre enfant au cours de la r\u00e9union ?<\/span><\/li>\n<li style=\"font-weight: 400;\" aria-level=\"1\"><span style=\"font-weight: 400;\">Avez-vous eu la possibilit\u00e9 de poser des questions au cours de la r\u00e9union ?<\/span><\/li>\n<li style=\"font-weight: 400;\" aria-level=\"1\"><span style=\"font-weight: 400;\">Dans quelle mesure \u00eates-vous satisfait des r\u00e9ponses de l&rsquo;enseignant ?<\/span><\/li>\n<li style=\"font-weight: 400;\" aria-level=\"1\"><span style=\"font-weight: 400;\">Avez-vous eu l&rsquo;occasion de discuter de vos pr\u00e9occupations sp\u00e9cifiques concernant votre enfant ?<\/span><\/li>\n<li style=\"font-weight: 400;\" aria-level=\"1\"><span style=\"font-weight: 400;\">L&rsquo;enseignant vous a-t-il \u00e9cout\u00e9 attentivement ?<\/span><\/li>\n<li style=\"font-weight: 400;\" aria-level=\"1\"><span style=\"font-weight: 400;\">L&rsquo;enseignant a-t-il fait des suggestions pour r\u00e9pondre aux besoins de votre enfant ?<\/span><\/li>\n<li style=\"font-weight: 400;\" aria-level=\"1\"><span style=\"font-weight: 400;\">Avez-vous eu l&rsquo;occasion de rencontrer des enseignants sp\u00e9cialis\u00e9s dans les besoins de votre enfant ?<\/span><\/li>\n<li style=\"font-weight: 400;\" aria-level=\"1\"><span style=\"font-weight: 400;\">Dans quelle mesure \u00eates-vous satisfait de l&rsquo;attitude de l&rsquo;enseignant \u00e0 l&rsquo;\u00e9gard de votre enfant ?<\/span><\/li>\n<li style=\"font-weight: 400;\" aria-level=\"1\"><span style=\"font-weight: 400;\">Dans quelle mesure vous sentez-vous \u00e0 l&rsquo;aise lors de la r\u00e9union parents-professeurs ?<\/span><\/li>\n<li style=\"font-weight: 400;\" aria-level=\"1\"><span style=\"font-weight: 400;\">La r\u00e9union vous a-t-elle permis d&rsquo;obtenir des informations utiles sur les performances de votre enfant ?<\/span><\/li>\n<li style=\"font-weight: 400;\" aria-level=\"1\"><span style=\"font-weight: 400;\">Avez-vous d&rsquo;autres commentaires \u00e0 faire sur notre \u00e9cole ?<\/span><\/li>\n<\/ol>\n<p style=\"text-align: center;\"><a class=\"square-cta secondary-lined-cta\" href=\"https:\/\/www.questionpro.com\/survey-templates\/parent-teacher-conference-feedback\/\" target=\"_blank\" rel=\"noopener noreferrer\"><strong>Mod\u00e8le gratuit d&rsquo;enqu\u00eate de r\u00e9troaction sur la conf\u00e9rence parents-professeurs<\/strong><\/a><\/p>\n","protected":false},"excerpt":{"rendered":"<p>Il est important d&rsquo;assister aux r\u00e9unions parents-professeurs pour en savoir plus sur les r\u00e9sultats scolaires et le comportement social et [&hellip;]<\/p>\n","protected":false},"author":57,"featured_media":706970,"comment_status":"closed","ping_status":"closed","sticky":false,"template":"","format":"standard","meta":{"_genesis_hide_title":false,"_genesis_hide_breadcrumbs":false,"_genesis_hide_singular_image":false,"_genesis_hide_footer_widgets":false,"_genesis_custom_body_class":"","_genesis_custom_post_class":"","_genesis_layout":"","footnotes":""},"categories":[1442,10],"tags":[],"yoast_head":"<!-- This site is optimized with the Yoast SEO plugin v20.4 - https:\/\/yoast.com\/wordpress\/plugins\/seo\/ -->\n<title>60 questions \u00e0 poser dans le cadre d&#039;une enqu\u00eate sur la conf\u00e9rence parents-professeurs | QuestionPro<\/title>\n<meta name=\"description\" content=\"Il est important d&#039;assister aux r\u00e9unions parents-professeurs pour en savoir plus sur les r\u00e9sultats scolaires et le comportement social et \u00e9motionnel de\" \/>\n<meta name=\"robots\" content=\"index, follow, max-snippet:-1, max-image-preview:large, max-video-preview:-1\" \/>\n<link rel=\"canonical\" href=\"https:\/\/www.questionpro.com\/blog\/fr\/60-questions-a-poser-dans-le-cadre-dune-enquete-sur-la-conference-parents-professeurs\/\" \/>\n<meta property=\"og:locale\" content=\"fr_FR\" \/>\n<meta property=\"og:type\" content=\"article\" \/>\n<meta property=\"og:title\" content=\"60 questions \u00e0 poser dans le cadre d&#039;une enqu\u00eate sur la conf\u00e9rence parents-professeurs | QuestionPro\" \/>\n<meta property=\"og:description\" content=\"Il est important d&#039;assister aux r\u00e9unions parents-professeurs pour en savoir plus sur les r\u00e9sultats scolaires et le comportement social et \u00e9motionnel de\" \/>\n<meta property=\"og:url\" content=\"https:\/\/www.questionpro.com\/blog\/fr\/60-questions-a-poser-dans-le-cadre-dune-enquete-sur-la-conference-parents-professeurs\/\" \/>\n<meta property=\"og:site_name\" content=\"QuestionPro\" \/>\n<meta property=\"article:publisher\" content=\"https:\/\/www.facebook.com\/questionpro\" \/>\n<meta property=\"article:published_time\" content=\"2022-03-31T13:45:19+00:00\" \/>\n<meta property=\"article:modified_time\" content=\"2022-03-31T06:45:19+00:00\" \/>\n<meta property=\"og:image\" content=\"https:\/\/www.questionpro.com\/blog\/wp-content\/uploads\/2022\/03\/Parent_Teacher_Conference.jpg\" \/>\n\t<meta property=\"og:image:width\" content=\"992\" \/>\n\t<meta property=\"og:image:height\" content=\"594\" \/>\n\t<meta property=\"og:image:type\" content=\"image\/jpeg\" \/>\n<meta name=\"author\" content=\"Radhika Makhecha\" \/>\n<meta name=\"twitter:card\" content=\"summary_large_image\" \/>\n<meta name=\"twitter:creator\" content=\"@questionpro\" \/>\n<meta name=\"twitter:site\" content=\"@questionpro\" \/>\n<meta name=\"twitter:label1\" content=\"\u00c9crit par\" \/>\n\t<meta name=\"twitter:data1\" content=\"Radhika Makhecha\" \/>\n\t<meta name=\"twitter:label2\" content=\"Dur\u00e9e de lecture estim\u00e9e\" \/>\n\t<meta name=\"twitter:data2\" content=\"6 minutes\" \/>\n<script type=\"application\/ld+json\" class=\"yoast-schema-graph\">{\"@context\":\"https:\/\/schema.org\",\"@graph\":[{\"@type\":\"Article\",\"@id\":\"https:\/\/www.questionpro.com\/blog\/fr\/60-questions-a-poser-dans-le-cadre-dune-enquete-sur-la-conference-parents-professeurs\/#article\",\"isPartOf\":{\"@id\":\"https:\/\/www.questionpro.com\/blog\/fr\/60-questions-a-poser-dans-le-cadre-dune-enquete-sur-la-conference-parents-professeurs\/\"},\"author\":{\"name\":\"Radhika Makhecha\",\"@id\":\"https:\/\/www.questionpro.com\/blog\/fr\/#\/schema\/person\/bb755aaf16264f4db11f3e81adabd792\"},\"headline\":\"60 questions \u00e0 poser dans le cadre d&rsquo;une enqu\u00eate sur la conf\u00e9rence parents-professeurs\",\"datePublished\":\"2022-03-31T13:45:19+00:00\",\"dateModified\":\"2022-03-31T06:45:19+00:00\",\"mainEntityOfPage\":{\"@id\":\"https:\/\/www.questionpro.com\/blog\/fr\/60-questions-a-poser-dans-le-cadre-dune-enquete-sur-la-conference-parents-professeurs\/\"},\"wordCount\":1257,\"publisher\":{\"@id\":\"https:\/\/www.questionpro.com\/blog\/fr\/#organization\"},\"articleSection\":[\"Enqu\u00eates\",\"Non classifi\u00e9(e)\"],\"inLanguage\":\"fr-FR\"},{\"@type\":\"WebPage\",\"@id\":\"https:\/\/www.questionpro.com\/blog\/fr\/60-questions-a-poser-dans-le-cadre-dune-enquete-sur-la-conference-parents-professeurs\/\",\"url\":\"https:\/\/www.questionpro.com\/blog\/fr\/60-questions-a-poser-dans-le-cadre-dune-enquete-sur-la-conference-parents-professeurs\/\",\"name\":\"60 questions \u00e0 poser dans le cadre d'une enqu\u00eate sur la conf\u00e9rence parents-professeurs | QuestionPro\",\"isPartOf\":{\"@id\":\"https:\/\/www.questionpro.com\/blog\/fr\/#website\"},\"datePublished\":\"2022-03-31T13:45:19+00:00\",\"dateModified\":\"2022-03-31T06:45:19+00:00\",\"description\":\"Il est important d'assister aux r\u00e9unions parents-professeurs pour en savoir plus sur les r\u00e9sultats scolaires et le comportement social et \u00e9motionnel de\",\"breadcrumb\":{\"@id\":\"https:\/\/www.questionpro.com\/blog\/fr\/60-questions-a-poser-dans-le-cadre-dune-enquete-sur-la-conference-parents-professeurs\/#breadcrumb\"},\"inLanguage\":\"fr-FR\",\"potentialAction\":[{\"@type\":\"ReadAction\",\"target\":[\"https:\/\/www.questionpro.com\/blog\/fr\/60-questions-a-poser-dans-le-cadre-dune-enquete-sur-la-conference-parents-professeurs\/\"]}]},{\"@type\":\"BreadcrumbList\",\"@id\":\"https:\/\/www.questionpro.com\/blog\/fr\/60-questions-a-poser-dans-le-cadre-dune-enquete-sur-la-conference-parents-professeurs\/#breadcrumb\",\"itemListElement\":[{\"@type\":\"ListItem\",\"position\":1,\"name\":\"Domicile\",\"item\":\"https:\/\/www.questionpro.com\/blog\/fr\/\"},{\"@type\":\"ListItem\",\"position\":2,\"name\":\"QuestionPro\",\"item\":\"https:\/\/www.questionpro.com\/blog\/fr\/category\/questionpro-fr\/\"},{\"@type\":\"ListItem\",\"position\":3,\"name\":\"Non classifi\u00e9(e)\",\"item\":\"https:\/\/www.questionpro.com\/blog\/fr\/category\/non-classifiee\/\"},{\"@type\":\"ListItem\",\"position\":4,\"name\":\"60 questions \u00e0 poser dans le cadre d&#8217;une enqu\u00eate sur la conf\u00e9rence parents-professeurs\"}]},{\"@type\":\"WebSite\",\"@id\":\"https:\/\/www.questionpro.com\/blog\/fr\/#website\",\"url\":\"https:\/\/www.questionpro.com\/blog\/fr\/\",\"name\":\"QuestionPro\",\"description\":\"\",\"publisher\":{\"@id\":\"https:\/\/www.questionpro.com\/blog\/fr\/#organization\"},\"potentialAction\":[{\"@type\":\"SearchAction\",\"target\":{\"@type\":\"EntryPoint\",\"urlTemplate\":\"https:\/\/www.questionpro.com\/blog\/fr\/?s={search_term_string}\"},\"query-input\":\"required name=search_term_string\"}],\"inLanguage\":\"fr-FR\"},{\"@type\":\"Organization\",\"@id\":\"https:\/\/www.questionpro.com\/blog\/fr\/#organization\",\"name\":\"QuestionPro\",\"url\":\"https:\/\/www.questionpro.com\/blog\/fr\/\",\"logo\":{\"@type\":\"ImageObject\",\"inLanguage\":\"fr-FR\",\"@id\":\"https:\/\/www.questionpro.com\/blog\/fr\/#\/schema\/logo\/image\/\",\"url\":\"https:\/\/www.questionpro.com\/blog\/wp-content\/uploads\/2022\/10\/questionpro-logo.svg\",\"contentUrl\":\"https:\/\/www.questionpro.com\/blog\/wp-content\/uploads\/2022\/10\/questionpro-logo.svg\",\"caption\":\"QuestionPro\"},\"image\":{\"@id\":\"https:\/\/www.questionpro.com\/blog\/fr\/#\/schema\/logo\/image\/\"},\"sameAs\":[\"https:\/\/www.facebook.com\/questionpro\",\"https:\/\/twitter.com\/questionpro\",\"https:\/\/www.linkedin.com\/company\/questionpro\/\"]},{\"@type\":\"Person\",\"@id\":\"https:\/\/www.questionpro.com\/blog\/fr\/#\/schema\/person\/bb755aaf16264f4db11f3e81adabd792\",\"name\":\"Radhika Makhecha\",\"image\":{\"@type\":\"ImageObject\",\"inLanguage\":\"fr-FR\",\"@id\":\"https:\/\/www.questionpro.com\/blog\/fr\/#\/schema\/person\/image\/\",\"url\":\"https:\/\/secure.gravatar.com\/avatar\/20666f63350a5ca60874de63d6139295?s=96&d=mm&r=g\",\"contentUrl\":\"https:\/\/secure.gravatar.com\/avatar\/20666f63350a5ca60874de63d6139295?s=96&d=mm&r=g\",\"caption\":\"Radhika Makhecha\"},\"description\":\"Corporate Branding and Digital Marketing Senior Manager at QuestionPro. With over 13 years of experience in digital marketing and software development.\",\"url\":\"https:\/\/www.questionpro.com\/blog\/fr\/author\/radhika\/\"}]}<\/script>\n<!-- \/ Yoast SEO plugin. -->","yoast_head_json":{"title":"60 questions \u00e0 poser dans le cadre d'une enqu\u00eate sur la conf\u00e9rence parents-professeurs | QuestionPro","description":"Il est important d'assister aux r\u00e9unions parents-professeurs pour en savoir plus sur les r\u00e9sultats scolaires et le comportement social et \u00e9motionnel de","robots":{"index":"index","follow":"follow","max-snippet":"max-snippet:-1","max-image-preview":"max-image-preview:large","max-video-preview":"max-video-preview:-1"},"canonical":"https:\/\/www.questionpro.com\/blog\/fr\/60-questions-a-poser-dans-le-cadre-dune-enquete-sur-la-conference-parents-professeurs\/","og_locale":"fr_FR","og_type":"article","og_title":"60 questions \u00e0 poser dans le cadre d'une enqu\u00eate sur la conf\u00e9rence parents-professeurs | QuestionPro","og_description":"Il est important d'assister aux r\u00e9unions parents-professeurs pour en savoir plus sur les r\u00e9sultats scolaires et le comportement social et \u00e9motionnel de","og_url":"https:\/\/www.questionpro.com\/blog\/fr\/60-questions-a-poser-dans-le-cadre-dune-enquete-sur-la-conference-parents-professeurs\/","og_site_name":"QuestionPro","article_publisher":"https:\/\/www.facebook.com\/questionpro","article_published_time":"2022-03-31T13:45:19+00:00","article_modified_time":"2022-03-31T06:45:19+00:00","og_image":[{"width":992,"height":594,"url":"https:\/\/www.questionpro.com\/blog\/wp-content\/uploads\/2022\/03\/Parent_Teacher_Conference.jpg","type":"image\/jpeg"}],"author":"Radhika Makhecha","twitter_card":"summary_large_image","twitter_creator":"@questionpro","twitter_site":"@questionpro","twitter_misc":{"\u00c9crit par":"Radhika Makhecha","Dur\u00e9e de lecture estim\u00e9e":"6 minutes"},"schema":{"@context":"https:\/\/schema.org","@graph":[{"@type":"Article","@id":"https:\/\/www.questionpro.com\/blog\/fr\/60-questions-a-poser-dans-le-cadre-dune-enquete-sur-la-conference-parents-professeurs\/#article","isPartOf":{"@id":"https:\/\/www.questionpro.com\/blog\/fr\/60-questions-a-poser-dans-le-cadre-dune-enquete-sur-la-conference-parents-professeurs\/"},"author":{"name":"Radhika Makhecha","@id":"https:\/\/www.questionpro.com\/blog\/fr\/#\/schema\/person\/bb755aaf16264f4db11f3e81adabd792"},"headline":"60 questions \u00e0 poser dans le cadre d&rsquo;une enqu\u00eate sur la conf\u00e9rence parents-professeurs","datePublished":"2022-03-31T13:45:19+00:00","dateModified":"2022-03-31T06:45:19+00:00","mainEntityOfPage":{"@id":"https:\/\/www.questionpro.com\/blog\/fr\/60-questions-a-poser-dans-le-cadre-dune-enquete-sur-la-conference-parents-professeurs\/"},"wordCount":1257,"publisher":{"@id":"https:\/\/www.questionpro.com\/blog\/fr\/#organization"},"articleSection":["Enqu\u00eates","Non classifi\u00e9(e)"],"inLanguage":"fr-FR"},{"@type":"WebPage","@id":"https:\/\/www.questionpro.com\/blog\/fr\/60-questions-a-poser-dans-le-cadre-dune-enquete-sur-la-conference-parents-professeurs\/","url":"https:\/\/www.questionpro.com\/blog\/fr\/60-questions-a-poser-dans-le-cadre-dune-enquete-sur-la-conference-parents-professeurs\/","name":"60 questions \u00e0 poser dans le cadre d'une enqu\u00eate sur la conf\u00e9rence parents-professeurs | QuestionPro","isPartOf":{"@id":"https:\/\/www.questionpro.com\/blog\/fr\/#website"},"datePublished":"2022-03-31T13:45:19+00:00","dateModified":"2022-03-31T06:45:19+00:00","description":"Il est important d'assister aux r\u00e9unions parents-professeurs pour en savoir plus sur les r\u00e9sultats scolaires et le comportement social et \u00e9motionnel de","breadcrumb":{"@id":"https:\/\/www.questionpro.com\/blog\/fr\/60-questions-a-poser-dans-le-cadre-dune-enquete-sur-la-conference-parents-professeurs\/#breadcrumb"},"inLanguage":"fr-FR","potentialAction":[{"@type":"ReadAction","target":["https:\/\/www.questionpro.com\/blog\/fr\/60-questions-a-poser-dans-le-cadre-dune-enquete-sur-la-conference-parents-professeurs\/"]}]},{"@type":"BreadcrumbList","@id":"https:\/\/www.questionpro.com\/blog\/fr\/60-questions-a-poser-dans-le-cadre-dune-enquete-sur-la-conference-parents-professeurs\/#breadcrumb","itemListElement":[{"@type":"ListItem","position":1,"name":"Domicile","item":"https:\/\/www.questionpro.com\/blog\/fr\/"},{"@type":"ListItem","position":2,"name":"QuestionPro","item":"https:\/\/www.questionpro.com\/blog\/fr\/category\/questionpro-fr\/"},{"@type":"ListItem","position":3,"name":"Non classifi\u00e9(e)","item":"https:\/\/www.questionpro.com\/blog\/fr\/category\/non-classifiee\/"},{"@type":"ListItem","position":4,"name":"60 questions \u00e0 poser dans le cadre d&#8217;une enqu\u00eate sur la conf\u00e9rence parents-professeurs"}]},{"@type":"WebSite","@id":"https:\/\/www.questionpro.com\/blog\/fr\/#website","url":"https:\/\/www.questionpro.com\/blog\/fr\/","name":"QuestionPro","description":"","publisher":{"@id":"https:\/\/www.questionpro.com\/blog\/fr\/#organization"},"potentialAction":[{"@type":"SearchAction","target":{"@type":"EntryPoint","urlTemplate":"https:\/\/www.questionpro.com\/blog\/fr\/?s={search_term_string}"},"query-input":"required name=search_term_string"}],"inLanguage":"fr-FR"},{"@type":"Organization","@id":"https:\/\/www.questionpro.com\/blog\/fr\/#organization","name":"QuestionPro","url":"https:\/\/www.questionpro.com\/blog\/fr\/","logo":{"@type":"ImageObject","inLanguage":"fr-FR","@id":"https:\/\/www.questionpro.com\/blog\/fr\/#\/schema\/logo\/image\/","url":"https:\/\/www.questionpro.com\/blog\/wp-content\/uploads\/2022\/10\/questionpro-logo.svg","contentUrl":"https:\/\/www.questionpro.com\/blog\/wp-content\/uploads\/2022\/10\/questionpro-logo.svg","caption":"QuestionPro"},"image":{"@id":"https:\/\/www.questionpro.com\/blog\/fr\/#\/schema\/logo\/image\/"},"sameAs":["https:\/\/www.facebook.com\/questionpro","https:\/\/twitter.com\/questionpro","https:\/\/www.linkedin.com\/company\/questionpro\/"]},{"@type":"Person","@id":"https:\/\/www.questionpro.com\/blog\/fr\/#\/schema\/person\/bb755aaf16264f4db11f3e81adabd792","name":"Radhika Makhecha","image":{"@type":"ImageObject","inLanguage":"fr-FR","@id":"https:\/\/www.questionpro.com\/blog\/fr\/#\/schema\/person\/image\/","url":"https:\/\/secure.gravatar.com\/avatar\/20666f63350a5ca60874de63d6139295?s=96&d=mm&r=g","contentUrl":"https:\/\/secure.gravatar.com\/avatar\/20666f63350a5ca60874de63d6139295?s=96&d=mm&r=g","caption":"Radhika Makhecha"},"description":"Corporate Branding and Digital Marketing Senior Manager at QuestionPro. With over 13 years of experience in digital marketing and software development.","url":"https:\/\/www.questionpro.com\/blog\/fr\/author\/radhika\/"}]}},"featured_image_src":"https:\/\/www.questionpro.com\/blog\/wp-content\/uploads\/2022\/03\/Parent_Teacher_Conference.jpg","featured_image_src_square":"https:\/\/www.questionpro.com\/blog\/wp-content\/uploads\/2022\/03\/Parent_Teacher_Conference.jpg","author_info":{"display_name":"Radhika Makhecha","author_link":"https:\/\/www.questionpro.com\/blog\/fr\/author\/radhika\/"},"_links":{"self":[{"href":"https:\/\/www.questionpro.com\/blog\/fr\/wp-json\/wp\/v2\/posts\/784675"}],"collection":[{"href":"https:\/\/www.questionpro.com\/blog\/fr\/wp-json\/wp\/v2\/posts"}],"about":[{"href":"https:\/\/www.questionpro.com\/blog\/fr\/wp-json\/wp\/v2\/types\/post"}],"author":[{"embeddable":true,"href":"https:\/\/www.questionpro.com\/blog\/fr\/wp-json\/wp\/v2\/users\/57"}],"replies":[{"embeddable":true,"href":"https:\/\/www.questionpro.com\/blog\/fr\/wp-json\/wp\/v2\/comments?post=784675"}],"version-history":[{"count":0,"href":"https:\/\/www.questionpro.com\/blog\/fr\/wp-json\/wp\/v2\/posts\/784675\/revisions"}],"wp:featuredmedia":[{"embeddable":true,"href":"https:\/\/www.questionpro.com\/blog\/fr\/wp-json\/wp\/v2\/media\/706970"}],"wp:attachment":[{"href":"https:\/\/www.questionpro.com\/blog\/fr\/wp-json\/wp\/v2\/media?parent=784675"}],"wp:term":[{"taxonomy":"category","embeddable":true,"href":"https:\/\/www.questionpro.com\/blog\/fr\/wp-json\/wp\/v2\/categories?post=784675"},{"taxonomy":"post_tag","embeddable":true,"href":"https:\/\/www.questionpro.com\/blog\/fr\/wp-json\/wp\/v2\/tags?post=784675"}],"curies":[{"name":"wp","href":"https:\/\/api.w.org\/{rel}","templated":true}]}}