

{"id":800504,"date":"2019-02-11T21:41:04","date_gmt":"2019-02-12T04:41:04","guid":{"rendered":"https:\/\/www.questionpro.com\/blog\/questionnaire-sur-la-depression\/"},"modified":"2019-02-11T21:41:04","modified_gmt":"2019-02-11T21:41:04","slug":"questionnaire-sur-la-depression","status":"publish","type":"post","link":"https:\/\/www.questionpro.com\/blog\/fr\/questionnaire-sur-la-depression\/","title":{"rendered":"Questionnaire sur la d\u00e9pression : 30 questions d&rsquo;enqu\u00eate"},"content":{"rendered":"<h2><b>Qu&rsquo;est-ce qu&rsquo;un questionnaire sur la d\u00e9pression ?<\/b><\/h2>\n<p><span style=\"font-weight: 400;\">Un questionnaire sur la d\u00e9pression est un ensemble de questions de d\u00e9pistage de la d\u00e9pression visant \u00e0 recueillir des informations qui vous donneront un aper\u00e7u de la sant\u00e9 mentale et du bien-\u00eatre d&rsquo;une personne.<\/span><\/p>\n<p><span style=\"font-weight: 400;\">Une bonne sant\u00e9 mentale et le bien-\u00eatre am\u00e9liorent la qualit\u00e9 de vie. Dans le monde actuel o\u00f9 tout va tr\u00e8s vite, le stress est un facteur majeur qui affecte les gens dans le monde entier. De grandes entreprises ont commenc\u00e9 \u00e0 utiliser des techniques de pleine conscience et de m\u00e9ditation pour r\u00e9duire le <a href=\"https:\/\/www.questionpro.com\/survey-templates\/job-stress\/\">stress au travail de<\/a> leurs employ\u00e9s. La d\u00e9pression affecte les gens de diff\u00e9rentes mani\u00e8res et peut pr\u00e9senter divers sympt\u00f4mes. Elles peuvent \u00eatre l\u00e9g\u00e8res ou graves. Une d\u00e9pression l\u00e9g\u00e8re peut signifier que vous avez simplement le moral en berne, tandis qu&rsquo;une d\u00e9pression s\u00e9v\u00e8re peut entra\u00eener des pens\u00e9es fatales comme le suicide ou le sentiment que votre vie n&rsquo;a pas de sens. Ces derni\u00e8res ann\u00e9es, le nombre de cas de ce type a augment\u00e9, d&rsquo;o\u00f9 l&rsquo;importance d&rsquo;identifier la d\u00e9pression \u00e0 un stade pr\u00e9coce et de s&rsquo;attaquer au probl\u00e8me de mani\u00e8re appropri\u00e9e.<\/span><\/p>\n<p><span style=\"font-weight: 400;\">Par exemple, une personne a \u00e9t\u00e9 licenci\u00e9e par une entreprise et il devient tr\u00e8s difficile de trouver un nouvel emploi. \u00c0 la suite d&rsquo;un tel incident, la personne a commenc\u00e9 \u00e0 se sentir d\u00e9sesp\u00e9r\u00e9e, \u00e0 avoir une faible estime d&rsquo;elle-m\u00eame et \u00e0 manquer de sommeil. Ces p\u00e9riodes difficiles peuvent donner \u00e0 l&rsquo;individu le sentiment d&rsquo;avoir \u00e9chou\u00e9 et provoquer une grave d\u00e9pression. Dans ce cas, un questionnaire sur la d\u00e9pression peut aider \u00e0 \u00e9valuer la gravit\u00e9 de l&rsquo;affection et des mesures appropri\u00e9es peuvent \u00eatre prises pour gu\u00e9rir la d\u00e9pression.<\/span><\/p>\n<p><span style=\"font-weight: 400;\">De m\u00eame, un autre exemple est celui d&rsquo;un \u00e9l\u00e8ve qui se sent d\u00e9prim\u00e9 \u00e0 cause des brimades constantes, des mauvaises notes et de la pression exerc\u00e9e par ses pairs. Dans une telle situation, un  <\/span><a href=\"https:\/\/www.questionpro.com\/survey-templates\/depression-survey-for-students\/\"><span style=\"font-weight: 400;\">Enqu\u00eate sur la d\u00e9pression chez les \u00e9tudiants<\/span><\/a><span style=\"font-weight: 400;\">  peut nous \u00e9clairer sur la gravit\u00e9 de l&rsquo;affection et sur les moyens mis \u00e0 disposition par l&rsquo;\u00e9cole ou le coll\u00e8ge pour faire face \u00e0 ce type de situation. Il est difficile pour les gens d&rsquo;identifier si la maladie mentale est une d\u00e9pression ou une tristesse passag\u00e8re. Vous pouvez utiliser un <a href=\"https:\/\/www.questionpro.com\/survey-templates\/mental-health\/\">mod\u00e8le<\/a> gratuit <a href=\"https:\/\/www.questionpro.com\/survey-templates\/mental-health\/\">d&rsquo;enqu\u00eate sur<\/a> la sant\u00e9 mentale pour identifier le type d&rsquo;<a href=\"https:\/\/www.questionpro.com\/survey-templates\/health-care-surveys\/\">enqu\u00eate sur les soins de sant\u00e9<\/a> mentale.<br \/>\n<\/span><\/p>\n<p><span style=\"font-weight: 400;\">Ces informations peuvent les aider \u00e0 reprendre le cours de leurs \u00e9tudes et \u00e0 \u00eatre plus productifs dans les t\u00e2ches qui leur incombent.<\/span><\/p>\n<h3><b>30 Questions d&rsquo;enqu\u00eate sur la d\u00e9pression pour un questionnaire<\/b><\/h3>\n<p><span style=\"font-weight: 400;\">Voici comment cr\u00e9er un <\/span><a href=\"https:\/\/www.questionpro.com\/features\/survey-design\/\"><br \/>\n  <span style=\"font-weight: 400;\">bon plan d&rsquo;enqu\u00eate<\/span><br \/>\n<\/a><span style=\"font-weight: 400;\"> pour un questionnaire sur la d\u00e9pression en utilisant des questions appropri\u00e9es <a href=\"https:\/\/www.questionpro.com\/blog\/employee-wellness-survey\/\">sur le bien-\u00eatre<\/a>.<\/span><\/p>\n<h4><b>Questions d&rsquo;enqu\u00eate sur la d\u00e9pression pour \u00e9valuer la sant\u00e9 mentale et identifier le niveau de d\u00e9pression.<\/b><\/h4>\n<p><span style=\"font-weight: 400;\">Veuillez indiquer votre degr\u00e9 d&rsquo;accord avec les \u00e9l\u00e9ments suivants qui ont \u00e9t\u00e9 observ\u00e9s au cours de la semaine \u00e9coul\u00e9e<\/span><\/p>\n<ol>\n<li style=\"font-weight: 400;\"><span style=\"font-weight: 400;\">Toutes les t\u00e2ches que vous avez effectu\u00e9es prennent beaucoup plus de temps que d&rsquo;habitude.<\/span>\n<ol>\n<li style=\"font-weight: 400;\"><span style=\"font-weight: 400;\">Tout \u00e0 fait d&rsquo;accord<\/span><\/li>\n<li style=\"font-weight: 400;\"><span style=\"font-weight: 400;\">Plut\u00f4t d&rsquo;accord<\/span><\/li>\n<li style=\"font-weight: 400;\"><span style=\"font-weight: 400;\">Neutre<\/span><\/li>\n<li style=\"font-weight: 400;\"><span style=\"font-weight: 400;\">Plut\u00f4t en d\u00e9saccord<\/span><\/li>\n<li style=\"font-weight: 400;\"><span style=\"font-weight: 400;\">Pas du tout d&rsquo;accord<\/span><\/li>\n<\/ol>\n<\/li>\n<li style=\"font-weight: 400;\"><span style=\"font-weight: 400;\">Vous \u00eates confront\u00e9 \u00e0 un manque de concentration.<\/span>\n<ol>\n<li style=\"font-weight: 400;\"><span style=\"font-weight: 400;\">Tout \u00e0 fait d&rsquo;accord<\/span><\/li>\n<li style=\"font-weight: 400;\"><span style=\"font-weight: 400;\">Plut\u00f4t d&rsquo;accord<\/span><\/li>\n<li style=\"font-weight: 400;\"><span style=\"font-weight: 400;\">Neutre<\/span><\/li>\n<li style=\"font-weight: 400;\"><span style=\"font-weight: 400;\">Plut\u00f4t en d\u00e9saccord<\/span><\/li>\n<li style=\"font-weight: 400;\"><span style=\"font-weight: 400;\">Pas du tout d&rsquo;accord<\/span><\/li>\n<\/ol>\n<\/li>\n<li style=\"font-weight: 400;\"><span style=\"font-weight: 400;\">Vous avez l&rsquo;impression de ne pas avoir d&rsquo;avenir.<\/span>\n<ol>\n<li style=\"font-weight: 400;\"><span style=\"font-weight: 400;\">Tout \u00e0 fait d&rsquo;accord<\/span><\/li>\n<li style=\"font-weight: 400;\"><span style=\"font-weight: 400;\">Plut\u00f4t d&rsquo;accord<\/span><\/li>\n<li style=\"font-weight: 400;\"><span style=\"font-weight: 400;\">Neutre<\/span><\/li>\n<li style=\"font-weight: 400;\"><span style=\"font-weight: 400;\">Plut\u00f4t en d\u00e9saccord<\/span><\/li>\n<li style=\"font-weight: 400;\"><span style=\"font-weight: 400;\">Pas du tout d&rsquo;accord<\/span><\/li>\n<\/ol>\n<\/li>\n<li style=\"font-weight: 400;\"><span style=\"font-weight: 400;\">Vous avez des difficult\u00e9s \u00e0 prendre des d\u00e9cisions<\/span>\n<ol>\n<li style=\"font-weight: 400;\"><span style=\"font-weight: 400;\">Tout \u00e0 fait d&rsquo;accord<\/span><\/li>\n<li style=\"font-weight: 400;\"><span style=\"font-weight: 400;\">Plut\u00f4t d&rsquo;accord<\/span><\/li>\n<li style=\"font-weight: 400;\"><span style=\"font-weight: 400;\">Neutre<\/span><\/li>\n<li style=\"font-weight: 400;\"><span style=\"font-weight: 400;\">Plut\u00f4t en d\u00e9saccord<\/span><\/li>\n<li style=\"font-weight: 400;\"><span style=\"font-weight: 400;\">Pas du tout d&rsquo;accord<\/span><\/li>\n<\/ol>\n<\/li>\n<li style=\"font-weight: 400;\"><span style=\"font-weight: 400;\">Vous avez l&rsquo;impression que votre vie est triste, qu&rsquo;il n&rsquo;y a plus de joie dans votre vie.<\/span>\n<ol>\n<li style=\"font-weight: 400;\"><span style=\"font-weight: 400;\">Tout \u00e0 fait d&rsquo;accord<\/span><\/li>\n<li style=\"font-weight: 400;\"><span style=\"font-weight: 400;\">Plut\u00f4t d&rsquo;accord<\/span><\/li>\n<li style=\"font-weight: 400;\"><span style=\"font-weight: 400;\">Neutre<\/span><\/li>\n<li style=\"font-weight: 400;\"><span style=\"font-weight: 400;\">Plut\u00f4t en d\u00e9saccord<\/span><\/li>\n<li style=\"font-weight: 400;\"><span style=\"font-weight: 400;\">Pas du tout d&rsquo;accord<\/span><\/li>\n<\/ol>\n<\/li>\n<li style=\"font-weight: 400;\"><span style=\"font-weight: 400;\">Vous avez perdu tout int\u00e9r\u00eat pour les choses qui \u00e9taient autrefois importantes pour vous.<\/span>\n<ol>\n<li style=\"font-weight: 400;\"><span style=\"font-weight: 400;\">Tout \u00e0 fait d&rsquo;accord<\/span><\/li>\n<li style=\"font-weight: 400;\"><span style=\"font-weight: 400;\">Plut\u00f4t d&rsquo;accord<\/span><\/li>\n<li style=\"font-weight: 400;\"><span style=\"font-weight: 400;\">Neutre<\/span><\/li>\n<li style=\"font-weight: 400;\"><span style=\"font-weight: 400;\">Plut\u00f4t en d\u00e9saccord<\/span><\/li>\n<li style=\"font-weight: 400;\"><span style=\"font-weight: 400;\">Pas du tout d&rsquo;accord<\/span><\/li>\n<\/ol>\n<\/li>\n<li style=\"font-weight: 400;\"><span style=\"font-weight: 400;\">Vous vous sentez coupable de tout ce que vous faites.<\/span>\n<ol>\n<li style=\"font-weight: 400;\"><span style=\"font-weight: 400;\">Tout \u00e0 fait d&rsquo;accord<\/span><\/li>\n<li style=\"font-weight: 400;\"><span style=\"font-weight: 400;\">Plut\u00f4t d&rsquo;accord<\/span><\/li>\n<li style=\"font-weight: 400;\"><span style=\"font-weight: 400;\">Neutre<\/span><\/li>\n<li style=\"font-weight: 400;\"><span style=\"font-weight: 400;\">Plut\u00f4t en d\u00e9saccord<\/span><\/li>\n<li style=\"font-weight: 400;\"><span style=\"font-weight: 400;\">Pas du tout d&rsquo;accord<\/span><\/li>\n<\/ol>\n<\/li>\n<li style=\"font-weight: 400;\"><span style=\"font-weight: 400;\">Vous avez \u00e9t\u00e9 tr\u00e8s irrit\u00e9 et en col\u00e8re ces derniers temps<\/span>\n<ol>\n<li style=\"font-weight: 400;\"><span style=\"font-weight: 400;\">Tout \u00e0 fait d&rsquo;accord<\/span><\/li>\n<li style=\"font-weight: 400;\"><span style=\"font-weight: 400;\">Plut\u00f4t d&rsquo;accord<\/span><\/li>\n<li style=\"font-weight: 400;\"><span style=\"font-weight: 400;\">Neutre<\/span><\/li>\n<li style=\"font-weight: 400;\"><span style=\"font-weight: 400;\">Plut\u00f4t en d\u00e9saccord<\/span><\/li>\n<li style=\"font-weight: 400;\"><span style=\"font-weight: 400;\">Pas du tout d&rsquo;accord<\/span><\/li>\n<\/ol>\n<\/li>\n<li style=\"font-weight: 400;\"><span style=\"font-weight: 400;\">Vous vous sentez tr\u00e8s fatigu\u00e9(e)<\/span>\n<ol>\n<li style=\"font-weight: 400;\"><span style=\"font-weight: 400;\">Tout \u00e0 fait d&rsquo;accord<\/span><\/li>\n<li style=\"font-weight: 400;\"><span style=\"font-weight: 400;\">Plut\u00f4t d&rsquo;accord<\/span><\/li>\n<li style=\"font-weight: 400;\"><span style=\"font-weight: 400;\">Neutre<\/span><\/li>\n<li style=\"font-weight: 400;\"><span style=\"font-weight: 400;\">Plut\u00f4t en d\u00e9saccord<\/span><\/li>\n<li style=\"font-weight: 400;\"><span style=\"font-weight: 400;\">Pas du tout d&rsquo;accord<\/span><\/li>\n<\/ol>\n<\/li>\n<li style=\"font-weight: 400;\"><span style=\"font-weight: 400;\">Vous avez l&rsquo;impression que tout ce que vous avez fait a \u00e9t\u00e9 un \u00e9chec<\/span>\n<ol>\n<li style=\"font-weight: 400;\"><span style=\"font-weight: 400;\">Tout \u00e0 fait d&rsquo;accord<\/span><\/li>\n<li style=\"font-weight: 400;\"><span style=\"font-weight: 400;\">Plut\u00f4t d&rsquo;accord<\/span><\/li>\n<li style=\"font-weight: 400;\"><span style=\"font-weight: 400;\">Neutre<\/span><\/li>\n<li style=\"font-weight: 400;\"><span style=\"font-weight: 400;\">Plut\u00f4t en d\u00e9saccord<\/span><\/li>\n<li style=\"font-weight: 400;\"><span style=\"font-weight: 400;\">Pas du tout d&rsquo;accord<\/span><\/li>\n<\/ol>\n<\/li>\n<li style=\"font-weight: 400;\"><span style=\"font-weight: 400;\">Vous manquez de sommeil<\/span>\n<ol>\n<li style=\"font-weight: 400;\"><span style=\"font-weight: 400;\">Tout \u00e0 fait d&rsquo;accord<\/span><\/li>\n<li style=\"font-weight: 400;\"><span style=\"font-weight: 400;\">Plut\u00f4t d&rsquo;accord<\/span><\/li>\n<li style=\"font-weight: 400;\"><span style=\"font-weight: 400;\">Neutre<\/span><\/li>\n<li style=\"font-weight: 400;\"><span style=\"font-weight: 400;\">Plut\u00f4t en d\u00e9saccord<\/span><\/li>\n<li style=\"font-weight: 400;\"><span style=\"font-weight: 400;\">Pas du tout d&rsquo;accord<\/span><\/li>\n<\/ol>\n<\/li>\n<li style=\"font-weight: 400;\"><span style=\"font-weight: 400;\">Vous avez des pens\u00e9es suicidaires<\/span>\n<ol>\n<li style=\"font-weight: 400;\"><span style=\"font-weight: 400;\">Tout \u00e0 fait d&rsquo;accord<\/span><\/li>\n<li style=\"font-weight: 400;\"><span style=\"font-weight: 400;\">Plut\u00f4t d&rsquo;accord<\/span><\/li>\n<li style=\"font-weight: 400;\"><span style=\"font-weight: 400;\">Neutre<\/span><\/li>\n<li style=\"font-weight: 400;\"><span style=\"font-weight: 400;\">Plut\u00f4t en d\u00e9saccord<\/span><\/li>\n<li style=\"font-weight: 400;\"><span style=\"font-weight: 400;\">Pas du tout d&rsquo;accord<\/span><\/li>\n<\/ol>\n<\/li>\n<li style=\"font-weight: 400;\"><span style=\"font-weight: 400;\">Vous avez perdu ou pris du poids sans aucun programme de r\u00e9gime.<\/span>\n<ol>\n<li style=\"font-weight: 400;\"><span style=\"font-weight: 400;\">Tout \u00e0 fait d&rsquo;accord<\/span><\/li>\n<li style=\"font-weight: 400;\"><span style=\"font-weight: 400;\">Plut\u00f4t d&rsquo;accord<\/span><\/li>\n<li style=\"font-weight: 400;\"><span style=\"font-weight: 400;\">Neutre<\/span><\/li>\n<li style=\"font-weight: 400;\"><span style=\"font-weight: 400;\">Plut\u00f4t en d\u00e9saccord<\/span><\/li>\n<li style=\"font-weight: 400;\"><span style=\"font-weight: 400;\">Pas du tout d&rsquo;accord<\/span><\/li>\n<\/ol>\n<\/li>\n<li style=\"font-weight: 400;\"><span style=\"font-weight: 400;\">Vous avez perdu l&rsquo;app\u00e9tit.<\/span>\n<ol>\n<li style=\"font-weight: 400;\"><span style=\"font-weight: 400;\">Tout \u00e0 fait d&rsquo;accord<\/span><\/li>\n<li style=\"font-weight: 400;\"><span style=\"font-weight: 400;\">Plut\u00f4t d&rsquo;accord<\/span><\/li>\n<li style=\"font-weight: 400;\"><span style=\"font-weight: 400;\">Neutre<\/span><\/li>\n<li style=\"font-weight: 400;\"><span style=\"font-weight: 400;\">Plut\u00f4t en d\u00e9saccord<\/span><\/li>\n<li style=\"font-weight: 400;\"><span style=\"font-weight: 400;\">Pas du tout d&rsquo;accord<\/span><\/li>\n<\/ol>\n<\/li>\n<li style=\"font-weight: 400;\"><span style=\"font-weight: 400;\">Vous avez des probl\u00e8mes de confiance avec votre entourage.<\/span>\n<ol>\n<li style=\"font-weight: 400;\"><span style=\"font-weight: 400;\">Tout \u00e0 fait d&rsquo;accord<\/span><\/li>\n<li style=\"font-weight: 400;\"><span style=\"font-weight: 400;\">Plut\u00f4t d&rsquo;accord<\/span><\/li>\n<li style=\"font-weight: 400;\"><span style=\"font-weight: 400;\">Neutre<\/span><\/li>\n<li style=\"font-weight: 400;\"><span style=\"font-weight: 400;\">Plut\u00f4t en d\u00e9saccord<\/span><\/li>\n<li style=\"font-weight: 400;\"><span style=\"font-weight: 400;\">Pas du tout d&rsquo;accord<\/span><\/li>\n<\/ol>\n<\/li>\n<li style=\"font-weight: 400;\"><span style=\"font-weight: 400;\">Vous avez des difficult\u00e9s dans toutes vos relations (familiales et professionnelles).<\/span>\n<ol>\n<li style=\"font-weight: 400;\"><span style=\"font-weight: 400;\">Tout \u00e0 fait d&rsquo;accord<\/span><\/li>\n<li style=\"font-weight: 400;\"><span style=\"font-weight: 400;\">Plut\u00f4t d&rsquo;accord<\/span><\/li>\n<li style=\"font-weight: 400;\"><span style=\"font-weight: 400;\">Neutre<\/span><\/li>\n<li style=\"font-weight: 400;\"><span style=\"font-weight: 400;\">Plut\u00f4t en d\u00e9saccord<\/span><\/li>\n<li style=\"font-weight: 400;\"><span style=\"font-weight: 400;\">Pas du tout d&rsquo;accord<\/span><\/li>\n<\/ol>\n<\/li>\n<\/ol>\n<h4><b>Questions sur la d\u00e9pression pour tester les connaissances d&rsquo;un individu sur la d\u00e9pression (utilis\u00e9es pour tester les connaissances des nouveaux m\u00e9decins)<\/b><\/h4>\n<ol start=\"17\">\n<li style=\"font-weight: 400;\"><span style=\"font-weight: 400;\">Un patient pr\u00e9sente 4 sympt\u00f4mes de d\u00e9pression. Que pensez-vous de la gravit\u00e9 de son \u00e9tat ?<\/span>\n<ol>\n<li style=\"font-weight: 400;\"><span style=\"font-weight: 400;\">Pas d\u00e9prim\u00e9<\/span><\/li>\n<li style=\"font-weight: 400;\"><span style=\"font-weight: 400;\">D\u00e9pression l\u00e9g\u00e8re<\/span><\/li>\n<li style=\"font-weight: 400;\"><span style=\"font-weight: 400;\">D\u00e9pression mod\u00e9r\u00e9e<\/span><\/li>\n<li style=\"font-weight: 400;\"><span style=\"font-weight: 400;\">D\u00e9pression s\u00e9v\u00e8re<\/span><\/li>\n<\/ol>\n<\/li>\n<li style=\"font-weight: 400;\"><span style=\"font-weight: 400;\">Un patient se sent irrit\u00e9, a des difficult\u00e9s de concentration, des troubles du sommeil et un sentiment de culpabilit\u00e9, ce qui sugg\u00e8re une l\u00e9g\u00e8re d\u00e9pression. Que pensez-vous que le m\u00e9decin devrait faire ?<\/span>\n<ol>\n<li style=\"font-weight: 400;\"><span style=\"font-weight: 400;\">Prescrire un antid\u00e9presseur<\/span><\/li>\n<li style=\"font-weight: 400;\"><span style=\"font-weight: 400;\">Prescrire la venlafaxine<\/span><\/li>\n<li style=\"font-weight: 400;\"><span style=\"font-weight: 400;\">Conseiller l&rsquo;auto-assistance ou l&rsquo;intervention psychologique<\/span><\/li>\n<li style=\"font-weight: 400;\"><span style=\"font-weight: 400;\">Conseiller une intervention psychologique en m\u00eame temps qu&rsquo;un ISRS.<\/span><\/li>\n<\/ol>\n<\/li>\n<li style=\"font-weight: 400;\"><span style=\"font-weight: 400;\">Si une personne souffre d&rsquo;une d\u00e9pression mod\u00e9r\u00e9e et d&rsquo;une maladie cardiaque pr\u00e9existante, quel ISRS ne devrait pas \u00eatre prescrit ?<\/span>\n<ol>\n<li style=\"font-weight: 400;\"><span style=\"font-weight: 400;\">Parox\u00e9tine<\/span><\/li>\n<li style=\"font-weight: 400;\"><span style=\"font-weight: 400;\">Fluvoxamine<\/span><\/li>\n<li style=\"font-weight: 400;\"><span style=\"font-weight: 400;\">Venlafaxine<\/span><\/li>\n<li style=\"font-weight: 400;\"><span style=\"font-weight: 400;\">Mirtazapine<\/span><\/li>\n<\/ol>\n<\/li>\n<li style=\"font-weight: 400;\"><span style=\"font-weight: 400;\">Un patient se rend chez un m\u00e9decin pour une intervention chirurgicale, mais il souffre \u00e9galement d&rsquo;anxi\u00e9t\u00e9 et de d\u00e9pression. Pensez-vous que le m\u00e9decin devrait d&rsquo;abord traiter la d\u00e9pression ?<\/span>\n<ol>\n<li style=\"font-weight: 400;\"><span style=\"font-weight: 400;\">Tout \u00e0 fait d&rsquo;accord<\/span><\/li>\n<li style=\"font-weight: 400;\"><span style=\"font-weight: 400;\">Plut\u00f4t d&rsquo;accord<\/span><\/li>\n<li style=\"font-weight: 400;\"><span style=\"font-weight: 400;\">Neutre<\/span><\/li>\n<li style=\"font-weight: 400;\"><span style=\"font-weight: 400;\">Plut\u00f4t en d\u00e9saccord<\/span><\/li>\n<li style=\"font-weight: 400;\"><span style=\"font-weight: 400;\">Pas du tout d&rsquo;accord<\/span><\/li>\n<li style=\"font-weight: 400;\"><span style=\"font-weight: 400;\">Ne sait pas<\/span><\/li>\n<\/ol>\n<\/li>\n<li style=\"font-weight: 400;\"><span style=\"font-weight: 400;\">Un patient souffre d&rsquo;une grave d\u00e9pression. Quel traitement leur prescrire ?<\/span>\n<ol>\n<li style=\"font-weight: 400;\"><span style=\"font-weight: 400;\">Antid\u00e9presseurs<\/span><\/li>\n<li style=\"font-weight: 400;\"><span style=\"font-weight: 400;\">TCC<\/span><\/li>\n<li style=\"font-weight: 400;\"><span style=\"font-weight: 400;\">Une combinaison de TCC et d&rsquo;antid\u00e9presseurs<\/span><\/li>\n<li style=\"font-weight: 400;\"><span style=\"font-weight: 400;\">Autres th\u00e9rapies psychologiques<\/span><\/li>\n<\/ol>\n<\/li>\n<li style=\"font-weight: 400;\"><span style=\"font-weight: 400;\">Dans vos mots, veuillez expliquer le mod\u00e8le de soins par \u00e9tapes pour la d\u00e9pression et ce qu&rsquo;il fait ? (Question ouverte)<\/span><\/li>\n<li style=\"font-weight: 400;\"><span style=\"font-weight: 400;\">Un patient s&rsquo;est fait du mal et \u00e9prouve des sentiments de culpabilit\u00e9, de d\u00e9valorisation, est tr\u00e8s critique envers lui-m\u00eame et souffre \u00e9galement de fatigue. Dans quelle mesure \u00eates-vous d&rsquo;accord pour dire que le traitement devrait \u00eatre un antid\u00e9presseur tricyclique ?<\/span>\n<ol>\n<li style=\"font-weight: 400;\"><span style=\"font-weight: 400;\">Tout \u00e0 fait d&rsquo;accord<\/span><\/li>\n<li style=\"font-weight: 400;\"><span style=\"font-weight: 400;\">Plut\u00f4t d&rsquo;accord<\/span><\/li>\n<li style=\"font-weight: 400;\"><span style=\"font-weight: 400;\">Neutre<\/span><\/li>\n<li style=\"font-weight: 400;\"><span style=\"font-weight: 400;\">Plut\u00f4t en d\u00e9saccord<\/span><\/li>\n<li style=\"font-weight: 400;\"><span style=\"font-weight: 400;\">Pas du tout d&rsquo;accord<\/span><\/li>\n<li style=\"font-weight: 400;\"><span style=\"font-weight: 400;\">Ne sait pas<\/span><\/li>\n<\/ol>\n<\/li>\n<li style=\"font-weight: 400;\"><span style=\"font-weight: 400;\">Comment les personnes souffrant de troubles de l&rsquo;alimentation peuvent-elles se sentir \u00e0 l&rsquo;aise dans leur vie quotidienne ?<\/span>\n<ol>\n<li style=\"font-weight: 400;\"><span style=\"font-weight: 400;\">Tout \u00e0 fait d&rsquo;accord<\/span><\/li>\n<li style=\"font-weight: 400;\"><span style=\"font-weight: 400;\">Plut\u00f4t d&rsquo;accord<\/span><\/li>\n<li style=\"font-weight: 400;\"><span style=\"font-weight: 400;\">Neutre<\/span><\/li>\n<li style=\"font-weight: 400;\"><span style=\"font-weight: 400;\">Plut\u00f4t en d\u00e9saccord<\/span><\/li>\n<li style=\"font-weight: 400;\"><span style=\"font-weight: 400;\">Pas du tout d&rsquo;accord<\/span><\/li>\n<li style=\"font-weight: 400;\"><span style=\"font-weight: 400;\">Ne sait pas<\/span><\/li>\n<\/ol>\n<\/li>\n<li style=\"font-weight: 400;\"><span style=\"font-weight: 400;\">Un trouble panique est diagnostiqu\u00e9 chez un patient. Parmi les traitements suivants, lequel ne doit pas \u00eatre prescrit en cas de trouble panique ?<\/span>\n<ol>\n<li style=\"font-weight: 400;\"><span style=\"font-weight: 400;\">Imipramine<\/span><\/li>\n<li style=\"font-weight: 400;\"><span style=\"font-weight: 400;\">Benzodiaz\u00e9pines<\/span><\/li>\n<li style=\"font-weight: 400;\"><span style=\"font-weight: 400;\">Antihistaminiques s\u00e9datifs<\/span><\/li>\n<li style=\"font-weight: 400;\"><span style=\"font-weight: 400;\">Clomipramine<\/span><\/li>\n<li style=\"font-weight: 400;\"><span style=\"font-weight: 400;\">Antipsychotiques<\/span><\/li>\n<\/ol>\n<\/li>\n<li style=\"font-weight: 400;\"><span style=\"font-weight: 400;\">Une personne a r\u00e9cemment commenc\u00e9 \u00e0 se sentir mal, \u00e0 pleurer et \u00e0 \u00eatre toujours fatigu\u00e9e. Au bout d&rsquo;un certain temps, on constate une am\u00e9lioration insignifiante. Quel niveau de d\u00e9pression diagnostiqueriez-vous ?<\/span>\n<ol>\n<li style=\"font-weight: 400;\"><span style=\"font-weight: 400;\">Mineur<\/span><\/li>\n<li style=\"font-weight: 400;\"><span style=\"font-weight: 400;\">Doux<\/span><\/li>\n<li style=\"font-weight: 400;\"><span style=\"font-weight: 400;\">Mod\u00e9r\u00e9<\/span><\/li>\n<li style=\"font-weight: 400;\"><span style=\"font-weight: 400;\">Dysthymie<\/span><\/li>\n<\/ol>\n<\/li>\n<li style=\"font-weight: 400;\"><span style=\"font-weight: 400;\">Un patient souffre d&rsquo;une d\u00e9pression chronique s\u00e9v\u00e8re et est adress\u00e9 \u00e0 un sp\u00e9cialiste de la sant\u00e9 mentale avec une prescription de Venlafaxine. Quels sont les \u00e9l\u00e9ments \u00e0 prendre en compte lors de la prescription de Venlafaxine ? (question \u00e0 choix multiple)<\/span>\n<ol>\n<li style=\"font-weight: 400;\"><span style=\"font-weight: 400;\">Addiction<\/span><\/li>\n<li style=\"font-weight: 400;\"><span style=\"font-weight: 400;\">Augmentation de la probabilit\u00e9 que le patient arr\u00eate le traitement en raison des effets secondaires<\/span><\/li>\n<li style=\"font-weight: 400;\"><span style=\"font-weight: 400;\">Sympt\u00f4mes de sevrage<\/span><\/li>\n<li style=\"font-weight: 400;\"><span style=\"font-weight: 400;\">Toxicit\u00e9 en cas de surdosage<\/span><\/li>\n<\/ol>\n<\/li>\n<li style=\"font-weight: 400;\"><span style=\"font-weight: 400;\">Pensez-vous que la dose d&rsquo;un patient \u00e0 qui l&rsquo;on a prescrit du Seroxat peut \u00eatre diminu\u00e9e lorsque son traitement touche \u00e0 sa fin ?<\/span>\n<ol>\n<li style=\"font-weight: 400;\"><span style=\"font-weight: 400;\">Tout \u00e0 fait d&rsquo;accord<\/span><\/li>\n<li style=\"font-weight: 400;\"><span style=\"font-weight: 400;\">Plut\u00f4t d&rsquo;accord<\/span><\/li>\n<li style=\"font-weight: 400;\"><span style=\"font-weight: 400;\">Neutre<\/span><\/li>\n<li style=\"font-weight: 400;\"><span style=\"font-weight: 400;\">Plut\u00f4t en d\u00e9saccord<\/span><\/li>\n<li style=\"font-weight: 400;\"><span style=\"font-weight: 400;\">Pas du tout d&rsquo;accord<\/span><\/li>\n<li style=\"font-weight: 400;\"><span style=\"font-weight: 400;\">Ne sait pas<\/span><\/li>\n<\/ol>\n<\/li>\n<li style=\"font-weight: 400;\"><span style=\"font-weight: 400;\">Une personne souffre de d\u00e9pression s\u00e9v\u00e8re et est \u00e9galement associ\u00e9e \u00e0 des maladies cardiovasculaires ? Quels sont les traitements qui pr\u00e9sentent un risque \u00e9lev\u00e9 pour un tel patient ?<\/span>\n<ol>\n<li style=\"font-weight: 400;\"><span style=\"font-weight: 400;\">ISRS<\/span><\/li>\n<li style=\"font-weight: 400;\"><span style=\"font-weight: 400;\">Antid\u00e9presseurs tricycliques<\/span><\/li>\n<li style=\"font-weight: 400;\"><span style=\"font-weight: 400;\">Cours de Venlafaxine<\/span><\/li>\n<\/ol>\n<\/li>\n<\/ol>\n<ol start=\"30\">\n<li style=\"font-weight: 400;\"><span style=\"font-weight: 400;\">Avez-vous des commentaires\/suggestions concernant l&rsquo;am\u00e9lioration du traitement de la d\u00e9pression ?<\/span><\/li>\n<\/ol>\n<p><span style=\"font-weight: 400;\">Les questions ci-dessus sont utilis\u00e9es par les sp\u00e9cialistes de la d\u00e9pression pour tester les connaissances des nouveaux m\u00e9decins. Ces questions sont tr\u00e8s sp\u00e9cifiques et ne peuvent \u00eatre comprises que par des professionnels de la sant\u00e9.<\/span><\/p>\n","protected":false},"excerpt":{"rendered":"<p>Qu&rsquo;est-ce qu&rsquo;un questionnaire sur la d\u00e9pression ? Un questionnaire sur la d\u00e9pression est un ensemble de questions de d\u00e9pistage de [&hellip;]<\/p>\n","protected":false},"author":86,"featured_media":826240,"comment_status":"closed","ping_status":"closed","sticky":false,"template":"","format":"standard","meta":{"_genesis_hide_title":false,"_genesis_hide_breadcrumbs":false,"_genesis_hide_singular_image":false,"_genesis_hide_footer_widgets":false,"_genesis_custom_body_class":"","_genesis_custom_post_class":"","_genesis_layout":"","footnotes":""},"categories":[1442],"tags":[],"yoast_head":"<!-- This site is optimized with the Yoast SEO plugin v20.4 - https:\/\/yoast.com\/wordpress\/plugins\/seo\/ -->\n<title>Questionnaire sur la d\u00e9pression : 30 questions d&#039;enqu\u00eate | QuestionPro<\/title>\n<meta name=\"description\" content=\"Le questionnaire sur la d\u00e9pression comprend des questions d&#039;enqu\u00eate qui sont utilis\u00e9es pour \u00e9valuer les connaissances d&#039;un individu sur la d\u00e9pression et l&#039;anxi\u00e9t\u00e9, ainsi que pour \u00e9valuer la sant\u00e9 mentale. Un tel questionnaire de d\u00e9pistage de la d\u00e9pression peut \u00eatre utile aux organismes de soins de sant\u00e9, aux psychiatres ou \u00e0 d&#039;autres organisations li\u00e9es \u00e0 la sant\u00e9 pour comprendre la sensibilisation du public \u00e0 la d\u00e9pression et \u00e0 l&#039;anxi\u00e9t\u00e9. Explorer les diff\u00e9rents types de questions de d\u00e9pistage des d\u00e9pressions les plus couramment utilis\u00e9es dans le monde de la sant\u00e9.\" \/>\n<meta name=\"robots\" content=\"index, follow, max-snippet:-1, max-image-preview:large, max-video-preview:-1\" \/>\n<link rel=\"canonical\" href=\"https:\/\/www.questionpro.com\/blog\/fr\/questionnaire-sur-la-depression\/\" \/>\n<meta property=\"og:locale\" content=\"fr_FR\" \/>\n<meta property=\"og:type\" content=\"article\" \/>\n<meta property=\"og:title\" content=\"Questionnaire sur la d\u00e9pression : 30 questions d&#039;enqu\u00eate | QuestionPro\" \/>\n<meta property=\"og:description\" content=\"Le questionnaire sur la d\u00e9pression comprend des questions d&#039;enqu\u00eate qui sont utilis\u00e9es pour \u00e9valuer les connaissances d&#039;un individu sur la d\u00e9pression et l&#039;anxi\u00e9t\u00e9, ainsi que pour \u00e9valuer la sant\u00e9 mentale. Un tel questionnaire de d\u00e9pistage de la d\u00e9pression peut \u00eatre utile aux organismes de soins de sant\u00e9, aux psychiatres ou \u00e0 d&#039;autres organisations li\u00e9es \u00e0 la sant\u00e9 pour comprendre la sensibilisation du public \u00e0 la d\u00e9pression et \u00e0 l&#039;anxi\u00e9t\u00e9. Explorer les diff\u00e9rents types de questions de d\u00e9pistage des d\u00e9pressions les plus couramment utilis\u00e9es dans le monde de la sant\u00e9.\" \/>\n<meta property=\"og:url\" content=\"https:\/\/www.questionpro.com\/blog\/fr\/questionnaire-sur-la-depression\/\" \/>\n<meta property=\"og:site_name\" content=\"QuestionPro\" \/>\n<meta property=\"article:publisher\" content=\"https:\/\/www.facebook.com\/questionpro\" \/>\n<meta property=\"article:published_time\" content=\"2019-02-12T04:41:04+00:00\" \/>\n<meta property=\"article:modified_time\" content=\"2019-02-11T21:41:04+00:00\" \/>\n<meta property=\"og:image\" content=\"https:\/\/www.questionpro.com\/blog\/wp-content\/uploads\/2019\/02\/Depression-Questionnaire.jpg\" \/>\n\t<meta property=\"og:image:width\" content=\"992\" \/>\n\t<meta property=\"og:image:height\" content=\"594\" \/>\n\t<meta property=\"og:image:type\" content=\"image\/jpeg\" \/>\n<meta name=\"author\" content=\"Adi Bhat\" \/>\n<meta name=\"twitter:card\" content=\"summary_large_image\" \/>\n<meta name=\"twitter:creator\" content=\"@questionpro\" \/>\n<meta name=\"twitter:site\" content=\"@questionpro\" \/>\n<meta name=\"twitter:label1\" content=\"\u00c9crit par\" \/>\n\t<meta name=\"twitter:data1\" content=\"Adi Bhat\" \/>\n\t<meta name=\"twitter:label2\" content=\"Dur\u00e9e de lecture estim\u00e9e\" \/>\n\t<meta name=\"twitter:data2\" content=\"8 minutes\" \/>\n<script type=\"application\/ld+json\" class=\"yoast-schema-graph\">{\"@context\":\"https:\/\/schema.org\",\"@graph\":[{\"@type\":\"Article\",\"@id\":\"https:\/\/www.questionpro.com\/blog\/fr\/questionnaire-sur-la-depression\/#article\",\"isPartOf\":{\"@id\":\"https:\/\/www.questionpro.com\/blog\/fr\/questionnaire-sur-la-depression\/\"},\"author\":{\"name\":\"Adi Bhat\",\"@id\":\"https:\/\/www.questionpro.com\/blog\/fr\/#\/schema\/person\/6240dce6e1901b1a6c7f3dbd3e22567f\"},\"headline\":\"Questionnaire sur la d\u00e9pression : 30 questions d&rsquo;enqu\u00eate\",\"datePublished\":\"2019-02-12T04:41:04+00:00\",\"dateModified\":\"2019-02-11T21:41:04+00:00\",\"mainEntityOfPage\":{\"@id\":\"https:\/\/www.questionpro.com\/blog\/fr\/questionnaire-sur-la-depression\/\"},\"wordCount\":1681,\"publisher\":{\"@id\":\"https:\/\/www.questionpro.com\/blog\/fr\/#organization\"},\"articleSection\":[\"Enqu\u00eates\"],\"inLanguage\":\"fr-FR\"},{\"@type\":\"WebPage\",\"@id\":\"https:\/\/www.questionpro.com\/blog\/fr\/questionnaire-sur-la-depression\/\",\"url\":\"https:\/\/www.questionpro.com\/blog\/fr\/questionnaire-sur-la-depression\/\",\"name\":\"Questionnaire sur la d\u00e9pression : 30 questions d'enqu\u00eate | QuestionPro\",\"isPartOf\":{\"@id\":\"https:\/\/www.questionpro.com\/blog\/fr\/#website\"},\"datePublished\":\"2019-02-12T04:41:04+00:00\",\"dateModified\":\"2019-02-11T21:41:04+00:00\",\"description\":\"Le questionnaire sur la d\u00e9pression comprend des questions d'enqu\u00eate qui sont utilis\u00e9es pour \u00e9valuer les connaissances d'un individu sur la d\u00e9pression et l'anxi\u00e9t\u00e9, ainsi que pour \u00e9valuer la sant\u00e9 mentale. Un tel questionnaire de d\u00e9pistage de la d\u00e9pression peut \u00eatre utile aux organismes de soins de sant\u00e9, aux psychiatres ou \u00e0 d'autres organisations li\u00e9es \u00e0 la sant\u00e9 pour comprendre la sensibilisation du public \u00e0 la d\u00e9pression et \u00e0 l'anxi\u00e9t\u00e9. Explorer les diff\u00e9rents types de questions de d\u00e9pistage des d\u00e9pressions les plus couramment utilis\u00e9es dans le monde de la sant\u00e9.\",\"breadcrumb\":{\"@id\":\"https:\/\/www.questionpro.com\/blog\/fr\/questionnaire-sur-la-depression\/#breadcrumb\"},\"inLanguage\":\"fr-FR\",\"potentialAction\":[{\"@type\":\"ReadAction\",\"target\":[\"https:\/\/www.questionpro.com\/blog\/fr\/questionnaire-sur-la-depression\/\"]}]},{\"@type\":\"BreadcrumbList\",\"@id\":\"https:\/\/www.questionpro.com\/blog\/fr\/questionnaire-sur-la-depression\/#breadcrumb\",\"itemListElement\":[{\"@type\":\"ListItem\",\"position\":1,\"name\":\"Domicile\",\"item\":\"https:\/\/www.questionpro.com\/blog\/fr\/\"},{\"@type\":\"ListItem\",\"position\":2,\"name\":\"Enqu\u00eates\",\"item\":\"https:\/\/www.questionpro.com\/blog\/fr\/category\/enquetes-fr\/\"},{\"@type\":\"ListItem\",\"position\":3,\"name\":\"Questionnaire sur la d\u00e9pression : 30 questions d&#8217;enqu\u00eate\"}]},{\"@type\":\"WebSite\",\"@id\":\"https:\/\/www.questionpro.com\/blog\/fr\/#website\",\"url\":\"https:\/\/www.questionpro.com\/blog\/fr\/\",\"name\":\"QuestionPro\",\"description\":\"\",\"publisher\":{\"@id\":\"https:\/\/www.questionpro.com\/blog\/fr\/#organization\"},\"potentialAction\":[{\"@type\":\"SearchAction\",\"target\":{\"@type\":\"EntryPoint\",\"urlTemplate\":\"https:\/\/www.questionpro.com\/blog\/fr\/?s={search_term_string}\"},\"query-input\":\"required name=search_term_string\"}],\"inLanguage\":\"fr-FR\"},{\"@type\":\"Organization\",\"@id\":\"https:\/\/www.questionpro.com\/blog\/fr\/#organization\",\"name\":\"QuestionPro\",\"url\":\"https:\/\/www.questionpro.com\/blog\/fr\/\",\"logo\":{\"@type\":\"ImageObject\",\"inLanguage\":\"fr-FR\",\"@id\":\"https:\/\/www.questionpro.com\/blog\/fr\/#\/schema\/logo\/image\/\",\"url\":\"https:\/\/www.questionpro.com\/blog\/wp-content\/uploads\/2022\/10\/questionpro-logo.svg\",\"contentUrl\":\"https:\/\/www.questionpro.com\/blog\/wp-content\/uploads\/2022\/10\/questionpro-logo.svg\",\"caption\":\"QuestionPro\"},\"image\":{\"@id\":\"https:\/\/www.questionpro.com\/blog\/fr\/#\/schema\/logo\/image\/\"},\"sameAs\":[\"https:\/\/www.facebook.com\/questionpro\",\"https:\/\/twitter.com\/questionpro\",\"https:\/\/www.linkedin.com\/company\/questionpro\/\"]},{\"@type\":\"Person\",\"@id\":\"https:\/\/www.questionpro.com\/blog\/fr\/#\/schema\/person\/6240dce6e1901b1a6c7f3dbd3e22567f\",\"name\":\"Adi Bhat\",\"image\":{\"@type\":\"ImageObject\",\"inLanguage\":\"fr-FR\",\"@id\":\"https:\/\/www.questionpro.com\/blog\/fr\/#\/schema\/person\/image\/\",\"url\":\"https:\/\/secure.gravatar.com\/avatar\/33be79da19de28bbea9b5a059532a027?s=96&d=mm&r=g\",\"contentUrl\":\"https:\/\/secure.gravatar.com\/avatar\/33be79da19de28bbea9b5a059532a027?s=96&d=mm&r=g\",\"caption\":\"Adi Bhat\"},\"description\":\"Aditya Bhat, a.k.a. \u2018Adi\u2019, is a thought leader in market strategy and business development. He leads QuestionPro's sales teams to partner with companies, government organizations, and nonprofit institution.\",\"sameAs\":[\"https:\/\/www.questionpro.com\/\"],\"url\":\"https:\/\/www.questionpro.com\/blog\/fr\/author\/adityabhat\/\"}]}<\/script>\n<!-- \/ Yoast SEO plugin. -->","yoast_head_json":{"title":"Questionnaire sur la d\u00e9pression : 30 questions d'enqu\u00eate | QuestionPro","description":"Le questionnaire sur la d\u00e9pression comprend des questions d'enqu\u00eate qui sont utilis\u00e9es pour \u00e9valuer les connaissances d'un individu sur la d\u00e9pression et l'anxi\u00e9t\u00e9, ainsi que pour \u00e9valuer la sant\u00e9 mentale. Un tel questionnaire de d\u00e9pistage de la d\u00e9pression peut \u00eatre utile aux organismes de soins de sant\u00e9, aux psychiatres ou \u00e0 d'autres organisations li\u00e9es \u00e0 la sant\u00e9 pour comprendre la sensibilisation du public \u00e0 la d\u00e9pression et \u00e0 l'anxi\u00e9t\u00e9. Explorer les diff\u00e9rents types de questions de d\u00e9pistage des d\u00e9pressions les plus couramment utilis\u00e9es dans le monde de la sant\u00e9.","robots":{"index":"index","follow":"follow","max-snippet":"max-snippet:-1","max-image-preview":"max-image-preview:large","max-video-preview":"max-video-preview:-1"},"canonical":"https:\/\/www.questionpro.com\/blog\/fr\/questionnaire-sur-la-depression\/","og_locale":"fr_FR","og_type":"article","og_title":"Questionnaire sur la d\u00e9pression : 30 questions d'enqu\u00eate | QuestionPro","og_description":"Le questionnaire sur la d\u00e9pression comprend des questions d'enqu\u00eate qui sont utilis\u00e9es pour \u00e9valuer les connaissances d'un individu sur la d\u00e9pression et l'anxi\u00e9t\u00e9, ainsi que pour \u00e9valuer la sant\u00e9 mentale. Un tel questionnaire de d\u00e9pistage de la d\u00e9pression peut \u00eatre utile aux organismes de soins de sant\u00e9, aux psychiatres ou \u00e0 d'autres organisations li\u00e9es \u00e0 la sant\u00e9 pour comprendre la sensibilisation du public \u00e0 la d\u00e9pression et \u00e0 l'anxi\u00e9t\u00e9. Explorer les diff\u00e9rents types de questions de d\u00e9pistage des d\u00e9pressions les plus couramment utilis\u00e9es dans le monde de la sant\u00e9.","og_url":"https:\/\/www.questionpro.com\/blog\/fr\/questionnaire-sur-la-depression\/","og_site_name":"QuestionPro","article_publisher":"https:\/\/www.facebook.com\/questionpro","article_published_time":"2019-02-12T04:41:04+00:00","article_modified_time":"2019-02-11T21:41:04+00:00","og_image":[{"width":992,"height":594,"url":"https:\/\/www.questionpro.com\/blog\/wp-content\/uploads\/2019\/02\/Depression-Questionnaire.jpg","type":"image\/jpeg"}],"author":"Adi Bhat","twitter_card":"summary_large_image","twitter_creator":"@questionpro","twitter_site":"@questionpro","twitter_misc":{"\u00c9crit par":"Adi Bhat","Dur\u00e9e de lecture estim\u00e9e":"8 minutes"},"schema":{"@context":"https:\/\/schema.org","@graph":[{"@type":"Article","@id":"https:\/\/www.questionpro.com\/blog\/fr\/questionnaire-sur-la-depression\/#article","isPartOf":{"@id":"https:\/\/www.questionpro.com\/blog\/fr\/questionnaire-sur-la-depression\/"},"author":{"name":"Adi Bhat","@id":"https:\/\/www.questionpro.com\/blog\/fr\/#\/schema\/person\/6240dce6e1901b1a6c7f3dbd3e22567f"},"headline":"Questionnaire sur la d\u00e9pression : 30 questions d&rsquo;enqu\u00eate","datePublished":"2019-02-12T04:41:04+00:00","dateModified":"2019-02-11T21:41:04+00:00","mainEntityOfPage":{"@id":"https:\/\/www.questionpro.com\/blog\/fr\/questionnaire-sur-la-depression\/"},"wordCount":1681,"publisher":{"@id":"https:\/\/www.questionpro.com\/blog\/fr\/#organization"},"articleSection":["Enqu\u00eates"],"inLanguage":"fr-FR"},{"@type":"WebPage","@id":"https:\/\/www.questionpro.com\/blog\/fr\/questionnaire-sur-la-depression\/","url":"https:\/\/www.questionpro.com\/blog\/fr\/questionnaire-sur-la-depression\/","name":"Questionnaire sur la d\u00e9pression : 30 questions d'enqu\u00eate | QuestionPro","isPartOf":{"@id":"https:\/\/www.questionpro.com\/blog\/fr\/#website"},"datePublished":"2019-02-12T04:41:04+00:00","dateModified":"2019-02-11T21:41:04+00:00","description":"Le questionnaire sur la d\u00e9pression comprend des questions d'enqu\u00eate qui sont utilis\u00e9es pour \u00e9valuer les connaissances d'un individu sur la d\u00e9pression et l'anxi\u00e9t\u00e9, ainsi que pour \u00e9valuer la sant\u00e9 mentale. Un tel questionnaire de d\u00e9pistage de la d\u00e9pression peut \u00eatre utile aux organismes de soins de sant\u00e9, aux psychiatres ou \u00e0 d'autres organisations li\u00e9es \u00e0 la sant\u00e9 pour comprendre la sensibilisation du public \u00e0 la d\u00e9pression et \u00e0 l'anxi\u00e9t\u00e9. Explorer les diff\u00e9rents types de questions de d\u00e9pistage des d\u00e9pressions les plus couramment utilis\u00e9es dans le monde de la sant\u00e9.","breadcrumb":{"@id":"https:\/\/www.questionpro.com\/blog\/fr\/questionnaire-sur-la-depression\/#breadcrumb"},"inLanguage":"fr-FR","potentialAction":[{"@type":"ReadAction","target":["https:\/\/www.questionpro.com\/blog\/fr\/questionnaire-sur-la-depression\/"]}]},{"@type":"BreadcrumbList","@id":"https:\/\/www.questionpro.com\/blog\/fr\/questionnaire-sur-la-depression\/#breadcrumb","itemListElement":[{"@type":"ListItem","position":1,"name":"Domicile","item":"https:\/\/www.questionpro.com\/blog\/fr\/"},{"@type":"ListItem","position":2,"name":"Enqu\u00eates","item":"https:\/\/www.questionpro.com\/blog\/fr\/category\/enquetes-fr\/"},{"@type":"ListItem","position":3,"name":"Questionnaire sur la d\u00e9pression : 30 questions d&#8217;enqu\u00eate"}]},{"@type":"WebSite","@id":"https:\/\/www.questionpro.com\/blog\/fr\/#website","url":"https:\/\/www.questionpro.com\/blog\/fr\/","name":"QuestionPro","description":"","publisher":{"@id":"https:\/\/www.questionpro.com\/blog\/fr\/#organization"},"potentialAction":[{"@type":"SearchAction","target":{"@type":"EntryPoint","urlTemplate":"https:\/\/www.questionpro.com\/blog\/fr\/?s={search_term_string}"},"query-input":"required name=search_term_string"}],"inLanguage":"fr-FR"},{"@type":"Organization","@id":"https:\/\/www.questionpro.com\/blog\/fr\/#organization","name":"QuestionPro","url":"https:\/\/www.questionpro.com\/blog\/fr\/","logo":{"@type":"ImageObject","inLanguage":"fr-FR","@id":"https:\/\/www.questionpro.com\/blog\/fr\/#\/schema\/logo\/image\/","url":"https:\/\/www.questionpro.com\/blog\/wp-content\/uploads\/2022\/10\/questionpro-logo.svg","contentUrl":"https:\/\/www.questionpro.com\/blog\/wp-content\/uploads\/2022\/10\/questionpro-logo.svg","caption":"QuestionPro"},"image":{"@id":"https:\/\/www.questionpro.com\/blog\/fr\/#\/schema\/logo\/image\/"},"sameAs":["https:\/\/www.facebook.com\/questionpro","https:\/\/twitter.com\/questionpro","https:\/\/www.linkedin.com\/company\/questionpro\/"]},{"@type":"Person","@id":"https:\/\/www.questionpro.com\/blog\/fr\/#\/schema\/person\/6240dce6e1901b1a6c7f3dbd3e22567f","name":"Adi Bhat","image":{"@type":"ImageObject","inLanguage":"fr-FR","@id":"https:\/\/www.questionpro.com\/blog\/fr\/#\/schema\/person\/image\/","url":"https:\/\/secure.gravatar.com\/avatar\/33be79da19de28bbea9b5a059532a027?s=96&d=mm&r=g","contentUrl":"https:\/\/secure.gravatar.com\/avatar\/33be79da19de28bbea9b5a059532a027?s=96&d=mm&r=g","caption":"Adi Bhat"},"description":"Aditya Bhat, a.k.a. \u2018Adi\u2019, is a thought leader in market strategy and business development. He leads QuestionPro's sales teams to partner with companies, government organizations, and nonprofit institution.","sameAs":["https:\/\/www.questionpro.com\/"],"url":"https:\/\/www.questionpro.com\/blog\/fr\/author\/adityabhat\/"}]}},"featured_image_src":"https:\/\/www.questionpro.com\/blog\/wp-content\/uploads\/2024\/01\/Depression-Questionnaire.jpg","featured_image_src_square":"https:\/\/www.questionpro.com\/blog\/wp-content\/uploads\/2024\/01\/Depression-Questionnaire.jpg","author_info":{"display_name":"Adi Bhat","author_link":"https:\/\/www.questionpro.com\/blog\/fr\/author\/adityabhat\/"},"_links":{"self":[{"href":"https:\/\/www.questionpro.com\/blog\/fr\/wp-json\/wp\/v2\/posts\/800504"}],"collection":[{"href":"https:\/\/www.questionpro.com\/blog\/fr\/wp-json\/wp\/v2\/posts"}],"about":[{"href":"https:\/\/www.questionpro.com\/blog\/fr\/wp-json\/wp\/v2\/types\/post"}],"author":[{"embeddable":true,"href":"https:\/\/www.questionpro.com\/blog\/fr\/wp-json\/wp\/v2\/users\/86"}],"replies":[{"embeddable":true,"href":"https:\/\/www.questionpro.com\/blog\/fr\/wp-json\/wp\/v2\/comments?post=800504"}],"version-history":[{"count":0,"href":"https:\/\/www.questionpro.com\/blog\/fr\/wp-json\/wp\/v2\/posts\/800504\/revisions"}],"wp:featuredmedia":[{"embeddable":true,"href":"https:\/\/www.questionpro.com\/blog\/fr\/wp-json\/wp\/v2\/media\/826240"}],"wp:attachment":[{"href":"https:\/\/www.questionpro.com\/blog\/fr\/wp-json\/wp\/v2\/media?parent=800504"}],"wp:term":[{"taxonomy":"category","embeddable":true,"href":"https:\/\/www.questionpro.com\/blog\/fr\/wp-json\/wp\/v2\/categories?post=800504"},{"taxonomy":"post_tag","embeddable":true,"href":"https:\/\/www.questionpro.com\/blog\/fr\/wp-json\/wp\/v2\/tags?post=800504"}],"curies":[{"name":"wp","href":"https:\/\/api.w.org\/{rel}","templated":true}]}}