

{"id":811912,"date":"2018-06-01T06:46:54","date_gmt":"2018-06-01T13:46:54","guid":{"rendered":"https:\/\/www.questionpro.com\/blog\/echelle-dintervalle\/"},"modified":"2023-09-05T03:04:44","modified_gmt":"2023-09-05T03:04:44","slug":"echelle-dintervalle","status":"publish","type":"post","link":"https:\/\/www.questionpro.com\/blog\/fr\/echelle-dintervalle\/","title":{"rendered":"\u00c9chelle d&rsquo;intervalle : D\u00e9finition, caract\u00e9ristiques et exemples"},"content":{"rendered":"<p>Lorsque vous \u00e9laborez un plan d&rsquo;analyse des donn\u00e9es quantitatives de vos enqu\u00eates, il est probable que vous ayez d\u00e9j\u00e0 rencontr\u00e9 l&rsquo;expression \u00ab\u00a0\u00e9chelle d&rsquo;intervalle\u00a0\u00bb. Mais qu&rsquo;est-ce que le it, et en quoi diff\u00e8re-t-il des termes commun\u00e9ment associ\u00e9s tels que \u00ab\u00a0\u00e9chelle nominale\u00a0\u00bb et \u00ab\u00a0\u00e9chelle ordinale\u00a0\u00bb ?<\/p>\n<p>Nous aborderons la d\u00e9finition, d\u00e9crirons les principales caract\u00e9ristiques et fournirons des exemples d&rsquo;\u00e9chelles d&rsquo;intervalle qui pourraient s&rsquo;av\u00e9rer particuli\u00e8rement utiles pour votre strat\u00e9gie d&rsquo;enqu\u00eate.<\/p>\n<p style=\"text-align: center;\"><em><strong>EN SAVOIR PLUS :<\/strong> <a href=\"https:\/\/www.questionpro.com\/blog\/average-order-value\/\">Valeur moyenne des commandes<\/a><\/em><\/p>\n<h2>\u00c9chelle d&rsquo;intervalle : D\u00e9finition<\/h2>\n<p><span data-preserver-spaces=\"true\">L&rsquo;\u00e9chelle d&rsquo;intervalle est une \u00e9chelle<\/span><a class=\"_e75a791d-denali-editor-page-rtfLink\" href=\"https:\/\/www.questionpro.com\/blog\/quantitative-data\/\" target=\"_blank\" rel=\"noopener noreferrer\"><br \/>\n  <span data-preserver-spaces=\"true\"> quantitative<\/span><br \/>\n<\/a><span data-preserver-spaces=\"true\">  \u00e9chelle de mesure o\u00f9 il y a de l&rsquo;ordre, la diff\u00e9rence entre les deux variables est significative et \u00e9gale, et la pr\u00e9sence de z\u00e9ro est arbitraire. Elle mesure des variables qui existent le long d&rsquo;une \u00e9chelle commune \u00e0 intervalles \u00e9gaux. Les mesures utilis\u00e9es pour calculer la distance entre les variables sont tr\u00e8s fiables.<\/span><\/p>\n<p><span data-preserver-spaces=\"true\">L&rsquo;\u00e9chelle d&rsquo;intervalle est le troisi\u00e8me<\/span><a class=\"_e75a791d-denali-editor-page-rtfLink\" href=\"https:\/\/www.questionpro.com\/blog\/nominal-ordinal-interval-ratio\/\" target=\"_blank\" rel=\"noopener noreferrer\"><br \/>\n  <span data-preserver-spaces=\"true\"> niveau de mesure<\/span><br \/>\n<\/a><span data-preserver-spaces=\"true\">  apr\u00e8s l&rsquo;\u00e9chelle nominale et l&rsquo;\u00e9chelle ordinale. La compr\u00e9hension des deux premiers niveaux vous aidera \u00e0 diff\u00e9rencier les mesures d&rsquo;intervalle. Une \u00e9chelle nominale est utilis\u00e9e lorsque les variables n&rsquo;ont pas d&rsquo;ordre naturel ou de classement. Vous pouvez inclure des variables num\u00e9rot\u00e9es ou non, mais les exemples d&rsquo;enqu\u00eates les plus courants sont les <a href=\"https:\/\/www.questionpro.com\/blog\/gender-survey-questions\/\">questions sur le sexe<\/a>, le lieu, le parti politique, les animaux de compagnie, etc.<\/span><\/p>\n<p><span data-preserver-spaces=\"true\">En revanche, sur une \u00e9chelle ordinale, le rang des variables est important, mais la diff\u00e9rence ou la distance entre les variables ne l&rsquo;est pas. Pensez \u00e0 des filtres de prix pour les achats en ligne. Vous pouvez s\u00e9lectionner \u00ab\u00a0moins de 25 $\u00a0\u00bb, \u00ab\u00a026 $ jusqu&rsquo;\u00e0 50 $\u00a0\u00bb, et ainsi de suite, mais la diff\u00e9rence entre les deux n&rsquo;est pas pertinente. De m\u00eame, le classement de variables telles que \u00ab\u00a0ne recommanderait pas\u00a0\u00bb et \u00ab\u00a0recommanderait fortement\u00a0\u00bb est important, mais la diff\u00e9rence entre elles ne l&rsquo;est pas, \u00e0 moins que cette diff\u00e9rence ne soit repr\u00e9sent\u00e9e par une autre variable.  <\/span><\/p>\n<p style=\"text-align: center;\">En savoir plus : <a href=\"https:\/\/www.questionpro.com\/blog\/interval-data\/\" target=\"_blank\" rel=\"noopener noreferrer\">Donn\u00e9es d&rsquo;intervalle &#8211; D\u00e9finition et exemple<\/a><\/p>\n<h3>Caract\u00e9ristiques de l&rsquo;\u00e9chelle d&rsquo;intervalle<\/h3>\n<p><span data-preserver-spaces=\"true\">Maintenant que vous connaissez les deux premi\u00e8res \u00e9chelles de mesure, il est beaucoup plus facile de la comprendre. Dans un sens, c&rsquo;est la combinaison des autres \u00e9chelles. La partie la plus d\u00e9licate de l&rsquo;\u00e9chelle d&rsquo;intervalles est probablement le fait qu&rsquo;il n&rsquo;y a pas de v\u00e9ritable z\u00e9ro. Mais \u00e0 bien y r\u00e9fl\u00e9chir, certaines variables n&rsquo;ont pas un z\u00e9ro universellement constant. Prenons l&rsquo;exemple de l&rsquo;\u00e9chelle d&rsquo;intervalle suivante : temp\u00e9rature en degr\u00e9s Fahrenheit.<\/span><\/p>\n<p><span data-preserver-spaces=\"true\">Si vous analysez des temp\u00e9ratures en degr\u00e9s Fahrenheit, par exemple 20-40 degr\u00e9s et 40-60 degr\u00e9s, il y a un ordre et la diff\u00e9rence entre les variables est significative, mais la pr\u00e9sence de z\u00e9ro est arbitraire. En quoi le z\u00e9ro est-il arbitraire ? Le z\u00e9ro degr\u00e9 sur l&rsquo;\u00e9chelle Fahrenheit (et Celsius) n&rsquo;est pas une constante universelle, mais repr\u00e9sente la temp\u00e9rature \u00e0 laquelle une saumure compos\u00e9e \u00e0 parts \u00e9gales de glace, d&rsquo;eau et de sel g\u00e8le.<\/span><\/p>\n<p><span data-preserver-spaces=\"true\">Ne nous attardons pas trop sur les d\u00e9tails de la temp\u00e9rature. Vos enqu\u00eates porteront probablement sur d&rsquo;autres variables. Il est facile de se rappeler l&rsquo;objectif de cette \u00e9chelle car le terme \u00ab\u00a0intervalle\u00a0\u00bb fait r\u00e9f\u00e9rence \u00e0 l&rsquo;intervalle (ou \u00e0 la distance) entre deux variables. Une autre fa\u00e7on de se souvenir de cette \u00e9chelle est que les donn\u00e9es entre deux variables peuvent \u00eatre ajout\u00e9es ou soustraites, mais pas multipli\u00e9es ou divis\u00e9es. Contrairement \u00e0 la<\/span> <a class=\"_e75a791d-denali-editor-page-rtfLink\" href=\"https:\/\/www.questionpro.com\/blog\/ratio-scale\/\" target=\"_blank\" rel=\"noopener noreferrer\"><br \/>\n  <span data-preserver-spaces=\"true\"> \u00e9chelle de rapport<\/span><br \/>\n<\/a><span data-preserver-spaces=\"true\">o\u00f9 la division est d\u00e9finie entre deux variables.<\/span><\/p>\n<p><span data-preserver-spaces=\"true\">Envie d&rsquo;un guide facile sur l&rsquo;\u00e9chelle d&rsquo;intervalles et ses donn\u00e9es ? Nous en avons \u00e9num\u00e9r\u00e9 les principales caract\u00e9ristiques ici :<\/span><\/p>\n<p><img loading=\"lazy\" decoding=\"async\" class=\"wp-image-120663 size-full aligncenter\" title=\"Caract\u00e9ristiques de l'\u00e9chelle d'intervalle\" src=\"https:\/\/www.questionpro.com\/blog\/wp-content\/uploads\/2021\/07\/53-Characteristic-Interval-Scale.jpg\" alt=\"Caract\u00e9ristiques de l'\u00e9chelle d'intervalle\" width=\"992\" height=\"619\"><\/p>\n<ol>\n<li style=\"font-weight: 400;\"><span style=\"font-weight: 400;\">L&rsquo;\u00e9chelle d&rsquo;intervalle est pr\u00e9f\u00e9r\u00e9e \u00e0 l&rsquo;\u00e9chelle <\/span><a href=\"https:\/\/www.questionpro.com\/blog\/nominal-scale\/\"><br \/>\n  <span style=\"font-weight: 400;\">l&rsquo;\u00e9chelle nominale<\/span><br \/>\n<\/a><span style=\"font-weight: 400;\"> ou \u00e0 l&rsquo;<a href=\"https:\/\/www.questionpro.com\/blog\/ordinal-scale\/\">\u00e9chelle ordinale<\/a> <\/span> <span data-preserver-spaces=\"true\">car les deux derni\u00e8res sont des \u00e9chelles qualitatives. L&rsquo;\u00e9chelle d&rsquo;intervalle est quantitative dans le sens o\u00f9 elle permet de quantifier la diff\u00e9rence entre les valeurs.<\/span><\/li>\n<li><span data-preserver-spaces=\"true\">Les donn\u00e9es d&rsquo;intervalle peuvent \u00eatre discr\u00e8tes avec des nombres entiers comme 8 degr\u00e9s, 4 ans, 2 mois, etc., ou continues avec des nombres fractionnaires comme 12,2 degr\u00e9s, 3,5 semaines ou 4,2 miles.<\/span><\/li>\n<li><span data-preserver-spaces=\"true\">Vous pouvez soustraire des valeurs entre deux variables, ce qui permet de comprendre la diff\u00e9rence entre deux variables.<\/span><\/li>\n<li><span data-preserver-spaces=\"true\">La mesure d&rsquo;intervalle permet de calculer la moyenne et la m\u00e9diane des variables.<\/span><\/li>\n<li><span data-preserver-spaces=\"true\">Les donn\u00e9es d&rsquo;intervalle sont particuli\u00e8rement utiles dans l&rsquo;analyse et la strat\u00e9gie commerciale, sociale et scientifique, car elles sont simples et quantitatives.<\/span><\/li>\n<li><span data-preserver-spaces=\"true\">Il s&rsquo;agit d&rsquo;une \u00e9chelle privil\u00e9gi\u00e9e en statistique car elle permet d&rsquo;attribuer une valeur num\u00e9rique \u00e0 toute \u00e9valuation arbitraire, telle que les sentiments.<\/span><\/li>\n<\/ol>\n<p style=\"text-align: center;\"><em><strong>APPRENEZ-EN DAVANTAGE SUR LE SUJET :<\/strong> <a href=\"https:\/\/www.questionpro.com\/blog\/level-of-analysis\/\">Niveau d&rsquo;analyse<\/a><\/em><\/p>\n<p>Maintenant que vous savez comment reconna\u00eetre une \u00e9chelle d&rsquo;intervalles, examinons quelques exemples utiles d&rsquo;\u00e9chelles d&rsquo;intervalles.<\/p>\n<h3>Exemples d&rsquo;\u00e9chelles d&rsquo;intervalles<\/h3>\n<p>Les questions qui peuvent \u00eatre mesur\u00e9es sur l&rsquo;\u00e9chelle d&rsquo;intervalle sont les plus couramment utilis\u00e9es dans les \u00e9tudes de recherche. Pour obtenir des r\u00e9ponses sous forme de donn\u00e9es d&rsquo;intervalle, vous devez limiter les options de r\u00e9troaction aux variables auxquelles une valeur num\u00e9rique peut \u00eatre attribu\u00e9e et pour lesquelles la diff\u00e9rence entre les deux variables est \u00e9gale.<\/p>\n<p>Vous avez probablement vu les \u00e9chelles suivantes utilis\u00e9es dans une \u00e9tude de recherche : accord, niveau de satisfaction ou probabilit\u00e9. L&rsquo;enqu\u00eate doit \u00eatre mise \u00e0 l&rsquo;\u00e9chelle pour que les variables puissent r\u00e9pondre aux crit\u00e8res de la mesure d&rsquo;intervalle. Sinon, les donn\u00e9es que vous recevrez en retour seront difficiles \u00e0 quantifier.<\/p>\n<p>R\u00e9fl\u00e9chissez \u00e0 ces questions lorsque vous r\u00e9digerez votre prochaine enqu\u00eate. Ils sont tous compatibles avec l&rsquo;\u00e9chelle d&rsquo;intervalle et offrent des donn\u00e9es exploitables :<\/p>\n<ul>\n<li>\n<h4>\u00c9chelle de Likert<\/h4>\n<\/li>\n<\/ul>\n<p><span data-preserver-spaces=\"true\">L&rsquo;une des questions \u00e0 \u00e9chelle d&rsquo;intervalle les plus couramment utilis\u00e9es est une \u00e9chelle de Likert \u00e0 cinq points.<\/span><a class=\"_e75a791d-denali-editor-page-rtfLink\" href=\"https:\/\/www.questionpro.com\/article\/likert-scale-survey-questions.html\" target=\"_blank\" rel=\"noopener noreferrer\"><br \/>\n  <span data-preserver-spaces=\"true\"> \u00e9chelle de Likert<\/span><br \/>\n<\/a><span data-preserver-spaces=\"true\"> o\u00f9 chaque \u00e9motion est repr\u00e9sent\u00e9e par un chiffre et o\u00f9 les variables vont d&rsquo;extr\u00eamement insatisfait \u00e0 extr\u00eamement satisfait.<\/span><\/p>\n<p><img loading=\"lazy\" decoding=\"async\" class=\"alignnone size-full wp-image-57867\" src=\"https:\/\/www.questionpro.com\/blog\/wp-content\/uploads\/2018\/06\/Likert-Scale-New.png\" alt=\"\u00c9chelle de Likert\" width=\"914\" height=\"285\"><\/p>\n<ul>\n<li>\n<h4>Net Promoter Score (NPS)<\/h4>\n<\/li>\n<\/ul>\n<p><span data-preserver-spaces=\"true\">Dans un<\/span><a class=\"_e75a791d-denali-editor-page-rtfLink\" href=\"https:\/\/www.questionpro.com\/features\/net-promoter-score.html\" target=\"_blank\" rel=\"noopener noreferrer\"><br \/>\n  <span data-preserver-spaces=\"true\"> Net Promoter Score (NPS)<\/span><br \/>\n<\/a><span data-preserver-spaces=\"true\"> les personnes interrog\u00e9es r\u00e9pondent sur une \u00e9chelle de 1 \u00e0 10 \u00e0 la question de savoir s&rsquo;il est probable qu&rsquo;elles recommandent une entreprise, un produit ou un service \u00e0 leurs pairs.<\/span><\/p>\n<p><img loading=\"lazy\" decoding=\"async\" class=\"alignnone size-full wp-image-57864\" src=\"https:\/\/www.questionpro.com\/blog\/wp-content\/uploads\/2018\/06\/NPS.jpg\" alt=\"Net Promoter Score (NPS)\" width=\"780\" height=\"172\"><\/p>\n<ul>\n<li>\n<h4>Tableau de la matrice bipolaire<\/h4>\n<\/li>\n<\/ul>\n<p><span data-preserver-spaces=\"true\">Lorsque vous incluez ce type de question, les participants \u00e9valuent un objet sur une<\/span><a class=\"_e75a791d-denali-editor-page-rtfLink\" href=\"https:\/\/www.questionpro.com\/blog\/feature-update-bipolar-matrix-question-type\/\" target=\"_blank\" rel=\"noopener noreferrer\"><br \/>\n  <span data-preserver-spaces=\"true\"> tableau matriciel bipolaire<\/span><br \/>\n<\/a><span data-preserver-spaces=\"true\"> \u00e0 l&rsquo;aide d&rsquo;une \u00e9chelle d&rsquo;\u00e9valuation \u00e0 cinq points qui vous aide \u00e0 quantifier les sentiments en cr\u00e9ant un syst\u00e8me de classement.<\/span><\/p>\n<p style=\"text-align: center;\"><strong>APPRENEZ-EN DAVANTAGE SUR LE SUJET : <\/strong><a href=\"https:\/\/www.questionpro.com\/blog\/bipolar-questionnaire\/\">Questionnaire sur les troubles bipolaires<\/a><\/p>\n<p><img loading=\"lazy\" decoding=\"async\" class=\"alignnone size-full wp-image-57862\" src=\"https:\/\/www.questionpro.com\/blog\/wp-content\/uploads\/2018\/06\/bipolar-matrix-scale.png\" alt=\"\u00c9chelle matricielle bipolaire\" width=\"1182\" height=\"410\"><\/p>\n<h3> Conclusion<\/h3>\n<p><span data-preserver-spaces=\"true\">L&rsquo;\u00e9chelle d&rsquo;intervalles permet aux strat\u00e8ges de l&rsquo;<a href=\"https:\/\/www.questionpro.com\/blog\/surveys\/\">enqu\u00eate de<\/a> quantifier et de diff\u00e9rencier les options afin que vos commentaires puissent contribuer \u00e0 des objectifs et des r\u00e9sultats significatifs. Pour la plupart des entreprises et des \u00e9tudes scientifiques, elle est souvent plus efficace que l&rsquo;\u00e9chelle nominale ou l&rsquo;\u00e9chelle ordinale, car elle permet de tenir compte des r\u00e9sultats quantitatifs.  <\/span><\/p>\n<p><span data-preserver-spaces=\"true\">QuestionPro facilite la r\u00e9daction, le partage et l&rsquo;analyse d&rsquo;enqu\u00eates afin de recueillir des informations approfondies. Utilisez cet article pour choisir la meilleure \u00e9chelle d&rsquo;intervalle<\/span> <a class=\"_e75a791d-denali-editor-page-rtfLink\" href=\"https:\/\/www.questionpro.com\/article\/survey-question-answer-type.html\" target=\"_blank\" rel=\"noopener noreferrer\"><br \/>\n  <span data-preserver-spaces=\"true\"> types de questions-r\u00e9ponses<\/span><br \/>\n<\/a><span data-preserver-spaces=\"true\"> pour votre prochaine \u00e9tude.<\/span><\/p>\n","protected":false},"excerpt":{"rendered":"<p>Lorsque vous \u00e9laborez un plan d&rsquo;analyse des donn\u00e9es quantitatives de vos enqu\u00eates, il est probable que vous ayez d\u00e9j\u00e0 rencontr\u00e9 [&hellip;]<\/p>\n","protected":false},"author":86,"featured_media":671436,"comment_status":"closed","ping_status":"closed","sticky":false,"template":"","format":"standard","meta":{"_genesis_hide_title":false,"_genesis_hide_breadcrumbs":false,"_genesis_hide_singular_image":false,"_genesis_hide_footer_widgets":false,"_genesis_custom_body_class":"","_genesis_custom_post_class":"","_genesis_layout":"","footnotes":""},"categories":[1443],"tags":[],"yoast_head":"<!-- This site is optimized with the Yoast SEO plugin v20.4 - https:\/\/yoast.com\/wordpress\/plugins\/seo\/ -->\n<title>\u00c9chelle d&#039;intervalle : D\u00e9finition, caract\u00e9ristiques et exemples | QuestionPro<\/title>\n<meta name=\"description\" content=\"L&#039;\u00e9chelle d&#039;intervalle est d\u00e9finie comme le troisi\u00e8me niveau quantitatif de mesure o\u00f9 la diff\u00e9rence entre deux variables est significative.\" \/>\n<meta name=\"robots\" content=\"index, follow, max-snippet:-1, max-image-preview:large, max-video-preview:-1\" \/>\n<link rel=\"canonical\" href=\"https:\/\/www.questionpro.com\/blog\/fr\/echelle-dintervalle\/\" \/>\n<meta property=\"og:locale\" content=\"fr_FR\" \/>\n<meta property=\"og:type\" content=\"article\" \/>\n<meta property=\"og:title\" content=\"\u00c9chelle d&#039;intervalle : D\u00e9finition, caract\u00e9ristiques et exemples | QuestionPro\" \/>\n<meta property=\"og:description\" content=\"L&#039;\u00e9chelle d&#039;intervalle est d\u00e9finie comme le troisi\u00e8me niveau quantitatif de mesure o\u00f9 la diff\u00e9rence entre deux variables est significative.\" \/>\n<meta property=\"og:url\" content=\"https:\/\/www.questionpro.com\/blog\/fr\/echelle-dintervalle\/\" \/>\n<meta property=\"og:site_name\" content=\"QuestionPro\" \/>\n<meta property=\"article:publisher\" content=\"https:\/\/www.facebook.com\/questionpro\" \/>\n<meta property=\"article:published_time\" content=\"2018-06-01T13:46:54+00:00\" \/>\n<meta property=\"article:modified_time\" content=\"2023-09-05T03:04:44+00:00\" \/>\n<meta property=\"og:image\" content=\"https:\/\/www.questionpro.com\/blog\/wp-content\/uploads\/2018\/06\/Interval-Scale-with-Examples-.jpg\" \/>\n\t<meta property=\"og:image:width\" content=\"992\" \/>\n\t<meta property=\"og:image:height\" content=\"594\" \/>\n\t<meta property=\"og:image:type\" content=\"image\/jpeg\" \/>\n<meta name=\"author\" content=\"Adi Bhat\" \/>\n<meta name=\"twitter:card\" content=\"summary_large_image\" \/>\n<meta name=\"twitter:creator\" content=\"@questionpro\" \/>\n<meta name=\"twitter:site\" content=\"@questionpro\" \/>\n<meta name=\"twitter:label1\" content=\"\u00c9crit par\" \/>\n\t<meta name=\"twitter:data1\" content=\"Adi Bhat\" \/>\n\t<meta name=\"twitter:label2\" content=\"Dur\u00e9e de lecture estim\u00e9e\" \/>\n\t<meta name=\"twitter:data2\" content=\"6 minutes\" \/>\n<script type=\"application\/ld+json\" class=\"yoast-schema-graph\">{\"@context\":\"https:\/\/schema.org\",\"@graph\":[{\"@type\":\"Article\",\"@id\":\"https:\/\/www.questionpro.com\/blog\/fr\/echelle-dintervalle\/#article\",\"isPartOf\":{\"@id\":\"https:\/\/www.questionpro.com\/blog\/fr\/echelle-dintervalle\/\"},\"author\":{\"name\":\"Adi Bhat\",\"@id\":\"https:\/\/www.questionpro.com\/blog\/fr\/#\/schema\/person\/6240dce6e1901b1a6c7f3dbd3e22567f\"},\"headline\":\"\u00c9chelle d&rsquo;intervalle : D\u00e9finition, caract\u00e9ristiques et exemples\",\"datePublished\":\"2018-06-01T13:46:54+00:00\",\"dateModified\":\"2023-09-05T03:04:44+00:00\",\"mainEntityOfPage\":{\"@id\":\"https:\/\/www.questionpro.com\/blog\/fr\/echelle-dintervalle\/\"},\"wordCount\":1263,\"publisher\":{\"@id\":\"https:\/\/www.questionpro.com\/blog\/fr\/#organization\"},\"articleSection\":[\"\u00c9tude de march\u00e9\"],\"inLanguage\":\"fr-FR\"},{\"@type\":\"WebPage\",\"@id\":\"https:\/\/www.questionpro.com\/blog\/fr\/echelle-dintervalle\/\",\"url\":\"https:\/\/www.questionpro.com\/blog\/fr\/echelle-dintervalle\/\",\"name\":\"\u00c9chelle d'intervalle : D\u00e9finition, caract\u00e9ristiques et exemples | QuestionPro\",\"isPartOf\":{\"@id\":\"https:\/\/www.questionpro.com\/blog\/fr\/#website\"},\"datePublished\":\"2018-06-01T13:46:54+00:00\",\"dateModified\":\"2023-09-05T03:04:44+00:00\",\"description\":\"L'\u00e9chelle d'intervalle est d\u00e9finie comme le troisi\u00e8me niveau quantitatif de mesure o\u00f9 la diff\u00e9rence entre deux variables est significative.\",\"breadcrumb\":{\"@id\":\"https:\/\/www.questionpro.com\/blog\/fr\/echelle-dintervalle\/#breadcrumb\"},\"inLanguage\":\"fr-FR\",\"potentialAction\":[{\"@type\":\"ReadAction\",\"target\":[\"https:\/\/www.questionpro.com\/blog\/fr\/echelle-dintervalle\/\"]}]},{\"@type\":\"BreadcrumbList\",\"@id\":\"https:\/\/www.questionpro.com\/blog\/fr\/echelle-dintervalle\/#breadcrumb\",\"itemListElement\":[{\"@type\":\"ListItem\",\"position\":1,\"name\":\"Domicile\",\"item\":\"https:\/\/www.questionpro.com\/blog\/fr\/\"},{\"@type\":\"ListItem\",\"position\":2,\"name\":\"Non classifi\u00e9(e)\",\"item\":\"https:\/\/www.questionpro.com\/blog\/fr\/category\/non-classifiee\/\"},{\"@type\":\"ListItem\",\"position\":3,\"name\":\"\u00c9chelle d&rsquo;intervalle : D\u00e9finition, caract\u00e9ristiques et exemples\"}]},{\"@type\":\"WebSite\",\"@id\":\"https:\/\/www.questionpro.com\/blog\/fr\/#website\",\"url\":\"https:\/\/www.questionpro.com\/blog\/fr\/\",\"name\":\"QuestionPro\",\"description\":\"\",\"publisher\":{\"@id\":\"https:\/\/www.questionpro.com\/blog\/fr\/#organization\"},\"potentialAction\":[{\"@type\":\"SearchAction\",\"target\":{\"@type\":\"EntryPoint\",\"urlTemplate\":\"https:\/\/www.questionpro.com\/blog\/fr\/?s={search_term_string}\"},\"query-input\":\"required name=search_term_string\"}],\"inLanguage\":\"fr-FR\"},{\"@type\":\"Organization\",\"@id\":\"https:\/\/www.questionpro.com\/blog\/fr\/#organization\",\"name\":\"QuestionPro\",\"url\":\"https:\/\/www.questionpro.com\/blog\/fr\/\",\"logo\":{\"@type\":\"ImageObject\",\"inLanguage\":\"fr-FR\",\"@id\":\"https:\/\/www.questionpro.com\/blog\/fr\/#\/schema\/logo\/image\/\",\"url\":\"https:\/\/www.questionpro.com\/blog\/wp-content\/uploads\/2022\/10\/questionpro-logo.svg\",\"contentUrl\":\"https:\/\/www.questionpro.com\/blog\/wp-content\/uploads\/2022\/10\/questionpro-logo.svg\",\"caption\":\"QuestionPro\"},\"image\":{\"@id\":\"https:\/\/www.questionpro.com\/blog\/fr\/#\/schema\/logo\/image\/\"},\"sameAs\":[\"https:\/\/www.facebook.com\/questionpro\",\"https:\/\/twitter.com\/questionpro\",\"https:\/\/www.linkedin.com\/company\/questionpro\/\"]},{\"@type\":\"Person\",\"@id\":\"https:\/\/www.questionpro.com\/blog\/fr\/#\/schema\/person\/6240dce6e1901b1a6c7f3dbd3e22567f\",\"name\":\"Adi Bhat\",\"image\":{\"@type\":\"ImageObject\",\"inLanguage\":\"fr-FR\",\"@id\":\"https:\/\/www.questionpro.com\/blog\/fr\/#\/schema\/person\/image\/\",\"url\":\"https:\/\/secure.gravatar.com\/avatar\/33be79da19de28bbea9b5a059532a027?s=96&d=mm&r=g\",\"contentUrl\":\"https:\/\/secure.gravatar.com\/avatar\/33be79da19de28bbea9b5a059532a027?s=96&d=mm&r=g\",\"caption\":\"Adi Bhat\"},\"description\":\"Aditya Bhat, a.k.a. \u2018Adi\u2019, is a thought leader in market strategy and business development. He leads QuestionPro's sales teams to partner with companies, government organizations, and nonprofit institution.\",\"sameAs\":[\"https:\/\/www.questionpro.com\/\"],\"url\":\"https:\/\/www.questionpro.com\/blog\/fr\/author\/adityabhat\/\"}]}<\/script>\n<!-- \/ Yoast SEO plugin. -->","yoast_head_json":{"title":"\u00c9chelle d'intervalle : D\u00e9finition, caract\u00e9ristiques et exemples | QuestionPro","description":"L'\u00e9chelle d'intervalle est d\u00e9finie comme le troisi\u00e8me niveau quantitatif de mesure o\u00f9 la diff\u00e9rence entre deux variables est significative.","robots":{"index":"index","follow":"follow","max-snippet":"max-snippet:-1","max-image-preview":"max-image-preview:large","max-video-preview":"max-video-preview:-1"},"canonical":"https:\/\/www.questionpro.com\/blog\/fr\/echelle-dintervalle\/","og_locale":"fr_FR","og_type":"article","og_title":"\u00c9chelle d'intervalle : D\u00e9finition, caract\u00e9ristiques et exemples | QuestionPro","og_description":"L'\u00e9chelle d'intervalle est d\u00e9finie comme le troisi\u00e8me niveau quantitatif de mesure o\u00f9 la diff\u00e9rence entre deux variables est significative.","og_url":"https:\/\/www.questionpro.com\/blog\/fr\/echelle-dintervalle\/","og_site_name":"QuestionPro","article_publisher":"https:\/\/www.facebook.com\/questionpro","article_published_time":"2018-06-01T13:46:54+00:00","article_modified_time":"2023-09-05T03:04:44+00:00","og_image":[{"width":992,"height":594,"url":"https:\/\/www.questionpro.com\/blog\/wp-content\/uploads\/2018\/06\/Interval-Scale-with-Examples-.jpg","type":"image\/jpeg"}],"author":"Adi Bhat","twitter_card":"summary_large_image","twitter_creator":"@questionpro","twitter_site":"@questionpro","twitter_misc":{"\u00c9crit par":"Adi Bhat","Dur\u00e9e de lecture estim\u00e9e":"6 minutes"},"schema":{"@context":"https:\/\/schema.org","@graph":[{"@type":"Article","@id":"https:\/\/www.questionpro.com\/blog\/fr\/echelle-dintervalle\/#article","isPartOf":{"@id":"https:\/\/www.questionpro.com\/blog\/fr\/echelle-dintervalle\/"},"author":{"name":"Adi Bhat","@id":"https:\/\/www.questionpro.com\/blog\/fr\/#\/schema\/person\/6240dce6e1901b1a6c7f3dbd3e22567f"},"headline":"\u00c9chelle d&rsquo;intervalle : D\u00e9finition, caract\u00e9ristiques et exemples","datePublished":"2018-06-01T13:46:54+00:00","dateModified":"2023-09-05T03:04:44+00:00","mainEntityOfPage":{"@id":"https:\/\/www.questionpro.com\/blog\/fr\/echelle-dintervalle\/"},"wordCount":1263,"publisher":{"@id":"https:\/\/www.questionpro.com\/blog\/fr\/#organization"},"articleSection":["\u00c9tude de march\u00e9"],"inLanguage":"fr-FR"},{"@type":"WebPage","@id":"https:\/\/www.questionpro.com\/blog\/fr\/echelle-dintervalle\/","url":"https:\/\/www.questionpro.com\/blog\/fr\/echelle-dintervalle\/","name":"\u00c9chelle d'intervalle : D\u00e9finition, caract\u00e9ristiques et exemples | QuestionPro","isPartOf":{"@id":"https:\/\/www.questionpro.com\/blog\/fr\/#website"},"datePublished":"2018-06-01T13:46:54+00:00","dateModified":"2023-09-05T03:04:44+00:00","description":"L'\u00e9chelle d'intervalle est d\u00e9finie comme le troisi\u00e8me niveau quantitatif de mesure o\u00f9 la diff\u00e9rence entre deux variables est significative.","breadcrumb":{"@id":"https:\/\/www.questionpro.com\/blog\/fr\/echelle-dintervalle\/#breadcrumb"},"inLanguage":"fr-FR","potentialAction":[{"@type":"ReadAction","target":["https:\/\/www.questionpro.com\/blog\/fr\/echelle-dintervalle\/"]}]},{"@type":"BreadcrumbList","@id":"https:\/\/www.questionpro.com\/blog\/fr\/echelle-dintervalle\/#breadcrumb","itemListElement":[{"@type":"ListItem","position":1,"name":"Domicile","item":"https:\/\/www.questionpro.com\/blog\/fr\/"},{"@type":"ListItem","position":2,"name":"Non classifi\u00e9(e)","item":"https:\/\/www.questionpro.com\/blog\/fr\/category\/non-classifiee\/"},{"@type":"ListItem","position":3,"name":"\u00c9chelle d&rsquo;intervalle : D\u00e9finition, caract\u00e9ristiques et exemples"}]},{"@type":"WebSite","@id":"https:\/\/www.questionpro.com\/blog\/fr\/#website","url":"https:\/\/www.questionpro.com\/blog\/fr\/","name":"QuestionPro","description":"","publisher":{"@id":"https:\/\/www.questionpro.com\/blog\/fr\/#organization"},"potentialAction":[{"@type":"SearchAction","target":{"@type":"EntryPoint","urlTemplate":"https:\/\/www.questionpro.com\/blog\/fr\/?s={search_term_string}"},"query-input":"required name=search_term_string"}],"inLanguage":"fr-FR"},{"@type":"Organization","@id":"https:\/\/www.questionpro.com\/blog\/fr\/#organization","name":"QuestionPro","url":"https:\/\/www.questionpro.com\/blog\/fr\/","logo":{"@type":"ImageObject","inLanguage":"fr-FR","@id":"https:\/\/www.questionpro.com\/blog\/fr\/#\/schema\/logo\/image\/","url":"https:\/\/www.questionpro.com\/blog\/wp-content\/uploads\/2022\/10\/questionpro-logo.svg","contentUrl":"https:\/\/www.questionpro.com\/blog\/wp-content\/uploads\/2022\/10\/questionpro-logo.svg","caption":"QuestionPro"},"image":{"@id":"https:\/\/www.questionpro.com\/blog\/fr\/#\/schema\/logo\/image\/"},"sameAs":["https:\/\/www.facebook.com\/questionpro","https:\/\/twitter.com\/questionpro","https:\/\/www.linkedin.com\/company\/questionpro\/"]},{"@type":"Person","@id":"https:\/\/www.questionpro.com\/blog\/fr\/#\/schema\/person\/6240dce6e1901b1a6c7f3dbd3e22567f","name":"Adi Bhat","image":{"@type":"ImageObject","inLanguage":"fr-FR","@id":"https:\/\/www.questionpro.com\/blog\/fr\/#\/schema\/person\/image\/","url":"https:\/\/secure.gravatar.com\/avatar\/33be79da19de28bbea9b5a059532a027?s=96&d=mm&r=g","contentUrl":"https:\/\/secure.gravatar.com\/avatar\/33be79da19de28bbea9b5a059532a027?s=96&d=mm&r=g","caption":"Adi Bhat"},"description":"Aditya Bhat, a.k.a. \u2018Adi\u2019, is a thought leader in market strategy and business development. He leads QuestionPro's sales teams to partner with companies, government organizations, and nonprofit institution.","sameAs":["https:\/\/www.questionpro.com\/"],"url":"https:\/\/www.questionpro.com\/blog\/fr\/author\/adityabhat\/"}]}},"featured_image_src":"https:\/\/www.questionpro.com\/blog\/wp-content\/uploads\/2018\/06\/Interval-Scale-with-Examples-.jpg","featured_image_src_square":"https:\/\/www.questionpro.com\/blog\/wp-content\/uploads\/2018\/06\/Interval-Scale-with-Examples-.jpg","author_info":{"display_name":"Adi Bhat","author_link":"https:\/\/www.questionpro.com\/blog\/fr\/author\/adityabhat\/"},"_links":{"self":[{"href":"https:\/\/www.questionpro.com\/blog\/fr\/wp-json\/wp\/v2\/posts\/811912"}],"collection":[{"href":"https:\/\/www.questionpro.com\/blog\/fr\/wp-json\/wp\/v2\/posts"}],"about":[{"href":"https:\/\/www.questionpro.com\/blog\/fr\/wp-json\/wp\/v2\/types\/post"}],"author":[{"embeddable":true,"href":"https:\/\/www.questionpro.com\/blog\/fr\/wp-json\/wp\/v2\/users\/86"}],"replies":[{"embeddable":true,"href":"https:\/\/www.questionpro.com\/blog\/fr\/wp-json\/wp\/v2\/comments?post=811912"}],"version-history":[{"count":1,"href":"https:\/\/www.questionpro.com\/blog\/fr\/wp-json\/wp\/v2\/posts\/811912\/revisions"}],"predecessor-version":[{"id":811913,"href":"https:\/\/www.questionpro.com\/blog\/fr\/wp-json\/wp\/v2\/posts\/811912\/revisions\/811913"}],"wp:featuredmedia":[{"embeddable":true,"href":"https:\/\/www.questionpro.com\/blog\/fr\/wp-json\/wp\/v2\/media\/671436"}],"wp:attachment":[{"href":"https:\/\/www.questionpro.com\/blog\/fr\/wp-json\/wp\/v2\/media?parent=811912"}],"wp:term":[{"taxonomy":"category","embeddable":true,"href":"https:\/\/www.questionpro.com\/blog\/fr\/wp-json\/wp\/v2\/categories?post=811912"},{"taxonomy":"post_tag","embeddable":true,"href":"https:\/\/www.questionpro.com\/blog\/fr\/wp-json\/wp\/v2\/tags?post=811912"}],"curies":[{"name":"wp","href":"https:\/\/api.w.org\/{rel}","templated":true}]}}