

{"id":815411,"date":"2022-05-27T19:57:20","date_gmt":"2022-05-28T02:57:20","guid":{"rendered":"https:\/\/www.questionpro.com\/blog\/dimensions-du-parcours-du-client\/"},"modified":"2023-09-14T07:25:42","modified_gmt":"2023-09-14T07:25:42","slug":"dimensions-du-parcours-du-client","status":"publish","type":"post","link":"https:\/\/www.questionpro.com\/blog\/fr\/dimensions-du-parcours-du-client\/","title":{"rendered":"Dimensions du parcours client : Qu&rsquo;est-ce que c&rsquo;est ?"},"content":{"rendered":"\n<p><span style=\"font-weight: 300;\">Aujourd&rsquo;hui, nous allons nous familiariser avec <\/span><span style=\"font-weight: 300;\">les dimensions du parcours client<\/span> <span style=\"font-weight: 300;\">et quelques recommandations pour l&rsquo;am\u00e9lioration du parcours client. <\/span><span style=\"font-weight: 300;\">Dans le processus d&rsquo;am\u00e9lioration de la <\/span><a href=\"https:\/\/www.questionpro.com\/blog\/how-to-measure-customer-satisfaction\/\">\n  <span style=\"font-weight: 300;\">satisfaction des clients<\/span>\n<\/a><span style=\"font-weight: 300;\">Dans le processus d&rsquo;am\u00e9lioration de la satisfaction des clients, il y a une lutte entre ce qu&rsquo;est le parcours du client et la cartographie des points de contact avec le client. <\/span> <\/p>\n\n<p><span style=\"font-weight: 300;\">Les deux concepts sont parfois confondus \u00e0 tort, alors qu&rsquo;ils renvoient en r\u00e9alit\u00e9 \u00e0 des processus diff\u00e9rents. <\/span><span style=\"font-weight: 300;\">Le processus de cartographie des <a href=\"https:\/\/www.questionpro.com\/blog\/fr\/points-de-contact-avec-les-clients\/\">points de contact avec la client\u00e8le<\/a> est \u00e9tabli par l&rsquo;entreprise en interne, en fonction de la conception qu&rsquo;elle met en \u0153uvre pour fournir le service ou \u00e9tablir la communication avec ses clients.<\/span><\/p>\n\n<h2 class=\"wp-block-heading\">Quelles sont les dimensions du parcours client ?<\/h2>\n\n<p><span style=\"font-weight: 300;\">Le parcours du client est le processus que le client vit au contact de la marque, de son point de vue et de son exp\u00e9rience personnelle.<\/span><\/p>\n\n<p><span style=\"font-weight: 300;\">La diff\u00e9rence est abyssale, en tant qu&rsquo;entreprise, nous pouvons penser que les processus que nous \u00e9tablissons sont optimaux et couvrent tous les cas, mais la r\u00e9alit\u00e9 nous dit que l <\/span><span style=\"font-weight: 300;\">exp\u00e9rience client<\/span><span style=\"font-weight: 300;\"> est tr\u00e8s diff\u00e9rente.<\/span><\/p>\n\n<p><span style=\"font-weight: 300;\">Pour comprendre l&rsquo;exp\u00e9rience que vit le client dans son contact avec notre marque, il est essentiel de demander au client lui-m\u00eame de dessiner l&rsquo;accumulation d&rsquo;exp\u00e9riences de l&rsquo;interaction.  <\/span><\/p>\n\n<p><span style=\"font-weight: 300;\">C&rsquo;est pourquoi la recherche qualitative et quantitative est l&rsquo;\u00e9tape pr\u00e9alable \u00e0 l&rsquo;illustration de la carte du parcours du client. <\/span><a href=\"https:\/\/www.questionpro.com\/blog\/customer-journey-mapping\/\" target=\"_blank\" rel=\"noopener\">\n  <span style=\"font-weight: 300;\">carte du parcours du client.<\/span>\n<\/a><\/p>\n\n<p class=\"has-text-align-center\"><strong>EN SAVOIR PLUS :<\/strong> <a href=\"https:\/\/www.questionpro.com\/blog\/customer-journey-mapping-tools\/\">Outils de cartographie du parcours client<\/a><\/p>\n\n<p><span style=\"font-weight: 300;\">Le premier r\u00e9sultat des \u00e9tudes nous permettra de cr\u00e9er un inventaire des points de contact, en classant tous les points que le client traverse tout au long de son exp\u00e9rience par des regroupements logiques qui transcendent les pr\u00e9f\u00e9rences individuelles sp\u00e9cifiques.<\/span><\/p>\n\n<p><span style=\"font-weight: 300;\">Il est essentiel d&rsquo;identifier correctement la nature de chaque point de contact avec le client. <\/span><a href=\"https:\/\/www.questionpro.com\/blog\/fr\/points-de-contact-avec-les-clients\/\">\n  <span style=\"font-weight: 300;\">point de contact avec le client<\/span>\n<\/a><span style=\"font-weight: 300;\"> et la phase de l&rsquo;exp\u00e9rience dans laquelle il s&rsquo;inscrit.<\/span><\/p>\n\n<p><span style=\"font-weight: 300;\">Une fois les informations collect\u00e9es et analys\u00e9es, nous pouvons identifier les points de contact comme \u00e9tant critiques, compl\u00e9mentaires ou superflus.<\/span><\/p>\n\n\t<div class=\"banner-section wf-section\" lang=\"\" >\n\t\t<div class=\"right-column-container\">\n\t\t\t<div class=\"bannerbg white\">\n\t\t\t\t<span class=\"h1-2\">Create memorable experiences based on real-time data, insights and advanced analysis.<\/span>\n\t\t\t\t<a href=\"#userliteForm\" data-toggle=\"modal\" class=\"button w-button\">Request Demo<\/a>\n\t\t\t<\/div>\n\t\t<\/div>\n\t<\/div>\n\t<div class=\"userlite-modal modal fade\" id=\"userliteForm\" tabindex=\"-1\" role=\"dialog\" style=\"display: none;\">\n\t\t<div class=\"modal-dialog\" role=\"document\">\n\t\t\t<div class=\"modal-content\" role=\"document\">\n\t\t\t\t<div class=\"modal-body\">\n\t\t\t\t\t<div class=\"modal-header\">\n\t\t\t\t\t\t<button type=\"button\" class=\"close\" data-dismiss=\"modal\" aria-label=\"Close\">\n\t\t\t\t\t\t\t<i class=\"material-icons\">close<\/i>\n\t\t\t\t\t\t<\/button>\n\t\t\t\t\t<\/div>\n\t\t\t\t\t<div class=\"contact-us-form-wrapper contact-box\">\n\t\t\t\t\t\t<div class=\"userlite-form-wrapper\">\n\t\t\t\t\t\t\t<iframe src=\"https:\/\/www.questionpro.com\/userlite-form-blog-french.html?product=CX&amp;referralurl=https:\/\/www.questionpro.com\/blog\/fr\/wp-json\/wp\/v2\/posts\/815411\/&amp;lang=fr&amp;cat=cx-fr|experience-client-fr\" style=\"display: block;\" ><\/iframe>\n\t\t\t\t\t\t<\/div>\n\t\t\t\t\t\t<div class=\"demo-form-wrapper success-message-div\" style=\"display:none\">\n\t\t\t\t\t\t\t<p class=\"success-message-para\"><\/p>\n\t\t\t\t\t\t<\/div>\n\t\t\t\t\t<\/div>\n\t\t\t\t<\/div>\n\t\t\t<\/div>\n\t\t<\/div>\n\t<\/div>\n\n<h2 class=\"wp-block-heading\">Les 4 dimensions du parcours client<\/h2>\n\n<p><span style=\"font-weight: 300;\">La recherche pour d\u00e9couvrir le parcours doit inclure cinq dimensions qui constituent la carte de l&rsquo;exp\u00e9rience client.<\/span><\/p>\n\n<p><span style=\"font-weight: 300;\">Ces dimensions sont l&rsquo;objectif, le mod\u00e8le de voyage, la vision qualitative, les informations quantitatives et les conclusions et recommandations.<\/span><\/p>\n\n<h3 class=\"wp-block-heading\">1. L&rsquo;objectif<\/h3>\n\n<p><span style=\"font-weight: 300;\">L&rsquo;objectif est de d\u00e9finir les diff\u00e9rents types de personnes ou segments de personnes qui effectuent des parcours diff\u00e9renci\u00e9s. De cette fa\u00e7on, nous aurons la variabilit\u00e9 des itin\u00e9raires, des points de contact et des exp\u00e9riences de nos clients avec leurs propres caract\u00e9ristiques et exp\u00e9riences.<\/span><\/p>\n\n<p><span style=\"font-weight: 300;\">Pour chaque parcours et pour chaque point de contact sp\u00e9cifique, nous analysons s&rsquo;ils correspondent \u00e0 nos principes ou s&rsquo;ils satisfont ou non les besoins des diff\u00e9rents types de clients.<\/span><\/p>\n\n<p><span style=\"font-weight: 300;\">L&rsquo;essentiel est de confronter le voyage \u00e0 diff\u00e9rents crit\u00e8res, segments et propositions de valeur afin de pouvoir \u00e9laborer diff\u00e9rents sc\u00e9narios d&rsquo;intervention.<\/span><\/p>\n\n<h3 class=\"wp-block-heading\">2. Le mod\u00e8le du chemin ou de l&rsquo;itin\u00e9raire<\/h3>\n\n<p><span style=\"font-weight: 300;\">Le mod\u00e8le de parcours est le dessin du parcours du client. Ce qui est int\u00e9ressant, c&rsquo;est d&rsquo;extraire un mod\u00e8le qui soit g\u00e9rable et qui int\u00e8gre le plus grand nombre de types de clients en fonction de leur parcours.<\/span><\/p>\n\n<p><span style=\"font-weight: 300;\">Le mod\u00e8le cr\u00e9\u00e9 \u00e0 partir de ces informations est un diagramme qui comprend des donn\u00e9es pertinentes permettant de r\u00e9pondre \u00e0 des questions telles que : combien de personnes donnent la priorit\u00e9 \u00e0 un canal plut\u00f4t qu&rsquo;\u00e0 un autre ? Quelle partie de l&rsquo;exp\u00e9rience est d\u00e9faillante ? Quelle partie de l&rsquo;exp\u00e9rience n&rsquo;a pas \u00e9t\u00e9 prise en compte et est essentielle ?<\/span><\/p>\n\n<blockquote class=\"wp-block-quote\">\n<p><span style=\"font-weight: 300;\">Si vous aimez lire sur les dimensions du parcours client, vous trouverez peut-\u00eatre int\u00e9ressant d&rsquo;en savoir plus sur les points suivants<\/span><a href=\"https:\/\/www.questionpro.com\/blog\/customer-journey-canvas\/\"> <span style=\"font-weight: 300;\">comment cr\u00e9er un canevas de parcours client<\/span><\/a><\/p>\n<\/blockquote>\n\n<h3 class=\"wp-block-heading\">3. Vision qualitative<\/h3>\n\n<p><span style=\"font-weight: 300;\">La vision qualitative nourrit le parcours \u00ab\u00a0faire, penser, sentir\u00a0\u00bb du client. Le \u00ab\u00a0faire\u00a0\u00bb est le mod\u00e8le d&rsquo;itin\u00e9raire ; le \u00ab\u00a0penser\u00a0\u00bb, ce sont les pens\u00e9es dans le contact, puis-je m&rsquo;y rendre \u00e0 partir d&rsquo;un autre endroit ? Cela fonctionnera-t-il ? Puis-je l&rsquo;utiliser ? et le \u00ab\u00a0sentiment\u00a0\u00bb, s&rsquo;occuper des r\u00e9ponses qui expriment la satisfaction, la frustration, la tristesse, la confusion&#8230;<\/span><\/p>\n\n<p><span style=\"font-weight: 300;\">Dans les <\/span><a href=\"https:\/\/www.questionpro.com\/blog\/fr\/donnees-qualitatives\/\">\n  <span style=\"font-weight: 300;\">donn\u00e9es qualitatives<\/span>\n<\/a><span style=\"font-weight: 300;\">permettent de comprendre l&rsquo;importance et la valeur que rev\u00eat un certain point de contact pour nos clients.<\/span><\/p>\n\n<h3 class=\"wp-block-heading\">4. Informations quantitatives<\/h3>\n\n<p><span style=\"font-weight: 300;\">Une autre dimension du parcours client est l&rsquo;information quantitative, qui est essentielle car elle int\u00e8gre les donn\u00e9es obtenues par le biais d&rsquo;enqu\u00eates, de prescriptions d&rsquo;analyse web, etc.<\/span><\/p>\n\n<p><span style=\"font-weight: 300;\">Dans certains cas, <\/span><a href=\"https:\/\/www.questionpro.com\/blog\/fr\/quantitative-research-2\/\">\n  <span style=\"font-weight: 300;\">recherche quantitative<\/span>\n<\/a><span style=\"font-weight: 300;\"> peut \u00eatre utilis\u00e9e pour mettre l&rsquo;accent sur des parties sp\u00e9cifiques du parcours du client (seulement 250 % des clients atteignent ce point de contact, tandis que 60 % atteignent cet autre point de contact).<\/span><\/p>\n\n<p><span style=\"font-weight: 300;\">Les donn\u00e9es disponibles peuvent \u00eatre illustr\u00e9es par des visuels tr\u00e8s originaux et graphiques.<\/span><\/p>\n\n<h2 class=\"wp-block-heading\">Conclusions sur les dimensions du parcours client<\/h2>\n\n<p><span style=\"font-weight: 300;\">Comprendre les dimensions d&rsquo;un parcours client permet \u00e0 une entreprise d&rsquo;identifier les opportunit\u00e9s, les points de friction et les appels \u00e0 l&rsquo;action dans chaque interaction d&rsquo;une \u00e9tape.<\/span><\/p>\n\n<p><span style=\"font-weight: 300;\">Il ne s&rsquo;agit pas d&rsquo;une simple illustration des exp\u00e9riences men\u00e9es dans les diff\u00e9rents canaux. Son objectif est de coordonner l&rsquo;ensemble des points de contact avec le client qui se produisent au fil du temps.<\/span><\/p>\n\n<p><span style=\"font-weight: 300;\">Pour que la carte soit vraiment utile, elle doit \u00eatre explicite, elle doit \u00eatre facilement comprise par chacun des services de l&rsquo;entreprise sans avoir besoin d&rsquo;\u00eatre expliqu\u00e9e par le service qui l&rsquo;a pr\u00e9par\u00e9e, et elle doit conduire \u00e0 l&rsquo;action de strat\u00e9gies et d&rsquo;am\u00e9liorations et ne pas \u00eatre une fin en soi.<\/span><\/p>\n\n<p><span style=\"font-weight: 300;\">CJM est un outil essentiel \u00e0 d\u00e9velopper dans votre entreprise, pour g\u00e9rer et am\u00e9liorer l&rsquo;exp\u00e9rience de vos clients.<\/span><\/p>\n\n<p><span style=\"font-weight: 300;\">Maintenant que vous connaissez les dimensions du parcours du client, quand commen\u00e7ons-nous le parcours ?<\/span><\/p>\n\n<p><span style=\"font-weight: 300;\">A<\/span><a href=\"https:\/\/www.questionpro.com\/cx\/\"> <span style=\"font-weight: 300;\">QuestionPro CX<\/span><\/a><span style=\"font-weight: 300;\">  nous vous offrons les meilleurs outils pour suivre le parcours du client dans votre organisation. Contactez nous ! Nous serions ravis de faire \u00e9quipe avec vous pour vous aider \u00e0 am\u00e9liorer l&rsquo;exp\u00e9rience de vos clients !<\/span><\/p>\n\n<p class=\"has-text-align-center\"><a href=\"https:\/\/www.questionpro.com\/cx\/\" target=\"_blank\" rel=\"noopener\"><button>APPRENDRE ENCORE PLUS<\/button><\/a> <a href=\"https:\/\/www.questionpro.com\/a\/showEntry.do?classID=1063&amp;sourceRef=home-cx\" target=\"_blank\" rel=\"noopener\"><button>TRIAL GRATUIT<\/button><\/a><\/p>\n","protected":false},"excerpt":{"rendered":"<p>Aujourd&rsquo;hui, nous allons nous familiariser avec les dimensions du parcours client et quelques recommandations pour l&rsquo;am\u00e9lioration du parcours client. Dans [&hellip;]<\/p>\n","protected":false},"author":41,"featured_media":711740,"comment_status":"closed","ping_status":"closed","sticky":false,"template":"","format":"standard","meta":{"_genesis_hide_title":false,"_genesis_hide_breadcrumbs":false,"_genesis_hide_singular_image":false,"_genesis_hide_footer_widgets":false,"_genesis_custom_body_class":"","_genesis_custom_post_class":"","_genesis_layout":"","footnotes":""},"categories":[1441,1466],"tags":[],"yoast_head":"<!-- This site is optimized with the Yoast SEO plugin v20.4 - https:\/\/yoast.com\/wordpress\/plugins\/seo\/ -->\n<title>Dimensions du parcours client : Qu&#039;est-ce que c&#039;est ? | QuestionPro<\/title>\n<meta name=\"description\" content=\"Aujourd&#039;hui, nous allons d\u00e9couvrir les dimensions du parcours client et quelques recommandations pour l&#039;am\u00e9liorer. Lire la suite.\" \/>\n<meta name=\"robots\" content=\"index, follow, max-snippet:-1, max-image-preview:large, max-video-preview:-1\" \/>\n<link rel=\"canonical\" href=\"https:\/\/www.questionpro.com\/blog\/fr\/dimensions-du-parcours-du-client\/\" \/>\n<meta property=\"og:locale\" content=\"fr_FR\" \/>\n<meta property=\"og:type\" content=\"article\" \/>\n<meta property=\"og:title\" content=\"Dimensions du parcours client : Qu&#039;est-ce que c&#039;est ? | QuestionPro\" \/>\n<meta property=\"og:description\" content=\"Aujourd&#039;hui, nous allons d\u00e9couvrir les dimensions du parcours client et quelques recommandations pour l&#039;am\u00e9liorer. Lire la suite.\" \/>\n<meta property=\"og:url\" content=\"https:\/\/www.questionpro.com\/blog\/fr\/dimensions-du-parcours-du-client\/\" \/>\n<meta property=\"og:site_name\" content=\"QuestionPro\" \/>\n<meta property=\"article:publisher\" content=\"https:\/\/www.facebook.com\/questionpro\" \/>\n<meta property=\"article:published_time\" content=\"2022-05-28T02:57:20+00:00\" \/>\n<meta property=\"article:modified_time\" content=\"2023-09-14T07:25:42+00:00\" \/>\n<meta property=\"og:image\" content=\"https:\/\/www.questionpro.com\/blog\/wp-content\/uploads\/2022\/05\/customer-jourey-dimensions.jpg\" \/>\n\t<meta property=\"og:image:width\" content=\"992\" \/>\n\t<meta property=\"og:image:height\" content=\"594\" \/>\n\t<meta property=\"og:image:type\" content=\"image\/jpeg\" \/>\n<meta name=\"author\" content=\"Paulina Rodriguez\" \/>\n<meta name=\"twitter:card\" content=\"summary_large_image\" \/>\n<meta name=\"twitter:creator\" content=\"@questionpro\" \/>\n<meta name=\"twitter:site\" content=\"@questionpro\" \/>\n<meta name=\"twitter:label1\" content=\"\u00c9crit par\" \/>\n\t<meta name=\"twitter:data1\" content=\"Paulina Rodriguez\" \/>\n\t<meta name=\"twitter:label2\" content=\"Dur\u00e9e de lecture estim\u00e9e\" \/>\n\t<meta name=\"twitter:data2\" content=\"5 minutes\" \/>\n<script type=\"application\/ld+json\" class=\"yoast-schema-graph\">{\"@context\":\"https:\/\/schema.org\",\"@graph\":[{\"@type\":\"Article\",\"@id\":\"https:\/\/www.questionpro.com\/blog\/fr\/dimensions-du-parcours-du-client\/#article\",\"isPartOf\":{\"@id\":\"https:\/\/www.questionpro.com\/blog\/fr\/dimensions-du-parcours-du-client\/\"},\"author\":{\"name\":\"Paulina Rodriguez\",\"@id\":\"https:\/\/www.questionpro.com\/blog\/fr\/#\/schema\/person\/d262c031e3554d3a44164290b97ff8af\"},\"headline\":\"Dimensions du parcours client : Qu&rsquo;est-ce que c&rsquo;est ?\",\"datePublished\":\"2022-05-28T02:57:20+00:00\",\"dateModified\":\"2023-09-14T07:25:42+00:00\",\"mainEntityOfPage\":{\"@id\":\"https:\/\/www.questionpro.com\/blog\/fr\/dimensions-du-parcours-du-client\/\"},\"wordCount\":1087,\"publisher\":{\"@id\":\"https:\/\/www.questionpro.com\/blog\/fr\/#organization\"},\"articleSection\":[\"CX\",\"Exp\u00e9rience client\"],\"inLanguage\":\"fr-FR\"},{\"@type\":\"WebPage\",\"@id\":\"https:\/\/www.questionpro.com\/blog\/fr\/dimensions-du-parcours-du-client\/\",\"url\":\"https:\/\/www.questionpro.com\/blog\/fr\/dimensions-du-parcours-du-client\/\",\"name\":\"Dimensions du parcours client : Qu'est-ce que c'est ? | QuestionPro\",\"isPartOf\":{\"@id\":\"https:\/\/www.questionpro.com\/blog\/fr\/#website\"},\"datePublished\":\"2022-05-28T02:57:20+00:00\",\"dateModified\":\"2023-09-14T07:25:42+00:00\",\"description\":\"Aujourd'hui, nous allons d\u00e9couvrir les dimensions du parcours client et quelques recommandations pour l'am\u00e9liorer. Lire la suite.\",\"breadcrumb\":{\"@id\":\"https:\/\/www.questionpro.com\/blog\/fr\/dimensions-du-parcours-du-client\/#breadcrumb\"},\"inLanguage\":\"fr-FR\",\"potentialAction\":[{\"@type\":\"ReadAction\",\"target\":[\"https:\/\/www.questionpro.com\/blog\/fr\/dimensions-du-parcours-du-client\/\"]}]},{\"@type\":\"BreadcrumbList\",\"@id\":\"https:\/\/www.questionpro.com\/blog\/fr\/dimensions-du-parcours-du-client\/#breadcrumb\",\"itemListElement\":[{\"@type\":\"ListItem\",\"position\":1,\"name\":\"Domicile\",\"item\":\"https:\/\/www.questionpro.com\/blog\/fr\/\"},{\"@type\":\"ListItem\",\"position\":2,\"name\":\"Non classifi\u00e9(e)\",\"item\":\"https:\/\/www.questionpro.com\/blog\/fr\/category\/non-classifiee\/\"},{\"@type\":\"ListItem\",\"position\":3,\"name\":\"Dimensions du parcours client : Qu&rsquo;est-ce que c&rsquo;est ?\"}]},{\"@type\":\"WebSite\",\"@id\":\"https:\/\/www.questionpro.com\/blog\/fr\/#website\",\"url\":\"https:\/\/www.questionpro.com\/blog\/fr\/\",\"name\":\"QuestionPro\",\"description\":\"\",\"publisher\":{\"@id\":\"https:\/\/www.questionpro.com\/blog\/fr\/#organization\"},\"potentialAction\":[{\"@type\":\"SearchAction\",\"target\":{\"@type\":\"EntryPoint\",\"urlTemplate\":\"https:\/\/www.questionpro.com\/blog\/fr\/?s={search_term_string}\"},\"query-input\":\"required name=search_term_string\"}],\"inLanguage\":\"fr-FR\"},{\"@type\":\"Organization\",\"@id\":\"https:\/\/www.questionpro.com\/blog\/fr\/#organization\",\"name\":\"QuestionPro\",\"url\":\"https:\/\/www.questionpro.com\/blog\/fr\/\",\"logo\":{\"@type\":\"ImageObject\",\"inLanguage\":\"fr-FR\",\"@id\":\"https:\/\/www.questionpro.com\/blog\/fr\/#\/schema\/logo\/image\/\",\"url\":\"https:\/\/www.questionpro.com\/blog\/wp-content\/uploads\/2022\/10\/questionpro-logo.svg\",\"contentUrl\":\"https:\/\/www.questionpro.com\/blog\/wp-content\/uploads\/2022\/10\/questionpro-logo.svg\",\"caption\":\"QuestionPro\"},\"image\":{\"@id\":\"https:\/\/www.questionpro.com\/blog\/fr\/#\/schema\/logo\/image\/\"},\"sameAs\":[\"https:\/\/www.facebook.com\/questionpro\",\"https:\/\/twitter.com\/questionpro\",\"https:\/\/www.linkedin.com\/company\/questionpro\/\"]},{\"@type\":\"Person\",\"@id\":\"https:\/\/www.questionpro.com\/blog\/fr\/#\/schema\/person\/d262c031e3554d3a44164290b97ff8af\",\"name\":\"Paulina Rodriguez\",\"image\":{\"@type\":\"ImageObject\",\"inLanguage\":\"fr-FR\",\"@id\":\"https:\/\/www.questionpro.com\/blog\/fr\/#\/schema\/person\/image\/\",\"url\":\"https:\/\/secure.gravatar.com\/avatar\/de6b08f63e34ff5ec0cf3ff0c4f84c6d?s=96&d=mm&r=g\",\"contentUrl\":\"https:\/\/secure.gravatar.com\/avatar\/de6b08f63e34ff5ec0cf3ff0c4f84c6d?s=96&d=mm&r=g\",\"caption\":\"Paulina Rodriguez\"},\"description\":\"As a marketing manager, I craft campaigns that connect people with the right solutions at the right time. Outside of work, you'll find me deep in a thriller novel, solving my Rubik\u2019s Cube, or scouting the perfect spot for my next skydiving adventure!\",\"url\":\"https:\/\/www.questionpro.com\/blog\/fr\/author\/paulina\/\"}]}<\/script>\n<!-- \/ Yoast SEO plugin. -->","yoast_head_json":{"title":"Dimensions du parcours client : Qu'est-ce que c'est ? | QuestionPro","description":"Aujourd'hui, nous allons d\u00e9couvrir les dimensions du parcours client et quelques recommandations pour l'am\u00e9liorer. Lire la suite.","robots":{"index":"index","follow":"follow","max-snippet":"max-snippet:-1","max-image-preview":"max-image-preview:large","max-video-preview":"max-video-preview:-1"},"canonical":"https:\/\/www.questionpro.com\/blog\/fr\/dimensions-du-parcours-du-client\/","og_locale":"fr_FR","og_type":"article","og_title":"Dimensions du parcours client : Qu'est-ce que c'est ? | QuestionPro","og_description":"Aujourd'hui, nous allons d\u00e9couvrir les dimensions du parcours client et quelques recommandations pour l'am\u00e9liorer. Lire la suite.","og_url":"https:\/\/www.questionpro.com\/blog\/fr\/dimensions-du-parcours-du-client\/","og_site_name":"QuestionPro","article_publisher":"https:\/\/www.facebook.com\/questionpro","article_published_time":"2022-05-28T02:57:20+00:00","article_modified_time":"2023-09-14T07:25:42+00:00","og_image":[{"width":992,"height":594,"url":"https:\/\/www.questionpro.com\/blog\/wp-content\/uploads\/2022\/05\/customer-jourey-dimensions.jpg","type":"image\/jpeg"}],"author":"Paulina Rodriguez","twitter_card":"summary_large_image","twitter_creator":"@questionpro","twitter_site":"@questionpro","twitter_misc":{"\u00c9crit par":"Paulina Rodriguez","Dur\u00e9e de lecture estim\u00e9e":"5 minutes"},"schema":{"@context":"https:\/\/schema.org","@graph":[{"@type":"Article","@id":"https:\/\/www.questionpro.com\/blog\/fr\/dimensions-du-parcours-du-client\/#article","isPartOf":{"@id":"https:\/\/www.questionpro.com\/blog\/fr\/dimensions-du-parcours-du-client\/"},"author":{"name":"Paulina Rodriguez","@id":"https:\/\/www.questionpro.com\/blog\/fr\/#\/schema\/person\/d262c031e3554d3a44164290b97ff8af"},"headline":"Dimensions du parcours client : Qu&rsquo;est-ce que c&rsquo;est ?","datePublished":"2022-05-28T02:57:20+00:00","dateModified":"2023-09-14T07:25:42+00:00","mainEntityOfPage":{"@id":"https:\/\/www.questionpro.com\/blog\/fr\/dimensions-du-parcours-du-client\/"},"wordCount":1087,"publisher":{"@id":"https:\/\/www.questionpro.com\/blog\/fr\/#organization"},"articleSection":["CX","Exp\u00e9rience client"],"inLanguage":"fr-FR"},{"@type":"WebPage","@id":"https:\/\/www.questionpro.com\/blog\/fr\/dimensions-du-parcours-du-client\/","url":"https:\/\/www.questionpro.com\/blog\/fr\/dimensions-du-parcours-du-client\/","name":"Dimensions du parcours client : Qu'est-ce que c'est ? | QuestionPro","isPartOf":{"@id":"https:\/\/www.questionpro.com\/blog\/fr\/#website"},"datePublished":"2022-05-28T02:57:20+00:00","dateModified":"2023-09-14T07:25:42+00:00","description":"Aujourd'hui, nous allons d\u00e9couvrir les dimensions du parcours client et quelques recommandations pour l'am\u00e9liorer. Lire la suite.","breadcrumb":{"@id":"https:\/\/www.questionpro.com\/blog\/fr\/dimensions-du-parcours-du-client\/#breadcrumb"},"inLanguage":"fr-FR","potentialAction":[{"@type":"ReadAction","target":["https:\/\/www.questionpro.com\/blog\/fr\/dimensions-du-parcours-du-client\/"]}]},{"@type":"BreadcrumbList","@id":"https:\/\/www.questionpro.com\/blog\/fr\/dimensions-du-parcours-du-client\/#breadcrumb","itemListElement":[{"@type":"ListItem","position":1,"name":"Domicile","item":"https:\/\/www.questionpro.com\/blog\/fr\/"},{"@type":"ListItem","position":2,"name":"Non classifi\u00e9(e)","item":"https:\/\/www.questionpro.com\/blog\/fr\/category\/non-classifiee\/"},{"@type":"ListItem","position":3,"name":"Dimensions du parcours client : Qu&rsquo;est-ce que c&rsquo;est ?"}]},{"@type":"WebSite","@id":"https:\/\/www.questionpro.com\/blog\/fr\/#website","url":"https:\/\/www.questionpro.com\/blog\/fr\/","name":"QuestionPro","description":"","publisher":{"@id":"https:\/\/www.questionpro.com\/blog\/fr\/#organization"},"potentialAction":[{"@type":"SearchAction","target":{"@type":"EntryPoint","urlTemplate":"https:\/\/www.questionpro.com\/blog\/fr\/?s={search_term_string}"},"query-input":"required name=search_term_string"}],"inLanguage":"fr-FR"},{"@type":"Organization","@id":"https:\/\/www.questionpro.com\/blog\/fr\/#organization","name":"QuestionPro","url":"https:\/\/www.questionpro.com\/blog\/fr\/","logo":{"@type":"ImageObject","inLanguage":"fr-FR","@id":"https:\/\/www.questionpro.com\/blog\/fr\/#\/schema\/logo\/image\/","url":"https:\/\/www.questionpro.com\/blog\/wp-content\/uploads\/2022\/10\/questionpro-logo.svg","contentUrl":"https:\/\/www.questionpro.com\/blog\/wp-content\/uploads\/2022\/10\/questionpro-logo.svg","caption":"QuestionPro"},"image":{"@id":"https:\/\/www.questionpro.com\/blog\/fr\/#\/schema\/logo\/image\/"},"sameAs":["https:\/\/www.facebook.com\/questionpro","https:\/\/twitter.com\/questionpro","https:\/\/www.linkedin.com\/company\/questionpro\/"]},{"@type":"Person","@id":"https:\/\/www.questionpro.com\/blog\/fr\/#\/schema\/person\/d262c031e3554d3a44164290b97ff8af","name":"Paulina Rodriguez","image":{"@type":"ImageObject","inLanguage":"fr-FR","@id":"https:\/\/www.questionpro.com\/blog\/fr\/#\/schema\/person\/image\/","url":"https:\/\/secure.gravatar.com\/avatar\/de6b08f63e34ff5ec0cf3ff0c4f84c6d?s=96&d=mm&r=g","contentUrl":"https:\/\/secure.gravatar.com\/avatar\/de6b08f63e34ff5ec0cf3ff0c4f84c6d?s=96&d=mm&r=g","caption":"Paulina Rodriguez"},"description":"As a marketing manager, I craft campaigns that connect people with the right solutions at the right time. Outside of work, you'll find me deep in a thriller novel, solving my Rubik\u2019s Cube, or scouting the perfect spot for my next skydiving adventure!","url":"https:\/\/www.questionpro.com\/blog\/fr\/author\/paulina\/"}]}},"featured_image_src":"https:\/\/www.questionpro.com\/blog\/wp-content\/uploads\/2022\/05\/customer-jourey-dimensions.jpg","featured_image_src_square":"https:\/\/www.questionpro.com\/blog\/wp-content\/uploads\/2022\/05\/customer-jourey-dimensions.jpg","author_info":{"display_name":"Paulina Rodriguez","author_link":"https:\/\/www.questionpro.com\/blog\/fr\/author\/paulina\/"},"_links":{"self":[{"href":"https:\/\/www.questionpro.com\/blog\/fr\/wp-json\/wp\/v2\/posts\/815411"}],"collection":[{"href":"https:\/\/www.questionpro.com\/blog\/fr\/wp-json\/wp\/v2\/posts"}],"about":[{"href":"https:\/\/www.questionpro.com\/blog\/fr\/wp-json\/wp\/v2\/types\/post"}],"author":[{"embeddable":true,"href":"https:\/\/www.questionpro.com\/blog\/fr\/wp-json\/wp\/v2\/users\/41"}],"replies":[{"embeddable":true,"href":"https:\/\/www.questionpro.com\/blog\/fr\/wp-json\/wp\/v2\/comments?post=815411"}],"version-history":[{"count":2,"href":"https:\/\/www.questionpro.com\/blog\/fr\/wp-json\/wp\/v2\/posts\/815411\/revisions"}],"predecessor-version":[{"id":815415,"href":"https:\/\/www.questionpro.com\/blog\/fr\/wp-json\/wp\/v2\/posts\/815411\/revisions\/815415"}],"wp:featuredmedia":[{"embeddable":true,"href":"https:\/\/www.questionpro.com\/blog\/fr\/wp-json\/wp\/v2\/media\/711740"}],"wp:attachment":[{"href":"https:\/\/www.questionpro.com\/blog\/fr\/wp-json\/wp\/v2\/media?parent=815411"}],"wp:term":[{"taxonomy":"category","embeddable":true,"href":"https:\/\/www.questionpro.com\/blog\/fr\/wp-json\/wp\/v2\/categories?post=815411"},{"taxonomy":"post_tag","embeddable":true,"href":"https:\/\/www.questionpro.com\/blog\/fr\/wp-json\/wp\/v2\/tags?post=815411"}],"curies":[{"name":"wp","href":"https:\/\/api.w.org\/{rel}","templated":true}]}}