

{"id":1094495,"date":"2026-08-14T04:00:00","date_gmt":"2026-08-14T11:00:00","guid":{"rendered":"https:\/\/www.questionpro.com\/blog\/?p=1094495"},"modified":"2026-07-22T16:05:12","modified_gmt":"2026-07-22T23:05:12","slug":"carga-de-trabalho","status":"publish","type":"post","link":"https:\/\/www.questionpro.com\/blog\/pt-br\/carga-de-trabalho\/","title":{"rendered":"Carga de trabalho: o que \u00e9, tipos, causas e como gerenci\u00e1-la"},"content":{"rendered":"<p><strong>A carga de trabalho<\/strong> \u00e9 um dos fatores mais determinantes para a sa\u00fade organizacional, mas poucas empresas a monitoram com a frequ\u00eancia ou a precis\u00e3o que ela exige. Quando se torna excessiva e sustentada, n\u00e3o \u00e9 apenas um problema de produtividade: vira a causa direta do burnout, da rotatividade e da perda de talentos estrat\u00e9gicos.<\/p>\n<p>Neste artigo voc\u00ea vai encontrar o que \u00e9 exatamente a carga de trabalho, quais s\u00e3o suas principais causas, que consequ\u00eancias gera nas equipes e, acima de tudo, como medi-la e gerenci\u00e1-la antes que se transforme em uma crise real.<\/p>\n<style>.qp-art-summary[open] .qp-art-arrow{transform:rotate(180deg)}.qp-art-arrow{transition:transform 0.25s ease;display:inline-block;}<\/style>\n<details class=\"qp-art-summary\" style=\"background: #f8faff; border: 2px solid #2D6BE4; border-radius: 12px; margin: 1.5rem 0; font-family: Arial,sans-serif; overflow: hidden;\">\n<summary style=\"background: #1a2b5e; color: #ffffff; padding: 1rem 1.25rem; cursor: pointer; font-size: 16px; font-weight: bold; list-style: none; display: flex; align-items: center; gap: 10px; margin: 0;\"><span style=\"font-size: 20px; line-height: 1; flex-shrink: 0;\">\ud83d\udc41<\/span> Resumo do artigo<span class=\"qp-art-arrow\" style=\"margin-left: auto; font-size: 13px; opacity: 0.75;\">\u25bc<\/span><\/summary>\n<ul style=\"margin: 0; padding: 1rem 1.5rem; list-style: none;\">\n<li style=\"padding: 0.6rem 0; border-bottom: 1px solid #e5e7eb; color: #374151; font-size: 15px; line-height: 1.6; display: flex; gap: 10px; align-items: flex-start;\"><span style=\"color: #2d6be4; font-weight: bold; flex-shrink: 0; margin-top: 2px;\">\u2713<\/span> A carga de trabalho \u00e9 o volume de tarefas e responsabilidades atribu\u00eddas a um colaborador em um per\u00edodo determinado.<\/li>\n<li style=\"padding: 0.6rem 0; border-bottom: 1px solid #e5e7eb; color: #374151; font-size: 15px; line-height: 1.6; display: flex; gap: 10px; align-items: flex-start;\"><span style=\"color: #2d6be4; font-weight: bold; flex-shrink: 0; margin-top: 2px;\">\u2713<\/span> As principais causas s\u00e3o m\u00e1 distribui\u00e7\u00e3o de tarefas, falta de clareza nos pap\u00e9is e picos sazonais de demanda.<\/li>\n<li style=\"padding: 0.6rem 0; border-bottom: 1px solid #e5e7eb; color: #374151; font-size: 15px; line-height: 1.6; display: flex; gap: 10px; align-items: flex-start;\"><span style=\"color: #2d6be4; font-weight: bold; flex-shrink: 0; margin-top: 2px;\">\u2713<\/span> Quando n\u00e3o \u00e9 gerenciada, leva ao burnout, alta rotatividade e perda de produtividade para toda a organiza\u00e7\u00e3o.<\/li>\n<li style=\"padding: 0.6rem 0; border-bottom: 1px solid #e5e7eb; color: #374151; font-size: 15px; line-height: 1.6; display: flex; gap: 10px; align-items: flex-start;\"><span style=\"color: #2d6be4; font-weight: bold; flex-shrink: 0; margin-top: 2px;\">\u2713<\/span> O QuestionPro atua como sistema de alerta precoce: pulse surveys, avalia\u00e7\u00f5es 360\u00b0 e an\u00e1lise preditiva de rotatividade.<\/li>\n<li style=\"padding: 0.6rem 0; color: #374151; font-size: 15px; line-height: 1.6; display: flex; gap: 10px; align-items: flex-start;\"><span style=\"color: #2d6be4; font-weight: bold; flex-shrink: 0; margin-top: 2px;\">\u2713<\/span> A chave est\u00e1 em medir continuamente, n\u00e3o apenas uma vez por ano, para agir antes que a sobrecarga seja irrevers\u00edvel.<\/li>\n<\/ul>\n<\/details>\n\n<h2>O que \u00e9 carga de trabalho?<\/h2>\n<p>A carga de trabalho \u00e9 o conjunto de tarefas, responsabilidades e demandas cognitivas ou f\u00edsicas que uma pessoa precisa gerenciar em um per\u00edodo determinado dentro do seu cargo. N\u00e3o se trata apenas de quantas tarefas existem na lista, mas da rela\u00e7\u00e3o entre o que se pede e os recursos dispon\u00edveis para realiz\u00e1-las: tempo, energia, habilidades e apoio da equipe.<\/p>\n<p>Aqui vai o detalhe: uma carga alta n\u00e3o \u00e9 necessariamente ruim. Equipes de alto desempenho trabalham com carga elevada o tempo todo. O problema aparece quando a carga supera consistentemente a capacidade do colaborador sem que existam mecanismos de suporte, redistribui\u00e7\u00e3o ou recupera\u00e7\u00e3o. \u00c9 isso que transforma uma carga exigente em uma sobrecarga prejudicial.<\/p>\n<p>Para os departamentos de recursos humanos e os l\u00edderes de equipe, gerenciar a carga de trabalho significa encontrar esse limiar: o ponto onde a exig\u00eancia gera desempenho sem destruir o bem-estar.<\/p>\n<div style=\"background: #f8faff; border-left: 5px solid #2D6BE4; border-radius: 0 12px 12px 0; padding: 1.25rem 1.5rem; margin: 1.5rem 0; font-family: Arial,sans-serif;\">\n<p style=\"font-size: 26px; font-weight: 800; color: #1a2b5e; margin: 0 0 6px 0;\">46%<\/p>\n<p style=\"font-size: 15px; color: #374151; margin: 0 0 8px 0; line-height: 1.5;\">dos trabalhadores na Am\u00e9rica Latina experienciaram burnout ao menos uma vez em 2024, segundo o Estudo Burnout 2025 realizado com mais de 5.700 colaboradores no Chile, M\u00e9xico, Col\u00f4mbia e Peru.<\/p>\n<p style=\"font-size: 13px; color: #6b7280; margin: 0;\">Fonte: Buk, Estudo Burnout 2025<\/p>\n<\/div>\n<p>Esse 46% n\u00e3o \u00e9 uma cifra abstrata: em uma empresa de 100 pessoas, representa quase 50 colaboradores que viveram um epis\u00f3dio de esgotamento. O problema \u00e9 que a maioria n\u00e3o relata, e quando o faz, j\u00e1 est\u00e1 acumulando h\u00e1 meses.<\/p>\n<h2>Tipos de carga de trabalho nas organiza\u00e7\u00f5es<\/h2>\n<p>Nem toda carga de trabalho se parece ou se sente igual. Entender seus tipos \u00e9 o primeiro passo para diagnosticar corretamente o que est\u00e1 acontecendo em uma equipe.<\/p>\n<h3>Carga quantitativa<\/h3>\n<p>\u00c9 a mais evidente: tarefas demais para o tempo dispon\u00edvel. Uma pessoa com mais projetos do que consegue completar em sua jornada enfrenta carga quantitativa. Equipes que vivem permanentemente no modo &#8220;apagando inc\u00eandios&#8221; sofrem mais com esse tipo.<\/p>\n<h3>Carga qualitativa<\/h3>\n<p>Aqui o volume n\u00e3o \u00e9 o problema, mas a complexidade. Tarefas que exigem alta concentra\u00e7\u00e3o, tomada de decis\u00e3o constante ou gest\u00e3o emocional intensa esgotam de um jeito diferente, mesmo que o n\u00famero de horas trabalhadas pare\u00e7a razo\u00e1vel.<\/p>\n<h3>Carga cognitiva<\/h3>\n<p>\u00c9 o peso mental acumulado por manter m\u00faltiplos contextos ativos ao mesmo tempo: responder mensagens, coordenar reuni\u00f5es, resolver problemas e planejar simultaneamente. A cultura do multitasking permanente \u00e9 uma das principais fontes de carga cognitiva nas organiza\u00e7\u00f5es modernas.<\/p>\n<h3>Carga emocional<\/h3>\n<p>Comum em fun\u00e7\u00f5es de atendimento ao cliente, vendas, suporte e lideran\u00e7a: a exig\u00eancia de regular e gerenciar emo\u00e7\u00f5es pr\u00f3prias e alheias durante a jornada. \u00c9 um dos tipos de carga menos vis\u00edvel e, por isso, um dos mais dif\u00edceis de medir sem ferramentas espec\u00edficas.<\/p>\n<div style=\"background: #1a2b5e; border-radius: 16px; padding: 2rem; margin: 2rem 0; font-family: Arial,sans-serif;\">\n<p style=\"text-align: center; color: #ffffff; font-size: 16px; font-weight: bold; margin: 0 0 1.5rem 0; letter-spacing: 1px; text-transform: uppercase;\">Os 4 tipos de carga de trabalho<\/p>\n<div style=\"background: #ffffff; border-radius: 10px; padding: 1rem 1.25rem; margin-bottom: 0.75rem; display: flex; align-items: flex-start; gap: 1rem;\">\n<div style=\"background: #2D6BE4; color: #fff; font-weight: 800; font-size: 16px; min-width: 42px; height: 42px; border-radius: 50%; display: flex; align-items: center; justify-content: center; flex-shrink: 0;\">01<\/div>\n<div>\n<p style=\"margin: 0 0 4px 0; font-weight: bold; color: #111827; font-size: 16px;\">Quantitativa<\/p>\n<p style=\"margin: 0; color: #6b7280; font-size: 16px; line-height: 1.5;\">Tarefas demais para o tempo dispon\u00edvel. A equipe vive apagando inc\u00eandios.<\/p>\n<\/div>\n<\/div>\n<div style=\"background: #ffffff; border-radius: 10px; padding: 1rem 1.25rem; margin-bottom: 0.75rem; display: flex; align-items: flex-start; gap: 1rem;\">\n<div style=\"background: #2D6BE4; color: #fff; font-weight: 800; font-size: 16px; min-width: 42px; height: 42px; border-radius: 50%; display: flex; align-items: center; justify-content: center; flex-shrink: 0;\">02<\/div>\n<div>\n<p style=\"margin: 0 0 4px 0; font-weight: bold; color: #111827; font-size: 16px;\">Qualitativa<\/p>\n<p style=\"margin: 0; color: #6b7280; font-size: 16px; line-height: 1.5;\">O volume n\u00e3o \u00e9 o problema: a complexidade e a tomada de decis\u00e3o constante esgotam igualmente.<\/p>\n<\/div>\n<\/div>\n<div style=\"background: #ffffff; border-radius: 10px; padding: 1rem 1.25rem; margin-bottom: 0.75rem; display: flex; align-items: flex-start; gap: 1rem;\">\n<div style=\"background: #2D6BE4; color: #fff; font-weight: 800; font-size: 16px; min-width: 42px; height: 42px; border-radius: 50%; display: flex; align-items: center; justify-content: center; flex-shrink: 0;\">03<\/div>\n<div>\n<p style=\"margin: 0 0 4px 0; font-weight: bold; color: #111827; font-size: 16px;\">Cognitiva<\/p>\n<p style=\"margin: 0; color: #6b7280; font-size: 16px; line-height: 1.5;\">O peso mental de gerenciar m\u00faltiplos contextos simult\u00e2neos destr\u00f3i energia e concentra\u00e7\u00e3o.<\/p>\n<\/div>\n<\/div>\n<div style=\"background: #ffffff; border-radius: 10px; padding: 1rem 1.25rem; display: flex; align-items: flex-start; gap: 1rem;\">\n<div style=\"background: #2D6BE4; color: #fff; font-weight: 800; font-size: 16px; min-width: 42px; height: 42px; border-radius: 50%; display: flex; align-items: center; justify-content: center; flex-shrink: 0;\">04<\/div>\n<div>\n<p style=\"margin: 0 0 4px 0; font-weight: bold; color: #111827; font-size: 16px;\">Emocional<\/p>\n<p style=\"margin: 0; color: #6b7280; font-size: 16px; line-height: 1.5;\">Presente em atendimento ao cliente, vendas e lideran\u00e7a: gerenciar emo\u00e7\u00f5es tem um custo invis\u00edvel mas real.<\/p>\n<\/div>\n<\/div>\n<\/div>\n<p>Essa classifica\u00e7\u00e3o importa porque cada tipo de carga exige uma interven\u00e7\u00e3o diferente. A carga quantitativa se resolve contratando mais pessoas ou redistribuindo tarefas. A cognitiva exige redesenhar os fluxos de trabalho. A emocional precisa de suporte psicol\u00f3gico e reconhecimento ativo. Aplicar a mesma solu\u00e7\u00e3o para todos os tipos \u00e9 o que faz com que muitas iniciativas de bem-estar corporativo n\u00e3o funcionem.<\/p>\n<h2>Principais causas da sobrecarga de trabalho<\/h2>\n<p>A sobrecarga de trabalho quase nunca \u00e9 consequ\u00eancia de um \u00fanico fator. Geralmente, v\u00e1rios elementos se combinam e se refor\u00e7am at\u00e9 que a situa\u00e7\u00e3o se torne insustent\u00e1vel. Mas aten\u00e7\u00e3o: identificar a causa raiz faz toda a diferen\u00e7a entre colocar um curativo e resolver o problema de verdade.<\/p>\n<ul>\n<li><strong>M\u00e1 distribui\u00e7\u00e3o de tarefas:<\/strong> Algumas pessoas assumem responsabilidades desproporcionais enquanto outras trabalham abaixo de sua capacidade, n\u00e3o por vontade pr\u00f3pria, mas por falta de visibilidade sobre o estado real da equipe.<\/li>\n<li><strong>Falta de clareza nos pap\u00e9is:<\/strong> Quando os limites de responsabilidade n\u00e3o est\u00e3o definidos, os colaboradores tendem a absorver tudo que &#8220;n\u00e3o \u00e9 de ningu\u00e9m&#8221;. Um papel mal definido gera trabalho duplo e confus\u00e3o cont\u00ednua.<\/li>\n<li><strong>Picos sazonais n\u00e3o gerenciados:<\/strong> Fechamentos fiscais, lan\u00e7amentos de produtos, temporadas altas de vendas. Esses momentos s\u00e3o previs\u00edveis, mas poucas organiza\u00e7\u00f5es os antecipam com recursos adicionais suficientes.<\/li>\n<li><strong>Cultura do &#8220;sempre dispon\u00edvel&#8221;:<\/strong> A conectividade permanente apaga os limites entre trabalho e descanso. O colaborador que responde mensagens \u00e0s 22h n\u00e3o est\u00e1 descansando, mesmo que tecnicamente n\u00e3o esteja no escrit\u00f3rio.<\/li>\n<li><strong>Gest\u00e3o deficiente da lideran\u00e7a:<\/strong> L\u00edderes que n\u00e3o delegam ou que microgerenciam geram gargalos que concentram carga em certas pessoas da equipe.<\/li>\n<li><strong>Processos ineficientes:<\/strong> Reuni\u00f5es que poderiam ser e-mails, aprova\u00e7\u00f5es que exigem muitos n\u00edveis hier\u00e1rquicos, sistemas que n\u00e3o se comunicam entre si. Tudo isso gera trabalho invis\u00edvel que se soma \u00e0 carga real.<\/li>\n<\/ul>\n<p>O que isso significa para voc\u00ea, como l\u00edder ou profissional de RH? Que antes de falar de bem-estar corporativo, \u00e9 preciso falar de design organizacional. As causas da sobrecarga s\u00e3o, em sua maioria, estruturais, n\u00e3o individuais.<\/p>\n<h2>Consequ\u00eancias de uma carga de trabalho excessiva<\/h2>\n<p>Quando a carga de trabalho supera de forma sustentada a capacidade das pessoas, as consequ\u00eancias se manifestam em tr\u00eas n\u00edveis: individual, de equipe e organizacional. E o mais cr\u00edtico \u00e9 que nenhuma dessas consequ\u00eancias \u00e9 revers\u00edvel de um dia para o outro.<\/p>\n<h3>No n\u00edvel individual<\/h3>\n<p><a href=\"https:\/\/www.questionpro.com\/blog\/pt-br\/esgotamento-no-trabalho\/\">O burnout<\/a> \u00e9 o desfecho mais conhecido, mas n\u00e3o o \u00fanico. A sobrecarga cr\u00f4nica tamb\u00e9m gera ansiedade, problemas de concentra\u00e7\u00e3o, ins\u00f4nia e, em casos graves, quadros depressivos. O colaborador que chega a esse ponto n\u00e3o rende menos porque quer, mas porque seu sistema j\u00e1 n\u00e3o tem capacidade de operar no n\u00edvel exigido.<\/p>\n<h3>No n\u00edvel da equipe<\/h3>\n<p>Um colaborador sobrecarregado afeta a din\u00e2mica de todo o seu entorno: aumenta a irritabilidade, reduz a colabora\u00e7\u00e3o e gera fric\u00e7\u00f5es que deterioram o <a href=\"https:\/\/www.questionpro.com\/blog\/pt-br\/clima-organizacional\/\">clima organizacional.<\/a> Al\u00e9m disso, quando algu\u00e9m sai esgotado, a equipe que fica precisa absorver essa carga adicional, criando um ciclo que se acelera sozinho.<\/p>\n<h3>No n\u00edvel organizacional<\/h3>\n<p><a href=\"https:\/\/www.questionpro.com\/blog\/pt-br\/rotatividade-de-funcionarios\/\">A rotatividade volunt\u00e1ria<\/a> \u00e9 o impacto mais caro. Substituir um colaborador custa, em m\u00e9dia, entre 50% e 200% do seu sal\u00e1rio anual, considerando o processo seletivo, a curva de aprendizado e a perda de conhecimento institucional. Uma organiza\u00e7\u00e3o que n\u00e3o gerencia a carga de trabalho est\u00e1 investindo em renovar talentos em vez de ret\u00ea-los.<\/p>\n<div style=\"background: #f8faff; border-left: 5px solid #2D6BE4; border-radius: 0 12px 12px 0; padding: 1.25rem 1.5rem; margin: 1.5rem 0; font-family: Arial,sans-serif;\">\n<p style=\"font-size: 26px; font-weight: 800; color: #1a2b5e; margin: 0 0 6px 0;\">14%<\/p>\n<p style=\"font-size: 15px; color: #374151; margin: 0 0 8px 0; line-height: 1.5;\">dos trabalhadores latino-americanos experienciou burnout com frequ\u00eancia elevada em 2024, com sintomas que incluem cansa\u00e7o extremo, desmotiva\u00e7\u00e3o e dificuldade de concentra\u00e7\u00e3o.<\/p>\n<p style=\"font-size: 13px; color: #6b7280; margin: 0;\">Fonte: Buk, Estudo Burnout 2025<\/p>\n<\/div>\n<p>Continue lendo, porque o pr\u00f3ximo ponto responde a uma pergunta que poucas organiza\u00e7\u00f5es fazem com frequ\u00eancia suficiente: como saber quando a carga de trabalho j\u00e1 cruzou o limiar cr\u00edtico?<\/p>\n<h2>Como medir a carga de trabalho na sua equipe<\/h2>\n<p>A maioria das organiza\u00e7\u00f5es mede a carga de trabalho exatamente uma vez por ano: na pesquisa de clima organizacional. O problema \u00e9 que os picos de trabalho mudam constantemente, \u00e0s vezes semana a semana. Quando o resultado chega \u00e0 mesa do RH, o dano j\u00e1 aconteceu.<\/p>\n<p>Uma medi\u00e7\u00e3o eficaz combina ao menos tr\u00eas abordagens:<\/p>\n<h3>Monitoramento cont\u00ednuo com micropesquisas<\/h3>\n<p>As <a href=\"https:\/\/www.questionpro.com\/blog\/pt-br\/estudo-de-pulso\/\">pesquisas de pulso<\/a> de uma ou duas perguntas aplicadas quinzenal ou mensalmente permitem detectar picos de estresse em tempo real. Perguntas como <em>&#8220;Como voc\u00ea classificaria seu n\u00edvel de carga de trabalho esta semana?&#8221;<\/em> ou <em>&#8220;Voc\u00ea sente que tem tempo suficiente para completar suas tarefas?&#8221;<\/em> geram dados acion\u00e1veis sem demandar mais de dois minutos do colaborador.<\/p>\n<h3>An\u00e1lise por equipe e departamento<\/h3>\n<p>N\u00e3o basta saber a m\u00e9dia geral da organiza\u00e7\u00e3o. Os problemas de carga quase sempre est\u00e3o concentrados em equipes espec\u00edficas ou em momentos espec\u00edficos do ciclo operacional. A equipe de TI durante uma migra\u00e7\u00e3o de sistemas, o financeiro durante o fechamento fiscal ou o time de vendas na alta temporada t\u00eam din\u00e2micas completamente diferentes do restante da empresa.<\/p>\n<h3>Cruzamento com dados hist\u00f3ricos de rotatividade<\/h3>\n<p>Correlacionar os n\u00edveis de insatisfa\u00e7\u00e3o com a carga de trabalho frente aos dados hist\u00f3ricos de rotatividade permite identificar quais equipes t\u00eam maior risco de perder talentos nos pr\u00f3ximos meses. Esse tipo de <a href=\"https:\/\/www.questionpro.com\/pt-br\/analise-de-dados.html\">an\u00e1lise de dados<\/a> transforma a medi\u00e7\u00e3o em um instrumento de gest\u00e3o preditiva, n\u00e3o apenas descritiva.<\/p>\n<blockquote style=\"border-left: 4px solid #2D6BE4; margin: 1.5rem 0; padding: 1rem 1.5rem; background: #f8faff; border-radius: 0 8px 8px 0; font-family: Arial,sans-serif;\">\n<p style=\"font-size: 16px; font-style: italic; color: #1a2b5e; margin: 0 0 8px 0; line-height: 1.6;\">&#8220;Medir a carga de trabalho uma vez por ano \u00e9 como tomar a temperatura do paciente s\u00f3 quando ele j\u00e1 est\u00e1 na emerg\u00eancia. O diagn\u00f3stico chega tarde demais para prevenir o dano.&#8221;<\/p>\n<p><cite style=\"font-size: 13px; color: #6b7280; font-style: normal;\">\u2014 QuestionPro Research Team<\/cite><\/p><\/blockquote>\n<p>A boa not\u00edcia \u00e9 que hoje existem ferramentas desenhadas especificamente para fazer esse monitoramento de forma cont\u00ednua, sem sobrecarregar o time de RH. \u00c9 a\u00ed que entra o QuestionPro.<\/p>\n<h2>QuestionPro como sistema de alerta precoce para a carga de trabalho<\/h2>\n<p>O QuestionPro n\u00e3o reduz as tarefas dos colaboradores diretamente, mas torna vis\u00edvel o que, de outra forma, permanece oculto at\u00e9 explodir. A plataforma ajuda os departamentos de Recursos Humanos e os l\u00edderes de equipe a medir, equilibrar e mitigar a sobrecarga de trabalho antes que se transforme em burnout ou em alta rotatividade.<\/p>\n<p>Veja as tr\u00eas formas concretas em que o QuestionPro atua como sistema de alerta precoce:<\/p>\n<h3>1. Term\u00f4metro de estresse via Pulse Surveys<\/h3>\n<p>Medir a carga de trabalho uma vez por ano \u00e9 um erro, porque os picos mudam constantemente: novos projetos, temporadas de vendas, fechamentos fiscais. O QuestionPro permite automatizar micropesquisas quinzenais ou mensais de uma ou duas perguntas, como <em>&#8220;Como voc\u00ea classificaria seu n\u00edvel de estresse esta semana?&#8221;<\/em> ou <em>&#8220;Voc\u00ea sente que tem tempo suficiente para completar suas tarefas di\u00e1rias?&#8221;<\/em><\/p>\n<p>Os l\u00edderes podem acompanhar em um painel visual se a carga de trabalho est\u00e1 saindo do controle em uma equipe espec\u00edfica, por exemplo, o time de TI durante uma migra\u00e7\u00e3o de sistemas, e tomar decis\u00f5es de contrata\u00e7\u00e3o tempor\u00e1ria ou redistribui\u00e7\u00e3o de tarefas em tempo real, sem esperar o pr\u00f3ximo ciclo de avalia\u00e7\u00e3o anual.<\/p>\n<h3>2. Avalia\u00e7\u00f5es 360\u00b0 para detectar gargalos<\/h3>\n<p>\u00c0s vezes a sobrecarga n\u00e3o se deve a muito trabalho, mas a uma m\u00e1 distribui\u00e7\u00e3o da lideran\u00e7a ou a processos ineficientes que geram &#8220;trabalho duplicado&#8221;. As <a href=\"https:\/\/www.questionpro.com\/blog\/pt-br\/avaliacao-360-graus\/\">avalia\u00e7\u00f5es de desempenho 360 graus<\/a> coletam a perspectiva de gestores, pares e subordinados para oferecer um diagn\u00f3stico completo da din\u00e2mica da equipe.<\/p>\n<p>Isso ajuda a identificar se um gestor est\u00e1 gerenciando mal as tarefas da equipe, se h\u00e1 <a href=\"https:\/\/www.questionpro.com\/blog\/pt-br\/microgestao\/\">microgest\u00e3o<\/a> que atrasa as entregas, ou se certos colaboradores est\u00e3o assumindo mais responsabilidades do que lhes cabe por falta de clareza nos pap\u00e9is. Informa\u00e7\u00e3o que nenhuma pesquisa de clima anual captura com esse n\u00edvel de detalhe.<\/p>\n<h3>3. Correla\u00e7\u00e3o entre carga de trabalho e fuga de talentos<\/h3>\n<p>A sobrecarga de trabalho \u00e9 uma das principais causas de pedido de demiss\u00e3o volunt\u00e1ria. As ferramentas de an\u00e1lise preditiva do QuestionPro (Employee Churn Analytics) cruzam os dados de insatisfa\u00e7\u00e3o com a carga de trabalho frente aos dados hist\u00f3ricos de rotatividade e podem alertar a gest\u00e3o com precis\u00e3o: <em>&#8220;O departamento de Opera\u00e7\u00f5es tem alto \u00edndice de insatisfa\u00e7\u00e3o por carga de trabalho e apresenta um risco de 35% de perder talentos-chave no pr\u00f3ximo trimestre.&#8221;<\/em><\/p>\n<p>Essa capacidade de antecipa\u00e7\u00e3o transforma o QuestionPro em muito mais do que uma ferramenta de pesquisas: \u00e9 um sistema de diagn\u00f3stico cont\u00ednuo que permite aliviar a carga antes de perder pessoas valiosas, n\u00e3o depois.<\/p>\n<div style=\"background: #f8faff; border-radius: 16px; padding: 2rem; margin: 2rem 0; font-family: Arial,sans-serif; border: 2px solid #1a2b5e;\">\n<p style=\"text-align: center; color: #1a2b5e; font-size: 16px; font-weight: bold; margin: 0 0 1.5rem 0; text-transform: uppercase; letter-spacing: 1px;\">Como o QuestionPro gerencia a carga de trabalho<\/p>\n<div style=\"display: grid; grid-template-columns: 1fr 1fr 1fr; gap: 1rem;\">\n<div style=\"background: #1a2b5e; border-radius: 12px; padding: 1.25rem; text-align: center;\">\n<div style=\"width: 48px; height: 48px; background: #2D6BE4; border-radius: 50%; display: flex; align-items: center; justify-content: center; margin: 0 auto 12px auto; font-weight: 800; color: #fff; font-size: 20px;\">1<\/div>\n<p style=\"color: #ffffff; font-weight: bold; font-size: 16px; margin: 0 0 8px 0;\">Pulse Surveys<\/p>\n<p style=\"color: rgba(255,255,255,0.82); font-size: 15px; margin: 0; line-height: 1.5;\">Micropesquisas quinzenais que detectam picos de estresse antes que escalem para burnout.<\/p>\n<\/div>\n<div style=\"background: #1a2b5e; border-radius: 12px; padding: 1.25rem; text-align: center;\">\n<div style=\"width: 48px; height: 48px; background: #2D6BE4; border-radius: 50%; display: flex; align-items: center; justify-content: center; margin: 0 auto 12px auto; font-weight: 800; color: #fff; font-size: 20px;\">2<\/div>\n<p style=\"color: #ffffff; font-weight: bold; font-size: 16px; margin: 0 0 8px 0;\">Avalia\u00e7\u00f5es 360\u00b0<\/p>\n<p style=\"color: rgba(255,255,255,0.82); font-size: 15px; margin: 0; line-height: 1.5;\">Identificam gargalos de gest\u00e3o: microgest\u00e3o, pap\u00e9is pouco claros e distribui\u00e7\u00e3o desigual de tarefas.<\/p>\n<\/div>\n<div style=\"background: #1a2b5e; border-radius: 12px; padding: 1.25rem; text-align: center;\">\n<div style=\"width: 48px; height: 48px; background: #2D6BE4; border-radius: 50%; display: flex; align-items: center; justify-content: center; margin: 0 auto 12px auto; font-weight: 800; color: #fff; font-size: 20px;\">3<\/div>\n<p style=\"color: #ffffff; font-weight: bold; font-size: 16px; margin: 0 0 8px 0;\">Churn Analytics<\/p>\n<p style=\"color: rgba(255,255,255,0.82); font-size: 15px; margin: 0; line-height: 1.5;\">Prev\u00ea o risco de rotatividade antes que os colaboradores pe\u00e7am demiss\u00e3o.<\/p>\n<\/div>\n<\/div>\n<\/div>\n<h2>Estrat\u00e9gias para gerenciar e equilibrar a carga de trabalho<\/h2>\n<p>Os dados e o diagn\u00f3stico s\u00e3o o primeiro passo. Mas uma vez que voc\u00ea tem visibilidade sobre a situa\u00e7\u00e3o, o que pode fazer com essa informa\u00e7\u00e3o? Aqui est\u00e3o estrat\u00e9gias concretas que as organiza\u00e7\u00f5es mais eficazes est\u00e3o aplicando.<\/p>\n<h3>Redistribuir antes de contratar<\/h3>\n<p>Antes de assumir que o problema \u00e9 falta de pessoal, analise se a carga est\u00e1 bem distribu\u00edda dentro da equipe atual. Em muitas organiza\u00e7\u00f5es, h\u00e1 colaboradores com capacidade dispon\u00edvel enquanto outros est\u00e3o no limite. Os dados das pulse surveys e das avalia\u00e7\u00f5es 360\u00b0 revelam exatamente onde est\u00e1 esse desequil\u00edbrio.<\/p>\n<h3>Estabelecer limites operacionais por projeto<\/h3>\n<p>Defina quantos projetos simult\u00e2neos uma pessoa ou equipe pode gerenciar sem comprometer a qualidade nem o bem-estar. N\u00e3o \u00e9 uma restri\u00e7\u00e3o arbitr\u00e1ria: \u00e9 gest\u00e3o de capacidade, o mesmo princ\u00edpio que equipes de engenharia usam nos sprints \u00e1geis.<\/p>\n<h3>Antecipar os picos com planejamento de recursos<\/h3>\n<p>Fechamentos fiscais, temporadas altas e lan\u00e7amentos de produtos s\u00e3o previs\u00edveis. Incorporar essas datas ao planejamento de RH com anteced\u00eancia, seja aumentando o time temporariamente, redistribuindo prioridades ou terceirizando tarefas espec\u00edficas, reduz drasticamente a carga reativa.<\/p>\n<h3>Criar cultura de transpar\u00eancia sobre a carga<\/h3>\n<p>Os colaboradores que podem dizer &#8220;estou no limite&#8221; sem medo de consequ\u00eancias permitem uma gest\u00e3o proativa. As organiza\u00e7\u00f5es onde a sobrecarga \u00e9 um segredo aberto criam um ciclo de sil\u00eancio que termina em rotatividade em massa. As pulse surveys an\u00f4nimas s\u00e3o uma ferramenta direta para quebrar esse ciclo.<\/p>\n<h3>Revisar os processos, n\u00e3o apenas as pessoas<\/h3>\n<p>Antes de concluir que algu\u00e9m &#8220;n\u00e3o est\u00e1 dando conta&#8221;, revise se o processo em si \u00e9 eficiente. Uma tarefa que leva tr\u00eas horas por culpa de aprova\u00e7\u00f5es desnecess\u00e1rias n\u00e3o \u00e9 um problema do colaborador: \u00e9 um problema do sistema. A pesquisa de mercado interna e os dados de clima organizacional s\u00e3o o ponto de partida para esse diagn\u00f3stico.<\/p>\n<h2>Conclus\u00e3o<\/h2>\n<p>A carga de trabalho n\u00e3o \u00e9 um problema que se resolve com treinamentos motivacionais ou workshops de mindfulness isolados. \u00c9 um problema de design organizacional, de clareza de pap\u00e9is, de processos e de monitoramento cont\u00ednuo.<\/p>\n<p>As organiza\u00e7\u00f5es que gerenciam bem a carga de trabalho n\u00e3o esperam que seus colaboradores cheguem ao limite para agir. Medem de forma cont\u00ednua, analisam os dados por equipe, identificam os gargalos com anteced\u00eancia e tomam decis\u00f5es antes que a situa\u00e7\u00e3o escale. O <a href=\"https:\/\/www.questionpro.com\/pt-br\/\">QuestionPro<\/a> \u00e9 a ferramenta que torna vis\u00edvel o invis\u00edvel: d\u00e1 \u00e0 empresa os dados objetivos de que precisa para redesenhar cargos, justificar contrata\u00e7\u00f5es ou automatizar processos, garantindo que a carga de trabalho seja sustent\u00e1vel e saud\u00e1vel. Quer saber como o QuestionPro pode ajudar a gerenciar a carga de trabalho na sua organiza\u00e7\u00e3o? Fale com a nossa equipe hoje.<\/p>\n\n\t<div class=\"banner-section wf-section\" lang=\"\" >\n\t\t<div class=\"right-column-container\">\n\t\t\t<div class=\"bannerbg white\">\n\t\t\t\t<span class=\"h1-2\">Crie experi\u00eancias memor\u00e1veis com base em dados em tempo real, insights e an\u00e1lises avan\u00e7adas<\/span>\n\t\t\t\t<a href=\"#userliteForm\" data-toggle=\"modal\" class=\"button w-button\">Agendar demo<\/a>\n\t\t\t<\/div>\n\t\t<\/div>\n\t<\/div>\n\t<div class=\"userlite-modal modal fade\" id=\"userliteForm\" tabindex=\"-1\" role=\"dialog\" style=\"display: none;\">\n\t\t<div class=\"modal-dialog\" role=\"document\">\n\t\t\t<div class=\"modal-content\" role=\"document\">\n\t\t\t\t<div class=\"modal-body\">\n\t\t\t\t\t<div class=\"modal-header\">\n\t\t\t\t\t\t<button type=\"button\" class=\"close\" data-dismiss=\"modal\" aria-label=\"Close\">\n\t\t\t\t\t\t\t<i class=\"material-icons\">close<\/i>\n\t\t\t\t\t\t<\/button>\n\t\t\t\t\t<\/div>\n\t\t\t\t\t<div class=\"contact-us-form-wrapper contact-box\">\n\t\t\t\t\t\t<div class=\"userlite-form-wrapper\">\n\t\t\t\t\t\t\t<iframe src=\"https:\/\/www.questionpro.com\/userlite-form-blog-portuguese.html?product=Surveys&amp;referralurl=https:\/\/www.questionpro.com\/blog\/pt-br\/wp-json\/wp\/v2\/posts\/1094495\/&amp;lang=pt_br&amp;cat=experiencia-do-funcionario-ex\" style=\"display: block;\" ><\/iframe>\n\t\t\t\t\t\t<\/div>\n\t\t\t\t\t\t<div class=\"demo-form-wrapper success-message-div\" style=\"display:none\">\n\t\t\t\t\t\t\t<p class=\"success-message-para\"><\/p>\n\t\t\t\t\t\t<\/div>\n\t\t\t\t\t<\/div>\n\t\t\t\t<\/div>\n\t\t\t<\/div>\n\t\t<\/div>\n\t<\/div>\n<div class=\"schema-faq wp-block-yoast-faq-block\">\n<div class=\"schema-faq-section\"><strong class=\"schema-faq-question\">O que \u00e9 carga de trabalho e por que \u00e9 importante gerenci\u00e1-la?<\/strong><\/p>\n<p class=\"schema-faq-answer\">A carga de trabalho \u00e9 o volume de tarefas, responsabilidades e demandas cognitivas ou f\u00edsicas que uma pessoa precisa gerenciar em um per\u00edodo determinado. Gerenci\u00e1-la \u00e9 fundamental porque, quando supera de forma sustentada a capacidade do colaborador, gera burnout, alta rotatividade e perda de produtividade. As organiza\u00e7\u00f5es que monitoram a carga de trabalho de forma cont\u00ednua conseguem intervir antes que o dano seja irrevers\u00edvel, economizando custos de rotatividade e preservando o bem-estar da equipe.<\/p>\n<\/div>\n<div class=\"schema-faq-section\"><strong class=\"schema-faq-question\">Quais s\u00e3o os principais tipos de carga de trabalho?<\/strong><\/p>\n<p class=\"schema-faq-answer\">Os quatro tipos principais s\u00e3o: carga quantitativa (tarefas demais para o tempo dispon\u00edvel), carga qualitativa (tarefas de alta complexidade e tomada de decis\u00e3o constante), carga cognitiva (gest\u00e3o simult\u00e2nea de m\u00faltiplos contextos mentais) e carga emocional (gest\u00e3o de emo\u00e7\u00f5es pr\u00f3prias e alheias, frequente em atendimento ao cliente e lideran\u00e7a). Cada tipo exige uma interven\u00e7\u00e3o diferente, por isso identificar qual est\u00e1 presente \u00e9 o primeiro passo para resolv\u00ea-la corretamente.<\/p>\n<\/div>\n<div class=\"schema-faq-section\"><strong class=\"schema-faq-question\">Como posso medir a carga de trabalho na minha equipe?<\/strong><\/p>\n<p class=\"schema-faq-answer\">A medi\u00e7\u00e3o eficaz combina tr\u00eas abordagens: monitoramento cont\u00ednuo com micropesquisas (pulse surveys) de uma ou duas perguntas aplicadas quinzenalmente, an\u00e1lise por equipe e departamento para identificar pontos cr\u00edticos espec\u00edficos, e cruzamento de dados de insatisfa\u00e7\u00e3o com hist\u00f3ricos de rotatividade. Ferramentas como o QuestionPro permitem automatizar essas tr\u00eas abordagens em um \u00fanico sistema, com pain\u00e9is visuais que facilitam a tomada de decis\u00e3o em tempo real.<\/p>\n<\/div>\n<div class=\"schema-faq-section\"><strong class=\"schema-faq-question\">Qual \u00e9 a diferen\u00e7a entre carga de trabalho e burnout?<\/strong><\/p>\n<p class=\"schema-faq-answer\">A carga de trabalho \u00e9 a causa; o burnout \u00e9 a consequ\u00eancia. A carga de trabalho se refere ao volume e \u00e0 complexidade das tarefas atribu\u00eddas. O burnout \u00e9 o estado de esgotamento f\u00edsico, emocional e mental que resulta de uma carga excessiva mantida por tempo demais sem os mecanismos de recupera\u00e7\u00e3o adequados. Gerenciar a carga de trabalho de forma proativa \u00e9, precisamente, a forma mais eficaz de prevenir o burnout antes que ele apare\u00e7a.<\/p>\n<\/div>\n<div class=\"schema-faq-section\"><strong class=\"schema-faq-question\">Como o QuestionPro ajuda a gerenciar a carga de trabalho?<\/strong><\/p>\n<p class=\"schema-faq-answer\">O QuestionPro atua como sistema de alerta precoce por meio de tr\u00eas mecanismos: pulse surveys que detectam picos de estresse em tempo real, avalia\u00e7\u00f5es 360\u00b0 que identificam gargalos na gest\u00e3o de equipes como microgest\u00e3o, pap\u00e9is pouco claros e distribui\u00e7\u00e3o desigual de tarefas, e an\u00e1lise preditiva (Employee Churn Analytics) que cruza dados de carga de trabalho com hist\u00f3ricos de rotatividade para antecipar o risco de perda de talentos estrat\u00e9gicos.<\/p>\n<\/div>\n<\/div>\n","protected":false},"excerpt":{"rendered":"<p>Saiba o que \u00e9 carga de trabalho, seus tipos, causas e impactos, e veja como medir e prevenir a sobrecarga antes que vire burnout na sua equipe.<\/p>\n","protected":false},"author":228,"featured_media":1094518,"comment_status":"closed","ping_status":"closed","sticky":false,"template":"","format":"standard","meta":{"_yoast_wpseo_focuskw":"carga de trabalho","_yoast_wpseo_title":"Carga de trabalho: o que \u00e9 e como gerenci\u00e1-la","_yoast_wpseo_metadesc":"Saiba o que \u00e9 carga de trabalho, tipos, causas e impactos, e veja como medir e prevenir a sobrecarga antes que vire burnout na sua equipe.","_genesis_hide_title":false,"_genesis_hide_breadcrumbs":false,"_genesis_hide_singular_image":false,"_genesis_hide_footer_widgets":false,"_genesis_custom_body_class":"","_genesis_custom_post_class":"","_genesis_layout":"","footnotes":""},"categories":[216],"tags":[],"yoast_head":"<!-- This site is optimized with the Yoast SEO plugin v20.4 - https:\/\/yoast.com\/wordpress\/plugins\/seo\/ -->\n<title>Carga de trabalho: o que \u00e9 e como gerenci\u00e1-la<\/title>\n<meta name=\"description\" content=\"Saiba o que \u00e9 carga de trabalho, tipos, causas e impactos, e veja como medir e prevenir a sobrecarga antes que vire burnout na sua equipe.\" \/>\n<meta name=\"robots\" content=\"index, follow, max-snippet:-1, max-image-preview:large, max-video-preview:-1\" \/>\n<link rel=\"canonical\" href=\"https:\/\/www.questionpro.com\/blog\/pt-br\/carga-de-trabalho\/\" \/>\n<meta property=\"og:locale\" content=\"pt_BR\" \/>\n<meta property=\"og:type\" content=\"article\" \/>\n<meta property=\"og:title\" content=\"Carga de trabalho: o que \u00e9 e como gerenci\u00e1-la\" \/>\n<meta property=\"og:description\" content=\"Saiba o que \u00e9 carga de trabalho, tipos, causas e impactos, e veja como medir e prevenir a sobrecarga antes que vire burnout na sua equipe.\" \/>\n<meta property=\"og:url\" content=\"https:\/\/www.questionpro.com\/blog\/pt-br\/carga-de-trabalho\/\" \/>\n<meta property=\"og:site_name\" content=\"QuestionPro\" \/>\n<meta property=\"article:publisher\" content=\"https:\/\/www.facebook.com\/questionpro\" \/>\n<meta property=\"article:published_time\" content=\"2026-08-14T11:00:00+00:00\" \/>\n<meta property=\"article:modified_time\" content=\"2026-07-22T23:05:12+00:00\" \/>\n<meta property=\"og:image\" content=\"https:\/\/www.questionpro.com\/blog\/wp-content\/uploads\/2026\/07\/cover-carga-de-trabalho-o-que-e-tipos-causas-e-como-g.jpg\" \/>\n\t<meta property=\"og:image:width\" content=\"1255\" \/>\n\t<meta property=\"og:image:height\" content=\"705\" \/>\n\t<meta property=\"og:image:type\" content=\"image\/jpeg\" \/>\n<meta name=\"author\" content=\"Camila Flores\" \/>\n<meta name=\"twitter:card\" content=\"summary_large_image\" \/>\n<meta name=\"twitter:creator\" content=\"@questionpro\" \/>\n<meta name=\"twitter:site\" content=\"@questionpro\" \/>\n<meta name=\"twitter:label1\" content=\"Escrito por\" \/>\n\t<meta name=\"twitter:data1\" content=\"Camila Flores\" \/>\n\t<meta name=\"twitter:label2\" content=\"Est. tempo de leitura\" \/>\n\t<meta name=\"twitter:data2\" content=\"13 minutos\" \/>\n<script type=\"application\/ld+json\" class=\"yoast-schema-graph\">{\"@context\":\"https:\/\/schema.org\",\"@graph\":[{\"@type\":\"Article\",\"@id\":\"https:\/\/www.questionpro.com\/blog\/pt-br\/carga-de-trabalho\/#article\",\"isPartOf\":{\"@id\":\"https:\/\/www.questionpro.com\/blog\/pt-br\/carga-de-trabalho\/\"},\"author\":{\"name\":\"Camila Flores\",\"@id\":\"https:\/\/www.questionpro.com\/blog\/pt-br\/#\/schema\/person\/0458a98e600271a2864830378d1d619c\"},\"headline\":\"Carga de trabalho: o que \u00e9, tipos, causas e como gerenci\u00e1-la\",\"datePublished\":\"2026-08-14T11:00:00+00:00\",\"dateModified\":\"2026-07-22T23:05:12+00:00\",\"mainEntityOfPage\":{\"@id\":\"https:\/\/www.questionpro.com\/blog\/pt-br\/carga-de-trabalho\/\"},\"wordCount\":3147,\"publisher\":{\"@id\":\"https:\/\/www.questionpro.com\/blog\/pt-br\/#organization\"},\"articleSection\":[\"Experi\u00eancia do colaborador - EX\"],\"inLanguage\":\"pt-BR\"},{\"@type\":\"WebPage\",\"@id\":\"https:\/\/www.questionpro.com\/blog\/pt-br\/carga-de-trabalho\/\",\"url\":\"https:\/\/www.questionpro.com\/blog\/pt-br\/carga-de-trabalho\/\",\"name\":\"Carga de trabalho: o que \u00e9 e como gerenci\u00e1-la\",\"isPartOf\":{\"@id\":\"https:\/\/www.questionpro.com\/blog\/pt-br\/#website\"},\"datePublished\":\"2026-08-14T11:00:00+00:00\",\"dateModified\":\"2026-07-22T23:05:12+00:00\",\"description\":\"Saiba o que \u00e9 carga de trabalho, tipos, causas e impactos, e veja como medir e prevenir a sobrecarga antes que vire burnout na sua equipe.\",\"breadcrumb\":{\"@id\":\"https:\/\/www.questionpro.com\/blog\/pt-br\/carga-de-trabalho\/#breadcrumb\"},\"inLanguage\":\"pt-BR\",\"potentialAction\":[{\"@type\":\"ReadAction\",\"target\":[\"https:\/\/www.questionpro.com\/blog\/pt-br\/carga-de-trabalho\/\"]}]},{\"@type\":\"BreadcrumbList\",\"@id\":\"https:\/\/www.questionpro.com\/blog\/pt-br\/carga-de-trabalho\/#breadcrumb\",\"itemListElement\":[{\"@type\":\"ListItem\",\"position\":1,\"name\":\"In\u00edcio\",\"item\":\"https:\/\/www.questionpro.com\/blog\/pt-br\/\"},{\"@type\":\"ListItem\",\"position\":2,\"name\":\"Experi\u00eancia do colaborador - EX\",\"item\":\"https:\/\/www.questionpro.com\/blog\/pt-br\/category\/experiencia-do-funcionario-ex\/\"},{\"@type\":\"ListItem\",\"position\":3,\"name\":\"Carga de trabalho: o que \u00e9, tipos, causas e como gerenci\u00e1-la\"}]},{\"@type\":\"WebSite\",\"@id\":\"https:\/\/www.questionpro.com\/blog\/pt-br\/#website\",\"url\":\"https:\/\/www.questionpro.com\/blog\/pt-br\/\",\"name\":\"QuestionPro\",\"description\":\"\",\"publisher\":{\"@id\":\"https:\/\/www.questionpro.com\/blog\/pt-br\/#organization\"},\"potentialAction\":[{\"@type\":\"SearchAction\",\"target\":{\"@type\":\"EntryPoint\",\"urlTemplate\":\"https:\/\/www.questionpro.com\/blog\/pt-br\/?s={search_term_string}\"},\"query-input\":\"required name=search_term_string\"}],\"inLanguage\":\"pt-BR\"},{\"@type\":\"Organization\",\"@id\":\"https:\/\/www.questionpro.com\/blog\/pt-br\/#organization\",\"name\":\"QuestionPro\",\"url\":\"https:\/\/www.questionpro.com\/blog\/pt-br\/\",\"logo\":{\"@type\":\"ImageObject\",\"inLanguage\":\"pt-BR\",\"@id\":\"https:\/\/www.questionpro.com\/blog\/pt-br\/#\/schema\/logo\/image\/\",\"url\":\"https:\/\/www.questionpro.com\/blog\/wp-content\/uploads\/2022\/10\/questionpro-logo.svg\",\"contentUrl\":\"https:\/\/www.questionpro.com\/blog\/wp-content\/uploads\/2022\/10\/questionpro-logo.svg\",\"caption\":\"QuestionPro\"},\"image\":{\"@id\":\"https:\/\/www.questionpro.com\/blog\/pt-br\/#\/schema\/logo\/image\/\"},\"sameAs\":[\"https:\/\/www.facebook.com\/questionpro\",\"https:\/\/twitter.com\/questionpro\",\"https:\/\/www.linkedin.com\/company\/questionpro\/\"]},{\"@type\":\"Person\",\"@id\":\"https:\/\/www.questionpro.com\/blog\/pt-br\/#\/schema\/person\/0458a98e600271a2864830378d1d619c\",\"name\":\"Camila Flores\",\"image\":{\"@type\":\"ImageObject\",\"inLanguage\":\"pt-BR\",\"@id\":\"https:\/\/www.questionpro.com\/blog\/pt-br\/#\/schema\/person\/image\/\",\"url\":\"https:\/\/secure.gravatar.com\/avatar\/7754db03cdbdd7586d5c33b326dc9dbe?s=96&d=mm&r=g\",\"contentUrl\":\"https:\/\/secure.gravatar.com\/avatar\/7754db03cdbdd7586d5c33b326dc9dbe?s=96&d=mm&r=g\",\"caption\":\"Camila Flores\"},\"sameAs\":[\"https:\/\/www.questionpro.com\/es\/\"],\"url\":\"https:\/\/www.questionpro.com\/blog\/pt-br\/author\/camila-flores\/\"}]}<\/script>\n<!-- \/ Yoast SEO plugin. -->","yoast_head_json":{"title":"Carga de trabalho: o que \u00e9 e como gerenci\u00e1-la","description":"Saiba o que \u00e9 carga de trabalho, tipos, causas e impactos, e veja como medir e prevenir a sobrecarga antes que vire burnout na sua equipe.","robots":{"index":"index","follow":"follow","max-snippet":"max-snippet:-1","max-image-preview":"max-image-preview:large","max-video-preview":"max-video-preview:-1"},"canonical":"https:\/\/www.questionpro.com\/blog\/pt-br\/carga-de-trabalho\/","og_locale":"pt_BR","og_type":"article","og_title":"Carga de trabalho: o que \u00e9 e como gerenci\u00e1-la","og_description":"Saiba o que \u00e9 carga de trabalho, tipos, causas e impactos, e veja como medir e prevenir a sobrecarga antes que vire burnout na sua equipe.","og_url":"https:\/\/www.questionpro.com\/blog\/pt-br\/carga-de-trabalho\/","og_site_name":"QuestionPro","article_publisher":"https:\/\/www.facebook.com\/questionpro","article_published_time":"2026-08-14T11:00:00+00:00","article_modified_time":"2026-07-22T23:05:12+00:00","og_image":[{"width":1255,"height":705,"url":"https:\/\/www.questionpro.com\/blog\/wp-content\/uploads\/2026\/07\/cover-carga-de-trabalho-o-que-e-tipos-causas-e-como-g.jpg","type":"image\/jpeg"}],"author":"Camila Flores","twitter_card":"summary_large_image","twitter_creator":"@questionpro","twitter_site":"@questionpro","twitter_misc":{"Escrito por":"Camila Flores","Est. tempo de leitura":"13 minutos"},"schema":{"@context":"https:\/\/schema.org","@graph":[{"@type":"Article","@id":"https:\/\/www.questionpro.com\/blog\/pt-br\/carga-de-trabalho\/#article","isPartOf":{"@id":"https:\/\/www.questionpro.com\/blog\/pt-br\/carga-de-trabalho\/"},"author":{"name":"Camila Flores","@id":"https:\/\/www.questionpro.com\/blog\/pt-br\/#\/schema\/person\/0458a98e600271a2864830378d1d619c"},"headline":"Carga de trabalho: o que \u00e9, tipos, causas e como gerenci\u00e1-la","datePublished":"2026-08-14T11:00:00+00:00","dateModified":"2026-07-22T23:05:12+00:00","mainEntityOfPage":{"@id":"https:\/\/www.questionpro.com\/blog\/pt-br\/carga-de-trabalho\/"},"wordCount":3147,"publisher":{"@id":"https:\/\/www.questionpro.com\/blog\/pt-br\/#organization"},"articleSection":["Experi\u00eancia do colaborador - EX"],"inLanguage":"pt-BR"},{"@type":"WebPage","@id":"https:\/\/www.questionpro.com\/blog\/pt-br\/carga-de-trabalho\/","url":"https:\/\/www.questionpro.com\/blog\/pt-br\/carga-de-trabalho\/","name":"Carga de trabalho: o que \u00e9 e como gerenci\u00e1-la","isPartOf":{"@id":"https:\/\/www.questionpro.com\/blog\/pt-br\/#website"},"datePublished":"2026-08-14T11:00:00+00:00","dateModified":"2026-07-22T23:05:12+00:00","description":"Saiba o que \u00e9 carga de trabalho, tipos, causas e impactos, e veja como medir e prevenir a sobrecarga antes que vire burnout na sua equipe.","breadcrumb":{"@id":"https:\/\/www.questionpro.com\/blog\/pt-br\/carga-de-trabalho\/#breadcrumb"},"inLanguage":"pt-BR","potentialAction":[{"@type":"ReadAction","target":["https:\/\/www.questionpro.com\/blog\/pt-br\/carga-de-trabalho\/"]}]},{"@type":"BreadcrumbList","@id":"https:\/\/www.questionpro.com\/blog\/pt-br\/carga-de-trabalho\/#breadcrumb","itemListElement":[{"@type":"ListItem","position":1,"name":"In\u00edcio","item":"https:\/\/www.questionpro.com\/blog\/pt-br\/"},{"@type":"ListItem","position":2,"name":"Experi\u00eancia do colaborador - EX","item":"https:\/\/www.questionpro.com\/blog\/pt-br\/category\/experiencia-do-funcionario-ex\/"},{"@type":"ListItem","position":3,"name":"Carga de trabalho: o que \u00e9, tipos, causas e como gerenci\u00e1-la"}]},{"@type":"WebSite","@id":"https:\/\/www.questionpro.com\/blog\/pt-br\/#website","url":"https:\/\/www.questionpro.com\/blog\/pt-br\/","name":"QuestionPro","description":"","publisher":{"@id":"https:\/\/www.questionpro.com\/blog\/pt-br\/#organization"},"potentialAction":[{"@type":"SearchAction","target":{"@type":"EntryPoint","urlTemplate":"https:\/\/www.questionpro.com\/blog\/pt-br\/?s={search_term_string}"},"query-input":"required name=search_term_string"}],"inLanguage":"pt-BR"},{"@type":"Organization","@id":"https:\/\/www.questionpro.com\/blog\/pt-br\/#organization","name":"QuestionPro","url":"https:\/\/www.questionpro.com\/blog\/pt-br\/","logo":{"@type":"ImageObject","inLanguage":"pt-BR","@id":"https:\/\/www.questionpro.com\/blog\/pt-br\/#\/schema\/logo\/image\/","url":"https:\/\/www.questionpro.com\/blog\/wp-content\/uploads\/2022\/10\/questionpro-logo.svg","contentUrl":"https:\/\/www.questionpro.com\/blog\/wp-content\/uploads\/2022\/10\/questionpro-logo.svg","caption":"QuestionPro"},"image":{"@id":"https:\/\/www.questionpro.com\/blog\/pt-br\/#\/schema\/logo\/image\/"},"sameAs":["https:\/\/www.facebook.com\/questionpro","https:\/\/twitter.com\/questionpro","https:\/\/www.linkedin.com\/company\/questionpro\/"]},{"@type":"Person","@id":"https:\/\/www.questionpro.com\/blog\/pt-br\/#\/schema\/person\/0458a98e600271a2864830378d1d619c","name":"Camila Flores","image":{"@type":"ImageObject","inLanguage":"pt-BR","@id":"https:\/\/www.questionpro.com\/blog\/pt-br\/#\/schema\/person\/image\/","url":"https:\/\/secure.gravatar.com\/avatar\/7754db03cdbdd7586d5c33b326dc9dbe?s=96&d=mm&r=g","contentUrl":"https:\/\/secure.gravatar.com\/avatar\/7754db03cdbdd7586d5c33b326dc9dbe?s=96&d=mm&r=g","caption":"Camila Flores"},"sameAs":["https:\/\/www.questionpro.com\/es\/"],"url":"https:\/\/www.questionpro.com\/blog\/pt-br\/author\/camila-flores\/"}]}},"featured_image_src":"https:\/\/www.questionpro.com\/blog\/wp-content\/uploads\/2026\/07\/cover-carga-de-trabalho-o-que-e-tipos-causas-e-como-g-600x400.jpg","featured_image_src_square":"https:\/\/www.questionpro.com\/blog\/wp-content\/uploads\/2026\/07\/cover-carga-de-trabalho-o-que-e-tipos-causas-e-como-g-600x600.jpg","author_info":{"display_name":"Camila Flores","author_link":"https:\/\/www.questionpro.com\/blog\/pt-br\/author\/camila-flores\/"},"_links":{"self":[{"href":"https:\/\/www.questionpro.com\/blog\/pt-br\/wp-json\/wp\/v2\/posts\/1094495"}],"collection":[{"href":"https:\/\/www.questionpro.com\/blog\/pt-br\/wp-json\/wp\/v2\/posts"}],"about":[{"href":"https:\/\/www.questionpro.com\/blog\/pt-br\/wp-json\/wp\/v2\/types\/post"}],"author":[{"embeddable":true,"href":"https:\/\/www.questionpro.com\/blog\/pt-br\/wp-json\/wp\/v2\/users\/228"}],"replies":[{"embeddable":true,"href":"https:\/\/www.questionpro.com\/blog\/pt-br\/wp-json\/wp\/v2\/comments?post=1094495"}],"version-history":[{"count":3,"href":"https:\/\/www.questionpro.com\/blog\/pt-br\/wp-json\/wp\/v2\/posts\/1094495\/revisions"}],"predecessor-version":[{"id":1096899,"href":"https:\/\/www.questionpro.com\/blog\/pt-br\/wp-json\/wp\/v2\/posts\/1094495\/revisions\/1096899"}],"wp:featuredmedia":[{"embeddable":true,"href":"https:\/\/www.questionpro.com\/blog\/pt-br\/wp-json\/wp\/v2\/media\/1094518"}],"wp:attachment":[{"href":"https:\/\/www.questionpro.com\/blog\/pt-br\/wp-json\/wp\/v2\/media?parent=1094495"}],"wp:term":[{"taxonomy":"category","embeddable":true,"href":"https:\/\/www.questionpro.com\/blog\/pt-br\/wp-json\/wp\/v2\/categories?post=1094495"},{"taxonomy":"post_tag","embeddable":true,"href":"https:\/\/www.questionpro.com\/blog\/pt-br\/wp-json\/wp\/v2\/tags?post=1094495"}],"curies":[{"name":"wp","href":"https:\/\/api.w.org\/{rel}","templated":true}]}}