

{"id":34696,"date":"2016-12-08T03:33:05","date_gmt":"2016-12-08T11:33:05","guid":{"rendered":"http:\/\/www.questionpro.com\/blog\/pt-br\/?p=34696"},"modified":"2023-04-19T17:54:29","modified_gmt":"2023-04-19T17:54:29","slug":"inspiracao-como-transformacao","status":"publish","type":"post","link":"https:\/\/www.questionpro.com\/blog\/pt-br\/inspiracao-como-transformacao\/","title":{"rendered":"Inspira\u00e7\u00e3o como fonte de transforma\u00e7\u00e3o organizacional"},"content":{"rendered":"<p style=\"text-align: justify;\"><span style=\"font-weight: 400;\">Inspira\u00e7\u00e3o, a princ\u00edpio n\u00e3o \u00e9 nada, mas tudo que existe \u00e9 criado a partir do nada. <\/span><\/p>\n<ul>\n<li style=\"text-align: justify;\"><span style=\"font-weight: 400;\">O que \u00e9 essa inspira\u00e7\u00e3o que faz surgir uma organiza\u00e7\u00e3o ou empresa?&nbsp;<\/span><\/li>\n<li style=\"text-align: justify;\">O que faz um ser humano decidir empreender um neg\u00f3cio?<\/li>\n<\/ul>\n<p style=\"text-align: justify;\"><span style=\"font-weight: 400;\">Quando um ser humano, de qualquer g\u00eanero, sente o desejo de desenvolver uma ideia que vai gerar o bem-estar para si e para a sociedade, se origina de uma poderosa raz\u00e3o: &nbsp;A inspira\u00e7\u00e3o.<\/span><\/p>\n<h2 style=\"text-align: justify;\"><b>Da Inspira\u00e7\u00e3o \u00e0 Vis\u00e3o<\/b><b>&nbsp; <\/b><\/h2>\n<h2 style=\"text-align: center;\"><b><a href=\"http:\/\/img%20src=\/userimages\/site_media\/Inspiracao.png%20alt=Inspiracao\"><img decoding=\"async\" src=\"\/userimages\/site_media\/Inspiracao.png\" alt=\"Inspiracao\"><\/a>&nbsp;&nbsp;<\/b><\/h2>\n<p style=\"text-align: justify;\"><span style=\"font-weight: 400;\">Vou come\u00e7ar a definir o que para mim \u00e9 a inspira\u00e7\u00e3o. Vou usar como ponto de partida a defini\u00e7\u00e3o descrita no dicion\u00e1rio. Afirma que: a inspira\u00e7\u00e3o \u00e9 o &#8220;Estado em que se tem a alma submetida a influ\u00eancia de uma for\u00e7a sobrenatural\u201d.<\/span><\/p>\n<p style=\"text-align: justify;\"><span style=\"font-weight: 400;\">Nesse momento, aparece nas pessoas um \u201centusiasmo criativo &#8220;. Esse as levam ao frenesi de promover e desenvolver as ideias que voam na imagina\u00e7\u00e3o dos pensamentos. <\/span><\/p>\n<p style=\"text-align: justify;\"><span style=\"font-weight: 400;\">Igualmente, Napole\u00e3o Bonaparte disse em algum momento de sua vida: &#8220;A imagina\u00e7\u00e3o Governa o Mundo&#8221;. Tamb\u00e9m nos indicava sabiamente que aqueles que n\u00e3o aceitam as realidades atuais e olham al\u00e9m delas, se convertem nos l\u00edderes que transformam sociedades, empresas e organiza\u00e7\u00f5es.<\/span><\/p>\n<p style=\"text-align: justify;\"><span style=\"font-weight: 400;\">No entanto, quando uma pessoa ou um grupo se re\u00fanem para capturar e dar forma as ideias que surgiram a partir de sua inspira\u00e7\u00e3o e as combinam com as habilidades de comunica\u00e7\u00e3o que a linguagem nos d\u00e1, nasce ent\u00e3o, a vis\u00e3o estrat\u00e9gica que desejam desenvolver como empresa ou organiza\u00e7\u00e3o.<\/span><\/p>\n<p style=\"text-align: justify;\"><span style=\"font-weight: 400;\">Ou seja, a vis\u00e3o \u00e9 algo \u00fanico e irrepet\u00edvel de cada organiza\u00e7\u00e3o e serve para fornecer uma ampla perspectiva sobre a finalidade do mesma.<\/span><\/p>\n<h2>Inspira\u00e7\u00e3o e suas contribui\u00e7\u00f5es<\/h2>\n<p style=\"text-align: justify;\"><span style=\"font-weight: 400;\">Para os membros da organiza\u00e7\u00e3o, a vis\u00e3o engrandece o marco da sua contribui\u00e7\u00e3o e o valor do que fazem. U<\/span><span style=\"font-weight: 400;\">ma vez que a empresa come\u00e7a a crescer e diversificar suas opera\u00e7\u00f5es envolvendo muito mais pessoas. A vis\u00e3o \u00e9 que define o comprometimento organizacional dos membros e serve como uma fonte permanente de inspira\u00e7\u00e3o para melhorar o clima organizacional.<\/span><\/p>\n<p style=\"text-align: justify;\"><span style=\"font-weight: 400;\">Desse modo, em determinado momento, cada organiza\u00e7\u00e3o, seja empresarial e \/ ou interesse do grupo, encontra incertezas e desafios ao longo do caminho que p\u00f5em a prova &nbsp;o esp\u00edrito de lideran\u00e7a.&nbsp; <\/span><span style=\"font-weight: 400;\">Por isso, \u00e9 necess\u00e1rio que estes busquem a inspira\u00e7\u00e3o necess\u00e1ria para sair vitoriosos nos desafios organizacionais. \u00e9 necess\u00e1rio tamb\u00e9m buscar uma lideran\u00e7a inovadora.<\/span><\/p>\n<p>Saiba mais sobre: <a href=\"https:\/\/www.questionpro.com\/blog\/pt-br\/inovacao-de-produtos\/\" target=\"_blank\" rel=\"bookmark noopener noreferrer\">Inova\u00e7\u00e3o de produtos e servi\u00e7os para melhorar a experi\u00eancia do cliente<\/a><\/p>\n<h2 style=\"text-align: justify;\"><b>Em busca de uma nova fonte de inspira\u00e7\u00e3o<\/b><\/h2>\n<p style=\"text-align: justify;\"><span style=\"font-weight: 400;\">Al\u00e9m disso, em certos per\u00edodos as organiza\u00e7\u00f5es perdem a inspira\u00e7\u00e3o do que fazem melhor: produzir. Navegam como barcos sem rumo, nem vela, sem um capit\u00e3o para lev\u00e1-los a um porto seguro. <\/span><\/p>\n<p style=\"text-align: justify;\"><span style=\"font-weight: 400;\">\u00c0s vezes, os l\u00edderes est\u00e3o mais preocupados com a gest\u00e3o do status alcan\u00e7ados com os esquemas e processos produtivos gerados. \u00c9 importante encontrar a janela do<\/span><span style=\"font-weight: 400;\"> progresso e detectar as mudan\u00e7as estrat\u00e9gicas que ocorrem&nbsp; nos mercados.&nbsp;<\/span><\/p>\n<p style=\"text-align: justify;\"><span style=\"font-weight: 400;\">Dessa forma, qualquer uma dessas raz\u00f5es, separadas ou combinadas, s\u00e3o sombras cobrindo a inspira\u00e7\u00e3o dos membros de qualquer organiza\u00e7\u00e3o na qual trabalham.<\/span><\/p>\n<h2>A falta de notiva\u00e7\u00e3o e suas consequ\u00eancias<\/h2>\n<p style=\"text-align: justify;\"><span style=\"font-weight: 400;\">De certo modo, os propriet\u00e1rios ou acionistas da organiza\u00e7\u00e3o devem tomar medidas para que a inquieta\u00e7\u00e3o, desespero e falta de motiva\u00e7\u00e3o. Isto deve ser erradicados como uma erva daninha que se arranca nos campos de cultivo. <\/span><\/p>\n<p style=\"text-align: justify;\"><span style=\"font-weight: 400;\">Para isso, deve-se recorrer para irrigar seus l\u00edderes com a \u00e1gua da fonte de inspira\u00e7\u00e3o. E, se necess\u00e1rio, trazer um novo tipo de lideran\u00e7a, uma nova vis\u00e3o, que fa\u00e7a surgir a inspira\u00e7\u00e3o entre os seus trabalhadores: o Lider Coach. Veja tamb\u00e9m: <\/span><a href=\"https:\/\/www.questionpro.com\/blog\/pt-br\/funcoes-de-lideranca\/\" target=\"_blank\" rel=\"bookmark noopener noreferrer\">5 fun\u00e7\u00f5es de lideran\u00e7a e gerenciamento<\/a><\/p>\n<h2 style=\"text-align: justify;\"><span style=\"font-weight: 400;\">O Coach <\/span><\/h2>\n<p style=\"text-align: justify;\"><span style=\"font-weight: 400;\">Por certo, um l\u00edder coach, assume a dire\u00e7\u00e3o de empresas desmotivadas e com pessoas sem inspira\u00e7\u00e3o. Tem a finalidade de realizar processos criativos e produtivos. Ele deve conhecer bem suas responsabilidades e saber que ele, como figura prim\u00e1ria, tem o poder se converter em um modelo de sucesso a sua organiza\u00e7\u00e3o.&nbsp;<\/span><\/p>\n<p style=\"text-align: justify;\"><span style=\"font-weight: 400;\">O l\u00edder coach n\u00e3o imp\u00f5e seus princ\u00edpios. Nem busca que os seguidores o imitem, ele deseja que as pessoas com quais trabalham assumam como pr\u00f3prios estes valores.&nbsp;<\/span><\/p>\n<p style=\"text-align: justify;\"><span style=\"font-weight: 400;\">Um lider coach alcan\u00e7a a inspira\u00e7\u00e3o de seus funcion\u00e1rios, quando transmite confian\u00e7a em si mesmo e nos colaboradores para que sejam criativos e inovadores e que deixem de ser simplesmente cumpridores de ordens. Eles os levam a concentrar-se no presente para construir um futuro melhor.<\/span><\/p>\n<p>Tamb\u00e9m recomendamos:<\/p>\n<p><a href=\"https:\/\/www.questionpro.com\/blog\/pt-br\/coeficiente-viral\/\" target=\"_blank\" rel=\"bookmark noopener noreferrer\">Coeficiente viral e qual a rela\u00e7\u00e3o com a satisfa\u00e7\u00e3o do cliente<\/a><\/p>\n<p><a href=\"https:\/\/www.questionpro.com\/blog\/pt-br\/lider-de-vendas\/\" target=\"_blank\" rel=\"bookmark noopener noreferrer\">Caracter\u00edsticas que um l\u00edder de vendas digital deve ter<\/a><\/p>\n<p><a href=\"https:\/\/www.questionpro.com\/blog\/pt-br\/lider-toxico\/\" target=\"_blank\" rel=\"bookmark noopener noreferrer\">O l\u00edder t\u00f3xico e seu efeito no ambiente de trabalho<\/a><\/p>\n<p><a href=\"https:\/\/www.questionpro.com\/blog\/pt-br\/comunicacao-do-lider\/\" target=\"_blank\" rel=\"bookmark noopener noreferrer\">Comunica\u00e7\u00e3o do l\u00edder com sua equipe<\/a><\/p>\n<p><span style=\"font-weight: 400;\">Para agilizar seu processo de trabalho e para que tenha recursos que enriquecem seu projeto de pesquisa, utilize uma plataforma online de pesquisa, te convido \u00e0 conhecer \u00e0<\/span><a href=\"https:\/\/www.questionpro.com\/pt-br\/\"> <span style=\"font-weight: 400;\">Questionpro<\/span><\/a><span style=\"font-weight: 400;\">, uma solu\u00e7\u00e3o completa em pesquisa e intelig\u00eancia de mercado.<\/span><\/p>\n<p><iframe loading=\"lazy\" title=\"Conhe\u00e7a a QuestionPro\" width=\"500\" height=\"281\" src=\"https:\/\/www.youtube.com\/embed\/EPKW5TZxSIk?feature=oembed\" frameborder=\"0\" allow=\"accelerometer; autoplay; clipboard-write; encrypted-media; gyroscope; picture-in-picture\" allowfullscreen><\/iframe><\/p>\n<p><span style=\"font-weight: 400;\">Siga-nos nas redes sociais e receba sempre dicas e novidades:<\/span><a href=\"https:\/\/www.facebook.com\/QuestionPro.Pesquisas.Online\/\"><span style=\"font-weight: 400;\"> Facebook<\/span><\/a><span style=\"font-weight: 400;\">,<\/span><a href=\"https:\/\/twitter.com\/QuestionProBr\"><span style=\"font-weight: 400;\"> Twitter<\/span><\/a><span style=\"font-weight: 400;\">,<\/span><a href=\"https:\/\/www.linkedin.com\/company\/questionpro-br\/\"><span style=\"font-weight: 400;\"> Linkedin<\/span><\/a><span style=\"font-weight: 400;\">, <\/span><a href=\"https:\/\/www.instagram.com\/questionprobr\"><span style=\"font-weight: 400;\">Instagram<\/span><\/a><span style=\"font-weight: 400;\">.<\/span><\/p>\n<hr>\n<p><b>Coach Norberto Pe\u00f1a<\/b><b><br \/>\n<\/b><b><br \/>\n<\/b><b>Telefone: 0414 2634338<\/b><b><br \/>\n<\/b><b><br \/>\n<\/b><b>norbertopq@hotmail.com<\/b><b><br \/>\n<\/b><b><br \/>\n<\/b><b>Twitter:@maturincoaching<\/b><\/p>\n","protected":false},"excerpt":{"rendered":"<p>Inspira\u00e7\u00e3o, a princ\u00edpio n\u00e3o \u00e9 nada, mas tudo que existe \u00e9 criado a partir do nada. O que \u00e9 essa [&hellip;]<\/p>\n","protected":false},"author":73,"featured_media":30091,"comment_status":"open","ping_status":"closed","sticky":false,"template":"","format":"standard","meta":{"_genesis_hide_title":false,"_genesis_hide_breadcrumbs":false,"_genesis_hide_singular_image":false,"_genesis_hide_footer_widgets":false,"_genesis_custom_body_class":"","_genesis_custom_post_class":"","_genesis_layout":"","footnotes":""},"categories":[216],"tags":[],"yoast_head":"<!-- This site is optimized with the Yoast SEO plugin v20.4 - https:\/\/yoast.com\/wordpress\/plugins\/seo\/ -->\n<title>Inspira\u00e7\u00e3o como fonte de transforma\u00e7\u00e3o organizacional<\/title>\n<meta name=\"description\" content=\"Inspira\u00e7\u00e3o alcan\u00e7a grandes coisas dentro de empresa. Tenha uma vis\u00e3o mais clara do rumo a tomar e alcance os seus objetivos.\" \/>\n<meta name=\"robots\" content=\"index, follow, max-snippet:-1, max-image-preview:large, max-video-preview:-1\" \/>\n<link rel=\"canonical\" href=\"https:\/\/www.questionpro.com\/blog\/pt-br\/inspiracao-como-transformacao\/\" \/>\n<meta property=\"og:locale\" content=\"pt_BR\" \/>\n<meta property=\"og:type\" content=\"article\" \/>\n<meta property=\"og:title\" content=\"Inspira\u00e7\u00e3o como fonte de transforma\u00e7\u00e3o organizacional\" \/>\n<meta property=\"og:description\" content=\"Inspira\u00e7\u00e3o alcan\u00e7a grandes coisas dentro de empresa. Tenha uma vis\u00e3o mais clara do rumo a tomar e alcance os seus objetivos.\" \/>\n<meta property=\"og:url\" content=\"https:\/\/www.questionpro.com\/blog\/pt-br\/inspiracao-como-transformacao\/\" \/>\n<meta property=\"og:site_name\" content=\"QuestionPro\" \/>\n<meta property=\"article:publisher\" content=\"https:\/\/www.facebook.com\/questionpro\" \/>\n<meta property=\"article:published_time\" content=\"2016-12-08T11:33:05+00:00\" \/>\n<meta property=\"article:modified_time\" content=\"2023-04-19T17:54:29+00:00\" \/>\n<meta property=\"og:image\" content=\"https:\/\/www.questionpro.com\/blog\/wp-content\/uploads\/2016\/09\/0018-1.jpg\" \/>\n\t<meta property=\"og:image:width\" content=\"900\" \/>\n\t<meta property=\"og:image:height\" content=\"600\" \/>\n\t<meta property=\"og:image:type\" content=\"image\/jpeg\" \/>\n<meta name=\"author\" content=\"Colaboradores QuestionPro\" \/>\n<meta name=\"twitter:card\" content=\"summary_large_image\" \/>\n<meta name=\"twitter:creator\" content=\"@questionpro\" \/>\n<meta name=\"twitter:site\" content=\"@questionpro\" \/>\n<meta name=\"twitter:label1\" content=\"Escrito por\" \/>\n\t<meta name=\"twitter:data1\" content=\"Colaboradores QuestionPro\" \/>\n\t<meta name=\"twitter:label2\" content=\"Est. tempo de leitura\" \/>\n\t<meta name=\"twitter:data2\" content=\"5 minutos\" \/>\n<script type=\"application\/ld+json\" class=\"yoast-schema-graph\">{\"@context\":\"https:\/\/schema.org\",\"@graph\":[{\"@type\":\"Article\",\"@id\":\"https:\/\/www.questionpro.com\/blog\/pt-br\/inspiracao-como-transformacao\/#article\",\"isPartOf\":{\"@id\":\"https:\/\/www.questionpro.com\/blog\/pt-br\/inspiracao-como-transformacao\/\"},\"author\":{\"name\":\"Colaboradores QuestionPro\",\"@id\":\"https:\/\/www.questionpro.com\/blog\/pt-br\/#\/schema\/person\/8ec73687dda60dd6c88373b22a54c4b8\"},\"headline\":\"Inspira\u00e7\u00e3o como fonte de transforma\u00e7\u00e3o organizacional\",\"datePublished\":\"2016-12-08T11:33:05+00:00\",\"dateModified\":\"2023-04-19T17:54:29+00:00\",\"mainEntityOfPage\":{\"@id\":\"https:\/\/www.questionpro.com\/blog\/pt-br\/inspiracao-como-transformacao\/\"},\"wordCount\":929,\"commentCount\":0,\"publisher\":{\"@id\":\"https:\/\/www.questionpro.com\/blog\/pt-br\/#organization\"},\"articleSection\":[\"Experi\u00eancia do colaborador - EX\"],\"inLanguage\":\"pt-BR\",\"potentialAction\":[{\"@type\":\"CommentAction\",\"name\":\"Comment\",\"target\":[\"https:\/\/www.questionpro.com\/blog\/pt-br\/inspiracao-como-transformacao\/#respond\"]}]},{\"@type\":\"WebPage\",\"@id\":\"https:\/\/www.questionpro.com\/blog\/pt-br\/inspiracao-como-transformacao\/\",\"url\":\"https:\/\/www.questionpro.com\/blog\/pt-br\/inspiracao-como-transformacao\/\",\"name\":\"Inspira\u00e7\u00e3o como fonte de transforma\u00e7\u00e3o organizacional\",\"isPartOf\":{\"@id\":\"https:\/\/www.questionpro.com\/blog\/pt-br\/#website\"},\"datePublished\":\"2016-12-08T11:33:05+00:00\",\"dateModified\":\"2023-04-19T17:54:29+00:00\",\"description\":\"Inspira\u00e7\u00e3o alcan\u00e7a grandes coisas dentro de empresa. Tenha uma vis\u00e3o mais clara do rumo a tomar e alcance os seus objetivos.\",\"breadcrumb\":{\"@id\":\"https:\/\/www.questionpro.com\/blog\/pt-br\/inspiracao-como-transformacao\/#breadcrumb\"},\"inLanguage\":\"pt-BR\",\"potentialAction\":[{\"@type\":\"ReadAction\",\"target\":[\"https:\/\/www.questionpro.com\/blog\/pt-br\/inspiracao-como-transformacao\/\"]}]},{\"@type\":\"BreadcrumbList\",\"@id\":\"https:\/\/www.questionpro.com\/blog\/pt-br\/inspiracao-como-transformacao\/#breadcrumb\",\"itemListElement\":[{\"@type\":\"ListItem\",\"position\":1,\"name\":\"In\u00edcio\",\"item\":\"https:\/\/www.questionpro.com\/blog\/pt-br\/\"},{\"@type\":\"ListItem\",\"position\":2,\"name\":\"Experi\u00eancia do colaborador - EX\",\"item\":\"https:\/\/www.questionpro.com\/blog\/pt-br\/category\/experiencia-do-funcionario-ex\/\"},{\"@type\":\"ListItem\",\"position\":3,\"name\":\"Inspira\u00e7\u00e3o como fonte de transforma\u00e7\u00e3o organizacional\"}]},{\"@type\":\"WebSite\",\"@id\":\"https:\/\/www.questionpro.com\/blog\/pt-br\/#website\",\"url\":\"https:\/\/www.questionpro.com\/blog\/pt-br\/\",\"name\":\"QuestionPro\",\"description\":\"\",\"publisher\":{\"@id\":\"https:\/\/www.questionpro.com\/blog\/pt-br\/#organization\"},\"potentialAction\":[{\"@type\":\"SearchAction\",\"target\":{\"@type\":\"EntryPoint\",\"urlTemplate\":\"https:\/\/www.questionpro.com\/blog\/pt-br\/?s={search_term_string}\"},\"query-input\":\"required name=search_term_string\"}],\"inLanguage\":\"pt-BR\"},{\"@type\":\"Organization\",\"@id\":\"https:\/\/www.questionpro.com\/blog\/pt-br\/#organization\",\"name\":\"QuestionPro\",\"url\":\"https:\/\/www.questionpro.com\/blog\/pt-br\/\",\"logo\":{\"@type\":\"ImageObject\",\"inLanguage\":\"pt-BR\",\"@id\":\"https:\/\/www.questionpro.com\/blog\/pt-br\/#\/schema\/logo\/image\/\",\"url\":\"https:\/\/www.questionpro.com\/blog\/wp-content\/uploads\/2022\/10\/questionpro-logo.svg\",\"contentUrl\":\"https:\/\/www.questionpro.com\/blog\/wp-content\/uploads\/2022\/10\/questionpro-logo.svg\",\"caption\":\"QuestionPro\"},\"image\":{\"@id\":\"https:\/\/www.questionpro.com\/blog\/pt-br\/#\/schema\/logo\/image\/\"},\"sameAs\":[\"https:\/\/www.facebook.com\/questionpro\",\"https:\/\/twitter.com\/questionpro\",\"https:\/\/www.linkedin.com\/company\/questionpro\/\"]},{\"@type\":\"Person\",\"@id\":\"https:\/\/www.questionpro.com\/blog\/pt-br\/#\/schema\/person\/8ec73687dda60dd6c88373b22a54c4b8\",\"name\":\"Colaboradores QuestionPro\",\"image\":{\"@type\":\"ImageObject\",\"inLanguage\":\"pt-BR\",\"@id\":\"https:\/\/www.questionpro.com\/blog\/pt-br\/#\/schema\/person\/image\/\",\"url\":\"https:\/\/secure.gravatar.com\/avatar\/40e3417f5e2ebcebfa44bc3d926bcd72?s=96&d=mm&r=g\",\"contentUrl\":\"https:\/\/secure.gravatar.com\/avatar\/40e3417f5e2ebcebfa44bc3d926bcd72?s=96&d=mm&r=g\",\"caption\":\"Colaboradores QuestionPro\"},\"url\":\"https:\/\/www.questionpro.com\/blog\/pt-br\/author\/colaboradoresqp\/\"}]}<\/script>\n<!-- \/ Yoast SEO plugin. -->","yoast_head_json":{"title":"Inspira\u00e7\u00e3o como fonte de transforma\u00e7\u00e3o organizacional","description":"Inspira\u00e7\u00e3o alcan\u00e7a grandes coisas dentro de empresa. Tenha uma vis\u00e3o mais clara do rumo a tomar e alcance os seus objetivos.","robots":{"index":"index","follow":"follow","max-snippet":"max-snippet:-1","max-image-preview":"max-image-preview:large","max-video-preview":"max-video-preview:-1"},"canonical":"https:\/\/www.questionpro.com\/blog\/pt-br\/inspiracao-como-transformacao\/","og_locale":"pt_BR","og_type":"article","og_title":"Inspira\u00e7\u00e3o como fonte de transforma\u00e7\u00e3o organizacional","og_description":"Inspira\u00e7\u00e3o alcan\u00e7a grandes coisas dentro de empresa. Tenha uma vis\u00e3o mais clara do rumo a tomar e alcance os seus objetivos.","og_url":"https:\/\/www.questionpro.com\/blog\/pt-br\/inspiracao-como-transformacao\/","og_site_name":"QuestionPro","article_publisher":"https:\/\/www.facebook.com\/questionpro","article_published_time":"2016-12-08T11:33:05+00:00","article_modified_time":"2023-04-19T17:54:29+00:00","og_image":[{"width":900,"height":600,"url":"https:\/\/www.questionpro.com\/blog\/wp-content\/uploads\/2016\/09\/0018-1.jpg","type":"image\/jpeg"}],"author":"Colaboradores QuestionPro","twitter_card":"summary_large_image","twitter_creator":"@questionpro","twitter_site":"@questionpro","twitter_misc":{"Escrito por":"Colaboradores QuestionPro","Est. tempo de leitura":"5 minutos"},"schema":{"@context":"https:\/\/schema.org","@graph":[{"@type":"Article","@id":"https:\/\/www.questionpro.com\/blog\/pt-br\/inspiracao-como-transformacao\/#article","isPartOf":{"@id":"https:\/\/www.questionpro.com\/blog\/pt-br\/inspiracao-como-transformacao\/"},"author":{"name":"Colaboradores QuestionPro","@id":"https:\/\/www.questionpro.com\/blog\/pt-br\/#\/schema\/person\/8ec73687dda60dd6c88373b22a54c4b8"},"headline":"Inspira\u00e7\u00e3o como fonte de transforma\u00e7\u00e3o organizacional","datePublished":"2016-12-08T11:33:05+00:00","dateModified":"2023-04-19T17:54:29+00:00","mainEntityOfPage":{"@id":"https:\/\/www.questionpro.com\/blog\/pt-br\/inspiracao-como-transformacao\/"},"wordCount":929,"commentCount":0,"publisher":{"@id":"https:\/\/www.questionpro.com\/blog\/pt-br\/#organization"},"articleSection":["Experi\u00eancia do colaborador - EX"],"inLanguage":"pt-BR","potentialAction":[{"@type":"CommentAction","name":"Comment","target":["https:\/\/www.questionpro.com\/blog\/pt-br\/inspiracao-como-transformacao\/#respond"]}]},{"@type":"WebPage","@id":"https:\/\/www.questionpro.com\/blog\/pt-br\/inspiracao-como-transformacao\/","url":"https:\/\/www.questionpro.com\/blog\/pt-br\/inspiracao-como-transformacao\/","name":"Inspira\u00e7\u00e3o como fonte de transforma\u00e7\u00e3o organizacional","isPartOf":{"@id":"https:\/\/www.questionpro.com\/blog\/pt-br\/#website"},"datePublished":"2016-12-08T11:33:05+00:00","dateModified":"2023-04-19T17:54:29+00:00","description":"Inspira\u00e7\u00e3o alcan\u00e7a grandes coisas dentro de empresa. Tenha uma vis\u00e3o mais clara do rumo a tomar e alcance os seus objetivos.","breadcrumb":{"@id":"https:\/\/www.questionpro.com\/blog\/pt-br\/inspiracao-como-transformacao\/#breadcrumb"},"inLanguage":"pt-BR","potentialAction":[{"@type":"ReadAction","target":["https:\/\/www.questionpro.com\/blog\/pt-br\/inspiracao-como-transformacao\/"]}]},{"@type":"BreadcrumbList","@id":"https:\/\/www.questionpro.com\/blog\/pt-br\/inspiracao-como-transformacao\/#breadcrumb","itemListElement":[{"@type":"ListItem","position":1,"name":"In\u00edcio","item":"https:\/\/www.questionpro.com\/blog\/pt-br\/"},{"@type":"ListItem","position":2,"name":"Experi\u00eancia do colaborador - EX","item":"https:\/\/www.questionpro.com\/blog\/pt-br\/category\/experiencia-do-funcionario-ex\/"},{"@type":"ListItem","position":3,"name":"Inspira\u00e7\u00e3o como fonte de transforma\u00e7\u00e3o organizacional"}]},{"@type":"WebSite","@id":"https:\/\/www.questionpro.com\/blog\/pt-br\/#website","url":"https:\/\/www.questionpro.com\/blog\/pt-br\/","name":"QuestionPro","description":"","publisher":{"@id":"https:\/\/www.questionpro.com\/blog\/pt-br\/#organization"},"potentialAction":[{"@type":"SearchAction","target":{"@type":"EntryPoint","urlTemplate":"https:\/\/www.questionpro.com\/blog\/pt-br\/?s={search_term_string}"},"query-input":"required name=search_term_string"}],"inLanguage":"pt-BR"},{"@type":"Organization","@id":"https:\/\/www.questionpro.com\/blog\/pt-br\/#organization","name":"QuestionPro","url":"https:\/\/www.questionpro.com\/blog\/pt-br\/","logo":{"@type":"ImageObject","inLanguage":"pt-BR","@id":"https:\/\/www.questionpro.com\/blog\/pt-br\/#\/schema\/logo\/image\/","url":"https:\/\/www.questionpro.com\/blog\/wp-content\/uploads\/2022\/10\/questionpro-logo.svg","contentUrl":"https:\/\/www.questionpro.com\/blog\/wp-content\/uploads\/2022\/10\/questionpro-logo.svg","caption":"QuestionPro"},"image":{"@id":"https:\/\/www.questionpro.com\/blog\/pt-br\/#\/schema\/logo\/image\/"},"sameAs":["https:\/\/www.facebook.com\/questionpro","https:\/\/twitter.com\/questionpro","https:\/\/www.linkedin.com\/company\/questionpro\/"]},{"@type":"Person","@id":"https:\/\/www.questionpro.com\/blog\/pt-br\/#\/schema\/person\/8ec73687dda60dd6c88373b22a54c4b8","name":"Colaboradores QuestionPro","image":{"@type":"ImageObject","inLanguage":"pt-BR","@id":"https:\/\/www.questionpro.com\/blog\/pt-br\/#\/schema\/person\/image\/","url":"https:\/\/secure.gravatar.com\/avatar\/40e3417f5e2ebcebfa44bc3d926bcd72?s=96&d=mm&r=g","contentUrl":"https:\/\/secure.gravatar.com\/avatar\/40e3417f5e2ebcebfa44bc3d926bcd72?s=96&d=mm&r=g","caption":"Colaboradores QuestionPro"},"url":"https:\/\/www.questionpro.com\/blog\/pt-br\/author\/colaboradoresqp\/"}]}},"featured_image_src":"https:\/\/www.questionpro.com\/blog\/wp-content\/uploads\/2016\/09\/0018-1.jpg","featured_image_src_square":"https:\/\/www.questionpro.com\/blog\/wp-content\/uploads\/2016\/09\/0018-1.jpg","author_info":{"display_name":"Colaboradores QuestionPro","author_link":"https:\/\/www.questionpro.com\/blog\/pt-br\/author\/colaboradoresqp\/"},"_links":{"self":[{"href":"https:\/\/www.questionpro.com\/blog\/pt-br\/wp-json\/wp\/v2\/posts\/34696"}],"collection":[{"href":"https:\/\/www.questionpro.com\/blog\/pt-br\/wp-json\/wp\/v2\/posts"}],"about":[{"href":"https:\/\/www.questionpro.com\/blog\/pt-br\/wp-json\/wp\/v2\/types\/post"}],"author":[{"embeddable":true,"href":"https:\/\/www.questionpro.com\/blog\/pt-br\/wp-json\/wp\/v2\/users\/73"}],"replies":[{"embeddable":true,"href":"https:\/\/www.questionpro.com\/blog\/pt-br\/wp-json\/wp\/v2\/comments?post=34696"}],"version-history":[{"count":1,"href":"https:\/\/www.questionpro.com\/blog\/pt-br\/wp-json\/wp\/v2\/posts\/34696\/revisions"}],"predecessor-version":[{"id":787938,"href":"https:\/\/www.questionpro.com\/blog\/pt-br\/wp-json\/wp\/v2\/posts\/34696\/revisions\/787938"}],"wp:featuredmedia":[{"embeddable":true,"href":"https:\/\/www.questionpro.com\/blog\/pt-br\/wp-json\/wp\/v2\/media\/30091"}],"wp:attachment":[{"href":"https:\/\/www.questionpro.com\/blog\/pt-br\/wp-json\/wp\/v2\/media?parent=34696"}],"wp:term":[{"taxonomy":"category","embeddable":true,"href":"https:\/\/www.questionpro.com\/blog\/pt-br\/wp-json\/wp\/v2\/categories?post=34696"},{"taxonomy":"post_tag","embeddable":true,"href":"https:\/\/www.questionpro.com\/blog\/pt-br\/wp-json\/wp\/v2\/tags?post=34696"}],"curies":[{"name":"wp","href":"https:\/\/api.w.org\/{rel}","templated":true}]}}