

{"id":57736,"date":"2018-05-28T04:57:14","date_gmt":"2018-05-28T11:57:14","guid":{"rendered":"https:\/\/www.questionpro.com\/blog\/?p=57736"},"modified":"2018-05-28T04:57:14","modified_gmt":"2018-05-28T11:57:14","slug":"millennials","status":"publish","type":"post","link":"https:\/\/www.questionpro.com\/blog\/pt-br\/millennials\/","title":{"rendered":"Millennials: como s\u00e3o suas rela\u00e7\u00f5es com o trabalho?"},"content":{"rendered":"<p>Os <strong>millennials<\/strong> chegam ao mercado de trabalho empregando novos conceitos, necessidades e expectativas. As empresas precisam reconhecer essa nova realidade para que assim poder mant\u00ea-los em seu quadro de colaboradores por mais tempo.<\/p>\n<p>As empresas devem estar cientes que nenhum funcion\u00e1rio \u00e9 de propriedade excluisva da organiza\u00e7\u00e3o. Mas, infelizmente, ainda h\u00e1 um reduto de algumas empresas que t\u00eam um forte senso de propriedade. Algumas delas est\u00e3o ancoradas no passado e outras j\u00e1 se vestiram da modernidade.<\/p>\n<p>Totalmente imersos nesta quarta revolu\u00e7\u00e3o industrial 4.0, em que a transforma\u00e7\u00e3o digital e a internet est\u00e3o gerando novos sistemas de trabalho e novas formas de comercializa\u00e7\u00e3o de produtos e servi\u00e7os; devemos refletir tamb\u00e9m sobre nossos estilos de ger\u00eancia e nossas pol\u00edticas de gest\u00e3o de pessoas, pr\u00f3pria deste novo tempo.<\/p>\n<h3>Por que os millennials deixam as empresas?<\/h3>\n<p>Neste novo Status Quo, novos termos ligados \u00e0 atra\u00e7\u00e3o e fidelidade de talentos s\u00e3o incorporados em nosso dia a dia. (Digital Employer Branding, Gamification, Recrutamento Social, Employee Advocacy, etc.).<\/p>\n<p>Talvez voc\u00ea esteja interessado em ler: <a href=\"https:\/\/www.questionpro.com\/blog\/pt-br\/criatividade-no-trabalho\/\" target=\"_blank\" rel=\"bookmark noopener noreferrer\">Criatividade no trabalho, como incentivar.<\/a><\/p>\n<p>Minha experi\u00eancia ligada \u00e0 ambientes em que se cresce consideravelmente a presen\u00e7a dos millennials, assim como meu contato com eles em in\u00fameros processos seletivos me inclina a posicionar-me em v\u00e1rias causas que levam ao abandono das empresas pelo chamado &#8220;talento digital&#8221;. Mas primeiro, como um sintoma preliminar, farei duas perguntas:<\/p>\n<ol>\n<li>Voc\u00ea recebe muitas candidaturas espont\u00e2neas?<\/li>\n<li>Seus processos de sele\u00e7\u00e3o s\u00e3o preenchidos e terminados rapidamente?<\/li>\n<\/ol>\n<p>Se voc\u00ea respondeu a um deles pelo menos com um N\u00c3O, tome medidas se n\u00e3o quiser que o pr\u00f3ximo passo seja a perda de talentos.<\/p>\n<p>Veja tamb\u00e9m: <a href=\"https:\/\/www.questionpro.com\/blog\/pt-br\/ambiente-de-trabalho-saudavel\/\" target=\"_blank\" rel=\"bookmark noopener noreferrer\">Ambiente de trabalho saud\u00e1vel \u2013 como mant\u00ea-lo.<\/a><\/p>\n<p>Nesse caso, por que os <strong>millennials<\/strong> deixam as empresas? Vamos detalhar as causas que podem influenciar e acabar com os la\u00e7os entre os millennials e as organiza\u00e7\u00f5es.<\/p>\n<h2>Algumas causas de por que os millennials saem do trabalho<\/h2>\n<ol>\n<li>Sal\u00e1rios abaixo do valor de mercado devido \u00e0 falta de experi\u00eancia.<\/li>\n<li>N\u00e3o valoriza\u00e7\u00e3o e reconhecimento de seus conhecimentos e potenciais.<\/li>\n<li>Falta de desafios e objetivos profissionais claros e motivadores. Saiba mais sobre: <a href=\"https:\/\/www.questionpro.com\/blog\/pt-br\/trabalho-em-equipe\/\" target=\"_blank\" rel=\"bookmark noopener noreferrer\">Trabalho em equipe: reconhe\u00e7a se voc\u00ea aplica ou n\u00e3o no seu ambiente de trabalho<\/a>.<\/li>\n<li>Falta de desenvolvimento profissional (planos de carreira) e \/ ou projetos interdepartamentais que possam motivar o individual.<\/li>\n<li>Escassa lideran\u00e7a e acompanhamento por parte dos gerentes, assim tamb\u00e9m como a falta de exemplos positivos.<\/li>\n<li>Comunica\u00e7\u00e3o interna deficiente e falta de transpar\u00eancia na gest\u00e3o de informa\u00e7\u00f5es corporativas. Al\u00e9m de n\u00e3o atender a ideias e limitar a tomada de decis\u00f5es.<\/li>\n<li>Falta de coer\u00eancia entre a cultura e os valores que s\u00e3o transmitidos na realidade. E, por consequ\u00eancia, falta de alinhamento entre os valores da empresa e os dos funcion\u00e1rios.<\/li>\n<li>Aus\u00eancia de hor\u00e1rios de trabalho flex\u00edveis e da pr\u00e1tica de trabalhos por projetos.<\/li>\n<li>N\u00e3o possuir sistemas de remunera\u00e7\u00e3o vari\u00e1vel atrelados \u00e0 produtividade, onde prevalece a gamifica\u00e7\u00e3o. <a href=\"https:\/\/www.questionpro.com\/blog\/pt-br\/o-clima-organizacional-como-chave-de-um-bom-employer-branding\/\" target=\"_blank\" rel=\"bookmark noopener noreferrer\">Clima Organizacional Como Chave de um Bom Employer Branding.<\/a><\/li>\n<li>N\u00e3o adaptar os planos de forma\u00e7\u00e3o \u00e0 nova realidade (ambientes de aprendizagem pessoal, universidades corporativas, etc.).<\/li>\n<li>Ambientes de trabalho t\u00f3xicos onde n\u00e3o h\u00e1 enriquecimento pessoal e profissional do colaborador, resultando em falta de engajamento nas equipes.<\/li>\n<li>N\u00e3o colocar o cliente interno no centro do modelo de neg\u00f3cios. Como disse Richard Branson, fundador da Virgin, &#8220;cuide de seus funcion\u00e1rios e eles v\u00e3o cuidar de seus resultados&#8221;. <a href=\"https:\/\/www.questionpro.com\/blog\/pt-br\/comunicacao-do-lider\/\" target=\"_blank\" rel=\"bookmark noopener noreferrer\">Comunica\u00e7\u00e3o do l\u00edder com sua equipe<\/a><\/li>\n<\/ol>\n<h2>Gest\u00e3o e fideliza\u00e7\u00e3o dos talentos<\/h2>\n<p>Conclus\u00e3o, acredito que as organiza\u00e7\u00f5es devem refletir sobre seus modelos de atra\u00e7\u00e3o, gest\u00e3o e fideliza\u00e7\u00e3o de talentos.<\/p>\n<p>Acredito que, atualmente, o mercado est\u00e1 at\u00e9 mais equilibrado, se tratarmos sobre o di\u00e1logo entre marcas e na realiza\u00e7\u00e3o de processos de sele\u00e7\u00e3o. Mesmo assim, vamos parar de criar o conceito de propriedade (reten\u00e7\u00e3o de talentos) e come\u00e7ar a trabalhar em pol\u00edticas de lealdade e engajamento. Para isso, comece ouvindo suas equipes, levando-as em conta na tomada de decis\u00f5es e selando um contrato pessoal e emocional (al\u00e9m do trabalho). Como disse Steve Jobs: &#8220;N\u00e3o faz sentido contratar pessoas inteligentes e depois dizer o que elas t\u00eam que fazer. Contratamos pessoas inteligentes para nos dizer o que temos que fazer. &#8221;<\/p>\n<p><a href=\"https:\/\/www.questionpro.com\/blog\/pt-br\/funcionarios-comprometidos\/\" target=\"_blank\" rel=\"bookmark noopener noreferrer\">Conhe\u00e7a o Teste Gallup Q12 e saiba como funcion\u00e1rios comprometidos podem tornar sua empresa mais rent\u00e1vel<\/a><\/p>\n<p>E lembre-se, o talento n\u00e3o estar\u00e1 para sempre na sua empresa (alguns estudos dizem que a gera\u00e7\u00e3o do mil\u00eanio mudar\u00e1 de empresa entre 15 e 20 vezes na vida profissional). Por isso, aproveite ao m\u00e1ximo sua perman\u00eancia na organiza\u00e7\u00e3o.<\/p>\n<p>N\u00e3o se admire quando os millennials deixam as empresas. Se ap\u00f3s isso voc\u00ea achar que sua empresa produz mais de 50% dessas causas, \u00e9 hora de parar. Reflita e projete uma nova estrat\u00e9gia com a Diretoria. Integrando toda a organiza\u00e7\u00e3o na gera\u00e7\u00e3o de uma f\u00e1brica aut\u00eantica de talentos.<\/p>\n<p><span style=\"font-weight: 400;\">Para agilizar seu processo de trabalho e para que tenha recursos que enriquecem seu projeto de pesquisa, utilize uma plataforma online de pesquisa, te convido a conhecer a<\/span><a href=\"https:\/\/www.questionpro.com\/pt-br\/\"> <span style=\"font-weight: 400;\">Questionpro<\/span><\/a><span style=\"font-weight: 400;\">, uma solu\u00e7\u00e3o completa em pesquisa e intelig\u00eancia de mercado.\u00a0<\/span><\/p>\n<p><a href=\"https:\/\/www.youtube.com\/watch?v=EPKW5TZxSIk\">https:\/\/www.youtube.com\/watch?v=EPKW5TZxSIk<\/a><\/p>\n<p><span style=\"font-weight: 400;\">Siga-nos nas redes sociais e receba sempre dicas e novidades:<\/span><a href=\"https:\/\/www.facebook.com\/QuestionPro.Pesquisas.Online\/\"><span style=\"font-weight: 400;\"> Facebook<\/span><\/a><span style=\"font-weight: 400;\">,<\/span><a href=\"https:\/\/twitter.com\/QuestionProBr\"><span style=\"font-weight: 400;\"> Twitter<\/span><\/a><span style=\"font-weight: 400;\">,<\/span><a href=\"https:\/\/www.linkedin.com\/company\/questionpro-br\/\"><span style=\"font-weight: 400;\"> Linkedin<\/span><\/a><span style=\"font-weight: 400;\">, <\/span><a href=\"https:\/\/www.instagram.com\/questionprobr\"><span style=\"font-weight: 400;\">Instagram<\/span><\/a><\/p>\n","protected":false},"excerpt":{"rendered":"<p>Os millennials chegam ao mercado de trabalho empregando novos conceitos, necessidades e expectativas. As empresas precisam reconhecer essa nova realidade [&hellip;]<\/p>\n","protected":false},"author":79,"featured_media":57738,"comment_status":"closed","ping_status":"closed","sticky":false,"template":"","format":"standard","meta":{"_genesis_hide_title":false,"_genesis_hide_breadcrumbs":false,"_genesis_hide_singular_image":false,"_genesis_hide_footer_widgets":false,"_genesis_custom_body_class":"","_genesis_custom_post_class":"","_genesis_layout":"","footnotes":""},"categories":[216],"tags":[],"yoast_head":"<!-- This site is optimized with the Yoast SEO plugin v20.4 - https:\/\/yoast.com\/wordpress\/plugins\/seo\/ -->\n<title>Millennials: como s\u00e3o suas rela\u00e7\u00f5es com o trabalho?<\/title>\n<meta name=\"description\" content=\"Os millennials chegaram: sua empresa precisa conhecer essa nova realidade para mant\u00ea-los como seus colaboradores por mais tempo. Veja como neste artigo.\" \/>\n<meta name=\"robots\" content=\"index, follow, max-snippet:-1, max-image-preview:large, max-video-preview:-1\" \/>\n<link rel=\"canonical\" href=\"https:\/\/www.questionpro.com\/blog\/pt-br\/millennials\/\" \/>\n<meta property=\"og:locale\" content=\"pt_BR\" \/>\n<meta property=\"og:type\" content=\"article\" \/>\n<meta property=\"og:title\" content=\"Millennials: como s\u00e3o suas rela\u00e7\u00f5es com o trabalho?\" \/>\n<meta property=\"og:description\" content=\"Os millennials chegaram: sua empresa precisa conhecer essa nova realidade para mant\u00ea-los como seus colaboradores por mais tempo. Veja como neste artigo.\" \/>\n<meta property=\"og:url\" content=\"https:\/\/www.questionpro.com\/blog\/pt-br\/millennials\/\" \/>\n<meta property=\"og:site_name\" content=\"QuestionPro\" \/>\n<meta property=\"article:publisher\" content=\"https:\/\/www.facebook.com\/questionpro\" \/>\n<meta property=\"article:published_time\" content=\"2018-05-28T11:57:14+00:00\" \/>\n<meta property=\"og:image\" content=\"https:\/\/www.questionpro.com\/blog\/wp-content\/uploads\/2018\/05\/millenials.jpg\" \/>\n\t<meta property=\"og:image:width\" content=\"600\" \/>\n\t<meta property=\"og:image:height\" content=\"338\" \/>\n\t<meta property=\"og:image:type\" content=\"image\/jpeg\" \/>\n<meta name=\"author\" content=\"Otniel\" \/>\n<meta name=\"twitter:card\" content=\"summary_large_image\" \/>\n<meta name=\"twitter:creator\" content=\"@questionpro\" \/>\n<meta name=\"twitter:site\" content=\"@questionpro\" \/>\n<meta name=\"twitter:label1\" content=\"Escrito por\" \/>\n\t<meta name=\"twitter:data1\" content=\"Otniel\" \/>\n\t<meta name=\"twitter:label2\" content=\"Est. tempo de leitura\" \/>\n\t<meta name=\"twitter:data2\" content=\"5 minutos\" \/>\n<script type=\"application\/ld+json\" class=\"yoast-schema-graph\">{\"@context\":\"https:\/\/schema.org\",\"@graph\":[{\"@type\":\"Article\",\"@id\":\"https:\/\/www.questionpro.com\/blog\/pt-br\/millennials\/#article\",\"isPartOf\":{\"@id\":\"https:\/\/www.questionpro.com\/blog\/pt-br\/millennials\/\"},\"author\":{\"name\":\"Otniel\",\"@id\":\"https:\/\/www.questionpro.com\/blog\/pt-br\/#\/schema\/person\/e5c6918791afb720ad805f081c12d8ca\"},\"headline\":\"Millennials: como s\u00e3o suas rela\u00e7\u00f5es com o trabalho?\",\"datePublished\":\"2018-05-28T11:57:14+00:00\",\"dateModified\":\"2018-05-28T11:57:14+00:00\",\"mainEntityOfPage\":{\"@id\":\"https:\/\/www.questionpro.com\/blog\/pt-br\/millennials\/\"},\"wordCount\":930,\"publisher\":{\"@id\":\"https:\/\/www.questionpro.com\/blog\/pt-br\/#organization\"},\"articleSection\":[\"Experi\u00eancia do colaborador - EX\"],\"inLanguage\":\"pt-BR\"},{\"@type\":\"WebPage\",\"@id\":\"https:\/\/www.questionpro.com\/blog\/pt-br\/millennials\/\",\"url\":\"https:\/\/www.questionpro.com\/blog\/pt-br\/millennials\/\",\"name\":\"Millennials: como s\u00e3o suas rela\u00e7\u00f5es com o trabalho?\",\"isPartOf\":{\"@id\":\"https:\/\/www.questionpro.com\/blog\/pt-br\/#website\"},\"datePublished\":\"2018-05-28T11:57:14+00:00\",\"dateModified\":\"2018-05-28T11:57:14+00:00\",\"description\":\"Os millennials chegaram: sua empresa precisa conhecer essa nova realidade para mant\u00ea-los como seus colaboradores por mais tempo. Veja como neste artigo.\",\"breadcrumb\":{\"@id\":\"https:\/\/www.questionpro.com\/blog\/pt-br\/millennials\/#breadcrumb\"},\"inLanguage\":\"pt-BR\",\"potentialAction\":[{\"@type\":\"ReadAction\",\"target\":[\"https:\/\/www.questionpro.com\/blog\/pt-br\/millennials\/\"]}]},{\"@type\":\"BreadcrumbList\",\"@id\":\"https:\/\/www.questionpro.com\/blog\/pt-br\/millennials\/#breadcrumb\",\"itemListElement\":[{\"@type\":\"ListItem\",\"position\":1,\"name\":\"In\u00edcio\",\"item\":\"https:\/\/www.questionpro.com\/blog\/pt-br\/\"},{\"@type\":\"ListItem\",\"position\":2,\"name\":\"Experi\u00eancia do colaborador - EX\",\"item\":\"https:\/\/www.questionpro.com\/blog\/pt-br\/category\/experiencia-do-funcionario-ex\/\"},{\"@type\":\"ListItem\",\"position\":3,\"name\":\"Millennials: como s\u00e3o suas rela\u00e7\u00f5es com o trabalho?\"}]},{\"@type\":\"WebSite\",\"@id\":\"https:\/\/www.questionpro.com\/blog\/pt-br\/#website\",\"url\":\"https:\/\/www.questionpro.com\/blog\/pt-br\/\",\"name\":\"QuestionPro\",\"description\":\"\",\"publisher\":{\"@id\":\"https:\/\/www.questionpro.com\/blog\/pt-br\/#organization\"},\"potentialAction\":[{\"@type\":\"SearchAction\",\"target\":{\"@type\":\"EntryPoint\",\"urlTemplate\":\"https:\/\/www.questionpro.com\/blog\/pt-br\/?s={search_term_string}\"},\"query-input\":\"required name=search_term_string\"}],\"inLanguage\":\"pt-BR\"},{\"@type\":\"Organization\",\"@id\":\"https:\/\/www.questionpro.com\/blog\/pt-br\/#organization\",\"name\":\"QuestionPro\",\"url\":\"https:\/\/www.questionpro.com\/blog\/pt-br\/\",\"logo\":{\"@type\":\"ImageObject\",\"inLanguage\":\"pt-BR\",\"@id\":\"https:\/\/www.questionpro.com\/blog\/pt-br\/#\/schema\/logo\/image\/\",\"url\":\"https:\/\/www.questionpro.com\/blog\/wp-content\/uploads\/2022\/10\/questionpro-logo.svg\",\"contentUrl\":\"https:\/\/www.questionpro.com\/blog\/wp-content\/uploads\/2022\/10\/questionpro-logo.svg\",\"caption\":\"QuestionPro\"},\"image\":{\"@id\":\"https:\/\/www.questionpro.com\/blog\/pt-br\/#\/schema\/logo\/image\/\"},\"sameAs\":[\"https:\/\/www.facebook.com\/questionpro\",\"https:\/\/twitter.com\/questionpro\",\"https:\/\/www.linkedin.com\/company\/questionpro\/\"]},{\"@type\":\"Person\",\"@id\":\"https:\/\/www.questionpro.com\/blog\/pt-br\/#\/schema\/person\/e5c6918791afb720ad805f081c12d8ca\",\"name\":\"Otniel\",\"image\":{\"@type\":\"ImageObject\",\"inLanguage\":\"pt-BR\",\"@id\":\"https:\/\/www.questionpro.com\/blog\/pt-br\/#\/schema\/person\/image\/\",\"url\":\"https:\/\/secure.gravatar.com\/avatar\/56d81a608189be73bb568f3cbe81a611?s=96&d=mm&r=g\",\"contentUrl\":\"https:\/\/secure.gravatar.com\/avatar\/56d81a608189be73bb568f3cbe81a611?s=96&d=mm&r=g\",\"caption\":\"Otniel\"},\"url\":\"https:\/\/www.questionpro.com\/blog\/pt-br\/author\/otniel\/\"}]}<\/script>\n<!-- \/ Yoast SEO plugin. -->","yoast_head_json":{"title":"Millennials: como s\u00e3o suas rela\u00e7\u00f5es com o trabalho?","description":"Os millennials chegaram: sua empresa precisa conhecer essa nova realidade para mant\u00ea-los como seus colaboradores por mais tempo. Veja como neste artigo.","robots":{"index":"index","follow":"follow","max-snippet":"max-snippet:-1","max-image-preview":"max-image-preview:large","max-video-preview":"max-video-preview:-1"},"canonical":"https:\/\/www.questionpro.com\/blog\/pt-br\/millennials\/","og_locale":"pt_BR","og_type":"article","og_title":"Millennials: como s\u00e3o suas rela\u00e7\u00f5es com o trabalho?","og_description":"Os millennials chegaram: sua empresa precisa conhecer essa nova realidade para mant\u00ea-los como seus colaboradores por mais tempo. Veja como neste artigo.","og_url":"https:\/\/www.questionpro.com\/blog\/pt-br\/millennials\/","og_site_name":"QuestionPro","article_publisher":"https:\/\/www.facebook.com\/questionpro","article_published_time":"2018-05-28T11:57:14+00:00","og_image":[{"width":600,"height":338,"url":"https:\/\/www.questionpro.com\/blog\/wp-content\/uploads\/2018\/05\/millenials.jpg","type":"image\/jpeg"}],"author":"Otniel","twitter_card":"summary_large_image","twitter_creator":"@questionpro","twitter_site":"@questionpro","twitter_misc":{"Escrito por":"Otniel","Est. tempo de leitura":"5 minutos"},"schema":{"@context":"https:\/\/schema.org","@graph":[{"@type":"Article","@id":"https:\/\/www.questionpro.com\/blog\/pt-br\/millennials\/#article","isPartOf":{"@id":"https:\/\/www.questionpro.com\/blog\/pt-br\/millennials\/"},"author":{"name":"Otniel","@id":"https:\/\/www.questionpro.com\/blog\/pt-br\/#\/schema\/person\/e5c6918791afb720ad805f081c12d8ca"},"headline":"Millennials: como s\u00e3o suas rela\u00e7\u00f5es com o trabalho?","datePublished":"2018-05-28T11:57:14+00:00","dateModified":"2018-05-28T11:57:14+00:00","mainEntityOfPage":{"@id":"https:\/\/www.questionpro.com\/blog\/pt-br\/millennials\/"},"wordCount":930,"publisher":{"@id":"https:\/\/www.questionpro.com\/blog\/pt-br\/#organization"},"articleSection":["Experi\u00eancia do colaborador - EX"],"inLanguage":"pt-BR"},{"@type":"WebPage","@id":"https:\/\/www.questionpro.com\/blog\/pt-br\/millennials\/","url":"https:\/\/www.questionpro.com\/blog\/pt-br\/millennials\/","name":"Millennials: como s\u00e3o suas rela\u00e7\u00f5es com o trabalho?","isPartOf":{"@id":"https:\/\/www.questionpro.com\/blog\/pt-br\/#website"},"datePublished":"2018-05-28T11:57:14+00:00","dateModified":"2018-05-28T11:57:14+00:00","description":"Os millennials chegaram: sua empresa precisa conhecer essa nova realidade para mant\u00ea-los como seus colaboradores por mais tempo. Veja como neste artigo.","breadcrumb":{"@id":"https:\/\/www.questionpro.com\/blog\/pt-br\/millennials\/#breadcrumb"},"inLanguage":"pt-BR","potentialAction":[{"@type":"ReadAction","target":["https:\/\/www.questionpro.com\/blog\/pt-br\/millennials\/"]}]},{"@type":"BreadcrumbList","@id":"https:\/\/www.questionpro.com\/blog\/pt-br\/millennials\/#breadcrumb","itemListElement":[{"@type":"ListItem","position":1,"name":"In\u00edcio","item":"https:\/\/www.questionpro.com\/blog\/pt-br\/"},{"@type":"ListItem","position":2,"name":"Experi\u00eancia do colaborador - EX","item":"https:\/\/www.questionpro.com\/blog\/pt-br\/category\/experiencia-do-funcionario-ex\/"},{"@type":"ListItem","position":3,"name":"Millennials: como s\u00e3o suas rela\u00e7\u00f5es com o trabalho?"}]},{"@type":"WebSite","@id":"https:\/\/www.questionpro.com\/blog\/pt-br\/#website","url":"https:\/\/www.questionpro.com\/blog\/pt-br\/","name":"QuestionPro","description":"","publisher":{"@id":"https:\/\/www.questionpro.com\/blog\/pt-br\/#organization"},"potentialAction":[{"@type":"SearchAction","target":{"@type":"EntryPoint","urlTemplate":"https:\/\/www.questionpro.com\/blog\/pt-br\/?s={search_term_string}"},"query-input":"required name=search_term_string"}],"inLanguage":"pt-BR"},{"@type":"Organization","@id":"https:\/\/www.questionpro.com\/blog\/pt-br\/#organization","name":"QuestionPro","url":"https:\/\/www.questionpro.com\/blog\/pt-br\/","logo":{"@type":"ImageObject","inLanguage":"pt-BR","@id":"https:\/\/www.questionpro.com\/blog\/pt-br\/#\/schema\/logo\/image\/","url":"https:\/\/www.questionpro.com\/blog\/wp-content\/uploads\/2022\/10\/questionpro-logo.svg","contentUrl":"https:\/\/www.questionpro.com\/blog\/wp-content\/uploads\/2022\/10\/questionpro-logo.svg","caption":"QuestionPro"},"image":{"@id":"https:\/\/www.questionpro.com\/blog\/pt-br\/#\/schema\/logo\/image\/"},"sameAs":["https:\/\/www.facebook.com\/questionpro","https:\/\/twitter.com\/questionpro","https:\/\/www.linkedin.com\/company\/questionpro\/"]},{"@type":"Person","@id":"https:\/\/www.questionpro.com\/blog\/pt-br\/#\/schema\/person\/e5c6918791afb720ad805f081c12d8ca","name":"Otniel","image":{"@type":"ImageObject","inLanguage":"pt-BR","@id":"https:\/\/www.questionpro.com\/blog\/pt-br\/#\/schema\/person\/image\/","url":"https:\/\/secure.gravatar.com\/avatar\/56d81a608189be73bb568f3cbe81a611?s=96&d=mm&r=g","contentUrl":"https:\/\/secure.gravatar.com\/avatar\/56d81a608189be73bb568f3cbe81a611?s=96&d=mm&r=g","caption":"Otniel"},"url":"https:\/\/www.questionpro.com\/blog\/pt-br\/author\/otniel\/"}]}},"featured_image_src":"https:\/\/www.questionpro.com\/blog\/wp-content\/uploads\/2018\/05\/millenials.jpg","featured_image_src_square":"https:\/\/www.questionpro.com\/blog\/wp-content\/uploads\/2018\/05\/millenials.jpg","author_info":{"display_name":"Otniel","author_link":"https:\/\/www.questionpro.com\/blog\/pt-br\/author\/otniel\/"},"_links":{"self":[{"href":"https:\/\/www.questionpro.com\/blog\/pt-br\/wp-json\/wp\/v2\/posts\/57736"}],"collection":[{"href":"https:\/\/www.questionpro.com\/blog\/pt-br\/wp-json\/wp\/v2\/posts"}],"about":[{"href":"https:\/\/www.questionpro.com\/blog\/pt-br\/wp-json\/wp\/v2\/types\/post"}],"author":[{"embeddable":true,"href":"https:\/\/www.questionpro.com\/blog\/pt-br\/wp-json\/wp\/v2\/users\/79"}],"replies":[{"embeddable":true,"href":"https:\/\/www.questionpro.com\/blog\/pt-br\/wp-json\/wp\/v2\/comments?post=57736"}],"version-history":[{"count":0,"href":"https:\/\/www.questionpro.com\/blog\/pt-br\/wp-json\/wp\/v2\/posts\/57736\/revisions"}],"wp:featuredmedia":[{"embeddable":true,"href":"https:\/\/www.questionpro.com\/blog\/pt-br\/wp-json\/wp\/v2\/media\/57738"}],"wp:attachment":[{"href":"https:\/\/www.questionpro.com\/blog\/pt-br\/wp-json\/wp\/v2\/media?parent=57736"}],"wp:term":[{"taxonomy":"category","embeddable":true,"href":"https:\/\/www.questionpro.com\/blog\/pt-br\/wp-json\/wp\/v2\/categories?post=57736"},{"taxonomy":"post_tag","embeddable":true,"href":"https:\/\/www.questionpro.com\/blog\/pt-br\/wp-json\/wp\/v2\/tags?post=57736"}],"curies":[{"name":"wp","href":"https:\/\/api.w.org\/{rel}","templated":true}]}}