

{"id":86633,"date":"2020-01-31T05:00:27","date_gmt":"2020-01-31T13:00:27","guid":{"rendered":"https:\/\/www.questionpro.com\/blog\/?p=86633"},"modified":"2023-08-10T14:37:42","modified_gmt":"2023-08-10T14:37:42","slug":"sentimentos-dos-funcionarios","status":"publish","type":"post","link":"https:\/\/www.questionpro.com\/blog\/pt-br\/sentimentos-dos-funcionarios\/","title":{"rendered":"Como os sentimentos dos funcion\u00e1rios afetam o ambiente empresarial?"},"content":{"rendered":"\n<p><span style=\"font-weight: 400;\">Voc\u00ea acha que os sentimentos dos funcion\u00e1rios determinam as decis\u00f5es que s\u00e3o tomadas em sua organiza\u00e7\u00e3o? Voc\u00ea sabe como as emo\u00e7\u00f5es afetam o trabalho? Hoje, poder\u00edamos dizer que a \u00fanica influ\u00eancia real que os funcion\u00e1rios exercem na organiza\u00e7\u00e3o \u00e9 atrav\u00e9s do sindicato, mas isso n\u00e3o se aplica a todas as organiza\u00e7\u00f5es.<\/span><\/p>\n\n\n\n<p><span style=\"font-weight: 400;\">A maioria das organiza\u00e7\u00f5es possui um conjunto de regras e regulamentos e o sistema \u00e9 extremamente robusto, com pouca ou nenhuma margem de erro. Mas n\u00e3o devemos esquecer que esses processos s\u00e3o criados pelo homem e que sempre haver\u00e1 uma margem de erro associado.<\/span><\/p>\n\n\n\n<p><span style=\"font-weight: 400;\">Dito isto, h\u00e1 uma nova abordagem poderosa: o sentimento dos funcion\u00e1rios.<\/span><\/p>\n\n\n\n<p><span style=\"font-weight: 400;\">Estou surpreso que, enquanto assistimos ao in\u00edcio de uma nova era, existem muitos l\u00edderes de empresas e l\u00edderes corporativos que n\u00e3o sabem como as emo\u00e7\u00f5es afetam o trabalho e como os sentimentos dos funcion\u00e1rios podem literalmente ditar como e por que as empresas tomam suas decis\u00f5es. Isso inclui seus clientes, produtos e servi\u00e7os oferecidos ,inclusive outras empresas podem estar associadas.<\/span><\/p>\n\n\n\n<p class=\"has-text-align-center\"><strong>LEIA TAMB\u00c9M:<\/strong> <a href=\"https:\/\/www.questionpro.com\/blog\/pt-br\/gestao-da-cultura-organizacional\/\" target=\"_blank\" rel=\"noreferrer noopener\">Gest\u00e3o da cultura organizacional, saiba a import\u00e2ncia de adquiri-la<\/a><\/p>\n\n\n\n<hr class=\"wp-block-separator has-alpha-channel-opacity\"\/>\n\n\n\n<h2 class=\"wp-block-heading\"><span style=\"font-weight: 400;\">Exemplo de como os sentimentos dos funcion\u00e1rios afetam o trabalho<\/span><\/h2>\n\n\n\n<p><span style=\"font-weight: 400;\">O sentimento dos funcion\u00e1rios est\u00e1 mudando o jogo. Um dos incidentes recentes em que o sentimento dos funcion\u00e1rios determinou uma decis\u00e3o comercial foi que o Google n\u00e3o renovou o contrato do Pent\u00e1gono.<\/span><\/p>\n\n\n\n<p><span style=\"font-weight: 400;\">De acordo com o The New York Times, o Google n\u00e3o renovou o contrato com o Pent\u00e1gono de <a href=\"https:\/\/www.questionpro.com\/blog\/pt-br\/inteligencia-artificial\/\" target=\"_blank\" rel=\"noreferrer noopener\">intelig\u00eancia artificial<\/a>, na esperan\u00e7a de evitar uma rebeli\u00e3o dos funcion\u00e1rios que estavam chateados com o fato de a tecnologia poder ser usada para fins letais.<\/span><\/p>\n\n\n\n<p><span style=\"font-weight: 400;\">Funcion\u00e1rios de organiza\u00e7\u00f5es como Salesforce e Microsoft tamb\u00e9m reclamaram das redes sociais da empresa \u00e0 qual suas organiza\u00e7\u00f5es est\u00e3o associadas. A voz do funcion\u00e1rio n\u00e3o pode ser tomada de \u00e2nimo leve.<\/span><\/p>\n\n\n\n<p><span style=\"font-weight: 400;\">O sentimento dos funcion\u00e1rios deu um passo grande tamb\u00e9m em rela\u00e7\u00e3o a reten\u00e7\u00e3o da for\u00e7a de trabalho. O Google foi for\u00e7ado a demitir um funcion\u00e1rio por seus coment\u00e1rios sexistas, houve relatos de muitos executivos que foram convidados a deixar as organiza\u00e7\u00f5es por acusa\u00e7\u00f5es de ass\u00e9dio sexual.<\/span><\/p>\n\n\n\n<p class=\"has-text-align-center\"><strong>LEIA TAMB\u00c9M:<\/strong> <a href=\"https:\/\/www.questionpro.com\/blog\/pt-br\/importancia-da-satisfacao-dos-colaboradores\/\" target=\"_blank\" rel=\"bookmark noopener noreferrer\">Import\u00e2ncia da satisfa\u00e7\u00e3o dos colaboradores e clientes internos<\/a><\/p>\n\n\n<div class=\"wp-block-image\">\n<figure class=\"aligncenter size-full is-resized\"><img loading=\"lazy\" decoding=\"async\" src=\"https:\/\/www.questionpro.com\/blog\/wp-content\/uploads\/2021\/07\/cta-workforce.jpg\" alt=\"\" class=\"wp-image-723695\" style=\"width:996px;height:277px\" width=\"996\" height=\"277\"\/><\/figure><\/div>\n\n\n<hr class=\"wp-block-separator has-alpha-channel-opacity\"\/>\n\n\n\n<h2 class=\"wp-block-heading\"><span style=\"font-weight: 400;\">O poder dos sentimentos dos funcion\u00e1rios<\/span><\/h2>\n\n\n\n<p><span style=\"font-weight: 400;\">As redes sociais facilitaram o interc\u00e2mbio p\u00fablico ilimitado e convidaram as pessoas a expressarem sua opini\u00e3o sobre qualquer coisa publicada em suas plataformas, boa ou ruim!<\/span><\/p>\n\n\n\n<p><span style=\"font-weight: 400;\">Nos \u00faltimos tempos, muitas organiza\u00e7\u00f5es t\u00eam demonstrado uma abertura que incentiva os funcion\u00e1rios a compartilhar seus sentimentos internamente. Muitas organiza\u00e7\u00f5es t\u00eam seus canais de comunica\u00e7\u00e3o interna, desenvolvidos exclusivamente para compartilhar opini\u00f5es de funcion\u00e1rios internamente.<\/span><\/p>\n\n\n\n<p>Saiba como <a href=\"https:\/\/www.questionpro.com\/blog\/pt-br\/medir-a-cultura-empresarial\/\" target=\"_blank\" rel=\"bookmark noopener noreferrer\">Medir a cultura empresarial: a Questionpro adquire WorXO<\/a><\/p>\n\n\n\n<p><span style=\"font-weight: 400;\">Mas nem sempre \u00e9 f\u00e1cil. As organiza\u00e7\u00f5es tamb\u00e9m experimentaram a desvantagem dessa pr\u00e1tica, na qual esses t\u00f3picos de discuss\u00e3o vazaram para o p\u00fablico e seus sentimentos acabaram prejudicando a reputa\u00e7\u00e3o da organiza\u00e7\u00e3o. Quando esses f\u00f3runs come\u00e7am a agir a crit\u00e9rio das pessoas, \u00e9 dif\u00edcil para as organiza\u00e7\u00f5es encontrarem o equil\u00edbrio certo entre abertura e cultura no local de trabalho.<\/span><\/p>\n\n\n\n<p><span style=\"font-weight: 400;\">Os sentimentos dos funcion\u00e1rios podem tirar proveito de um grande desenvolvimento positivo numa organiza\u00e7\u00e3o. As organiza\u00e7\u00f5es precisam manter o controle sobre a sa\u00fade da organiza\u00e7\u00e3o; \u00e9 assim que elas saber\u00e3o se seus funcion\u00e1rios est\u00e3o felizes ou n\u00e3o.<\/span><\/p>\n\n\n\n<p><span style=\"font-weight: 400;\">A maioria das organiza\u00e7\u00f5es implementou algum tipo de ferramenta de intelig\u00eancia de neg\u00f3cios que permite aos tomadores de decis\u00e3o monitorar e entender o comportamento de seus funcion\u00e1rios para mant\u00ea-los informados ao tomar decis\u00f5es.<\/span><\/p>\n\n\n\n<p class=\"has-text-align-center\"><strong>LEIA TAMB\u00c9M:<\/strong> <a href=\"https:\/\/www.questionpro.com\/blog\/pt-br\/motivar-seus-funcionarios\/\" target=\"_blank\" rel=\"bookmark noopener noreferrer\">Motivar seus funcion\u00e1rios: 5 estrat\u00e9gias para utilizar<\/a><\/p>\n\n\n\n<p><span style=\"font-weight: 400;\">As organiza\u00e7\u00f5es que n\u00e3o entendem a import\u00e2ncia desses dados est\u00e3o em grande desvantagem competitiva. As organiza\u00e7\u00f5es podem encontrar o segredo do sucesso no local de trabalho sabendo como as emo\u00e7\u00f5es afetam o trabalho, \u00e9 assim que \u00e9 feito:<\/span><\/p>\n\n\n\n<h3 class=\"wp-block-heading\"><span style=\"font-weight: 400;\">1. Reter seus funcion\u00e1rios<\/span><\/h3>\n\n\n\n<p><span style=\"font-weight: 400;\">No ambiente de trabalho atual, a <a href=\"https:\/\/www.questionpro.com\/blog\/pt-br\/retencao-de-funcionarios\/\" target=\"_blank\" rel=\"noreferrer noopener\">reten\u00e7\u00e3o de funcion\u00e1rios<\/a> vai al\u00e9m da oferta de remunera\u00e7\u00e3o superior aos padr\u00f5es do setor. N\u00e3o \u00e9 apenas o qu\u00e3o alto \u00e9 o seu sal\u00e1rio, mas o elemento humano. O segredo \u00e9 manter seus melhores membros felizes e produtivos, obtendo informa\u00e7\u00f5es relevantes por meio de pesquisas. Colete, analise e implemente os dados obtidos.<\/span><\/p>\n\n\n\n<p>Leia: <a href=\"https:\/\/www.questionpro.com\/blog\/pt-br\/rotacao-de-funcionarios\/\" target=\"_blank\" rel=\"bookmark noopener noreferrer\">Rota\u00e7\u00e3o de funcion\u00e1rios: como reduzi-la em uma organiza\u00e7\u00e3o<\/a><\/p>\n\n\n\n<hr class=\"wp-block-separator has-alpha-channel-opacity\"\/>\n\n\n\n<h2 class=\"wp-block-heading\">Assista: INSIGHTS TALK | Ep. 03 | Data Quality: processos, pessoas e ferramentas<\/h2>\n\n\n\n<figure class=\"wp-block-embed is-type-video is-provider-youtube wp-block-embed-youtube wp-embed-aspect-16-9 wp-has-aspect-ratio\"><div class=\"wp-block-embed__wrapper\">\n<iframe loading=\"lazy\" title=\"INSIGHTS TALK | Ep. 03 | Data Quality: processos, pessoas e ferramentas\" width=\"500\" height=\"281\" src=\"https:\/\/www.youtube.com\/embed\/2J2usDq7pNk?feature=oembed\" frameborder=\"0\" allow=\"accelerometer; autoplay; clipboard-write; encrypted-media; gyroscope; picture-in-picture; web-share\" allowfullscreen><\/iframe>\n<\/div><\/figure>\n\n\n\n<hr class=\"wp-block-separator has-alpha-channel-opacity\"\/>\n\n\n\n<h3 class=\"wp-block-heading\"><span style=\"font-weight: 400;\">2. Desenvolvimento de l\u00edderes de nova gera\u00e7\u00e3o<\/span><\/h3>\n\n\n\n<p><span style=\"font-weight: 400;\">S\u00e3o suas estrelas que precisam ser treinadas para se tornarem bons l\u00edderes, n\u00e3o se trata apenas de gerenciar organiza\u00e7\u00f5es da melhor maneira poss\u00edvel. Mas tamb\u00e9m de entender o ativo mais importante da organiza\u00e7\u00e3o: recursos humanos. Incentive seus l\u00edderes a compartilhar o que fazem de diferente para alcan\u00e7ar resultados; e promover o ambiente prop\u00edcio para poderem nutrir seus funcion\u00e1rios.<\/span><\/p>\n\n\n\n<p>Leia: <a href=\"https:\/\/www.questionpro.com\/blog\/pt-br\/comunicacao-com-os-funcionarios\/\" target=\"_blank\" rel=\"bookmark noopener noreferrer\">Comunica\u00e7\u00e3o com os funcion\u00e1rios: dicas para melhor\u00e1-la<\/a><\/p>\n\n\n\n<h3 class=\"wp-block-heading\"><span style=\"font-weight: 400;\">3. Crie uma cultura que atraia pessoas<\/span><\/h3>\n\n\n\n<p><span style=\"font-weight: 400;\">Um ambiente de trabalho flex\u00edvel, aberto a feedback, implementando novas ideias e pr\u00e1ticas, oferece a seus funcion\u00e1rios um ambiente que os incentivar\u00e1 a ficar. N\u00e3o se trata de cerveja e pizza gratuitas na sexta-feira, a cultura organizacional vai muito al\u00e9m. Trata-se de treinar seus funcion\u00e1rios e dar-lhes a dire\u00e7\u00e3o certa para melhorar profissional e pessoalmente.<\/span><\/p>\n\n\n\n<p><span style=\"font-weight: 400;\">O sentimento dos funcion\u00e1rios \u00e9 claramente importante. Aprenda a entend\u00ea-los, ouvi-los e ajud\u00e1-los a participar de atividades que aumentam sua criatividade no trabalho.<\/span><\/p>\n\n\n\n<p><span style=\"font-weight: 400;\">Na QuestionPro, podemos ajud\u00e1-lo a criar pesquisas que permitem coletar opini\u00f5es e sentimentos de sua for\u00e7a de trabalho. Agende uma demonstra\u00e7\u00e3o e saiba como ela funciona.<\/span><\/p>\n\n\n\n<p>Tamb\u00e9m recomendamos: <a href=\"https:\/\/www.questionpro.com\/blog\/pt-br\/pesquisa-com-empregados\/\" target=\"_blank\" rel=\"bookmark noopener noreferrer\">Pesquisa com empregados: conhecendo seus sentimentos<\/a><\/p>\n\n\n\n<hr class=\"wp-block-separator has-alpha-channel-opacity\"\/>\n\n\n\n<h4 class=\"wp-block-heading has-text-align-center\"><span style=\"font-weight: 400;\">Para agilizar seu processo de trabalho e para que tenha recursos que enriquecem seu projeto de pesquisa, utilize uma plataforma online de pesquisa, te convido a conhecer a<\/span><a href=\"https:\/\/www.questionpro.com\/pt-br\/\"><span style=\"font-weight: 400;\"> Questionpro<\/span><\/a><span style=\"font-weight: 400;\">, uma solu\u00e7\u00e3o completa em pesquisa e intelig\u00eancia de mercado.&nbsp;<\/span><\/h4>\n\n\n\n<center>\n<a href=\"https:\/\/mktg.questionpro.com\/a\/TakeSurvey?tt=3XfS3NmdKlcECHrPeIW9eQ%3D%3D\">\n<button style=\"background: #ff9f00;\">Criar conta gr\u00e1tis<\/button>\n<\/a>\n<a href=\"https:\/\/ctademocompleta.questionpro.com\/?custom1=artigos-blog\" target=\"_blank\" rel=\"noopener\">\n<button>Agendar demonstra\u00e7\u00e3o<\/button>\n<\/a>\n<\/center>\n","protected":false},"excerpt":{"rendered":"<p>Voc\u00ea acha que os sentimentos dos funcion\u00e1rios determinam as decis\u00f5es que s\u00e3o tomadas em sua organiza\u00e7\u00e3o? Voc\u00ea sabe como as [&hellip;]<\/p>\n","protected":false},"author":173,"featured_media":807179,"comment_status":"closed","ping_status":"closed","sticky":false,"template":"","format":"standard","meta":{"_genesis_hide_title":false,"_genesis_hide_breadcrumbs":false,"_genesis_hide_singular_image":false,"_genesis_hide_footer_widgets":false,"_genesis_custom_body_class":"","_genesis_custom_post_class":"","_genesis_layout":"","footnotes":""},"categories":[216],"tags":[],"yoast_head":"<!-- This site is optimized with the Yoast SEO plugin v20.4 - https:\/\/yoast.com\/wordpress\/plugins\/seo\/ -->\n<title>Sentimentos dos funcion\u00e1rios no ambiente empresarial<\/title>\n<meta name=\"description\" content=\"Aprenda como os sentimentos dos funcion\u00e1rios afetam o ambiente de trabalho e a import\u00e2ncia de ouvir opini\u00f5es e sentimentos para alcan\u00e7ar sua satisfa\u00e7\u00e3o.\" \/>\n<meta name=\"robots\" content=\"index, follow, max-snippet:-1, max-image-preview:large, max-video-preview:-1\" \/>\n<link rel=\"canonical\" href=\"https:\/\/www.questionpro.com\/blog\/pt-br\/sentimentos-dos-funcionarios\/\" \/>\n<meta property=\"og:locale\" content=\"pt_BR\" \/>\n<meta property=\"og:type\" content=\"article\" \/>\n<meta property=\"og:title\" content=\"Sentimentos dos funcion\u00e1rios no ambiente empresarial\" \/>\n<meta property=\"og:description\" content=\"Aprenda como os sentimentos dos funcion\u00e1rios afetam o ambiente de trabalho e a import\u00e2ncia de ouvir opini\u00f5es e sentimentos para alcan\u00e7ar sua satisfa\u00e7\u00e3o.\" \/>\n<meta property=\"og:url\" content=\"https:\/\/www.questionpro.com\/blog\/pt-br\/sentimentos-dos-funcionarios\/\" \/>\n<meta property=\"og:site_name\" content=\"QuestionPro\" \/>\n<meta property=\"article:publisher\" content=\"https:\/\/www.facebook.com\/questionpro\" \/>\n<meta property=\"article:published_time\" content=\"2020-01-31T13:00:27+00:00\" \/>\n<meta property=\"article:modified_time\" content=\"2023-08-10T14:37:42+00:00\" \/>\n<meta property=\"og:image\" content=\"https:\/\/www.questionpro.com\/blog\/wp-content\/uploads\/2020\/01\/Thumb-blog-BR-and-PT-27.png\" \/>\n\t<meta property=\"og:image:width\" content=\"630\" \/>\n\t<meta property=\"og:image:height\" content=\"353\" \/>\n\t<meta property=\"og:image:type\" content=\"image\/png\" \/>\n<meta name=\"author\" content=\"Aline Oliva\" \/>\n<meta name=\"twitter:card\" content=\"summary_large_image\" \/>\n<meta name=\"twitter:creator\" content=\"@questionpro\" \/>\n<meta name=\"twitter:site\" content=\"@questionpro\" \/>\n<meta name=\"twitter:label1\" content=\"Escrito por\" \/>\n\t<meta name=\"twitter:data1\" content=\"Aline Oliva\" \/>\n\t<meta name=\"twitter:label2\" content=\"Est. tempo de leitura\" \/>\n\t<meta name=\"twitter:data2\" content=\"5 minutos\" \/>\n<script type=\"application\/ld+json\" class=\"yoast-schema-graph\">{\"@context\":\"https:\/\/schema.org\",\"@graph\":[{\"@type\":\"Article\",\"@id\":\"https:\/\/www.questionpro.com\/blog\/pt-br\/sentimentos-dos-funcionarios\/#article\",\"isPartOf\":{\"@id\":\"https:\/\/www.questionpro.com\/blog\/pt-br\/sentimentos-dos-funcionarios\/\"},\"author\":{\"name\":\"Aline Oliva\",\"@id\":\"https:\/\/www.questionpro.com\/blog\/pt-br\/#\/schema\/person\/f86df2dde23bf846be50f23efe7f4ef1\"},\"headline\":\"Como os sentimentos dos funcion\u00e1rios afetam o ambiente empresarial?\",\"datePublished\":\"2020-01-31T13:00:27+00:00\",\"dateModified\":\"2023-08-10T14:37:42+00:00\",\"mainEntityOfPage\":{\"@id\":\"https:\/\/www.questionpro.com\/blog\/pt-br\/sentimentos-dos-funcionarios\/\"},\"wordCount\":1078,\"publisher\":{\"@id\":\"https:\/\/www.questionpro.com\/blog\/pt-br\/#organization\"},\"articleSection\":[\"Experi\u00eancia do colaborador - EX\"],\"inLanguage\":\"pt-BR\"},{\"@type\":\"WebPage\",\"@id\":\"https:\/\/www.questionpro.com\/blog\/pt-br\/sentimentos-dos-funcionarios\/\",\"url\":\"https:\/\/www.questionpro.com\/blog\/pt-br\/sentimentos-dos-funcionarios\/\",\"name\":\"Sentimentos dos funcion\u00e1rios no ambiente empresarial\",\"isPartOf\":{\"@id\":\"https:\/\/www.questionpro.com\/blog\/pt-br\/#website\"},\"datePublished\":\"2020-01-31T13:00:27+00:00\",\"dateModified\":\"2023-08-10T14:37:42+00:00\",\"description\":\"Aprenda como os sentimentos dos funcion\u00e1rios afetam o ambiente de trabalho e a import\u00e2ncia de ouvir opini\u00f5es e sentimentos para alcan\u00e7ar sua satisfa\u00e7\u00e3o.\",\"breadcrumb\":{\"@id\":\"https:\/\/www.questionpro.com\/blog\/pt-br\/sentimentos-dos-funcionarios\/#breadcrumb\"},\"inLanguage\":\"pt-BR\",\"potentialAction\":[{\"@type\":\"ReadAction\",\"target\":[\"https:\/\/www.questionpro.com\/blog\/pt-br\/sentimentos-dos-funcionarios\/\"]}]},{\"@type\":\"BreadcrumbList\",\"@id\":\"https:\/\/www.questionpro.com\/blog\/pt-br\/sentimentos-dos-funcionarios\/#breadcrumb\",\"itemListElement\":[{\"@type\":\"ListItem\",\"position\":1,\"name\":\"In\u00edcio\",\"item\":\"https:\/\/www.questionpro.com\/blog\/pt-br\/\"},{\"@type\":\"ListItem\",\"position\":2,\"name\":\"Experi\u00eancia do colaborador - EX\",\"item\":\"https:\/\/www.questionpro.com\/blog\/pt-br\/category\/experiencia-do-funcionario-ex\/\"},{\"@type\":\"ListItem\",\"position\":3,\"name\":\"Como os sentimentos dos funcion\u00e1rios afetam o ambiente empresarial?\"}]},{\"@type\":\"WebSite\",\"@id\":\"https:\/\/www.questionpro.com\/blog\/pt-br\/#website\",\"url\":\"https:\/\/www.questionpro.com\/blog\/pt-br\/\",\"name\":\"QuestionPro\",\"description\":\"\",\"publisher\":{\"@id\":\"https:\/\/www.questionpro.com\/blog\/pt-br\/#organization\"},\"potentialAction\":[{\"@type\":\"SearchAction\",\"target\":{\"@type\":\"EntryPoint\",\"urlTemplate\":\"https:\/\/www.questionpro.com\/blog\/pt-br\/?s={search_term_string}\"},\"query-input\":\"required name=search_term_string\"}],\"inLanguage\":\"pt-BR\"},{\"@type\":\"Organization\",\"@id\":\"https:\/\/www.questionpro.com\/blog\/pt-br\/#organization\",\"name\":\"QuestionPro\",\"url\":\"https:\/\/www.questionpro.com\/blog\/pt-br\/\",\"logo\":{\"@type\":\"ImageObject\",\"inLanguage\":\"pt-BR\",\"@id\":\"https:\/\/www.questionpro.com\/blog\/pt-br\/#\/schema\/logo\/image\/\",\"url\":\"https:\/\/www.questionpro.com\/blog\/wp-content\/uploads\/2022\/10\/questionpro-logo.svg\",\"contentUrl\":\"https:\/\/www.questionpro.com\/blog\/wp-content\/uploads\/2022\/10\/questionpro-logo.svg\",\"caption\":\"QuestionPro\"},\"image\":{\"@id\":\"https:\/\/www.questionpro.com\/blog\/pt-br\/#\/schema\/logo\/image\/\"},\"sameAs\":[\"https:\/\/www.facebook.com\/questionpro\",\"https:\/\/twitter.com\/questionpro\",\"https:\/\/www.linkedin.com\/company\/questionpro\/\"]},{\"@type\":\"Person\",\"@id\":\"https:\/\/www.questionpro.com\/blog\/pt-br\/#\/schema\/person\/f86df2dde23bf846be50f23efe7f4ef1\",\"name\":\"Aline Oliva\",\"image\":{\"@type\":\"ImageObject\",\"inLanguage\":\"pt-BR\",\"@id\":\"https:\/\/www.questionpro.com\/blog\/pt-br\/#\/schema\/person\/image\/\",\"url\":\"https:\/\/secure.gravatar.com\/avatar\/206006fd35557009f63fedd8790aec60?s=96&d=mm&r=g\",\"contentUrl\":\"https:\/\/secure.gravatar.com\/avatar\/206006fd35557009f63fedd8790aec60?s=96&d=mm&r=g\",\"caption\":\"Aline Oliva\"},\"sameAs\":[\"https:\/\/www.questionpro.com\/pt-br\/\"],\"url\":\"https:\/\/www.questionpro.com\/blog\/pt-br\/author\/alineoliva\/\"}]}<\/script>\n<!-- \/ Yoast SEO plugin. -->","yoast_head_json":{"title":"Sentimentos dos funcion\u00e1rios no ambiente empresarial","description":"Aprenda como os sentimentos dos funcion\u00e1rios afetam o ambiente de trabalho e a import\u00e2ncia de ouvir opini\u00f5es e sentimentos para alcan\u00e7ar sua satisfa\u00e7\u00e3o.","robots":{"index":"index","follow":"follow","max-snippet":"max-snippet:-1","max-image-preview":"max-image-preview:large","max-video-preview":"max-video-preview:-1"},"canonical":"https:\/\/www.questionpro.com\/blog\/pt-br\/sentimentos-dos-funcionarios\/","og_locale":"pt_BR","og_type":"article","og_title":"Sentimentos dos funcion\u00e1rios no ambiente empresarial","og_description":"Aprenda como os sentimentos dos funcion\u00e1rios afetam o ambiente de trabalho e a import\u00e2ncia de ouvir opini\u00f5es e sentimentos para alcan\u00e7ar sua satisfa\u00e7\u00e3o.","og_url":"https:\/\/www.questionpro.com\/blog\/pt-br\/sentimentos-dos-funcionarios\/","og_site_name":"QuestionPro","article_publisher":"https:\/\/www.facebook.com\/questionpro","article_published_time":"2020-01-31T13:00:27+00:00","article_modified_time":"2023-08-10T14:37:42+00:00","og_image":[{"width":630,"height":353,"url":"https:\/\/www.questionpro.com\/blog\/wp-content\/uploads\/2020\/01\/Thumb-blog-BR-and-PT-27.png","type":"image\/png"}],"author":"Aline Oliva","twitter_card":"summary_large_image","twitter_creator":"@questionpro","twitter_site":"@questionpro","twitter_misc":{"Escrito por":"Aline Oliva","Est. tempo de leitura":"5 minutos"},"schema":{"@context":"https:\/\/schema.org","@graph":[{"@type":"Article","@id":"https:\/\/www.questionpro.com\/blog\/pt-br\/sentimentos-dos-funcionarios\/#article","isPartOf":{"@id":"https:\/\/www.questionpro.com\/blog\/pt-br\/sentimentos-dos-funcionarios\/"},"author":{"name":"Aline Oliva","@id":"https:\/\/www.questionpro.com\/blog\/pt-br\/#\/schema\/person\/f86df2dde23bf846be50f23efe7f4ef1"},"headline":"Como os sentimentos dos funcion\u00e1rios afetam o ambiente empresarial?","datePublished":"2020-01-31T13:00:27+00:00","dateModified":"2023-08-10T14:37:42+00:00","mainEntityOfPage":{"@id":"https:\/\/www.questionpro.com\/blog\/pt-br\/sentimentos-dos-funcionarios\/"},"wordCount":1078,"publisher":{"@id":"https:\/\/www.questionpro.com\/blog\/pt-br\/#organization"},"articleSection":["Experi\u00eancia do colaborador - EX"],"inLanguage":"pt-BR"},{"@type":"WebPage","@id":"https:\/\/www.questionpro.com\/blog\/pt-br\/sentimentos-dos-funcionarios\/","url":"https:\/\/www.questionpro.com\/blog\/pt-br\/sentimentos-dos-funcionarios\/","name":"Sentimentos dos funcion\u00e1rios no ambiente empresarial","isPartOf":{"@id":"https:\/\/www.questionpro.com\/blog\/pt-br\/#website"},"datePublished":"2020-01-31T13:00:27+00:00","dateModified":"2023-08-10T14:37:42+00:00","description":"Aprenda como os sentimentos dos funcion\u00e1rios afetam o ambiente de trabalho e a import\u00e2ncia de ouvir opini\u00f5es e sentimentos para alcan\u00e7ar sua satisfa\u00e7\u00e3o.","breadcrumb":{"@id":"https:\/\/www.questionpro.com\/blog\/pt-br\/sentimentos-dos-funcionarios\/#breadcrumb"},"inLanguage":"pt-BR","potentialAction":[{"@type":"ReadAction","target":["https:\/\/www.questionpro.com\/blog\/pt-br\/sentimentos-dos-funcionarios\/"]}]},{"@type":"BreadcrumbList","@id":"https:\/\/www.questionpro.com\/blog\/pt-br\/sentimentos-dos-funcionarios\/#breadcrumb","itemListElement":[{"@type":"ListItem","position":1,"name":"In\u00edcio","item":"https:\/\/www.questionpro.com\/blog\/pt-br\/"},{"@type":"ListItem","position":2,"name":"Experi\u00eancia do colaborador - EX","item":"https:\/\/www.questionpro.com\/blog\/pt-br\/category\/experiencia-do-funcionario-ex\/"},{"@type":"ListItem","position":3,"name":"Como os sentimentos dos funcion\u00e1rios afetam o ambiente empresarial?"}]},{"@type":"WebSite","@id":"https:\/\/www.questionpro.com\/blog\/pt-br\/#website","url":"https:\/\/www.questionpro.com\/blog\/pt-br\/","name":"QuestionPro","description":"","publisher":{"@id":"https:\/\/www.questionpro.com\/blog\/pt-br\/#organization"},"potentialAction":[{"@type":"SearchAction","target":{"@type":"EntryPoint","urlTemplate":"https:\/\/www.questionpro.com\/blog\/pt-br\/?s={search_term_string}"},"query-input":"required name=search_term_string"}],"inLanguage":"pt-BR"},{"@type":"Organization","@id":"https:\/\/www.questionpro.com\/blog\/pt-br\/#organization","name":"QuestionPro","url":"https:\/\/www.questionpro.com\/blog\/pt-br\/","logo":{"@type":"ImageObject","inLanguage":"pt-BR","@id":"https:\/\/www.questionpro.com\/blog\/pt-br\/#\/schema\/logo\/image\/","url":"https:\/\/www.questionpro.com\/blog\/wp-content\/uploads\/2022\/10\/questionpro-logo.svg","contentUrl":"https:\/\/www.questionpro.com\/blog\/wp-content\/uploads\/2022\/10\/questionpro-logo.svg","caption":"QuestionPro"},"image":{"@id":"https:\/\/www.questionpro.com\/blog\/pt-br\/#\/schema\/logo\/image\/"},"sameAs":["https:\/\/www.facebook.com\/questionpro","https:\/\/twitter.com\/questionpro","https:\/\/www.linkedin.com\/company\/questionpro\/"]},{"@type":"Person","@id":"https:\/\/www.questionpro.com\/blog\/pt-br\/#\/schema\/person\/f86df2dde23bf846be50f23efe7f4ef1","name":"Aline Oliva","image":{"@type":"ImageObject","inLanguage":"pt-BR","@id":"https:\/\/www.questionpro.com\/blog\/pt-br\/#\/schema\/person\/image\/","url":"https:\/\/secure.gravatar.com\/avatar\/206006fd35557009f63fedd8790aec60?s=96&d=mm&r=g","contentUrl":"https:\/\/secure.gravatar.com\/avatar\/206006fd35557009f63fedd8790aec60?s=96&d=mm&r=g","caption":"Aline Oliva"},"sameAs":["https:\/\/www.questionpro.com\/pt-br\/"],"url":"https:\/\/www.questionpro.com\/blog\/pt-br\/author\/alineoliva\/"}]}},"featured_image_src":"https:\/\/www.questionpro.com\/blog\/wp-content\/uploads\/2020\/01\/Thumb-blog-BR-and-PT-27-600x353.png","featured_image_src_square":"https:\/\/www.questionpro.com\/blog\/wp-content\/uploads\/2020\/01\/Thumb-blog-BR-and-PT-27-600x353.png","author_info":{"display_name":"Aline Oliva","author_link":"https:\/\/www.questionpro.com\/blog\/pt-br\/author\/alineoliva\/"},"_links":{"self":[{"href":"https:\/\/www.questionpro.com\/blog\/pt-br\/wp-json\/wp\/v2\/posts\/86633"}],"collection":[{"href":"https:\/\/www.questionpro.com\/blog\/pt-br\/wp-json\/wp\/v2\/posts"}],"about":[{"href":"https:\/\/www.questionpro.com\/blog\/pt-br\/wp-json\/wp\/v2\/types\/post"}],"author":[{"embeddable":true,"href":"https:\/\/www.questionpro.com\/blog\/pt-br\/wp-json\/wp\/v2\/users\/173"}],"replies":[{"embeddable":true,"href":"https:\/\/www.questionpro.com\/blog\/pt-br\/wp-json\/wp\/v2\/comments?post=86633"}],"version-history":[{"count":1,"href":"https:\/\/www.questionpro.com\/blog\/pt-br\/wp-json\/wp\/v2\/posts\/86633\/revisions"}],"predecessor-version":[{"id":807178,"href":"https:\/\/www.questionpro.com\/blog\/pt-br\/wp-json\/wp\/v2\/posts\/86633\/revisions\/807178"}],"wp:featuredmedia":[{"embeddable":true,"href":"https:\/\/www.questionpro.com\/blog\/pt-br\/wp-json\/wp\/v2\/media\/807179"}],"wp:attachment":[{"href":"https:\/\/www.questionpro.com\/blog\/pt-br\/wp-json\/wp\/v2\/media?parent=86633"}],"wp:term":[{"taxonomy":"category","embeddable":true,"href":"https:\/\/www.questionpro.com\/blog\/pt-br\/wp-json\/wp\/v2\/categories?post=86633"},{"taxonomy":"post_tag","embeddable":true,"href":"https:\/\/www.questionpro.com\/blog\/pt-br\/wp-json\/wp\/v2\/tags?post=86633"}],"curies":[{"name":"wp","href":"https:\/\/api.w.org\/{rel}","templated":true}]}}