

{"id":92629,"date":"2020-03-03T06:05:49","date_gmt":"2020-03-03T14:05:49","guid":{"rendered":"https:\/\/www.questionpro.com\/blog\/?p=92629"},"modified":"2020-03-03T06:05:49","modified_gmt":"2020-03-03T14:05:49","slug":"vai-empreender-saiba-como-desenvolver-seu-espirito-empreendedor","status":"publish","type":"post","link":"https:\/\/www.questionpro.com\/blog\/pt-br\/vai-empreender-saiba-como-desenvolver-seu-espirito-empreendedor\/","title":{"rendered":"Vai empreender? Saiba como desenvolver seu esp\u00edrito empreendedor."},"content":{"rendered":"<p><span style=\"font-weight: 400;\">Quem nunca pensou em empreender e ter seu pr\u00f3prio neg\u00f3cio em algum momento da vida, n\u00e3o \u00e9 mesmo? Sabemos que h\u00e1 diversos benef\u00edcios em empreender, mas na mesma medida, s\u00e3o muitas as responsabilidades e os desafios.<\/span><\/p>\n<p><span style=\"font-weight: 400;\">Disciplina, criatividade, vis\u00e3o, investimento, s\u00e3o caracter\u00edsticas importantes para empreender com sucesso, mas \u00e9 poss\u00edvel \u201caprender\u201d essas caracter\u00edsticas, ou \u00e9 algo que j\u00e1 nasce com algumas pessoas?<\/span><\/p>\n<p><span style=\"font-weight: 400;\">Continue lendo este artigo e saiba se voc\u00ea possui caracter\u00edsticas para empreender com sucesso e como desenvolver as que voc\u00ea ainda n\u00e3o possui.<\/span><\/p>\n<h2><span style=\"font-weight: 400;\">Caracter\u00edsticas necess\u00e1rias em um bom empreendedor<\/span><\/h2>\n<ul>\n<li><b>Disciplina &#8211;<\/b><span style=\"font-weight: 400;\"> Pensar que sendo empres\u00e1rio s\u00f3 h\u00e1 necessidade de trabalhar quando quiser \u00e9 um equ\u00edvoco enorme. Ter disciplina \u00e9 essencial para qualquer tipo de trabalho. Voc\u00ea como l\u00edder precisa mostrar responsabilidade e comprometimento com sua pr\u00f3pria empresa, caso contr\u00e1rio seus funcion\u00e1rios tamb\u00e9m n\u00e3o o far\u00e1.\u00a0<\/span><\/li>\n<li><b>Lideran\u00e7a &#8211; <span style=\"font-weight: 400;\">Liderar \u00e9 uma das a\u00e7\u00f5es mais dif\u00edceis em um empreendimento. Manter a equipe motivada e apaixonada pelo trabalho \u00e9 uma tarefa que exige sabedoria, conhecimento e ouvir sempre o feedback das pessoas que trabalham com voc\u00ea.<\/span>\u00a0<\/b><\/li>\n<\/ul>\n<p><span style=\"font-weight: 400;\">Ter poder \u00e9 diferente de liderar, reconhe\u00e7a seus funcion\u00e1rios como companheiros e n\u00e3o como subordinados, crie estrat\u00e9gias para que possam sempre se expressarem, incentive-os e compartilhe seus conhecimentos para que se inspirem e respeitem voc\u00ea como l\u00edder.<\/span><\/p>\n<p><a href=\"https:\/\/www.questionpro.com\/blog\/pt-br\/?s=funcionarios&amp;lang=pt-br\" target=\"_blank\" rel=\"noopener noreferrer\"><span style=\"font-weight: 400;\">Motiva\u00e7\u00e3o de funcion\u00e1rios: como manter uma equipe apaixonada sem ter que aumentar o sal\u00e1rio.<\/span><\/a><\/p>\n<ul>\n<li><b>Flexibilidade &#8211; <span style=\"font-weight: 400;\">Esta caracter\u00edstica \u00e9 importante tanto para empreender quanto para ser um l\u00edder. Ser flex\u00edvel pode te ajudar a manter sua equipe motivada e proporcionar uma for\u00e7a de trabalho mais efetiva, assim como pode te ajudar e fechar uma venda e ter uma boa imagem com os clientes.\u00a0<\/span><\/b><\/li>\n<\/ul>\n<p><span style=\"font-weight: 400;\">Por\u00e9m \u00e9 importante saber dosar, ser inflex\u00edvel n\u00e3o \u00e9 ter falta de controle ou falta de regras, \u00e0s vezes \u00e9 necess\u00e1rio se manter firme e as vezes \u00e9 interessante abrir exce\u00e7\u00f5es. Voc\u00ea deve saber analisar as situa\u00e7\u00f5es.<\/span><\/p>\n<p><a href=\"https:\/\/www.questionpro.com\/blog\/pt-br\/habilidades-de-lideranca\/\" target=\"_blank\" rel=\"noopener noreferrer\"><span style=\"font-weight: 400;\">As 8 habilidades de lideran\u00e7a mais importantes para um gerente.<\/span><\/a><\/p>\n<ul>\n<li><b>Vis\u00e3o &#8211; <span style=\"font-weight: 400;\">Ter vis\u00e3o vai al\u00e9m de ter um olhar superficial do que poderia dar certo ou n\u00e3o, ter vis\u00e3o \u00e9 ter um olhar cr\u00edtico e inovador.\u00a0<\/span><\/b><\/li>\n<\/ul>\n<p><span style=\"font-weight: 400;\">Veja e analise conte\u00fados diversos, absorva as informa\u00e7\u00f5es que est\u00e3o ao seu redor. Mesmo que aparentemente n\u00e3o tenha a ver com seu neg\u00f3cio, sempre podemos encontrar algo interessante em uma coisa que parecia insignificante.\u00a0<\/span><\/p>\n<p><span style=\"font-weight: 400;\">Ou\u00e7a ideias de seus funcion\u00e1rios e clientes, eles conhecem seu produto e te proporcionar\u00e3o uma vis\u00e3o diferente da sua.<\/span><\/p>\n<ul>\n<li><b>Planejamento &#8211; <span style=\"font-weight: 400;\">Um dos pilares de qualquer empreendimento \u00e9 o planejamento. Quando voc\u00ea abre uma empresa voc\u00ea j\u00e1 deve ter planejado, como ela estar\u00e1 daqui a 5 anos, o que pode ou n\u00e3o concretizar, mas ter uma meta definida \u00e9 necess\u00e1rio, para pelo menos ter o que alcan\u00e7ar.\u00a0<\/span><\/b><\/li>\n<\/ul>\n<p><a href=\"https:\/\/www.questionpro.com\/blog\/pt-br\/?s=pesquisa+de+mercado&amp;lang=pt-br\" target=\"_blank\" rel=\"noopener noreferrer\"><span style=\"font-weight: 400;\">Realize pesquisas de mercado<\/span><\/a><span style=\"font-weight: 400;\"> para saber a situa\u00e7\u00e3o atual e previs\u00f5es do mundo empresarial.<\/span><\/p>\n<p><a href=\"https:\/\/www.questionpro.com\/blog\/pt-br\/usar-analise-swot\/\" target=\"_blank\" rel=\"noopener noreferrer\"><span style=\"font-weight: 400;\">Fa\u00e7a uma an\u00e1lise SWOT<\/span><\/a><span style=\"font-weight: 400;\"> para saber as for\u00e7as, fraquezas, oportunidades e amea\u00e7as. Esteja sempre um passo \u00e0 frente prevenindo poss\u00edveis crises e se adiantando a poss\u00edveis oportunidades.<\/span><\/p>\n<ul>\n<li><b>Capacidade de inovar &#8211; <span style=\"font-weight: 400;\">O mundo est\u00e1 em constante mudan\u00e7a e se adaptar \u00e0 elas em tempo real \u00e9 necess\u00e1rio para sobreviver e principalmente se destacar.<\/span><\/b><\/li>\n<\/ul>\n<p><span style=\"font-weight: 400;\">Manter-se tradicional com costumes e estrat\u00e9gias \u00e9 considerado uma fal\u00eancia consciente e ningu\u00e9m est\u00e1 mais disposto a fazer isto hoje em dia.\u00a0<\/span><\/p>\n<p><span style=\"font-weight: 400;\">Inove-se sempre, busque se acercar de seu p\u00fablico e das coisas que os interessam.\u00a0<\/span><\/p>\n<p><a href=\"https:\/\/www.questionpro.com\/blog\/pt-br\/?s=pesquisa+ao+consumidor&amp;lang=pt-br\" target=\"_blank\" rel=\"noopener noreferrer\"><span style=\"font-weight: 400;\">Realize pesquisas com seus consumidores<\/span><\/a><span style=\"font-weight: 400;\">, sobre suas necessidades e desejos atuais, se interesse pela vida deles e pelo que fazem e gostam.<\/span><\/p>\n<ul>\n<li><b>Resili\u00eancia &#8211; <span style=\"font-weight: 400;\">\u00c9 importante saber sair de situa\u00e7\u00f5es cr\u00edticas analisando de forma tranquila e estrat\u00e9gica.\u00a0<\/span><\/b><\/li>\n<\/ul>\n<p><span style=\"font-weight: 400;\">Muitas empresas na primeira crise ou barreira j\u00e1 declaram fal\u00eancia mesmo tendo capacidade de se renovar. Tenha consci\u00eancia de que, por melhor que seja a empresa \u00e9 normal que tenha momentos dif\u00edceis diante ao mercado ou algum acontecimento.\u00a0<\/span><\/p>\n<p><span style=\"font-weight: 400;\">Diante dessas situa\u00e7\u00f5es renove, se reinvente e siga em frente.<\/span><\/p>\n<ul>\n<li><b>Capacidade de aprendizagem &#8211; <span style=\"font-weight: 400;\">Uma pessoas s\u00e1bia sabe que o conhecimento e a sabedoria pode surgir de qualquer coisa. Voc\u00ea pode absorver conhecimento de qualquer situa\u00e7\u00e3o ou pessoa porque \u00e9 uma capacidade de aprender que est\u00e1 em voc\u00ea.<\/span><\/b><\/li>\n<\/ul>\n<p><span style=\"font-weight: 400;\">Acerque-se de pessoas jovens e de idosos tamb\u00e9m, converse com m\u00e3es e com crian\u00e7as, leia, assista, escute, esteja nas redes sociais, consuma conte\u00fados que podem agregar informa\u00e7\u00f5es positivas ao seu neg\u00f3cio e a voc\u00ea como l\u00edder.<\/span><\/p>\n<ul>\n<li><b>Controle financeiro &#8211; <span style=\"font-weight: 400;\">Se voc\u00ea n\u00e3o \u00e9 uma pessoa controlada financeiramente, a primeira coisa que voc\u00ea deve fazer \u00e9 um curso de educa\u00e7\u00e3o financeira.\u00a0<\/span><\/b><\/li>\n<\/ul>\n<p><span style=\"font-weight: 400;\">Parece impressionante a quantidade de pessoas que at\u00e9 hoje abrem empresas sem nenhum tipo de planejamento e acabam falindo por n\u00e3o conseguirem se manter, mesmo o neg\u00f3cio dando certo.\u00a0<\/span><\/p>\n<p><span style=\"font-weight: 400;\">A conta da sua empresa \u00e9 da sua empresa, o dinheiro \u00e9 da organiza\u00e7\u00e3o e voc\u00ea deve saber administrar esta quest\u00e3o. Esteja consciente de que uma empresa pode demorar anos para realmente gerar lucro e voc\u00ea deve estar preparado e saber administrar bem, caso contr\u00e1rio dificilmente conseguir\u00e1 sobreviver para ter o retorno desejado.<\/span><\/p>\n<h2><span style=\"font-weight: 400;\">Como adquirir caracter\u00edsticas empreendedoras<\/span><\/h2>\n<ul>\n<li><b>Contrate uma organiza\u00e7\u00e3o que te ensine a empreender &#8211; <span style=\"font-weight: 400;\">H\u00e1 empresas que podem te ajudar a criar o projeto de sua empresa. <\/span><\/b><span style=\"font-weight: 400;\">O<\/span> <a href=\"https:\/\/www.sebrae.com.br\/sites\/PortalSebrae\" target=\"_blank\" rel=\"noopener noreferrer\"><span style=\"font-weight: 400;\">Sebrae<\/span><\/a><span style=\"font-weight: 400;\">, por exemplo tem foco em formar empreendedores de sucesso e tem excel\u00eancia no desenvolvimento de pequenos neg\u00f3cios.\u00a0<\/span><\/li>\n<li><b>Cursos nas \u00e1reas de interesse &#8211; <\/b><span style=\"font-weight: 400;\">O pr\u00f3prio Sebrae tamb\u00e9m gera conte\u00fado, cursos, treinamentos e acompanhamento de projeto com forma\u00e7\u00e3o nas \u00e1reas de gest\u00e3o financeira, gest\u00e3o de equipe, posicionamento de mercado, legaliza\u00e7\u00e3o da empresa, etc.<\/span><\/li>\n<li><b>Estude &#8211; <span style=\"font-weight: 400;\">Absorva muito conte\u00fado e informa\u00e7\u00f5es do mercado, do p\u00fablico, da concorr\u00eancia. Assista palestras e conte\u00fados de empreendedores de sucesso e anote tudo o que achar crucial. Tente desenvolver as caracter\u00edsticas destes empres\u00e1rios e simular como voc\u00ea agiria diante de situa\u00e7\u00f5es semelhantes pelas quais eles passaram.<\/span><\/b><\/li>\n<li style=\"font-weight: 400;\"><b>Leia blogs informativos &#8211;<\/b> <a href=\"https:\/\/www.questionpro.com\/blog\/pt-br\/\" target=\"_blank\" rel=\"noopener noreferrer\"><span style=\"font-weight: 400;\">O blog da QuestionPro Brasil<\/span><\/a><span style=\"font-weight: 400;\"> te mant\u00e9m informado sobre o mercado, atualidades, tecnologia, gest\u00e3o e diversos temas relacionados ao empreendedorismo. Aqui voc\u00ea vai ter conte\u00fado di\u00e1rio que te dar\u00e1 uma forma\u00e7\u00e3o completa e profissional na \u00e1rea de pesquisas.<\/span><\/li>\n<li style=\"font-weight: 400;\"><b>Fa\u00e7a pesquisas e obtenha feedbacks &#8211;<\/b><span style=\"font-weight: 400;\"> A \u00fanica forma de voc\u00ea obter um feedback positivo e sincero de seu p\u00fablico \u00e9 fazendo pesquisas. Assim voc\u00ea ir\u00e1 saber o que desejam, o que necessitam e o que pensam de seu empreendimento.<\/span><\/li>\n<li style=\"font-weight: 400;\"><b>Ou\u00e7a sua equipe e seu p\u00fablico\u00a0 &#8211;<\/b><span style=\"font-weight: 400;\"> Busque sempre manter uma \u00f3tima comunica\u00e7\u00e3o com sua equipe e entenda o sentimento de seus funcion\u00e1rios em rela\u00e7\u00e3o \u00e0 sua empresa, assim eles te dar\u00e3o feedbacks sinceros que te ajudar\u00e3o a ter id\u00e9ias inovadoras e um olhar inteligente sobre as coisas.<\/span><\/li>\n<\/ul>\n<p>Mantenha-se sempre em comunica\u00e7\u00e3o com seu p\u00fablico tamb\u00e9m. Seu p\u00fablico \u00e9 uma rica fonte de informa\u00e7\u00e3o, eles est\u00e3o atualizados com as novidades do mercado e podem dar feedbacks e fazer compara\u00e7\u00f5es com a concorr\u00eancia, assim voc\u00ea obt\u00e9m ideias e sugest\u00f5es para superar a concorr\u00eancia e conquista o mercado.<\/p>\n<p>Siga-nos nas redes sociais e receba sempre dicas e novidades:<a href=\"https:\/\/www.facebook.com\/QuestionPro.Pesquisas.Online\/\" target=\"_blank\" rel=\"noopener noreferrer\">\u00a0Facebook<\/a>,<a href=\"https:\/\/twitter.com\/QuestionProBr\" target=\"_blank\" rel=\"noopener noreferrer\">\u00a0Twitter<\/a>,<a href=\"https:\/\/www.linkedin.com\/company\/questionpro-br\/\" target=\"_blank\" rel=\"noopener noreferrer\">\u00a0Linkedin<\/a>,<a href=\"https:\/\/www.instagram.com\/questionprobr\" target=\"_blank\" rel=\"noopener noreferrer\">\u00a0Instagram<\/a>.<\/p>\n<p>&nbsp;<\/p>\n<p>&nbsp;<\/p>\n","protected":false},"excerpt":{"rendered":"<p>Quem nunca pensou em empreender e ter seu pr\u00f3prio neg\u00f3cio em algum momento da vida, n\u00e3o \u00e9 mesmo? Sabemos que [&hellip;]<\/p>\n","protected":false},"author":96,"featured_media":92909,"comment_status":"closed","ping_status":"closed","sticky":false,"template":"","format":"standard","meta":{"_yoast_wpseo_focuskw":"empreender","_yoast_wpseo_title":"%%title%% %%page%%","_yoast_wpseo_metadesc":"O que \u00e9 preciso para empreender? Saiba se voc\u00ea tem esp\u00edrito empreendedor e se ter sua pr\u00f3pria empresa seria um bom neg\u00f3cio para voc\u00ea.","_genesis_hide_title":false,"_genesis_hide_breadcrumbs":false,"_genesis_hide_singular_image":false,"_genesis_hide_footer_widgets":false,"_genesis_custom_body_class":"","_genesis_custom_post_class":"","_genesis_layout":"","footnotes":""},"categories":[216],"tags":[],"yoast_head":"<!-- This site is optimized with the Yoast SEO plugin v20.4 - https:\/\/yoast.com\/wordpress\/plugins\/seo\/ -->\n<title>Vai empreender? Saiba como desenvolver seu esp\u00edrito empreendedor.<\/title>\n<meta name=\"description\" content=\"O que \u00e9 preciso para empreender? Saiba se voc\u00ea tem esp\u00edrito empreendedor e se ter sua pr\u00f3pria empresa seria um bom neg\u00f3cio para voc\u00ea.\" \/>\n<meta name=\"robots\" content=\"index, follow, max-snippet:-1, max-image-preview:large, max-video-preview:-1\" \/>\n<link rel=\"canonical\" href=\"https:\/\/www.questionpro.com\/blog\/pt-br\/vai-empreender-saiba-como-desenvolver-seu-espirito-empreendedor\/\" \/>\n<meta property=\"og:locale\" content=\"pt_BR\" \/>\n<meta property=\"og:type\" content=\"article\" \/>\n<meta property=\"og:title\" content=\"Vai empreender? Saiba como desenvolver seu esp\u00edrito empreendedor.\" \/>\n<meta property=\"og:description\" content=\"O que \u00e9 preciso para empreender? Saiba se voc\u00ea tem esp\u00edrito empreendedor e se ter sua pr\u00f3pria empresa seria um bom neg\u00f3cio para voc\u00ea.\" \/>\n<meta property=\"og:url\" content=\"https:\/\/www.questionpro.com\/blog\/pt-br\/vai-empreender-saiba-como-desenvolver-seu-espirito-empreendedor\/\" \/>\n<meta property=\"og:site_name\" content=\"QuestionPro\" \/>\n<meta property=\"article:publisher\" content=\"https:\/\/www.facebook.com\/questionpro\" \/>\n<meta property=\"article:published_time\" content=\"2020-03-03T14:05:49+00:00\" \/>\n<meta property=\"og:image\" content=\"https:\/\/www.questionpro.com\/blog\/wp-content\/uploads\/2020\/03\/OEVLWS0.jpg\" \/>\n\t<meta property=\"og:image:width\" content=\"1300\" \/>\n\t<meta property=\"og:image:height\" content=\"1163\" \/>\n\t<meta property=\"og:image:type\" content=\"image\/jpeg\" \/>\n<meta name=\"author\" content=\"Ana Luisa\" \/>\n<meta name=\"twitter:card\" content=\"summary_large_image\" \/>\n<meta name=\"twitter:creator\" content=\"@questionpro\" \/>\n<meta name=\"twitter:site\" content=\"@questionpro\" \/>\n<meta name=\"twitter:label1\" content=\"Escrito por\" \/>\n\t<meta name=\"twitter:data1\" content=\"Ana Luisa\" \/>\n\t<meta name=\"twitter:label2\" content=\"Est. tempo de leitura\" \/>\n\t<meta name=\"twitter:data2\" content=\"6 minutos\" \/>\n<script type=\"application\/ld+json\" class=\"yoast-schema-graph\">{\"@context\":\"https:\/\/schema.org\",\"@graph\":[{\"@type\":\"Article\",\"@id\":\"https:\/\/www.questionpro.com\/blog\/pt-br\/vai-empreender-saiba-como-desenvolver-seu-espirito-empreendedor\/#article\",\"isPartOf\":{\"@id\":\"https:\/\/www.questionpro.com\/blog\/pt-br\/vai-empreender-saiba-como-desenvolver-seu-espirito-empreendedor\/\"},\"author\":{\"name\":\"Ana Luisa\",\"@id\":\"https:\/\/www.questionpro.com\/blog\/pt-br\/#\/schema\/person\/933e2ac97790970a258b3cf63dd1556f\"},\"headline\":\"Vai empreender? Saiba como desenvolver seu esp\u00edrito empreendedor.\",\"datePublished\":\"2020-03-03T14:05:49+00:00\",\"dateModified\":\"2020-03-03T14:05:49+00:00\",\"mainEntityOfPage\":{\"@id\":\"https:\/\/www.questionpro.com\/blog\/pt-br\/vai-empreender-saiba-como-desenvolver-seu-espirito-empreendedor\/\"},\"wordCount\":1261,\"publisher\":{\"@id\":\"https:\/\/www.questionpro.com\/blog\/pt-br\/#organization\"},\"articleSection\":[\"Experi\u00eancia do colaborador - EX\"],\"inLanguage\":\"pt-BR\"},{\"@type\":\"WebPage\",\"@id\":\"https:\/\/www.questionpro.com\/blog\/pt-br\/vai-empreender-saiba-como-desenvolver-seu-espirito-empreendedor\/\",\"url\":\"https:\/\/www.questionpro.com\/blog\/pt-br\/vai-empreender-saiba-como-desenvolver-seu-espirito-empreendedor\/\",\"name\":\"Vai empreender? Saiba como desenvolver seu esp\u00edrito empreendedor.\",\"isPartOf\":{\"@id\":\"https:\/\/www.questionpro.com\/blog\/pt-br\/#website\"},\"datePublished\":\"2020-03-03T14:05:49+00:00\",\"dateModified\":\"2020-03-03T14:05:49+00:00\",\"description\":\"O que \u00e9 preciso para empreender? Saiba se voc\u00ea tem esp\u00edrito empreendedor e se ter sua pr\u00f3pria empresa seria um bom neg\u00f3cio para voc\u00ea.\",\"breadcrumb\":{\"@id\":\"https:\/\/www.questionpro.com\/blog\/pt-br\/vai-empreender-saiba-como-desenvolver-seu-espirito-empreendedor\/#breadcrumb\"},\"inLanguage\":\"pt-BR\",\"potentialAction\":[{\"@type\":\"ReadAction\",\"target\":[\"https:\/\/www.questionpro.com\/blog\/pt-br\/vai-empreender-saiba-como-desenvolver-seu-espirito-empreendedor\/\"]}]},{\"@type\":\"BreadcrumbList\",\"@id\":\"https:\/\/www.questionpro.com\/blog\/pt-br\/vai-empreender-saiba-como-desenvolver-seu-espirito-empreendedor\/#breadcrumb\",\"itemListElement\":[{\"@type\":\"ListItem\",\"position\":1,\"name\":\"In\u00edcio\",\"item\":\"https:\/\/www.questionpro.com\/blog\/pt-br\/\"},{\"@type\":\"ListItem\",\"position\":2,\"name\":\"Experi\u00eancia do colaborador - EX\",\"item\":\"https:\/\/www.questionpro.com\/blog\/pt-br\/category\/experiencia-do-funcionario-ex\/\"},{\"@type\":\"ListItem\",\"position\":3,\"name\":\"Vai empreender? Saiba como desenvolver seu esp\u00edrito empreendedor.\"}]},{\"@type\":\"WebSite\",\"@id\":\"https:\/\/www.questionpro.com\/blog\/pt-br\/#website\",\"url\":\"https:\/\/www.questionpro.com\/blog\/pt-br\/\",\"name\":\"QuestionPro\",\"description\":\"\",\"publisher\":{\"@id\":\"https:\/\/www.questionpro.com\/blog\/pt-br\/#organization\"},\"potentialAction\":[{\"@type\":\"SearchAction\",\"target\":{\"@type\":\"EntryPoint\",\"urlTemplate\":\"https:\/\/www.questionpro.com\/blog\/pt-br\/?s={search_term_string}\"},\"query-input\":\"required name=search_term_string\"}],\"inLanguage\":\"pt-BR\"},{\"@type\":\"Organization\",\"@id\":\"https:\/\/www.questionpro.com\/blog\/pt-br\/#organization\",\"name\":\"QuestionPro\",\"url\":\"https:\/\/www.questionpro.com\/blog\/pt-br\/\",\"logo\":{\"@type\":\"ImageObject\",\"inLanguage\":\"pt-BR\",\"@id\":\"https:\/\/www.questionpro.com\/blog\/pt-br\/#\/schema\/logo\/image\/\",\"url\":\"https:\/\/www.questionpro.com\/blog\/wp-content\/uploads\/2022\/10\/questionpro-logo.svg\",\"contentUrl\":\"https:\/\/www.questionpro.com\/blog\/wp-content\/uploads\/2022\/10\/questionpro-logo.svg\",\"caption\":\"QuestionPro\"},\"image\":{\"@id\":\"https:\/\/www.questionpro.com\/blog\/pt-br\/#\/schema\/logo\/image\/\"},\"sameAs\":[\"https:\/\/www.facebook.com\/questionpro\",\"https:\/\/twitter.com\/questionpro\",\"https:\/\/www.linkedin.com\/company\/questionpro\/\"]},{\"@type\":\"Person\",\"@id\":\"https:\/\/www.questionpro.com\/blog\/pt-br\/#\/schema\/person\/933e2ac97790970a258b3cf63dd1556f\",\"name\":\"Ana Luisa\",\"image\":{\"@type\":\"ImageObject\",\"inLanguage\":\"pt-BR\",\"@id\":\"https:\/\/www.questionpro.com\/blog\/pt-br\/#\/schema\/person\/image\/\",\"url\":\"https:\/\/secure.gravatar.com\/avatar\/97d78747bcd9e8a90935143b102ed43e?s=96&d=mm&r=g\",\"contentUrl\":\"https:\/\/secure.gravatar.com\/avatar\/97d78747bcd9e8a90935143b102ed43e?s=96&d=mm&r=g\",\"caption\":\"Ana Luisa\"},\"url\":\"https:\/\/www.questionpro.com\/blog\/pt-br\/author\/ana\/\"}]}<\/script>\n<!-- \/ Yoast SEO plugin. -->","yoast_head_json":{"title":"Vai empreender? Saiba como desenvolver seu esp\u00edrito empreendedor.","description":"O que \u00e9 preciso para empreender? Saiba se voc\u00ea tem esp\u00edrito empreendedor e se ter sua pr\u00f3pria empresa seria um bom neg\u00f3cio para voc\u00ea.","robots":{"index":"index","follow":"follow","max-snippet":"max-snippet:-1","max-image-preview":"max-image-preview:large","max-video-preview":"max-video-preview:-1"},"canonical":"https:\/\/www.questionpro.com\/blog\/pt-br\/vai-empreender-saiba-como-desenvolver-seu-espirito-empreendedor\/","og_locale":"pt_BR","og_type":"article","og_title":"Vai empreender? Saiba como desenvolver seu esp\u00edrito empreendedor.","og_description":"O que \u00e9 preciso para empreender? Saiba se voc\u00ea tem esp\u00edrito empreendedor e se ter sua pr\u00f3pria empresa seria um bom neg\u00f3cio para voc\u00ea.","og_url":"https:\/\/www.questionpro.com\/blog\/pt-br\/vai-empreender-saiba-como-desenvolver-seu-espirito-empreendedor\/","og_site_name":"QuestionPro","article_publisher":"https:\/\/www.facebook.com\/questionpro","article_published_time":"2020-03-03T14:05:49+00:00","og_image":[{"width":1300,"height":1163,"url":"https:\/\/www.questionpro.com\/blog\/wp-content\/uploads\/2020\/03\/OEVLWS0.jpg","type":"image\/jpeg"}],"author":"Ana Luisa","twitter_card":"summary_large_image","twitter_creator":"@questionpro","twitter_site":"@questionpro","twitter_misc":{"Escrito por":"Ana Luisa","Est. tempo de leitura":"6 minutos"},"schema":{"@context":"https:\/\/schema.org","@graph":[{"@type":"Article","@id":"https:\/\/www.questionpro.com\/blog\/pt-br\/vai-empreender-saiba-como-desenvolver-seu-espirito-empreendedor\/#article","isPartOf":{"@id":"https:\/\/www.questionpro.com\/blog\/pt-br\/vai-empreender-saiba-como-desenvolver-seu-espirito-empreendedor\/"},"author":{"name":"Ana Luisa","@id":"https:\/\/www.questionpro.com\/blog\/pt-br\/#\/schema\/person\/933e2ac97790970a258b3cf63dd1556f"},"headline":"Vai empreender? Saiba como desenvolver seu esp\u00edrito empreendedor.","datePublished":"2020-03-03T14:05:49+00:00","dateModified":"2020-03-03T14:05:49+00:00","mainEntityOfPage":{"@id":"https:\/\/www.questionpro.com\/blog\/pt-br\/vai-empreender-saiba-como-desenvolver-seu-espirito-empreendedor\/"},"wordCount":1261,"publisher":{"@id":"https:\/\/www.questionpro.com\/blog\/pt-br\/#organization"},"articleSection":["Experi\u00eancia do colaborador - EX"],"inLanguage":"pt-BR"},{"@type":"WebPage","@id":"https:\/\/www.questionpro.com\/blog\/pt-br\/vai-empreender-saiba-como-desenvolver-seu-espirito-empreendedor\/","url":"https:\/\/www.questionpro.com\/blog\/pt-br\/vai-empreender-saiba-como-desenvolver-seu-espirito-empreendedor\/","name":"Vai empreender? Saiba como desenvolver seu esp\u00edrito empreendedor.","isPartOf":{"@id":"https:\/\/www.questionpro.com\/blog\/pt-br\/#website"},"datePublished":"2020-03-03T14:05:49+00:00","dateModified":"2020-03-03T14:05:49+00:00","description":"O que \u00e9 preciso para empreender? Saiba se voc\u00ea tem esp\u00edrito empreendedor e se ter sua pr\u00f3pria empresa seria um bom neg\u00f3cio para voc\u00ea.","breadcrumb":{"@id":"https:\/\/www.questionpro.com\/blog\/pt-br\/vai-empreender-saiba-como-desenvolver-seu-espirito-empreendedor\/#breadcrumb"},"inLanguage":"pt-BR","potentialAction":[{"@type":"ReadAction","target":["https:\/\/www.questionpro.com\/blog\/pt-br\/vai-empreender-saiba-como-desenvolver-seu-espirito-empreendedor\/"]}]},{"@type":"BreadcrumbList","@id":"https:\/\/www.questionpro.com\/blog\/pt-br\/vai-empreender-saiba-como-desenvolver-seu-espirito-empreendedor\/#breadcrumb","itemListElement":[{"@type":"ListItem","position":1,"name":"In\u00edcio","item":"https:\/\/www.questionpro.com\/blog\/pt-br\/"},{"@type":"ListItem","position":2,"name":"Experi\u00eancia do colaborador - EX","item":"https:\/\/www.questionpro.com\/blog\/pt-br\/category\/experiencia-do-funcionario-ex\/"},{"@type":"ListItem","position":3,"name":"Vai empreender? Saiba como desenvolver seu esp\u00edrito empreendedor."}]},{"@type":"WebSite","@id":"https:\/\/www.questionpro.com\/blog\/pt-br\/#website","url":"https:\/\/www.questionpro.com\/blog\/pt-br\/","name":"QuestionPro","description":"","publisher":{"@id":"https:\/\/www.questionpro.com\/blog\/pt-br\/#organization"},"potentialAction":[{"@type":"SearchAction","target":{"@type":"EntryPoint","urlTemplate":"https:\/\/www.questionpro.com\/blog\/pt-br\/?s={search_term_string}"},"query-input":"required name=search_term_string"}],"inLanguage":"pt-BR"},{"@type":"Organization","@id":"https:\/\/www.questionpro.com\/blog\/pt-br\/#organization","name":"QuestionPro","url":"https:\/\/www.questionpro.com\/blog\/pt-br\/","logo":{"@type":"ImageObject","inLanguage":"pt-BR","@id":"https:\/\/www.questionpro.com\/blog\/pt-br\/#\/schema\/logo\/image\/","url":"https:\/\/www.questionpro.com\/blog\/wp-content\/uploads\/2022\/10\/questionpro-logo.svg","contentUrl":"https:\/\/www.questionpro.com\/blog\/wp-content\/uploads\/2022\/10\/questionpro-logo.svg","caption":"QuestionPro"},"image":{"@id":"https:\/\/www.questionpro.com\/blog\/pt-br\/#\/schema\/logo\/image\/"},"sameAs":["https:\/\/www.facebook.com\/questionpro","https:\/\/twitter.com\/questionpro","https:\/\/www.linkedin.com\/company\/questionpro\/"]},{"@type":"Person","@id":"https:\/\/www.questionpro.com\/blog\/pt-br\/#\/schema\/person\/933e2ac97790970a258b3cf63dd1556f","name":"Ana Luisa","image":{"@type":"ImageObject","inLanguage":"pt-BR","@id":"https:\/\/www.questionpro.com\/blog\/pt-br\/#\/schema\/person\/image\/","url":"https:\/\/secure.gravatar.com\/avatar\/97d78747bcd9e8a90935143b102ed43e?s=96&d=mm&r=g","contentUrl":"https:\/\/secure.gravatar.com\/avatar\/97d78747bcd9e8a90935143b102ed43e?s=96&d=mm&r=g","caption":"Ana Luisa"},"url":"https:\/\/www.questionpro.com\/blog\/pt-br\/author\/ana\/"}]}},"featured_image_src":"https:\/\/www.questionpro.com\/blog\/wp-content\/uploads\/2020\/03\/OEVLWS0.jpg","featured_image_src_square":"https:\/\/www.questionpro.com\/blog\/wp-content\/uploads\/2020\/03\/OEVLWS0.jpg","author_info":{"display_name":"Ana Luisa","author_link":"https:\/\/www.questionpro.com\/blog\/pt-br\/author\/ana\/"},"_links":{"self":[{"href":"https:\/\/www.questionpro.com\/blog\/pt-br\/wp-json\/wp\/v2\/posts\/92629"}],"collection":[{"href":"https:\/\/www.questionpro.com\/blog\/pt-br\/wp-json\/wp\/v2\/posts"}],"about":[{"href":"https:\/\/www.questionpro.com\/blog\/pt-br\/wp-json\/wp\/v2\/types\/post"}],"author":[{"embeddable":true,"href":"https:\/\/www.questionpro.com\/blog\/pt-br\/wp-json\/wp\/v2\/users\/96"}],"replies":[{"embeddable":true,"href":"https:\/\/www.questionpro.com\/blog\/pt-br\/wp-json\/wp\/v2\/comments?post=92629"}],"version-history":[{"count":0,"href":"https:\/\/www.questionpro.com\/blog\/pt-br\/wp-json\/wp\/v2\/posts\/92629\/revisions"}],"wp:featuredmedia":[{"embeddable":true,"href":"https:\/\/www.questionpro.com\/blog\/pt-br\/wp-json\/wp\/v2\/media\/92909"}],"wp:attachment":[{"href":"https:\/\/www.questionpro.com\/blog\/pt-br\/wp-json\/wp\/v2\/media?parent=92629"}],"wp:term":[{"taxonomy":"category","embeddable":true,"href":"https:\/\/www.questionpro.com\/blog\/pt-br\/wp-json\/wp\/v2\/categories?post=92629"},{"taxonomy":"post_tag","embeddable":true,"href":"https:\/\/www.questionpro.com\/blog\/pt-br\/wp-json\/wp\/v2\/tags?post=92629"}],"curies":[{"name":"wp","href":"https:\/\/api.w.org\/{rel}","templated":true}]}}