

{"id":975195,"date":"2024-08-08T06:04:25","date_gmt":"2024-08-08T13:04:25","guid":{"rendered":"https:\/\/www.questionpro.com\/blog\/?p=975195"},"modified":"2024-08-08T06:05:05","modified_gmt":"2024-08-08T13:05:05","slug":"ferramentas-para-medir-a-cultura-organizacional","status":"publish","type":"post","link":"https:\/\/www.questionpro.com\/blog\/pt-br\/ferramentas-para-medir-a-cultura-organizacional\/","title":{"rendered":"Ferramentas para medir a cultura organizacional"},"content":{"rendered":"\n<p>Neste artigo, exploraremos as principais ferramentas para medir a cultura organizacional. Desde pesquisas e question\u00e1rios at\u00e9 entrevistas e an\u00e1lise de dados, essas ferramentas oferecem insights valiosos sobre os valores, comportamentos e pr\u00e1ticas que definem a cultura de uma organiza\u00e7\u00e3o.  <\/p>\n\n\n\n\n\n<h2 class=\"wp-block-heading\"><strong>O que s\u00e3o as ferramentas para medir a cultura organizacional?<\/strong><\/h2>\n\n\n\n<p>S\u00e3o ferramentas utilizadas para medir a cultura de uma empresa, como feedback e escuta cont\u00ednua da<a href=\"https:\/\/www.questionpro.com\/blog\/pt-br\/voz-do-funcionario\/\"> voz do colaborador.<\/a> Esses instrumentos ajudam a manter a organiza\u00e7\u00e3o informada durante as inevit\u00e1veis mudan\u00e7as. Al\u00e9m disso, as informa\u00e7\u00f5es obtidas contribuem para a cria\u00e7\u00e3o de uma cultura intencional para o futuro da empresa.<\/p>\n\n\n\n<h2 class=\"wp-block-heading\"><strong>Exemplos de <strong>ferramentas para medir a cultura organizacional<\/strong><\/strong><\/h2>\n\n\n\n<p>Embora medir a<a href=\"https:\/\/www.questionpro.com\/pt-br\/workforce\/workplace-culture.html\"> cultura de uma empresa<\/a> possa parecer desafiador, identificar \u00e1reas de melhoria tamb\u00e9m representa uma grande oportunidade para evolu\u00e7\u00e3o. Abaixo, apresentamos alguns instrumentos que facilitam o processo de avalia\u00e7\u00e3o da cultura organizacional:<\/p>\n\n\n\n<h3 class=\"wp-block-heading\"><strong>Pesquisas de Pulso<\/strong><\/h3>\n\n\n\n<p>Antes de iniciar uma iniciativa de transforma\u00e7\u00e3o cultural, \u00e9 fundamental entender o estado atual da organiza\u00e7\u00e3o. As <a href=\"https:\/\/www.questionpro.com\/pt-br\/survey-templates\/employee-pulse-survey-template\/\">pesquisas de pulso<\/a> s\u00e3o question\u00e1rios breves usados para capturar a cultura de base e, posteriormente, monitorar as mudan\u00e7as ao longo de per\u00edodos definidos. Essas pesquisas fornecem insights regulares e atualizados sobre o ambiente cultural da empresa.<\/p>\n\n\n\n<h3 class=\"wp-block-heading\"><strong>Pesquisas Organizacionais<\/strong> <\/h3>\n\n\n\n<p>As<a href=\"https:\/\/www.questionpro.com\/blog\/pt-br\/pesquisas-organizacionais\/\"> pesquisas organizacionais<\/a> s\u00e3o amplamente utilizadas para avaliar a cultura de uma empresa. Elas oferecem uma vis\u00e3o abrangente dos pontos fortes e fracos da cultura organizacional.<\/p>\n\n\n\n<p>Uma das principais vantagens das pesquisas \u00e9 que elas fornecem medidas objetivas dos aspectos culturais, permitindo a compara\u00e7\u00e3o com benchmarks e monitoramento do progresso ao longo do tempo. <\/p>\n\n\n\n<p>Com essas informa\u00e7\u00f5es, voc\u00ea pode <a href=\"https:\/\/www.questionpro.com\/blog\/pt-br\/avaliacao-organizacional\/\">avaliar o desempenho da organiza\u00e7\u00e3o<\/a>, compreender as mudan\u00e7as na equipe e acompanhar o progresso das iniciativas culturais.As pesquisas podem revelar dados sobre engajamento, comunica\u00e7\u00e3o, feedback, motiva\u00e7\u00e3o e outros aspectos cruciais da organiza\u00e7\u00e3o.<\/p>\n\n\n\n<h3 class=\"wp-block-heading\"><strong>Grupos Focais<\/strong><\/h3>\n\n\n\n<p>Os <a href=\"https:\/\/www.questionpro.com\/blog\/pt-br\/grupos-focais-vantagens-desvantagens\/\">grupos focais <\/a>s\u00e3o uma ferramenta valiosa para medir a cultura organizacional, oferecendo uma maneira de aprofundar a an\u00e1lise dos pontos espec\u00edficos identificados em pesquisas. Se uma pesquisa revelar uma \u00e1rea que precisa de melhoria, reunir um grupo de funcion\u00e1rios por 30 a 60 minutos pode ajudar a compreender e contextualizar melhor a quest\u00e3o.<\/p>\n\n\n\n<p>Se o problema afetar apenas um departamento ou local espec\u00edfico, conv\u00e9m convocar apenas funcion\u00e1rios dessas \u00e1reas para garantir relev\u00e2ncia nas discuss\u00f5es. <\/p>\n\n\n\n<p>Organize quantos grupos forem necess\u00e1rios e pratique a escuta emp\u00e1tica para incentivar os participantes a compartilhar mais abertamente. Isso os faz sentir-se valorizados e contribui para uma compreens\u00e3o mais completa dos problemas e para o engajamento na resolu\u00e7\u00e3o dos mesmos.<\/p>\n\n\n\n<p>Com o aumento do trabalho remoto, voc\u00ea tamb\u00e9m pode realizar grupos focais online, garantindo flexibilidade e acessibilidade.<\/p>\n\n\n\n<h3 class=\"wp-block-heading\"><strong>Testes de Conhecimento<\/strong><\/h3>\n\n\n\n<p>Os<a href=\"https:\/\/www.questionpro.com\/blog\/pt-br\/teste-de-conhecimento\/\"> testes de conhecimento<\/a> s\u00e3o \u00fateis para avaliar a efic\u00e1cia de programas de forma\u00e7\u00e3o de funcion\u00e1rios. Se a forma\u00e7\u00e3o n\u00e3o tiver o impacto desejado, \u00e9 dif\u00edcil esperar mudan\u00e7as comportamentais significativas. <\/p>\n\n\n\n<p>Aplicar testes de conhecimento logo ap\u00f3s a forma\u00e7\u00e3o pode confirmar se os funcion\u00e1rios adquiriram as compet\u00eancias necess\u00e1rias ou indicar a necessidade de ajustes no treinamento.<\/p>\n\n\n\n<h3 class=\"wp-block-heading\"><strong><a href=\"https:\/\/www.questionpro.com\/blog\/pt-br\/autoavaliacao\/\">Autoavalia\u00e7\u00f5es<\/a><\/strong><\/h3>\n\n\n\n<p>Durante o processo de mudan\u00e7a cultural, quando os colaboradores entendem o que se espera deles e t\u00eam as ferramentas necess\u00e1rias para aplicar as novas compet\u00eancias, realizar uma autoavalia\u00e7\u00e3o pode ser ben\u00e9fico. Este tipo de pesquisa permite que os funcion\u00e1rios testem novos comportamentos em um ambiente seguro e recebam feedback sobre seu progresso.<\/p>\n\n\n\n<p>Trabalhar com gestores que estabele\u00e7am metas claras para tarefas espec\u00edficas ajuda os funcion\u00e1rios a experimentar novos comportamentos organizacionais, fazer ajustes e gerar feedback construtivo. Esse processo \u00e9 crucial para promover uma mudan\u00e7a cultural positiva e duradoura.<\/p>\n\n\n\n<h3 class=\"wp-block-heading\"><strong>Painel de Recursos Humanos<\/strong><\/h3>\n\n\n\n<p>Os resultados das ferramentas de avalia\u00e7\u00e3o mencionadas anteriormente podem ser integrados em um <a href=\"https:\/\/www.questionpro.com\/pt-br\/workforce\/\">painel de recursos humanos<\/a> para oferecer uma vis\u00e3o abrangente do impacto da cultura organizacional.<\/p>\n\n\n\n<p>Dashboards s\u00e3o uma das melhores ferramentas para medir a cultura da empresa, permitindo centralizar e visualizar todas as informa\u00e7\u00f5es relevantes em um \u00fanico lugar. <\/p>\n\n\n\n<p>Com um painel de dados, voc\u00ea pode acompanhar e correlacionar todas as fases de ado\u00e7\u00e3o de uma nova cultura empresarial, facilitando a gest\u00e3o e a comunica\u00e7\u00e3o da import\u00e2ncia da cultura dentro da organiza\u00e7\u00e3o.<\/p>\n\n\n\n<h3 class=\"wp-block-heading\"><strong>Software de Avalia\u00e7\u00e3o 360<\/strong><\/h3>\n\n\n\n<p>Um software de <a href=\"https:\/\/www.questionpro.com\/blog\/pt-br\/avaliacao-360\/\">avalia\u00e7\u00e3o 360 graus<\/a> \u00e9 uma ferramenta valiosa para obter um feedback abrangente sobre a cultura organizacional. Ele permite coletar opini\u00f5es an\u00f4nimas de superiores, colegas e subordinados, oferecendo uma vis\u00e3o detalhada do desempenho e das intera\u00e7\u00f5es dos funcion\u00e1rios.<\/p>\n\n\n\n<p>Esse tipo de software \u00e9 fundamental para avaliar como um funcion\u00e1rio interage com diversas partes interessadas, tanto internas quanto externas, ajudando a identificar \u00e1reas de melhoria e pontos cegos na cultura organizacional. <\/p>\n\n\n\n<p>Al\u00e9m disso, muitos desses softwares permitem realizar pesquisas, pesquisas de pulso e autoavalia\u00e7\u00f5es, facilitando a compara\u00e7\u00e3o de feedback e a implementa\u00e7\u00e3o de medidas corretivas.<\/p>\n\n\n\n<h2 class=\"wp-block-heading\"><strong>Conclus\u00e3o<\/strong><\/h2>\n\n\n\n<p>Investir na cultura organizacional traz grandes benef\u00edcios para qualquer tipo de organiza\u00e7\u00e3o. Embora cada instrumento de medi\u00e7\u00e3o da cultura possa ser utilizado de forma independente, a melhor abordagem \u00e9 ter uma plataforma integrada que permita usar todas essas ferramentas conforme suas necessidades espec\u00edficas.<\/p>\n\n\n\n<p>Com uma estrat\u00e9gia bem definida e as ferramentas certas, medir e aprimorar a cultura organizacional pode ser um processo eficiente e eficaz.<\/p>\n\n\n\n<p>A<a href=\"https:\/\/www.questionpro.com\/pt-br\/workforce\/\"> QuestionPro Workforce<\/a> pode apoiar sua estrat\u00e9gia de medi\u00e7\u00e3o da cultura de trabalho. Solicite uma demonstra\u00e7\u00e3o da nossa plataforma para explorar todo o seu potencial e otimizar a gest\u00e3o da cultura organizacional.<\/p>\n\n\n\n<center>\n<a href=\"https:\/\/qpbr.questionpro.com\/a\/TakeSurvey?tt=eX86F9bFHggECHrPeIW9eQ%3D%3D\">\n<button style=\"background: #ff9f00;\">Criar conta gr\u00e1tis<\/button>\n<\/a>\n<a href=\"https:\/\/ctaworkforce.questionpro.com\/?custom1=pagina.workforce\" target=\"_blank\" rel=\"noopener\">\n<button>Agendar demonstra\u00e7\u00e3o<\/button>\n<\/a>\n<\/center>\n","protected":false},"excerpt":{"rendered":"<p>Neste artigo, exploraremos as principais ferramentas para medir a cultura organizacional. Desde pesquisas e question\u00e1rios at\u00e9 entrevistas e an\u00e1lise de [&hellip;]<\/p>\n","protected":false},"author":42,"featured_media":975201,"comment_status":"closed","ping_status":"closed","sticky":false,"template":"","format":"standard","meta":{"_yoast_wpseo_focuskw":"Ferramentas para medir a cultura organizacional","_yoast_wpseo_title":"Ferramentas para medir a cultura organizacional","_yoast_wpseo_metadesc":"Neste artigo, exploraremos as principais ferramentas para medir a cultura organizacional. Desde pesquisas e question\u00e1rios at\u00e9 entrevistas e an\u00e1lise de dados.","_genesis_hide_title":false,"_genesis_hide_breadcrumbs":false,"_genesis_hide_singular_image":false,"_genesis_hide_footer_widgets":false,"_genesis_custom_body_class":"","_genesis_custom_post_class":"","_genesis_layout":"","footnotes":""},"categories":[216],"tags":[2379],"yoast_head":"<!-- This site is optimized with the Yoast SEO plugin v20.4 - https:\/\/yoast.com\/wordpress\/plugins\/seo\/ -->\n<title>Ferramentas para medir a cultura organizacional<\/title>\n<meta name=\"description\" content=\"Neste artigo, exploraremos as principais ferramentas para medir a cultura organizacional. Desde pesquisas e question\u00e1rios at\u00e9 entrevistas e an\u00e1lise de dados.\" \/>\n<meta name=\"robots\" content=\"index, follow, max-snippet:-1, max-image-preview:large, max-video-preview:-1\" \/>\n<link rel=\"canonical\" href=\"https:\/\/www.questionpro.com\/blog\/pt-br\/ferramentas-para-medir-a-cultura-organizacional\/\" \/>\n<meta property=\"og:locale\" content=\"pt_BR\" \/>\n<meta property=\"og:type\" content=\"article\" \/>\n<meta property=\"og:title\" content=\"Ferramentas para medir a cultura organizacional\" \/>\n<meta property=\"og:description\" content=\"Neste artigo, exploraremos as principais ferramentas para medir a cultura organizacional. Desde pesquisas e question\u00e1rios at\u00e9 entrevistas e an\u00e1lise de dados.\" \/>\n<meta property=\"og:url\" content=\"https:\/\/www.questionpro.com\/blog\/pt-br\/ferramentas-para-medir-a-cultura-organizacional\/\" \/>\n<meta property=\"og:site_name\" content=\"QuestionPro\" \/>\n<meta property=\"article:publisher\" content=\"https:\/\/www.facebook.com\/questionpro\" \/>\n<meta property=\"article:published_time\" content=\"2024-08-08T13:04:25+00:00\" \/>\n<meta property=\"article:modified_time\" content=\"2024-08-08T13:05:05+00:00\" \/>\n<meta property=\"og:image\" content=\"https:\/\/www.questionpro.com\/blog\/wp-content\/uploads\/2024\/08\/Ferramentas-para-medir-a-cultura-organizacional.jpg\" \/>\n\t<meta property=\"og:image:width\" content=\"900\" \/>\n\t<meta property=\"og:image:height\" content=\"600\" \/>\n\t<meta property=\"og:image:type\" content=\"image\/jpeg\" \/>\n<meta name=\"author\" content=\"Cristina Ortega\" \/>\n<meta name=\"twitter:card\" content=\"summary_large_image\" \/>\n<meta name=\"twitter:creator\" content=\"@questionpro\" \/>\n<meta name=\"twitter:site\" content=\"@questionpro\" \/>\n<meta name=\"twitter:label1\" content=\"Escrito por\" \/>\n\t<meta name=\"twitter:data1\" content=\"Cristina Ortega\" \/>\n\t<meta name=\"twitter:label2\" content=\"Est. tempo de leitura\" \/>\n\t<meta name=\"twitter:data2\" content=\"5 minutos\" \/>\n<script type=\"application\/ld+json\" class=\"yoast-schema-graph\">{\"@context\":\"https:\/\/schema.org\",\"@graph\":[{\"@type\":\"Article\",\"@id\":\"https:\/\/www.questionpro.com\/blog\/pt-br\/ferramentas-para-medir-a-cultura-organizacional\/#article\",\"isPartOf\":{\"@id\":\"https:\/\/www.questionpro.com\/blog\/pt-br\/ferramentas-para-medir-a-cultura-organizacional\/\"},\"author\":{\"name\":\"Cristina Ortega\",\"@id\":\"https:\/\/www.questionpro.com\/blog\/pt-br\/#\/schema\/person\/36aae2d8eed7708b6408f95c0198593d\"},\"headline\":\"Ferramentas para medir a cultura organizacional\",\"datePublished\":\"2024-08-08T13:04:25+00:00\",\"dateModified\":\"2024-08-08T13:05:05+00:00\",\"mainEntityOfPage\":{\"@id\":\"https:\/\/www.questionpro.com\/blog\/pt-br\/ferramentas-para-medir-a-cultura-organizacional\/\"},\"wordCount\":961,\"publisher\":{\"@id\":\"https:\/\/www.questionpro.com\/blog\/pt-br\/#organization\"},\"keywords\":[\"Ferramentas para medir a cultura organizacional\"],\"articleSection\":[\"Experi\u00eancia do colaborador - EX\"],\"inLanguage\":\"pt-BR\"},{\"@type\":\"WebPage\",\"@id\":\"https:\/\/www.questionpro.com\/blog\/pt-br\/ferramentas-para-medir-a-cultura-organizacional\/\",\"url\":\"https:\/\/www.questionpro.com\/blog\/pt-br\/ferramentas-para-medir-a-cultura-organizacional\/\",\"name\":\"Ferramentas para medir a cultura organizacional\",\"isPartOf\":{\"@id\":\"https:\/\/www.questionpro.com\/blog\/pt-br\/#website\"},\"datePublished\":\"2024-08-08T13:04:25+00:00\",\"dateModified\":\"2024-08-08T13:05:05+00:00\",\"description\":\"Neste artigo, exploraremos as principais ferramentas para medir a cultura organizacional. Desde pesquisas e question\u00e1rios at\u00e9 entrevistas e an\u00e1lise de dados.\",\"breadcrumb\":{\"@id\":\"https:\/\/www.questionpro.com\/blog\/pt-br\/ferramentas-para-medir-a-cultura-organizacional\/#breadcrumb\"},\"inLanguage\":\"pt-BR\",\"potentialAction\":[{\"@type\":\"ReadAction\",\"target\":[\"https:\/\/www.questionpro.com\/blog\/pt-br\/ferramentas-para-medir-a-cultura-organizacional\/\"]}]},{\"@type\":\"BreadcrumbList\",\"@id\":\"https:\/\/www.questionpro.com\/blog\/pt-br\/ferramentas-para-medir-a-cultura-organizacional\/#breadcrumb\",\"itemListElement\":[{\"@type\":\"ListItem\",\"position\":1,\"name\":\"In\u00edcio\",\"item\":\"https:\/\/www.questionpro.com\/blog\/pt-br\/\"},{\"@type\":\"ListItem\",\"position\":2,\"name\":\"Experi\u00eancia do colaborador - EX\",\"item\":\"https:\/\/www.questionpro.com\/blog\/pt-br\/category\/experiencia-do-funcionario-ex\/\"},{\"@type\":\"ListItem\",\"position\":3,\"name\":\"Ferramentas para medir a cultura organizacional\"}]},{\"@type\":\"WebSite\",\"@id\":\"https:\/\/www.questionpro.com\/blog\/pt-br\/#website\",\"url\":\"https:\/\/www.questionpro.com\/blog\/pt-br\/\",\"name\":\"QuestionPro\",\"description\":\"\",\"publisher\":{\"@id\":\"https:\/\/www.questionpro.com\/blog\/pt-br\/#organization\"},\"potentialAction\":[{\"@type\":\"SearchAction\",\"target\":{\"@type\":\"EntryPoint\",\"urlTemplate\":\"https:\/\/www.questionpro.com\/blog\/pt-br\/?s={search_term_string}\"},\"query-input\":\"required name=search_term_string\"}],\"inLanguage\":\"pt-BR\"},{\"@type\":\"Organization\",\"@id\":\"https:\/\/www.questionpro.com\/blog\/pt-br\/#organization\",\"name\":\"QuestionPro\",\"url\":\"https:\/\/www.questionpro.com\/blog\/pt-br\/\",\"logo\":{\"@type\":\"ImageObject\",\"inLanguage\":\"pt-BR\",\"@id\":\"https:\/\/www.questionpro.com\/blog\/pt-br\/#\/schema\/logo\/image\/\",\"url\":\"https:\/\/www.questionpro.com\/blog\/wp-content\/uploads\/2022\/10\/questionpro-logo.svg\",\"contentUrl\":\"https:\/\/www.questionpro.com\/blog\/wp-content\/uploads\/2022\/10\/questionpro-logo.svg\",\"caption\":\"QuestionPro\"},\"image\":{\"@id\":\"https:\/\/www.questionpro.com\/blog\/pt-br\/#\/schema\/logo\/image\/\"},\"sameAs\":[\"https:\/\/www.facebook.com\/questionpro\",\"https:\/\/twitter.com\/questionpro\",\"https:\/\/www.linkedin.com\/company\/questionpro\/\"]},{\"@type\":\"Person\",\"@id\":\"https:\/\/www.questionpro.com\/blog\/pt-br\/#\/schema\/person\/36aae2d8eed7708b6408f95c0198593d\",\"name\":\"Cristina Ortega\",\"image\":{\"@type\":\"ImageObject\",\"inLanguage\":\"pt-BR\",\"@id\":\"https:\/\/www.questionpro.com\/blog\/pt-br\/#\/schema\/person\/image\/\",\"url\":\"https:\/\/secure.gravatar.com\/avatar\/49635f2181bfe83c436d50b9a8bf1f2e?s=96&d=mm&r=g\",\"contentUrl\":\"https:\/\/secure.gravatar.com\/avatar\/49635f2181bfe83c436d50b9a8bf1f2e?s=96&d=mm&r=g\",\"caption\":\"Cristina Ortega\"},\"url\":\"https:\/\/www.questionpro.com\/blog\/pt-br\/author\/cristinaortega\/\"}]}<\/script>\n<!-- \/ Yoast SEO plugin. -->","yoast_head_json":{"title":"Ferramentas para medir a cultura organizacional","description":"Neste artigo, exploraremos as principais ferramentas para medir a cultura organizacional. Desde pesquisas e question\u00e1rios at\u00e9 entrevistas e an\u00e1lise de dados.","robots":{"index":"index","follow":"follow","max-snippet":"max-snippet:-1","max-image-preview":"max-image-preview:large","max-video-preview":"max-video-preview:-1"},"canonical":"https:\/\/www.questionpro.com\/blog\/pt-br\/ferramentas-para-medir-a-cultura-organizacional\/","og_locale":"pt_BR","og_type":"article","og_title":"Ferramentas para medir a cultura organizacional","og_description":"Neste artigo, exploraremos as principais ferramentas para medir a cultura organizacional. Desde pesquisas e question\u00e1rios at\u00e9 entrevistas e an\u00e1lise de dados.","og_url":"https:\/\/www.questionpro.com\/blog\/pt-br\/ferramentas-para-medir-a-cultura-organizacional\/","og_site_name":"QuestionPro","article_publisher":"https:\/\/www.facebook.com\/questionpro","article_published_time":"2024-08-08T13:04:25+00:00","article_modified_time":"2024-08-08T13:05:05+00:00","og_image":[{"width":900,"height":600,"url":"https:\/\/www.questionpro.com\/blog\/wp-content\/uploads\/2024\/08\/Ferramentas-para-medir-a-cultura-organizacional.jpg","type":"image\/jpeg"}],"author":"Cristina Ortega","twitter_card":"summary_large_image","twitter_creator":"@questionpro","twitter_site":"@questionpro","twitter_misc":{"Escrito por":"Cristina Ortega","Est. tempo de leitura":"5 minutos"},"schema":{"@context":"https:\/\/schema.org","@graph":[{"@type":"Article","@id":"https:\/\/www.questionpro.com\/blog\/pt-br\/ferramentas-para-medir-a-cultura-organizacional\/#article","isPartOf":{"@id":"https:\/\/www.questionpro.com\/blog\/pt-br\/ferramentas-para-medir-a-cultura-organizacional\/"},"author":{"name":"Cristina Ortega","@id":"https:\/\/www.questionpro.com\/blog\/pt-br\/#\/schema\/person\/36aae2d8eed7708b6408f95c0198593d"},"headline":"Ferramentas para medir a cultura organizacional","datePublished":"2024-08-08T13:04:25+00:00","dateModified":"2024-08-08T13:05:05+00:00","mainEntityOfPage":{"@id":"https:\/\/www.questionpro.com\/blog\/pt-br\/ferramentas-para-medir-a-cultura-organizacional\/"},"wordCount":961,"publisher":{"@id":"https:\/\/www.questionpro.com\/blog\/pt-br\/#organization"},"keywords":["Ferramentas para medir a cultura organizacional"],"articleSection":["Experi\u00eancia do colaborador - EX"],"inLanguage":"pt-BR"},{"@type":"WebPage","@id":"https:\/\/www.questionpro.com\/blog\/pt-br\/ferramentas-para-medir-a-cultura-organizacional\/","url":"https:\/\/www.questionpro.com\/blog\/pt-br\/ferramentas-para-medir-a-cultura-organizacional\/","name":"Ferramentas para medir a cultura organizacional","isPartOf":{"@id":"https:\/\/www.questionpro.com\/blog\/pt-br\/#website"},"datePublished":"2024-08-08T13:04:25+00:00","dateModified":"2024-08-08T13:05:05+00:00","description":"Neste artigo, exploraremos as principais ferramentas para medir a cultura organizacional. Desde pesquisas e question\u00e1rios at\u00e9 entrevistas e an\u00e1lise de dados.","breadcrumb":{"@id":"https:\/\/www.questionpro.com\/blog\/pt-br\/ferramentas-para-medir-a-cultura-organizacional\/#breadcrumb"},"inLanguage":"pt-BR","potentialAction":[{"@type":"ReadAction","target":["https:\/\/www.questionpro.com\/blog\/pt-br\/ferramentas-para-medir-a-cultura-organizacional\/"]}]},{"@type":"BreadcrumbList","@id":"https:\/\/www.questionpro.com\/blog\/pt-br\/ferramentas-para-medir-a-cultura-organizacional\/#breadcrumb","itemListElement":[{"@type":"ListItem","position":1,"name":"In\u00edcio","item":"https:\/\/www.questionpro.com\/blog\/pt-br\/"},{"@type":"ListItem","position":2,"name":"Experi\u00eancia do colaborador - EX","item":"https:\/\/www.questionpro.com\/blog\/pt-br\/category\/experiencia-do-funcionario-ex\/"},{"@type":"ListItem","position":3,"name":"Ferramentas para medir a cultura organizacional"}]},{"@type":"WebSite","@id":"https:\/\/www.questionpro.com\/blog\/pt-br\/#website","url":"https:\/\/www.questionpro.com\/blog\/pt-br\/","name":"QuestionPro","description":"","publisher":{"@id":"https:\/\/www.questionpro.com\/blog\/pt-br\/#organization"},"potentialAction":[{"@type":"SearchAction","target":{"@type":"EntryPoint","urlTemplate":"https:\/\/www.questionpro.com\/blog\/pt-br\/?s={search_term_string}"},"query-input":"required name=search_term_string"}],"inLanguage":"pt-BR"},{"@type":"Organization","@id":"https:\/\/www.questionpro.com\/blog\/pt-br\/#organization","name":"QuestionPro","url":"https:\/\/www.questionpro.com\/blog\/pt-br\/","logo":{"@type":"ImageObject","inLanguage":"pt-BR","@id":"https:\/\/www.questionpro.com\/blog\/pt-br\/#\/schema\/logo\/image\/","url":"https:\/\/www.questionpro.com\/blog\/wp-content\/uploads\/2022\/10\/questionpro-logo.svg","contentUrl":"https:\/\/www.questionpro.com\/blog\/wp-content\/uploads\/2022\/10\/questionpro-logo.svg","caption":"QuestionPro"},"image":{"@id":"https:\/\/www.questionpro.com\/blog\/pt-br\/#\/schema\/logo\/image\/"},"sameAs":["https:\/\/www.facebook.com\/questionpro","https:\/\/twitter.com\/questionpro","https:\/\/www.linkedin.com\/company\/questionpro\/"]},{"@type":"Person","@id":"https:\/\/www.questionpro.com\/blog\/pt-br\/#\/schema\/person\/36aae2d8eed7708b6408f95c0198593d","name":"Cristina Ortega","image":{"@type":"ImageObject","inLanguage":"pt-BR","@id":"https:\/\/www.questionpro.com\/blog\/pt-br\/#\/schema\/person\/image\/","url":"https:\/\/secure.gravatar.com\/avatar\/49635f2181bfe83c436d50b9a8bf1f2e?s=96&d=mm&r=g","contentUrl":"https:\/\/secure.gravatar.com\/avatar\/49635f2181bfe83c436d50b9a8bf1f2e?s=96&d=mm&r=g","caption":"Cristina Ortega"},"url":"https:\/\/www.questionpro.com\/blog\/pt-br\/author\/cristinaortega\/"}]}},"featured_image_src":"https:\/\/www.questionpro.com\/blog\/wp-content\/uploads\/2024\/08\/Ferramentas-para-medir-a-cultura-organizacional.jpg","featured_image_src_square":"https:\/\/www.questionpro.com\/blog\/wp-content\/uploads\/2024\/08\/Ferramentas-para-medir-a-cultura-organizacional.jpg","author_info":{"display_name":"Cristina Ortega","author_link":"https:\/\/www.questionpro.com\/blog\/pt-br\/author\/cristinaortega\/"},"_links":{"self":[{"href":"https:\/\/www.questionpro.com\/blog\/pt-br\/wp-json\/wp\/v2\/posts\/975195"}],"collection":[{"href":"https:\/\/www.questionpro.com\/blog\/pt-br\/wp-json\/wp\/v2\/posts"}],"about":[{"href":"https:\/\/www.questionpro.com\/blog\/pt-br\/wp-json\/wp\/v2\/types\/post"}],"author":[{"embeddable":true,"href":"https:\/\/www.questionpro.com\/blog\/pt-br\/wp-json\/wp\/v2\/users\/42"}],"replies":[{"embeddable":true,"href":"https:\/\/www.questionpro.com\/blog\/pt-br\/wp-json\/wp\/v2\/comments?post=975195"}],"version-history":[{"count":1,"href":"https:\/\/www.questionpro.com\/blog\/pt-br\/wp-json\/wp\/v2\/posts\/975195\/revisions"}],"predecessor-version":[{"id":975218,"href":"https:\/\/www.questionpro.com\/blog\/pt-br\/wp-json\/wp\/v2\/posts\/975195\/revisions\/975218"}],"wp:featuredmedia":[{"embeddable":true,"href":"https:\/\/www.questionpro.com\/blog\/pt-br\/wp-json\/wp\/v2\/media\/975201"}],"wp:attachment":[{"href":"https:\/\/www.questionpro.com\/blog\/pt-br\/wp-json\/wp\/v2\/media?parent=975195"}],"wp:term":[{"taxonomy":"category","embeddable":true,"href":"https:\/\/www.questionpro.com\/blog\/pt-br\/wp-json\/wp\/v2\/categories?post=975195"},{"taxonomy":"post_tag","embeddable":true,"href":"https:\/\/www.questionpro.com\/blog\/pt-br\/wp-json\/wp\/v2\/tags?post=975195"}],"curies":[{"name":"wp","href":"https:\/\/api.w.org\/{rel}","templated":true}]}}