

{"id":985667,"date":"2024-10-03T06:00:36","date_gmt":"2024-10-03T13:00:36","guid":{"rendered":"https:\/\/www.questionpro.com\/blog\/?p=985667"},"modified":"2024-10-03T06:00:47","modified_gmt":"2024-10-03T13:00:47","slug":"plano-de-comunicacao-organizacional","status":"publish","type":"post","link":"https:\/\/www.questionpro.com\/blog\/pt-br\/plano-de-comunicacao-organizacional\/","title":{"rendered":"Plano de comunica\u00e7\u00e3o organizacional: o que \u00e9 e como fazer"},"content":{"rendered":"\n<p>Um plano de comunica\u00e7\u00e3o organizacional \u00e9 uma ferramenta que ajuda a desenvolver estrat\u00e9gias e a\u00e7\u00f5es concretas para aprimorar a troca de informa\u00e7\u00f5es em uma organiza\u00e7\u00e3o. Se voc\u00ea ainda n\u00e3o est\u00e1 familiarizado com o conceito, neste artigo apresentaremos tudo o que voc\u00ea precisa saber.<\/p>\n\n\n\n\n\n<h2 class=\"wp-block-heading\"><strong>O que \u00e9 um plano de comunica\u00e7\u00e3o organizacional?<\/strong><\/h2>\n\n\n\n<p>\u00c9 um documento que visa facilitar a troca de informa\u00e7\u00f5es, dados e conhecimentos, tanto internamente quanto externamente.<\/p>\n\n\n\n<p>Trata-se de um plano de a\u00e7\u00e3o que permite identificar os <a href=\"https:\/\/www.questionpro.com\/blog\/pt-br\/importancia-dos-objetivos-organizacionais\/\">objetivos da organiza\u00e7\u00e3o<\/a>, a mensagem a ser transmitida, as fontes, o p\u00fablico-alvo, o formato e os canais mais adequados para as a\u00e7\u00f5es de comunica\u00e7\u00e3o.<\/p>\n\n\n\n<p>Esse processo garante que a mensagem enviada seja recebida, compreendida e implementada pelo p\u00fablico-alvo, al\u00e9m de servir como um meio de monitorar os esfor\u00e7os de comunica\u00e7\u00e3o.<\/p>\n\n\n\n<p>Ao criar um plano de comunica\u00e7\u00e3o, voc\u00ea organiza as a\u00e7\u00f5es que a organiza\u00e7\u00e3o realizar\u00e1 para alcan\u00e7ar resultados satisfat\u00f3rios, seja impulsionando vendas, lan\u00e7ando um produto ou conscientizando o p\u00fablico sobre um tema importante para o setor.<\/p>\n\n\n\n<h2 class=\"wp-block-heading\"><strong>Por que fazer um plano de comunica\u00e7\u00e3o?<\/strong><\/h2>\n\n\n\n<p>Ele permite que voc\u00ea direcione sua comunica\u00e7\u00e3o com precis\u00e3o e efici\u00eancia por v\u00e1rias raz\u00f5es:<\/p>\n\n\n\n<ul>\n<li><strong>Estrutura clara:<\/strong> Fornece uma estrutura para determinar quem precisa ser alcan\u00e7ado e como.<\/li>\n\n\n\n<li><strong>Vis\u00e3o de longo prazo:<\/strong> Pode ser de longo prazo, ajudando a mapear como aumentar seu perfil e refinar sua imagem na comunidade ao longo do tempo.<\/li>\n\n\n\n<li><strong>Efici\u00eancia:<\/strong> Isso torna seus esfor\u00e7os de comunica\u00e7\u00e3o mais eficientes, eficazes e duradouros.<\/li>\n<\/ul>\n\n\n\n<p>Ao dedicar tempo desde o in\u00edcio ao seu plano de comunica\u00e7\u00e3o organizacional, voc\u00ea pode economizar muito tempo mais tarde, pois saber\u00e1 exatamente o que precisa ser feito em cada etapa do processo.<\/p>\n\n\n\n<h2 class=\"wp-block-heading\"><strong>O que um plano de comunica\u00e7\u00e3o organizacional deve incluir?<\/strong><\/h2>\n\n\n\n<p>Alguns dos elementos mais importantes que devem fazer parte de um bom plano de comunica\u00e7\u00e3o organizacional s\u00e3o:\u00a0<\/p>\n\n\n\n<h3 class=\"wp-block-heading\"><strong>Objetivo e foco<\/strong><\/h3>\n\n\n\n<p>O objetivo geralmente consiste em uma descri\u00e7\u00e3o de alto n\u00edvel do plano, a raz\u00e3o de sua exist\u00eancia e uma ideia geral de como o plano de <a href=\"https:\/\/www.questionpro.com\/blog\/pt-br\/comunicacao-interna\/\">comunica\u00e7\u00e3o organizaciona<\/a>l ser\u00e1 implementado.<\/p>\n\n\n\n<h3 class=\"wp-block-heading\"><strong>Metas e objetivos de comunica\u00e7\u00e3o<\/strong><\/h3>\n\n\n\n<p>Eles representam o que se espera alcan\u00e7ar com a comunica\u00e7\u00e3o.&nbsp;<\/p>\n\n\n\n<h3 class=\"wp-block-heading\"><strong>Fun\u00e7\u00f5es de comunica\u00e7\u00e3o<\/strong><\/h3>\n\n\n\n<p>Define claramente todas as fun\u00e7\u00f5es e suas responsabilidades de comunica\u00e7\u00e3o correspondentes.<\/p>\n\n\n\n<h3 class=\"wp-block-heading\"><strong>Ferramentas e m\u00e9todos de comunica\u00e7\u00e3o<\/strong><\/h3>\n\n\n\n<p>As ferramentas utilizadas e a forma como a mensagem \u00e9 transmitida variam de projeto para projeto. O segredo \u00e9 n\u00e3o ficar preso ao uso de um \u00fanico m\u00e9todo de comunica\u00e7\u00e3o de mensagens. <\/p>\n\n\n\n<p>Suas ferramentas e m\u00e9todos preferidos devem ser aqueles em que o grupo receptor tenha melhores chances de entender o que voc\u00ea est\u00e1 comunicando.\u00a0<\/p>\n\n\n\n<p>Tenha sempre em mente o seu destinat\u00e1rio ao desenvolver o conte\u00fado da comunica\u00e7\u00e3o e a forma como ela ser\u00e1 transmitida. M\u00e9todos que oferecem oportunidades para as pessoas fazerem perguntas ou fornecerem feedback podem agregar valor real ao seu projeto.\u00a0<\/p>\n\n\n\n<h2 class=\"wp-block-heading\"><strong>Passos para fazer um plano de comunica\u00e7\u00e3o organizacional<\/strong><\/h2>\n\n\n\n<p>Agora que voc\u00ea sabe o que \u00e9 um plano de comunica\u00e7\u00e3o organizacional, sua import\u00e2ncia e quais elementos ele inclui, vamos apresentar os principais passos para elabor\u00e1-lo:<\/p>\n\n\n\n<h3 class=\"wp-block-heading\"><strong>1. Estabele\u00e7a o prop\u00f3sito<\/strong><\/h3>\n\n\n\n<p>O primeiro passo \u00e9 definir o objetivo central do plano de comunica\u00e7\u00e3o. Esse objetivo ser\u00e1 a base para todas as propostas, a\u00e7\u00f5es e formas de avalia\u00e7\u00e3o dos resultados obtidos na implementa\u00e7\u00e3o do plano.<\/p>\n\n\n\n<p>Neste ponto, recomendamos o uso de objetivos SMART, que ajudam a construir metas espec\u00edficas, mensur\u00e1veis, alcan\u00e7\u00e1veis, realistas e com prazos definidos.<\/p>\n\n\n\n<h3 class=\"wp-block-heading\"><strong>2. Selecione o p\u00fablico-alvo<\/strong><\/h3>\n\n\n\n<p>Definir quem ser\u00e1 o <a href=\"https:\/\/www.questionpro.com\/blog\/pt-br\/tipos-de-publico-alvo\/\">p\u00fablico-alvo <\/a>\u00e9 essencial para planejar sua comunica\u00e7\u00e3o de maneira l\u00f3gica. Mensagens diferentes ser\u00e3o necess\u00e1rias para grupos distintos, assim como canais e m\u00e9todos variados para alcan\u00e7\u00e1-los.<\/p>\n\n\n\n<h3 class=\"wp-block-heading\"><strong>3. Escolha os canais de comunica\u00e7\u00e3o<\/strong><\/h3>\n\n\n\n<p>As ferramentas utilizadas e a forma como a mensagem \u00e9 transmitida podem variar de um projeto para outro. O importante \u00e9 n\u00e3o se restringir a um \u00fanico canal.<\/p>\n\n\n\n<p>Para identificar quais ferramentas e m\u00e9todos s\u00e3o ideais para seus <a href=\"https:\/\/www.questionpro.com\/pt-br\/workforce\/\">colaboradores<\/a>, considere implementar uma pesquisa de comunica\u00e7\u00e3o organizacional. Isso permitir\u00e1 que voc\u00ea descubra quais abordagens oferecem a melhor oportunidade para o grupo receptor entender a mensagem.<\/p>\n\n\n\n<p>Lembre-se sempre do seu destinat\u00e1rio ao desenvolver o conte\u00fado da comunica\u00e7\u00e3o e ao escolher o canal de transmiss\u00e3o. Canais que oferecem oportunidades para perguntas ou feedback podem agregar um valor real ao seu projeto.<\/p>\n\n\n\n<h3 class=\"wp-block-heading\"><strong>4. Liste os recursos dispon\u00edveis<\/strong><\/h3>\n\n\n\n<p>O plano deve incluir uma descri\u00e7\u00e3o detalhada dos requisitos e recursos dispon\u00edveis na organiza\u00e7\u00e3o. \u00c9 importante tamb\u00e9m estabelecer um or\u00e7amento e determinar quanto tempo da equipe \u00e9 razo\u00e1vel alocar para as atividades.<\/p>\n\n\n\n<h3 class=\"wp-block-heading\"><strong>5. Crie o plano de a\u00e7\u00e3o ou roteiro<\/strong><\/h3>\n\n\n\n<p>Esta etapa envolve reunir todas as informa\u00e7\u00f5es em um documento pr\u00e1tico que guiar\u00e1 cada atividade do in\u00edcio ao fim. Este documento \u00e9 conhecido como o Plano de A\u00e7\u00e3o de Comunica\u00e7\u00e3o do Projeto, que especificar\u00e1 quem deve ouvir o qu\u00ea e quando. O plano deve incluir:<\/p>\n\n\n\n<ul>\n<li><strong>Partes interessadas ou p\u00fablico<\/strong> (quem)<\/li>\n\n\n\n<li><strong>Mensagem ou t\u00f3pico<\/strong> (o qu\u00ea)<\/li>\n\n\n\n<li><strong>Comunicador<\/strong> (de quem)<\/li>\n\n\n\n<li><strong>Hor\u00e1rio ou frequ\u00eancia<\/strong> (quando\/com que frequ\u00eancia)<\/li>\n\n\n\n<li><strong>M\u00e9todo de entrega<\/strong> (como)<\/li>\n\n\n\n<li><strong>Estado<\/strong><\/li>\n\n\n\n<li><strong>Coment\u00e1rios<\/strong><\/li>\n<\/ul>\n\n\n\n<p>O plano de a\u00e7\u00e3o ser\u00e1 um documento din\u00e2mico, que mudar\u00e1 \u00e0 medida que as necessidades de comunica\u00e7\u00e3o do seu projeto evolu\u00edrem.<\/p>\n\n\n\n<h3 class=\"wp-block-heading\"><strong>6. Avalia\u00e7\u00e3o de resultados<\/strong><\/h3>\n\n\n\n<p>Ao avaliar seu plano de comunica\u00e7\u00e3o, tanto em sua execu\u00e7\u00e3o quanto em seu funcionamento, voc\u00ea poder\u00e1 identificar oportunidades de melhoria, garantindo que o plano se torne cada vez mais eficaz quando colocado em pr\u00e1tica.<\/p>\n\n\n\n<h2 class=\"wp-block-heading\"><strong>Tipos de planos de comunica\u00e7\u00e3o organizacional<\/strong><\/h2>\n\n\n\n<p>Embora tenhamos listado alguns aspectos gerais do plano de comunica\u00e7\u00e3o organizacional, \u00e9 importante saber que existem v\u00e1rios tipos de planos, e a escolha depender\u00e1 do contexto e do objetivo para o qual ele est\u00e1 sendo desenvolvido.<\/p>\n\n\n\n<p>Alguns dos tipos mais comuns de planos de comunica\u00e7\u00e3o organizacional incluem:<\/p>\n\n\n\n<h3 class=\"wp-block-heading\"><strong>Plano de comunica\u00e7\u00e3o organizacional em torno de um projeto<\/strong><\/h3>\n\n\n\n<p>Geralmente consiste em uma lista de documentos e relat\u00f3rios a serem comunicados dentro de um projeto espec\u00edfico. Pode incluir aspectos como a justificativa para o projeto e as estrat\u00e9gias a serem implementadas para alcan\u00e7ar os resultados desejados.<\/p>\n\n\n\n<h3 class=\"wp-block-heading\"><strong>Plano de comunica\u00e7\u00e3o de mudan\u00e7a organizacional<\/strong><\/h3>\n\n\n\n<p>Este plano busca fornecer informa\u00e7\u00f5es relevantes sobre mudan\u00e7as significativas no n\u00edvel organizacional. Por exemplo, uma iniciativa de recursos humanos para atualizar as classifica\u00e7\u00f5es profissionais pode permitir que as pessoas progridam em suas carreiras sem a necessidade de se tornarem gestores. Isso exigir\u00e1 reuni\u00f5es de planejamento, aprova\u00e7\u00f5es e comunica\u00e7\u00e3o em toda a organiza\u00e7\u00e3o.<\/p>\n\n\n\n<h3 class=\"wp-block-heading\"><strong>Plano de comunica\u00e7\u00e3o do processo<\/strong><\/h3>\n\n\n\n<p>Este \u00e9 um plano para comunicar as informa\u00e7\u00f5es necess\u00e1rias para concluir um processo. Por exemplo, um plano de comunica\u00e7\u00e3o para um processo or\u00e7ament\u00e1rio que deve ser seguido por diversas equipes.&nbsp;<\/p>\n\n\n\n<p>Isso estabelece uma estrutura para reuni\u00f5es e documenta\u00e7\u00e3o que ocorrer\u00e1 em toda a organiza\u00e7\u00e3o.<\/p>\n\n\n\n<h3 class=\"wp-block-heading\"><strong>Plano de marketing<\/strong><\/h3>\n\n\n\n<p>As equipes de <a href=\"https:\/\/www.questionpro.com\/blog\/pt-br\/mix-de-marketing\/\">marketing<\/a> podem gastar grandes somas de dinheiro em estrat\u00e9gias promocionais e publicit\u00e1rias de forma desconexa, sem atingir os objetivos esperados.<\/p>\n\n\n\n<p>Assim, os planos de comunica\u00e7\u00e3o de marketing revelam-se documentos fundamentais que incluem a an\u00e1lise do p\u00fablico-alvo, dos canais, da concorr\u00eancia, das campanhas de marketing e da capacidade de produ\u00e7\u00e3o, entre outros aspectos, permitindo a otimiza\u00e7\u00e3o das a\u00e7\u00f5es e dos recursos destinados a esta \u00e1rea.&nbsp;<\/p>\n\n\n\n<h2 class=\"wp-block-heading\"><strong>Exemplo de plano de comunica\u00e7\u00e3o organizacional<\/strong><\/h2>\n\n\n\n<p>Agora apresentaremos um breve exemplo de plano de comunica\u00e7\u00e3o interna:<\/p>\n\n\n\n<figure class=\"wp-block-table\"><table><tbody><tr><td><strong>Comunica\u00e7\u00e3o<\/strong><\/td><td>Workshop de moderniza\u00e7\u00e3o do n\u00edvel de trabalho<\/td><\/tr><tr><td><strong>P\u00fablico<\/strong><\/td><td>Equipe de <a href=\"https:\/\/www.questionpro.com\/pt-br\/o-que-sao-recursos-humanos.html#:~:text=Recursos%20Humanos%20(RH)%20%C3%A9%20o,para%20o%20seu%20bom%20funcionamento.\">Recursos Humanos<\/a><\/td><\/tr><tr><td><strong>Cara<\/strong><\/td><td>Oficina<\/td><\/tr><tr><td><strong>Mirar<\/strong><\/td><td>Desenvolver novos n\u00edveis de cargos duplos que reconhe\u00e7am habilidades t\u00e9cnicas at\u00e9 o n\u00edvel de diretor s\u00eanior, em paralelo com um curso de gest\u00e3o<\/td><\/tr><tr><td><strong>Contente<\/strong><\/td><td>Desenvolvimento de uma nova estrutura de categorias de cargos compat\u00edvel com o sistema atual<\/td><\/tr><tr><td><strong>Responsabilidade<\/strong><\/td><td>L\u00edder do projeto<\/td><\/tr><\/tbody><\/table><\/figure>\n\n\n\n<h3 class=\"wp-block-heading\"><strong>Conclus\u00e3o<\/strong><\/h3>\n\n\n\n<p>Como voc\u00ea pode ver, ter um plano de comunica\u00e7\u00e3o organizacional \u00e9 fundamental para registrar de maneira clara e concisa todos os elementos necess\u00e1rios para alcan\u00e7ar os objetivos de sua organiza\u00e7\u00e3o.<\/p>\n\n\n\n<p>Al\u00e9m disso, outra ferramenta valiosa para avaliar os processos de troca de informa\u00e7\u00f5es em sua empresa s\u00e3o as <strong>pesquisas com funcion\u00e1rios<\/strong>. Elas ajudam a identificar \u00e1reas que precisam de a\u00e7\u00f5es para melhorar o bem-estar, a satisfa\u00e7\u00e3o e a produtividade de suas equipes.<\/p>\n\n\n\n<p>Se voc\u00ea deseja implementar essas ferramentas em sua empresa, crie uma conta gratuita no <strong>QuestionPro<\/strong>. E se estiver interessado em conhecer o <a href=\"https:\/\/www.questionpro.com\/pt-br\/workforce\/\"><strong>QuestionPro Workforce<\/strong>, <\/a>nosso sistema especializado em gest\u00e3o da experi\u00eancia de trabalho, convidamos voc\u00ea a agendar uma demonstra\u00e7\u00e3o online gratuita clicando no link abaixo.<\/p>\n\n\n\n<center>\n<a href=\"https:\/\/contactar.questionpro.com\/signup-brazil?custom1=planodecomunicacao\">\n<button style=\"background: #ff9f00;\">Criar conta gr\u00e1tis<\/button>\n<\/a>\n<a href=\"https:\/\/ctaworkforce.questionpro.com\/?custom1=pagina.workforce\">\n<button>Agendar demonstra\u00e7\u00e3o<\/button>\n<\/a>\n<\/center>\n","protected":false},"excerpt":{"rendered":"<p>Um plano de comunica\u00e7\u00e3o organizacional \u00e9 uma ferramenta que ajuda a desenvolver estrat\u00e9gias e a\u00e7\u00f5es concretas para aprimorar a troca [&hellip;]<\/p>\n","protected":false},"author":42,"featured_media":985668,"comment_status":"closed","ping_status":"closed","sticky":false,"template":"","format":"standard","meta":{"_yoast_wpseo_focuskw":"Plano de comunica\u00e7\u00e3o organizacional","_yoast_wpseo_title":"Plano de comunica\u00e7\u00e3o organizacional: o que \u00e9 e como fazer","_yoast_wpseo_metadesc":"Um plano de comunica\u00e7\u00e3o organizacional \u00e9 uma ferramenta que ajuda a desenvolver estrat\u00e9gias e a\u00e7\u00f5es concretas para aprimorar a troca de informa\u00e7\u00f5es.","_genesis_hide_title":false,"_genesis_hide_breadcrumbs":false,"_genesis_hide_singular_image":false,"_genesis_hide_footer_widgets":false,"_genesis_custom_body_class":"","_genesis_custom_post_class":"","_genesis_layout":"","footnotes":""},"categories":[1954],"tags":[],"yoast_head":"<!-- This site is optimized with the Yoast SEO plugin v20.4 - https:\/\/yoast.com\/wordpress\/plugins\/seo\/ -->\n<title>Plano de comunica\u00e7\u00e3o organizacional: o que \u00e9 e como fazer<\/title>\n<meta name=\"description\" content=\"Um plano de comunica\u00e7\u00e3o organizacional \u00e9 uma ferramenta que ajuda a desenvolver estrat\u00e9gias e a\u00e7\u00f5es concretas para aprimorar a troca de informa\u00e7\u00f5es.\" \/>\n<meta name=\"robots\" content=\"index, follow, max-snippet:-1, max-image-preview:large, max-video-preview:-1\" \/>\n<link rel=\"canonical\" href=\"https:\/\/www.questionpro.com\/blog\/pt-br\/plano-de-comunicacao-organizacional\/\" \/>\n<meta property=\"og:locale\" content=\"pt_BR\" \/>\n<meta property=\"og:type\" content=\"article\" \/>\n<meta property=\"og:title\" content=\"Plano de comunica\u00e7\u00e3o organizacional: o que \u00e9 e como fazer\" \/>\n<meta property=\"og:description\" content=\"Um plano de comunica\u00e7\u00e3o organizacional \u00e9 uma ferramenta que ajuda a desenvolver estrat\u00e9gias e a\u00e7\u00f5es concretas para aprimorar a troca de informa\u00e7\u00f5es.\" \/>\n<meta property=\"og:url\" content=\"https:\/\/www.questionpro.com\/blog\/pt-br\/plano-de-comunicacao-organizacional\/\" \/>\n<meta property=\"og:site_name\" content=\"QuestionPro\" \/>\n<meta property=\"article:publisher\" content=\"https:\/\/www.facebook.com\/questionpro\" \/>\n<meta property=\"article:published_time\" content=\"2024-10-03T13:00:36+00:00\" \/>\n<meta property=\"article:modified_time\" content=\"2024-10-03T13:00:47+00:00\" \/>\n<meta property=\"og:image\" content=\"https:\/\/www.questionpro.com\/blog\/wp-content\/uploads\/2024\/10\/Plano-de-comunicacao-organizacional.jpg\" \/>\n\t<meta property=\"og:image:width\" content=\"900\" \/>\n\t<meta property=\"og:image:height\" content=\"600\" \/>\n\t<meta property=\"og:image:type\" content=\"image\/jpeg\" \/>\n<meta name=\"author\" content=\"Cristina Ortega\" \/>\n<meta name=\"twitter:card\" content=\"summary_large_image\" \/>\n<meta name=\"twitter:creator\" content=\"@questionpro\" \/>\n<meta name=\"twitter:site\" content=\"@questionpro\" \/>\n<meta name=\"twitter:label1\" content=\"Escrito por\" \/>\n\t<meta name=\"twitter:data1\" content=\"Cristina Ortega\" \/>\n\t<meta name=\"twitter:label2\" content=\"Est. tempo de leitura\" \/>\n\t<meta name=\"twitter:data2\" content=\"8 minutos\" \/>\n<script type=\"application\/ld+json\" class=\"yoast-schema-graph\">{\"@context\":\"https:\/\/schema.org\",\"@graph\":[{\"@type\":\"Article\",\"@id\":\"https:\/\/www.questionpro.com\/blog\/pt-br\/plano-de-comunicacao-organizacional\/#article\",\"isPartOf\":{\"@id\":\"https:\/\/www.questionpro.com\/blog\/pt-br\/plano-de-comunicacao-organizacional\/\"},\"author\":{\"name\":\"Cristina Ortega\",\"@id\":\"https:\/\/www.questionpro.com\/blog\/pt-br\/#\/schema\/person\/36aae2d8eed7708b6408f95c0198593d\"},\"headline\":\"Plano de comunica\u00e7\u00e3o organizacional: o que \u00e9 e como fazer\",\"datePublished\":\"2024-10-03T13:00:36+00:00\",\"dateModified\":\"2024-10-03T13:00:47+00:00\",\"mainEntityOfPage\":{\"@id\":\"https:\/\/www.questionpro.com\/blog\/pt-br\/plano-de-comunicacao-organizacional\/\"},\"wordCount\":1508,\"publisher\":{\"@id\":\"https:\/\/www.questionpro.com\/blog\/pt-br\/#organization\"},\"articleSection\":[\"Pesquisas\"],\"inLanguage\":\"pt-BR\"},{\"@type\":\"WebPage\",\"@id\":\"https:\/\/www.questionpro.com\/blog\/pt-br\/plano-de-comunicacao-organizacional\/\",\"url\":\"https:\/\/www.questionpro.com\/blog\/pt-br\/plano-de-comunicacao-organizacional\/\",\"name\":\"Plano de comunica\u00e7\u00e3o organizacional: o que \u00e9 e como fazer\",\"isPartOf\":{\"@id\":\"https:\/\/www.questionpro.com\/blog\/pt-br\/#website\"},\"datePublished\":\"2024-10-03T13:00:36+00:00\",\"dateModified\":\"2024-10-03T13:00:47+00:00\",\"description\":\"Um plano de comunica\u00e7\u00e3o organizacional \u00e9 uma ferramenta que ajuda a desenvolver estrat\u00e9gias e a\u00e7\u00f5es concretas para aprimorar a troca de informa\u00e7\u00f5es.\",\"breadcrumb\":{\"@id\":\"https:\/\/www.questionpro.com\/blog\/pt-br\/plano-de-comunicacao-organizacional\/#breadcrumb\"},\"inLanguage\":\"pt-BR\",\"potentialAction\":[{\"@type\":\"ReadAction\",\"target\":[\"https:\/\/www.questionpro.com\/blog\/pt-br\/plano-de-comunicacao-organizacional\/\"]}]},{\"@type\":\"BreadcrumbList\",\"@id\":\"https:\/\/www.questionpro.com\/blog\/pt-br\/plano-de-comunicacao-organizacional\/#breadcrumb\",\"itemListElement\":[{\"@type\":\"ListItem\",\"position\":1,\"name\":\"In\u00edcio\",\"item\":\"https:\/\/www.questionpro.com\/blog\/pt-br\/\"},{\"@type\":\"ListItem\",\"position\":2,\"name\":\"Pesquisas\",\"item\":\"https:\/\/www.questionpro.com\/blog\/pt-br\/category\/pesquisas\/\"},{\"@type\":\"ListItem\",\"position\":3,\"name\":\"Plano de comunica\u00e7\u00e3o organizacional: o que \u00e9 e como fazer\"}]},{\"@type\":\"WebSite\",\"@id\":\"https:\/\/www.questionpro.com\/blog\/pt-br\/#website\",\"url\":\"https:\/\/www.questionpro.com\/blog\/pt-br\/\",\"name\":\"QuestionPro\",\"description\":\"\",\"publisher\":{\"@id\":\"https:\/\/www.questionpro.com\/blog\/pt-br\/#organization\"},\"potentialAction\":[{\"@type\":\"SearchAction\",\"target\":{\"@type\":\"EntryPoint\",\"urlTemplate\":\"https:\/\/www.questionpro.com\/blog\/pt-br\/?s={search_term_string}\"},\"query-input\":\"required name=search_term_string\"}],\"inLanguage\":\"pt-BR\"},{\"@type\":\"Organization\",\"@id\":\"https:\/\/www.questionpro.com\/blog\/pt-br\/#organization\",\"name\":\"QuestionPro\",\"url\":\"https:\/\/www.questionpro.com\/blog\/pt-br\/\",\"logo\":{\"@type\":\"ImageObject\",\"inLanguage\":\"pt-BR\",\"@id\":\"https:\/\/www.questionpro.com\/blog\/pt-br\/#\/schema\/logo\/image\/\",\"url\":\"https:\/\/www.questionpro.com\/blog\/wp-content\/uploads\/2022\/10\/questionpro-logo.svg\",\"contentUrl\":\"https:\/\/www.questionpro.com\/blog\/wp-content\/uploads\/2022\/10\/questionpro-logo.svg\",\"caption\":\"QuestionPro\"},\"image\":{\"@id\":\"https:\/\/www.questionpro.com\/blog\/pt-br\/#\/schema\/logo\/image\/\"},\"sameAs\":[\"https:\/\/www.facebook.com\/questionpro\",\"https:\/\/twitter.com\/questionpro\",\"https:\/\/www.linkedin.com\/company\/questionpro\/\"]},{\"@type\":\"Person\",\"@id\":\"https:\/\/www.questionpro.com\/blog\/pt-br\/#\/schema\/person\/36aae2d8eed7708b6408f95c0198593d\",\"name\":\"Cristina Ortega\",\"image\":{\"@type\":\"ImageObject\",\"inLanguage\":\"pt-BR\",\"@id\":\"https:\/\/www.questionpro.com\/blog\/pt-br\/#\/schema\/person\/image\/\",\"url\":\"https:\/\/secure.gravatar.com\/avatar\/49635f2181bfe83c436d50b9a8bf1f2e?s=96&d=mm&r=g\",\"contentUrl\":\"https:\/\/secure.gravatar.com\/avatar\/49635f2181bfe83c436d50b9a8bf1f2e?s=96&d=mm&r=g\",\"caption\":\"Cristina Ortega\"},\"url\":\"https:\/\/www.questionpro.com\/blog\/pt-br\/author\/cristinaortega\/\"}]}<\/script>\n<!-- \/ Yoast SEO plugin. -->","yoast_head_json":{"title":"Plano de comunica\u00e7\u00e3o organizacional: o que \u00e9 e como fazer","description":"Um plano de comunica\u00e7\u00e3o organizacional \u00e9 uma ferramenta que ajuda a desenvolver estrat\u00e9gias e a\u00e7\u00f5es concretas para aprimorar a troca de informa\u00e7\u00f5es.","robots":{"index":"index","follow":"follow","max-snippet":"max-snippet:-1","max-image-preview":"max-image-preview:large","max-video-preview":"max-video-preview:-1"},"canonical":"https:\/\/www.questionpro.com\/blog\/pt-br\/plano-de-comunicacao-organizacional\/","og_locale":"pt_BR","og_type":"article","og_title":"Plano de comunica\u00e7\u00e3o organizacional: o que \u00e9 e como fazer","og_description":"Um plano de comunica\u00e7\u00e3o organizacional \u00e9 uma ferramenta que ajuda a desenvolver estrat\u00e9gias e a\u00e7\u00f5es concretas para aprimorar a troca de informa\u00e7\u00f5es.","og_url":"https:\/\/www.questionpro.com\/blog\/pt-br\/plano-de-comunicacao-organizacional\/","og_site_name":"QuestionPro","article_publisher":"https:\/\/www.facebook.com\/questionpro","article_published_time":"2024-10-03T13:00:36+00:00","article_modified_time":"2024-10-03T13:00:47+00:00","og_image":[{"width":900,"height":600,"url":"https:\/\/www.questionpro.com\/blog\/wp-content\/uploads\/2024\/10\/Plano-de-comunicacao-organizacional.jpg","type":"image\/jpeg"}],"author":"Cristina Ortega","twitter_card":"summary_large_image","twitter_creator":"@questionpro","twitter_site":"@questionpro","twitter_misc":{"Escrito por":"Cristina Ortega","Est. tempo de leitura":"8 minutos"},"schema":{"@context":"https:\/\/schema.org","@graph":[{"@type":"Article","@id":"https:\/\/www.questionpro.com\/blog\/pt-br\/plano-de-comunicacao-organizacional\/#article","isPartOf":{"@id":"https:\/\/www.questionpro.com\/blog\/pt-br\/plano-de-comunicacao-organizacional\/"},"author":{"name":"Cristina Ortega","@id":"https:\/\/www.questionpro.com\/blog\/pt-br\/#\/schema\/person\/36aae2d8eed7708b6408f95c0198593d"},"headline":"Plano de comunica\u00e7\u00e3o organizacional: o que \u00e9 e como fazer","datePublished":"2024-10-03T13:00:36+00:00","dateModified":"2024-10-03T13:00:47+00:00","mainEntityOfPage":{"@id":"https:\/\/www.questionpro.com\/blog\/pt-br\/plano-de-comunicacao-organizacional\/"},"wordCount":1508,"publisher":{"@id":"https:\/\/www.questionpro.com\/blog\/pt-br\/#organization"},"articleSection":["Pesquisas"],"inLanguage":"pt-BR"},{"@type":"WebPage","@id":"https:\/\/www.questionpro.com\/blog\/pt-br\/plano-de-comunicacao-organizacional\/","url":"https:\/\/www.questionpro.com\/blog\/pt-br\/plano-de-comunicacao-organizacional\/","name":"Plano de comunica\u00e7\u00e3o organizacional: o que \u00e9 e como fazer","isPartOf":{"@id":"https:\/\/www.questionpro.com\/blog\/pt-br\/#website"},"datePublished":"2024-10-03T13:00:36+00:00","dateModified":"2024-10-03T13:00:47+00:00","description":"Um plano de comunica\u00e7\u00e3o organizacional \u00e9 uma ferramenta que ajuda a desenvolver estrat\u00e9gias e a\u00e7\u00f5es concretas para aprimorar a troca de informa\u00e7\u00f5es.","breadcrumb":{"@id":"https:\/\/www.questionpro.com\/blog\/pt-br\/plano-de-comunicacao-organizacional\/#breadcrumb"},"inLanguage":"pt-BR","potentialAction":[{"@type":"ReadAction","target":["https:\/\/www.questionpro.com\/blog\/pt-br\/plano-de-comunicacao-organizacional\/"]}]},{"@type":"BreadcrumbList","@id":"https:\/\/www.questionpro.com\/blog\/pt-br\/plano-de-comunicacao-organizacional\/#breadcrumb","itemListElement":[{"@type":"ListItem","position":1,"name":"In\u00edcio","item":"https:\/\/www.questionpro.com\/blog\/pt-br\/"},{"@type":"ListItem","position":2,"name":"Pesquisas","item":"https:\/\/www.questionpro.com\/blog\/pt-br\/category\/pesquisas\/"},{"@type":"ListItem","position":3,"name":"Plano de comunica\u00e7\u00e3o organizacional: o que \u00e9 e como fazer"}]},{"@type":"WebSite","@id":"https:\/\/www.questionpro.com\/blog\/pt-br\/#website","url":"https:\/\/www.questionpro.com\/blog\/pt-br\/","name":"QuestionPro","description":"","publisher":{"@id":"https:\/\/www.questionpro.com\/blog\/pt-br\/#organization"},"potentialAction":[{"@type":"SearchAction","target":{"@type":"EntryPoint","urlTemplate":"https:\/\/www.questionpro.com\/blog\/pt-br\/?s={search_term_string}"},"query-input":"required name=search_term_string"}],"inLanguage":"pt-BR"},{"@type":"Organization","@id":"https:\/\/www.questionpro.com\/blog\/pt-br\/#organization","name":"QuestionPro","url":"https:\/\/www.questionpro.com\/blog\/pt-br\/","logo":{"@type":"ImageObject","inLanguage":"pt-BR","@id":"https:\/\/www.questionpro.com\/blog\/pt-br\/#\/schema\/logo\/image\/","url":"https:\/\/www.questionpro.com\/blog\/wp-content\/uploads\/2022\/10\/questionpro-logo.svg","contentUrl":"https:\/\/www.questionpro.com\/blog\/wp-content\/uploads\/2022\/10\/questionpro-logo.svg","caption":"QuestionPro"},"image":{"@id":"https:\/\/www.questionpro.com\/blog\/pt-br\/#\/schema\/logo\/image\/"},"sameAs":["https:\/\/www.facebook.com\/questionpro","https:\/\/twitter.com\/questionpro","https:\/\/www.linkedin.com\/company\/questionpro\/"]},{"@type":"Person","@id":"https:\/\/www.questionpro.com\/blog\/pt-br\/#\/schema\/person\/36aae2d8eed7708b6408f95c0198593d","name":"Cristina Ortega","image":{"@type":"ImageObject","inLanguage":"pt-BR","@id":"https:\/\/www.questionpro.com\/blog\/pt-br\/#\/schema\/person\/image\/","url":"https:\/\/secure.gravatar.com\/avatar\/49635f2181bfe83c436d50b9a8bf1f2e?s=96&d=mm&r=g","contentUrl":"https:\/\/secure.gravatar.com\/avatar\/49635f2181bfe83c436d50b9a8bf1f2e?s=96&d=mm&r=g","caption":"Cristina Ortega"},"url":"https:\/\/www.questionpro.com\/blog\/pt-br\/author\/cristinaortega\/"}]}},"featured_image_src":"https:\/\/www.questionpro.com\/blog\/wp-content\/uploads\/2024\/10\/Plano-de-comunicacao-organizacional.jpg","featured_image_src_square":"https:\/\/www.questionpro.com\/blog\/wp-content\/uploads\/2024\/10\/Plano-de-comunicacao-organizacional.jpg","author_info":{"display_name":"Cristina Ortega","author_link":"https:\/\/www.questionpro.com\/blog\/pt-br\/author\/cristinaortega\/"},"_links":{"self":[{"href":"https:\/\/www.questionpro.com\/blog\/pt-br\/wp-json\/wp\/v2\/posts\/985667"}],"collection":[{"href":"https:\/\/www.questionpro.com\/blog\/pt-br\/wp-json\/wp\/v2\/posts"}],"about":[{"href":"https:\/\/www.questionpro.com\/blog\/pt-br\/wp-json\/wp\/v2\/types\/post"}],"author":[{"embeddable":true,"href":"https:\/\/www.questionpro.com\/blog\/pt-br\/wp-json\/wp\/v2\/users\/42"}],"replies":[{"embeddable":true,"href":"https:\/\/www.questionpro.com\/blog\/pt-br\/wp-json\/wp\/v2\/comments?post=985667"}],"version-history":[{"count":1,"href":"https:\/\/www.questionpro.com\/blog\/pt-br\/wp-json\/wp\/v2\/posts\/985667\/revisions"}],"predecessor-version":[{"id":985682,"href":"https:\/\/www.questionpro.com\/blog\/pt-br\/wp-json\/wp\/v2\/posts\/985667\/revisions\/985682"}],"wp:featuredmedia":[{"embeddable":true,"href":"https:\/\/www.questionpro.com\/blog\/pt-br\/wp-json\/wp\/v2\/media\/985668"}],"wp:attachment":[{"href":"https:\/\/www.questionpro.com\/blog\/pt-br\/wp-json\/wp\/v2\/media?parent=985667"}],"wp:term":[{"taxonomy":"category","embeddable":true,"href":"https:\/\/www.questionpro.com\/blog\/pt-br\/wp-json\/wp\/v2\/categories?post=985667"},{"taxonomy":"post_tag","embeddable":true,"href":"https:\/\/www.questionpro.com\/blog\/pt-br\/wp-json\/wp\/v2\/tags?post=985667"}],"curies":[{"name":"wp","href":"https:\/\/api.w.org\/{rel}","templated":true}]}}