

{"id":1011520,"date":"2024-05-22T07:00:00","date_gmt":"2024-05-22T14:00:00","guid":{"rendered":"https:\/\/www.questionpro.com\/blog\/pensamento-analitico-o-que-e-carateristicas-e-como-implementa-lo\/"},"modified":"2025-02-17T14:19:58","modified_gmt":"2025-02-17T21:19:58","slug":"pensamento-analitico-o-que-e-carateristicas-e-como-implementa-lo","status":"publish","type":"post","link":"https:\/\/www.questionpro.com\/blog\/pt\/pensamento-analitico-o-que-e-carateristicas-e-como-implementa-lo\/","title":{"rendered":"Pensamento anal\u00edtico: o que \u00e9, carater\u00edsticas e como implement\u00e1-lo"},"content":{"rendered":"\n<p>No mundo complexo e din\u00e2mico de hoje, a capacidade de pensar analiticamente tornou-se uma compet\u00eancia inestim\u00e1vel. Desde a resolu\u00e7\u00e3o de problemas quotidianos at\u00e9 \u00e0 tomada de decis\u00f5es estrat\u00e9gicas na \u00e1rea profissional, <strong>o pensamento anal\u00edtico<\/strong> permite-nos decompor situa\u00e7\u00f5es complexas em componentes mais f\u00e1ceis de gerir, identificar padr\u00f5es, compreender rela\u00e7\u00f5es causais e chegar a conclus\u00f5es informadas.   <\/p>\n\n\n\n<p>Neste artigo, vamos explorar o que \u00e9 o pensamento anal\u00edtico, as suas carater\u00edsticas distintivas, a sua diferen\u00e7a em rela\u00e7\u00e3o ao pensamento cr\u00edtico, as suas utiliza\u00e7\u00f5es pr\u00e1ticas, como desenvolv\u00ea-lo e apresentar um exemplo ilustrativo.<\/p>\n\n\n\n\n\n<h2 class=\"wp-block-heading\">O que \u00e9 o pensamento anal\u00edtico?<\/h2>\n\n\n\n<p>O pensamento anal\u00edtico \u00e9 uma capacidade cognitiva que envolve a decomposi\u00e7\u00e3o de um problema ou situa\u00e7\u00e3o em partes mais pequenas e mais compreens\u00edveis, examinando cada uma delas em pormenor e, em seguida, sintetizando essa informa\u00e7\u00e3o para obter uma compreens\u00e3o mais profunda e encontrar solu\u00e7\u00f5es eficazes. Essencialmente, examina um problema a partir de m\u00faltiplas perspectivas para chegar a uma compreens\u00e3o mais completa. <\/p>\n\n\n\n<h2 class=\"wp-block-heading\">Carater\u00edsticas do pensamento anal\u00edtico<\/h2>\n\n\n\n<p>O pensamento anal\u00edtico centra-se na estrutura do pensamento. Vamos aprender mais sobre as suas carater\u00edsticas: <\/p>\n\n\n\n<ol>\n<li><strong>Decomposi\u00e7\u00e3o<\/strong>: A capacidade de decompor um problema complexo em partes mais pequenas e mais f\u00e1ceis de gerir.<\/li>\n\n\n\n<li><strong>An\u00e1lise<\/strong>: A capacidade de examinar criticamente cada parte do problema, identificar padr\u00f5es, rela\u00e7\u00f5es e poss\u00edveis causas e efeitos.<\/li>\n\n\n\n<li><strong>S\u00edntese<\/strong>: A capacidade de combinar as informa\u00e7\u00f5es analisadas para desenvolver uma compreens\u00e3o global do problema.<\/li>\n\n\n\n<li><strong>Pensamento cr\u00edtico<\/strong>: A vontade de questionar pressupostos, avaliar provas e considerar m\u00faltiplas perspectivas.<\/li>\n\n\n\n<li><strong>Criatividade:<\/strong> A capacidade de gerar novas ideias e solu\u00e7\u00f5es a partir da informa\u00e7\u00e3o analisada.<\/li>\n\n\n\n<li><strong>L\u00f3gica<\/strong>: capacidade de aplicar princ\u00edpios l\u00f3gicos e racioc\u00ednios dedutivos e indutivos na an\u00e1lise e s\u00edntese da informa\u00e7\u00e3o.<\/li>\n<\/ol>\n\n\n\n<h2 class=\"wp-block-heading\">Usos do pensamento anal\u00edtico<\/h2>\n\n\n\n<p>O pensamento anal\u00edtico tem uma vasta gama de aplica\u00e7\u00f5es na vida pessoal e profissional. Algumas das suas utiliza\u00e7\u00f5es mais comuns incluem: <\/p>\n\n\n\n<ol>\n<li>Resolu\u00e7\u00e3o de problemas: Permite abordar problemas complexos de forma estruturada e encontrar solu\u00e7\u00f5es eficazes.<\/li>\n\n\n\n<li>Tomada de decis\u00f5es: Ajuda a avaliar diferentes op\u00e7\u00f5es e as suas poss\u00edveis consequ\u00eancias antes de tomar uma decis\u00e3o.<\/li>\n\n\n\n<li><a href=\"https:\/\/www.questionpro.com\/blog\/pt\/planeamento-estrategico-o-que-e-e-para-que-serve\/\">Planeamento estrat\u00e9gico<\/a>: Facilita o desenvolvimento de estrat\u00e9gias s\u00f3lidas atrav\u00e9s da an\u00e1lise de factores internos e externos que podem afetar o sucesso.<\/li>\n\n\n\n<li>Interpreta\u00e7\u00e3o de dados: Permite extrair informa\u00e7\u00f5es \u00fateis e significativas de conjuntos de dados complexos.<\/li>\n\n\n\n<li>Comunica\u00e7\u00e3o eficaz: Ajuda a exprimir ideias de forma clara e persuasiva, fundamentando-as numa an\u00e1lise rigorosa.<\/li>\n\n\n\n<li>Resolu\u00e7\u00e3o de conflitos: Facilita a compreens\u00e3o dos pontos de vista de todas as partes envolvidas e a procura de solu\u00e7\u00f5es mutuamente ben\u00e9ficas.<\/li>\n<\/ol>\n\n\n\n<h2 class=\"wp-block-heading\">Diferen\u00e7a entre pensamento cr\u00edtico e pensamento anal\u00edtico<\/h2>\n\n\n\n<p>Embora o pensamento cr\u00edtico e o pensamento anal\u00edtico estejam intimamente relacionados e se sobreponham frequentemente, existem diferen\u00e7as importantes entre eles.  <\/p>\n\n\n\n<p>Enquanto o pensamento cr\u00edtico se centra na avalia\u00e7\u00e3o da qualidade da informa\u00e7\u00e3o e da argumenta\u00e7\u00e3o, o pensamento anal\u00edtico centra-se na decomposi\u00e7\u00e3o e no exame da estrutura de um problema. O pensamento cr\u00edtico envolve julgamento e avalia\u00e7\u00e3o, enquanto o pensamento anal\u00edtico envolve decomposi\u00e7\u00e3o e s\u00edntese.   <\/p>\n\n\n\ntable { border-collapse: collapse; } table, th, td { border: 1px solid #00beff; }\n  \n\n\n\n<table>\n  <tr>\n    <th>Aspeto<\/th>\n    <th> Pensamento cr\u00edtico<\/th>\n    <th> Pensamento anal\u00edtico<\/th>\n  <\/tr>\n  <tr>\n    <td>Abordagem<\/td>\n    <td> Avalia a qualidade do pensamento.<\/td>\n    <td> Decomp\u00f5e e examina a estrutura do problema.<\/td>\n  <\/tr>\n  <tr>\n    <td>Processa<\/td>\n    <td> Questiona os pressupostos, avalia as provas e considera m\u00faltiplas perspectivas.<\/td>\n    <td> Divide o problema em partes, analisa cada parte e sintetiza a informa\u00e7\u00e3o.<\/td>\n  <\/tr>\n  <tr>\n    <td>Objetivo<\/td>\n    <td> Chegar a conclus\u00f5es fundamentadas e tomar decis\u00f5es informadas.<\/td>\n    <td> Compreender o problema em profundidade e encontrar solu\u00e7\u00f5es eficazes.<\/td>\n  <\/tr>\n  <tr>\n    <td>Abordagem<\/td>\n    <td> Concentra-te na qualidade do pensamento e da argumenta\u00e7\u00e3o.<\/td>\n    <td> Concentra-te na estrutura do pensamento e na decomposi\u00e7\u00e3o do problema.<\/td>\n  <\/tr>\n  <tr>\n    <td>Compet\u00eancias<\/td>\n    <td> Avalia\u00e7\u00e3o de provas, ju\u00edzo cr\u00edtico e avalia\u00e7\u00e3o de argumentos.<\/td>\n    <td> Decomposi\u00e7\u00e3o, an\u00e1lise, s\u00edntese e reconhecimento de padr\u00f5es.<\/td>\n  <\/tr>\n<\/table>\n\n\n\n<h2 class=\"wp-block-heading\">Como desenvolver o pensamento anal\u00edtico<\/h2>\n\n\n\n<p>O pensamento anal\u00edtico \u00e9 uma compet\u00eancia inestim\u00e1vel que pode ser cultivada e aperfei\u00e7oada com pr\u00e1tica e concentra\u00e7\u00e3o. Aqui est\u00e3o algumas estrat\u00e9gias pr\u00e1ticas para desenvolver e refor\u00e7ar a tua capacidade de pensar analiticamente: <\/p>\n\n\n\n<h3 class=\"wp-block-heading\">1. pratica regularmente a resolu\u00e7\u00e3o de problemas:<\/h3>\n\n\n\n<p>A resolu\u00e7\u00e3o de problemas \u00e9 uma excelente forma de exercitares a tua mente e desenvolveres capacidades anal\u00edticas. Passa algum tempo a resolver regularmente problemas de complexidade vari\u00e1vel, tanto na tua vida pessoal como profissional. Podes come\u00e7ar com problemas simples e depois passar a desafios mais complexos \u00e0 medida que ganhas confian\u00e7a.  <\/p>\n\n\n\n<h3 class=\"wp-block-heading\">2. Desenvolve a tua curiosidade:<\/h3>\n\n\n\n<p>A curiosidade \u00e9 fundamental para o pensamento anal\u00edtico. Cultiva uma atitude de constante interroga\u00e7\u00e3o, questionando tudo o que te rodeia e procurando compreender as raz\u00f5es por detr\u00e1s dos fen\u00f3menos. N\u00e3o tomes nada como garantido e mant\u00e9m-te aberto a novas ideias e perspectivas.  <\/p>\n\n\n\n<h3 class=\"wp-block-heading\">3. Analisa situa\u00e7\u00f5es do quotidiano:<\/h3>\n\n\n\n<p>Treina a tua mente para analisar situa\u00e7\u00f5es quotidianas de uma perspetiva anal\u00edtica. Por exemplo, quando te deparares com um problema no trabalho ou na tua vida pessoal, dedica um momento a decompor o problema nas suas componentes individuais, identifica poss\u00edveis causas e efeitos e considera diferentes abordagens para o resolver. <\/p>\n\n\n\n<h3 class=\"wp-block-heading\">4. Incentiva o pensamento divergente:<\/h3>\n\n\n\n<p>A capacidade de pensar de forma criativa e de explorar m\u00faltiplas solu\u00e7\u00f5es \u00e9 fundamental para o pensamento anal\u00edtico. Pratica a gera\u00e7\u00e3o de ideias divergentes, sem julgar inicialmente a sua viabilidade. Depois, podes avaliar e aperfei\u00e7oar essas ideias utilizando uma abordagem anal\u00edtica.  <\/p>\n\n\n\n<h3 class=\"wp-block-heading\">5. Estuda a l\u00f3gica e o racioc\u00ednio:<\/h3>\n\n\n\n<p>Familiariza-se com os princ\u00edpios da l\u00f3gica e do racioc\u00ednio dedutivo e indutivo. Estuda diferentes formas de argumenta\u00e7\u00e3o e aprende a reconhecer as fal\u00e1cias l\u00f3gicas comuns. Isto ajudar-te-\u00e1 a desenvolver capacidades cr\u00edticas que s\u00e3o essenciais para o pensamento anal\u00edtico.  <\/p>\n\n\n\n<h3 class=\"wp-block-heading\">6. Pratica a s\u00edntese da informa\u00e7\u00e3o:<\/h3>\n\n\n\n<p>A s\u00edntese \u00e9 uma parte integrante do pensamento anal\u00edtico. Pratica a capacidade de combinar informa\u00e7\u00e3o de uma variedade de fontes e disciplinas para desenvolver uma compreens\u00e3o mais completa de um t\u00f3pico. Isto permitir-te-\u00e1 ver liga\u00e7\u00f5es e padr\u00f5es que, de outra forma, poderiam passar despercebidos.  <\/p>\n\n\n\n<h3 class=\"wp-block-heading\">7. Utiliza ferramentas de an\u00e1lise:<\/h3>\n\n\n\n<p>Familiariza-te com v\u00e1rias ferramentas e t\u00e9cnicas de an\u00e1lise, tais como fluxogramas, mapas mentais, <a href=\"https:\/\/www.questionpro.com\/blog\/pt\/analise-swot-o-que-e-e-como-aplica-la-na-tua-empresa\/\">an\u00e1lise SWOT<\/a> (Strengths, Weaknesses, Opportunities and Threats), entre outras. Estas ferramentas v\u00e3o ajudar-te a organizar e a visualizar a informa\u00e7\u00e3o de forma eficaz, facilitando o processo de an\u00e1lise e s\u00edntese. <\/p>\n\n\n\n<h3 class=\"wp-block-heading\">8. Pratica a escuta ativa:<\/h3>\n\n\n\n<p>A capacidade de ouvir e compreender as ideias dos outros \u00e9 crucial para o pensamento anal\u00edtico. Pratica <a href=\"https:\/\/www.questionpro.com\/blog\/es\/escucha-activa\/\">a escuta ativa<\/a>, prestando aten\u00e7\u00e3o n\u00e3o s\u00f3 \u00e0s palavras, mas tamb\u00e9m \u00e0s emo\u00e7\u00f5es e inten\u00e7\u00f5es por detr\u00e1s delas. Isto ajudar-te-\u00e1 a compreender melhor as quest\u00f5es e a considerar v\u00e1rias perspectivas.  <\/p>\n\n\n\n<h3 class=\"wp-block-heading\">9. Reflecte e avalia o teu pensamento:<\/h3>\n\n\n\n<p>Tira algum tempo para refletir sobre o teu pr\u00f3prio processo de pensamento. Depois de resolveres um problema ou tomares uma decis\u00e3o, d\u00e1 um passo atr\u00e1s e avalia os teus pressupostos, a tua abordagem e as tuas conclus\u00f5es. Identifica as \u00e1reas em que podes melhorar e procura oportunidades para aprenderes e cresceres.  <\/p>\n\n\n\n<h3 class=\"wp-block-heading\">10. Aprende com a experi\u00eancia:<\/h3>\n\n\n\n<p>A pr\u00e1tica constante \u00e9 fundamental para desenvolver o pensamento anal\u00edtico. Aprende com os teus sucessos e fracassos e utiliza essas experi\u00eancias para informar e melhorar a tua abordagem no futuro. A perseveran\u00e7a e a vontade de enfrentar novos desafios ajudar-te-\u00e3o a refor\u00e7ar continuamente as tuas capacidades anal\u00edticas.  <\/p>\n\n\n\n<p>Em suma, desenvolver o pensamento anal\u00edtico requer pr\u00e1tica, paci\u00eancia e dedica\u00e7\u00e3o. Ao incorporares estas estrat\u00e9gias na tua vida di\u00e1ria, poder\u00e1s melhorar a tua clareza mental, tomar decis\u00f5es mais informadas e encontrar solu\u00e7\u00f5es eficazes para os desafios que enfrentas. <\/p>\n\n\n\n<h2 class=\"wp-block-heading\">Exemplo de pensamento anal\u00edtico<\/h2>\n\n\n\n<p>Imaginemos que uma equipa de trabalho enfrenta o desafio de melhorar a efici\u00eancia dos seus processos internos. Usando o pensamento anal\u00edtico, poderiam seguir estes passos: <\/p>\n\n\n\n<ol>\n<li><strong>Decomposi\u00e7\u00e3o: <\/strong>Identifica os diferentes aspectos dos seus processos actuais, como a comunica\u00e7\u00e3o, a atribui\u00e7\u00e3o de tarefas, a gest\u00e3o do tempo, etc.<\/li>\n\n\n\n<li><strong>An\u00e1lise<\/strong>: Examina cada aspeto em pormenor, identificando poss\u00edveis pontos de fric\u00e7\u00e3o, estrangulamentos e \u00e1reas a melhorar.<\/li>\n\n\n\n<li><strong>S\u00edntese<\/strong>: Combina as informa\u00e7\u00f5es recolhidas para desenvolver uma compreens\u00e3o global dos desafios e das oportunidades de melhoria.<\/li>\n\n\n\n<li><strong>Pensamento cr\u00edtico<\/strong>: questiona os pressupostos subjacentes, avalia a validade de diferentes abordagens e considera as poss\u00edveis consequ\u00eancias de cada a\u00e7\u00e3o.<\/li>\n\n\n\n<li><strong>Criatividade<\/strong>: Geram ideias inovadoras para enfrentar os desafios identificados, como a implementa\u00e7\u00e3o de novas ferramentas de gest\u00e3o de projectos ou a reorganiza\u00e7\u00e3o das equipas de trabalho.<\/li>\n\n\n\n<li><strong>Planeamento e a\u00e7\u00e3o<\/strong>: Desenvolveriam um plano de a\u00e7\u00e3o pormenorizado, definindo objectivos claros, atribuindo responsabilidades e estabelecendo m\u00e9tricas para medir os progressos.<\/li>\n<\/ol>\n\n\n\n<p>Ao seguir esta abordagem anal\u00edtica, a equipa estaria mais bem equipada para identificar e resolver os problemas subjacentes, o que lhe permitiria melhorar significativamente a sua efici\u00eancia operacional.<\/p>\n\n\n\n<h2 class=\"wp-block-heading\">Conclus\u00e3o<\/h2>\n\n\n\n<p>Em conclus\u00e3o, o pensamento anal\u00edtico \u00e9 uma compet\u00eancia fundamental que nos permite decompor problemas complexos, examinar atentamente os seus componentes e chegar a solu\u00e7\u00f5es eficazes. Atrav\u00e9s da pr\u00e1tica regular e da concentra\u00e7\u00e3o consciente no desenvolvimento desta compet\u00eancia, podemos refor\u00e7ar a nossa capacidade de abordar os desafios com clareza e confian\u00e7a em todos os aspectos da nossa vida.   <\/p>\n\n\n\n<p>Ao cultivar o pensamento anal\u00edtico, n\u00e3o s\u00f3 melhoramos a nossa capacidade de resolver problemas, tomar decis\u00f5es informadas e comunicar eficazmente, como tamb\u00e9m alargamos a nossa compreens\u00e3o do mundo que nos rodeia e tornamo-nos agentes mais eficazes de mudan\u00e7a e progresso. Num mundo cada vez mais complexo e din\u00e2mico, o pensamento anal\u00edtico torna-se uma ferramenta essencial para o sucesso pessoal e profissional. <\/p>\n\n\n\n<p>Existem ferramentas que te podem ajudar nesta tarefa de tomada de decis\u00e3o, podes recolher dados que te permitem fazer uma an\u00e1lise e agir de forma eficaz. Descobre como o QuestionPro te pode ajudar nesta e noutras actividades. <\/p>\n\n\n\n<br>\n<center>\n<a href=\"https:\/\/eu.questionpro.com\/a\/showEntry.do?lan=pt_PT&#038;custom1=blog\">\n        <button style=\"background: #ff9f00\">Cria uma conta gratuita<\/button>\n    <\/a>\n    <a href=\"https:\/\/contactar.questionpro.com\/t\/AM4X9Z3LxD?custom1=pensamento-anal\u00edtico\u201d target=\"_blank\" rel=\"noopener\">\n        <button>Agendar uma demonstra\u00e7\u00e3o<\/button>\n    <\/a>\n<\/center>\n<br>\n","protected":false},"excerpt":{"rendered":"<p>No mundo complexo e din\u00e2mico de hoje, a capacidade de pensar analiticamente tornou-se uma compet\u00eancia inestim\u00e1vel. Desde a resolu\u00e7\u00e3o de [&hellip;]<\/p>\n","protected":false},"author":42,"featured_media":967833,"comment_status":"closed","ping_status":"closed","sticky":false,"template":"","format":"standard","meta":{"_yoast_wpseo_focuskw":"Pensamento anal\u00edtico","_yoast_wpseo_title":"Pensamento anal\u00edtico: o que \u00e9 e como implement\u00e1-lo?","_yoast_wpseo_metadesc":"Aprende como o pensamento anal\u00edtico nos ajuda a ter uma compreens\u00e3o mais profunda e a encontrar solu\u00e7\u00f5es eficazes para todos os problemas.","_genesis_hide_title":false,"_genesis_hide_breadcrumbs":false,"_genesis_hide_singular_image":false,"_genesis_hide_footer_widgets":false,"_genesis_custom_body_class":"","_genesis_custom_post_class":"","_genesis_layout":"","footnotes":""},"categories":[2140],"tags":[],"yoast_head":"<!-- This site is optimized with the Yoast SEO plugin v20.4 - https:\/\/yoast.com\/wordpress\/plugins\/seo\/ -->\n<title>Pensamento anal\u00edtico: o que \u00e9 e como implement\u00e1-lo?<\/title>\n<meta name=\"description\" content=\"Aprende como o pensamento anal\u00edtico nos ajuda a ter uma compreens\u00e3o mais profunda e a encontrar solu\u00e7\u00f5es eficazes para todos os problemas.\" \/>\n<meta name=\"robots\" content=\"index, follow, max-snippet:-1, max-image-preview:large, max-video-preview:-1\" \/>\n<link rel=\"canonical\" href=\"https:\/\/www.questionpro.com\/blog\/pt\/pensamento-analitico-o-que-e-carateristicas-e-como-implementa-lo\/\" \/>\n<meta property=\"og:locale\" content=\"pt_PT\" \/>\n<meta property=\"og:type\" content=\"article\" \/>\n<meta property=\"og:title\" content=\"Pensamento anal\u00edtico: o que \u00e9 e como implement\u00e1-lo?\" \/>\n<meta property=\"og:description\" content=\"Aprende como o pensamento anal\u00edtico nos ajuda a ter uma compreens\u00e3o mais profunda e a encontrar solu\u00e7\u00f5es eficazes para todos os problemas.\" \/>\n<meta property=\"og:url\" content=\"https:\/\/www.questionpro.com\/blog\/pt\/pensamento-analitico-o-que-e-carateristicas-e-como-implementa-lo\/\" \/>\n<meta property=\"og:site_name\" content=\"QuestionPro\" \/>\n<meta property=\"article:publisher\" content=\"https:\/\/www.facebook.com\/questionpro\" \/>\n<meta property=\"article:published_time\" content=\"2024-05-22T14:00:00+00:00\" \/>\n<meta property=\"article:modified_time\" content=\"2025-02-17T21:19:58+00:00\" \/>\n<meta property=\"og:image\" content=\"https:\/\/www.questionpro.com\/blog\/wp-content\/uploads\/2024\/05\/2737-Portada-pensamiento-analitico.jpg\" \/>\n\t<meta property=\"og:image:width\" content=\"2100\" \/>\n\t<meta property=\"og:image:height\" content=\"1254\" \/>\n\t<meta property=\"og:image:type\" content=\"image\/jpeg\" \/>\n<meta name=\"author\" content=\"Cristina Ortega\" \/>\n<meta name=\"twitter:card\" content=\"summary_large_image\" \/>\n<meta name=\"twitter:creator\" content=\"@questionpro\" \/>\n<meta name=\"twitter:site\" content=\"@questionpro\" \/>\n<meta name=\"twitter:label1\" content=\"Written by\" \/>\n\t<meta name=\"twitter:data1\" content=\"Cristina Ortega\" \/>\n\t<meta name=\"twitter:label2\" content=\"Est. reading time\" \/>\n\t<meta name=\"twitter:data2\" content=\"7 minutes\" \/>\n<script type=\"application\/ld+json\" class=\"yoast-schema-graph\">{\"@context\":\"https:\/\/schema.org\",\"@graph\":[{\"@type\":\"Article\",\"@id\":\"https:\/\/www.questionpro.com\/blog\/pt\/pensamento-analitico-o-que-e-carateristicas-e-como-implementa-lo\/#article\",\"isPartOf\":{\"@id\":\"https:\/\/www.questionpro.com\/blog\/pt\/pensamento-analitico-o-que-e-carateristicas-e-como-implementa-lo\/\"},\"author\":{\"name\":\"Cristina Ortega\",\"@id\":\"https:\/\/www.questionpro.com\/blog\/pt\/#\/schema\/person\/36aae2d8eed7708b6408f95c0198593d\"},\"headline\":\"Pensamento anal\u00edtico: o que \u00e9, carater\u00edsticas e como implement\u00e1-lo\",\"datePublished\":\"2024-05-22T14:00:00+00:00\",\"dateModified\":\"2025-02-17T21:19:58+00:00\",\"mainEntityOfPage\":{\"@id\":\"https:\/\/www.questionpro.com\/blog\/pt\/pensamento-analitico-o-que-e-carateristicas-e-como-implementa-lo\/\"},\"wordCount\":1737,\"publisher\":{\"@id\":\"https:\/\/www.questionpro.com\/blog\/pt\/#organization\"},\"articleSection\":[\"Pesquisa de mercado\"],\"inLanguage\":\"pt\"},{\"@type\":\"WebPage\",\"@id\":\"https:\/\/www.questionpro.com\/blog\/pt\/pensamento-analitico-o-que-e-carateristicas-e-como-implementa-lo\/\",\"url\":\"https:\/\/www.questionpro.com\/blog\/pt\/pensamento-analitico-o-que-e-carateristicas-e-como-implementa-lo\/\",\"name\":\"Pensamento anal\u00edtico: o que \u00e9 e como implement\u00e1-lo?\",\"isPartOf\":{\"@id\":\"https:\/\/www.questionpro.com\/blog\/pt\/#website\"},\"datePublished\":\"2024-05-22T14:00:00+00:00\",\"dateModified\":\"2025-02-17T21:19:58+00:00\",\"description\":\"Aprende como o pensamento anal\u00edtico nos ajuda a ter uma compreens\u00e3o mais profunda e a encontrar solu\u00e7\u00f5es eficazes para todos os problemas.\",\"breadcrumb\":{\"@id\":\"https:\/\/www.questionpro.com\/blog\/pt\/pensamento-analitico-o-que-e-carateristicas-e-como-implementa-lo\/#breadcrumb\"},\"inLanguage\":\"pt\",\"potentialAction\":[{\"@type\":\"ReadAction\",\"target\":[\"https:\/\/www.questionpro.com\/blog\/pt\/pensamento-analitico-o-que-e-carateristicas-e-como-implementa-lo\/\"]}]},{\"@type\":\"BreadcrumbList\",\"@id\":\"https:\/\/www.questionpro.com\/blog\/pt\/pensamento-analitico-o-que-e-carateristicas-e-como-implementa-lo\/#breadcrumb\",\"itemListElement\":[{\"@type\":\"ListItem\",\"position\":1,\"name\":\"Home\",\"item\":\"https:\/\/www.questionpro.com\/blog\/pt\/\"},{\"@type\":\"ListItem\",\"position\":2,\"name\":\"Pesquisa de mercado\",\"item\":\"https:\/\/www.questionpro.com\/blog\/pt\/category\/pesquisa-de-mercado-pt\/\"},{\"@type\":\"ListItem\",\"position\":3,\"name\":\"Pensamento anal\u00edtico: o que \u00e9, carater\u00edsticas e como implement\u00e1-lo\"}]},{\"@type\":\"WebSite\",\"@id\":\"https:\/\/www.questionpro.com\/blog\/pt\/#website\",\"url\":\"https:\/\/www.questionpro.com\/blog\/pt\/\",\"name\":\"QuestionPro\",\"description\":\"\",\"publisher\":{\"@id\":\"https:\/\/www.questionpro.com\/blog\/pt\/#organization\"},\"potentialAction\":[{\"@type\":\"SearchAction\",\"target\":{\"@type\":\"EntryPoint\",\"urlTemplate\":\"https:\/\/www.questionpro.com\/blog\/pt\/?s={search_term_string}\"},\"query-input\":\"required name=search_term_string\"}],\"inLanguage\":\"pt\"},{\"@type\":\"Organization\",\"@id\":\"https:\/\/www.questionpro.com\/blog\/pt\/#organization\",\"name\":\"QuestionPro\",\"url\":\"https:\/\/www.questionpro.com\/blog\/pt\/\",\"logo\":{\"@type\":\"ImageObject\",\"inLanguage\":\"pt\",\"@id\":\"https:\/\/www.questionpro.com\/blog\/pt\/#\/schema\/logo\/image\/\",\"url\":\"https:\/\/www.questionpro.com\/blog\/wp-content\/uploads\/2022\/10\/questionpro-logo.svg\",\"contentUrl\":\"https:\/\/www.questionpro.com\/blog\/wp-content\/uploads\/2022\/10\/questionpro-logo.svg\",\"caption\":\"QuestionPro\"},\"image\":{\"@id\":\"https:\/\/www.questionpro.com\/blog\/pt\/#\/schema\/logo\/image\/\"},\"sameAs\":[\"https:\/\/www.facebook.com\/questionpro\",\"https:\/\/twitter.com\/questionpro\",\"https:\/\/www.linkedin.com\/company\/questionpro\/\"]},{\"@type\":\"Person\",\"@id\":\"https:\/\/www.questionpro.com\/blog\/pt\/#\/schema\/person\/36aae2d8eed7708b6408f95c0198593d\",\"name\":\"Cristina Ortega\",\"image\":{\"@type\":\"ImageObject\",\"inLanguage\":\"pt\",\"@id\":\"https:\/\/www.questionpro.com\/blog\/pt\/#\/schema\/person\/image\/\",\"url\":\"https:\/\/secure.gravatar.com\/avatar\/49635f2181bfe83c436d50b9a8bf1f2e?s=96&d=mm&r=g\",\"contentUrl\":\"https:\/\/secure.gravatar.com\/avatar\/49635f2181bfe83c436d50b9a8bf1f2e?s=96&d=mm&r=g\",\"caption\":\"Cristina Ortega\"},\"url\":\"https:\/\/www.questionpro.com\/blog\/pt\/author\/cristinaortega\/\"}]}<\/script>\n<!-- \/ Yoast SEO plugin. -->","yoast_head_json":{"title":"Pensamento anal\u00edtico: o que \u00e9 e como implement\u00e1-lo?","description":"Aprende como o pensamento anal\u00edtico nos ajuda a ter uma compreens\u00e3o mais profunda e a encontrar solu\u00e7\u00f5es eficazes para todos os problemas.","robots":{"index":"index","follow":"follow","max-snippet":"max-snippet:-1","max-image-preview":"max-image-preview:large","max-video-preview":"max-video-preview:-1"},"canonical":"https:\/\/www.questionpro.com\/blog\/pt\/pensamento-analitico-o-que-e-carateristicas-e-como-implementa-lo\/","og_locale":"pt_PT","og_type":"article","og_title":"Pensamento anal\u00edtico: o que \u00e9 e como implement\u00e1-lo?","og_description":"Aprende como o pensamento anal\u00edtico nos ajuda a ter uma compreens\u00e3o mais profunda e a encontrar solu\u00e7\u00f5es eficazes para todos os problemas.","og_url":"https:\/\/www.questionpro.com\/blog\/pt\/pensamento-analitico-o-que-e-carateristicas-e-como-implementa-lo\/","og_site_name":"QuestionPro","article_publisher":"https:\/\/www.facebook.com\/questionpro","article_published_time":"2024-05-22T14:00:00+00:00","article_modified_time":"2025-02-17T21:19:58+00:00","og_image":[{"width":2100,"height":1254,"url":"https:\/\/www.questionpro.com\/blog\/wp-content\/uploads\/2024\/05\/2737-Portada-pensamiento-analitico.jpg","type":"image\/jpeg"}],"author":"Cristina Ortega","twitter_card":"summary_large_image","twitter_creator":"@questionpro","twitter_site":"@questionpro","twitter_misc":{"Written by":"Cristina Ortega","Est. reading time":"7 minutes"},"schema":{"@context":"https:\/\/schema.org","@graph":[{"@type":"Article","@id":"https:\/\/www.questionpro.com\/blog\/pt\/pensamento-analitico-o-que-e-carateristicas-e-como-implementa-lo\/#article","isPartOf":{"@id":"https:\/\/www.questionpro.com\/blog\/pt\/pensamento-analitico-o-que-e-carateristicas-e-como-implementa-lo\/"},"author":{"name":"Cristina Ortega","@id":"https:\/\/www.questionpro.com\/blog\/pt\/#\/schema\/person\/36aae2d8eed7708b6408f95c0198593d"},"headline":"Pensamento anal\u00edtico: o que \u00e9, carater\u00edsticas e como implement\u00e1-lo","datePublished":"2024-05-22T14:00:00+00:00","dateModified":"2025-02-17T21:19:58+00:00","mainEntityOfPage":{"@id":"https:\/\/www.questionpro.com\/blog\/pt\/pensamento-analitico-o-que-e-carateristicas-e-como-implementa-lo\/"},"wordCount":1737,"publisher":{"@id":"https:\/\/www.questionpro.com\/blog\/pt\/#organization"},"articleSection":["Pesquisa de mercado"],"inLanguage":"pt"},{"@type":"WebPage","@id":"https:\/\/www.questionpro.com\/blog\/pt\/pensamento-analitico-o-que-e-carateristicas-e-como-implementa-lo\/","url":"https:\/\/www.questionpro.com\/blog\/pt\/pensamento-analitico-o-que-e-carateristicas-e-como-implementa-lo\/","name":"Pensamento anal\u00edtico: o que \u00e9 e como implement\u00e1-lo?","isPartOf":{"@id":"https:\/\/www.questionpro.com\/blog\/pt\/#website"},"datePublished":"2024-05-22T14:00:00+00:00","dateModified":"2025-02-17T21:19:58+00:00","description":"Aprende como o pensamento anal\u00edtico nos ajuda a ter uma compreens\u00e3o mais profunda e a encontrar solu\u00e7\u00f5es eficazes para todos os problemas.","breadcrumb":{"@id":"https:\/\/www.questionpro.com\/blog\/pt\/pensamento-analitico-o-que-e-carateristicas-e-como-implementa-lo\/#breadcrumb"},"inLanguage":"pt","potentialAction":[{"@type":"ReadAction","target":["https:\/\/www.questionpro.com\/blog\/pt\/pensamento-analitico-o-que-e-carateristicas-e-como-implementa-lo\/"]}]},{"@type":"BreadcrumbList","@id":"https:\/\/www.questionpro.com\/blog\/pt\/pensamento-analitico-o-que-e-carateristicas-e-como-implementa-lo\/#breadcrumb","itemListElement":[{"@type":"ListItem","position":1,"name":"Home","item":"https:\/\/www.questionpro.com\/blog\/pt\/"},{"@type":"ListItem","position":2,"name":"Pesquisa de mercado","item":"https:\/\/www.questionpro.com\/blog\/pt\/category\/pesquisa-de-mercado-pt\/"},{"@type":"ListItem","position":3,"name":"Pensamento anal\u00edtico: o que \u00e9, carater\u00edsticas e como implement\u00e1-lo"}]},{"@type":"WebSite","@id":"https:\/\/www.questionpro.com\/blog\/pt\/#website","url":"https:\/\/www.questionpro.com\/blog\/pt\/","name":"QuestionPro","description":"","publisher":{"@id":"https:\/\/www.questionpro.com\/blog\/pt\/#organization"},"potentialAction":[{"@type":"SearchAction","target":{"@type":"EntryPoint","urlTemplate":"https:\/\/www.questionpro.com\/blog\/pt\/?s={search_term_string}"},"query-input":"required name=search_term_string"}],"inLanguage":"pt"},{"@type":"Organization","@id":"https:\/\/www.questionpro.com\/blog\/pt\/#organization","name":"QuestionPro","url":"https:\/\/www.questionpro.com\/blog\/pt\/","logo":{"@type":"ImageObject","inLanguage":"pt","@id":"https:\/\/www.questionpro.com\/blog\/pt\/#\/schema\/logo\/image\/","url":"https:\/\/www.questionpro.com\/blog\/wp-content\/uploads\/2022\/10\/questionpro-logo.svg","contentUrl":"https:\/\/www.questionpro.com\/blog\/wp-content\/uploads\/2022\/10\/questionpro-logo.svg","caption":"QuestionPro"},"image":{"@id":"https:\/\/www.questionpro.com\/blog\/pt\/#\/schema\/logo\/image\/"},"sameAs":["https:\/\/www.facebook.com\/questionpro","https:\/\/twitter.com\/questionpro","https:\/\/www.linkedin.com\/company\/questionpro\/"]},{"@type":"Person","@id":"https:\/\/www.questionpro.com\/blog\/pt\/#\/schema\/person\/36aae2d8eed7708b6408f95c0198593d","name":"Cristina Ortega","image":{"@type":"ImageObject","inLanguage":"pt","@id":"https:\/\/www.questionpro.com\/blog\/pt\/#\/schema\/person\/image\/","url":"https:\/\/secure.gravatar.com\/avatar\/49635f2181bfe83c436d50b9a8bf1f2e?s=96&d=mm&r=g","contentUrl":"https:\/\/secure.gravatar.com\/avatar\/49635f2181bfe83c436d50b9a8bf1f2e?s=96&d=mm&r=g","caption":"Cristina Ortega"},"url":"https:\/\/www.questionpro.com\/blog\/pt\/author\/cristinaortega\/"}]}},"featured_image_src":"https:\/\/www.questionpro.com\/blog\/wp-content\/uploads\/2024\/05\/2737-Portada-pensamiento-analitico.jpg","featured_image_src_square":"https:\/\/www.questionpro.com\/blog\/wp-content\/uploads\/2024\/05\/2737-Portada-pensamiento-analitico.jpg","author_info":{"display_name":"Cristina Ortega","author_link":"https:\/\/www.questionpro.com\/blog\/pt\/author\/cristinaortega\/"},"_links":{"self":[{"href":"https:\/\/www.questionpro.com\/blog\/pt\/wp-json\/wp\/v2\/posts\/1011520"}],"collection":[{"href":"https:\/\/www.questionpro.com\/blog\/pt\/wp-json\/wp\/v2\/posts"}],"about":[{"href":"https:\/\/www.questionpro.com\/blog\/pt\/wp-json\/wp\/v2\/types\/post"}],"author":[{"embeddable":true,"href":"https:\/\/www.questionpro.com\/blog\/pt\/wp-json\/wp\/v2\/users\/42"}],"replies":[{"embeddable":true,"href":"https:\/\/www.questionpro.com\/blog\/pt\/wp-json\/wp\/v2\/comments?post=1011520"}],"version-history":[{"count":2,"href":"https:\/\/www.questionpro.com\/blog\/pt\/wp-json\/wp\/v2\/posts\/1011520\/revisions"}],"predecessor-version":[{"id":1011523,"href":"https:\/\/www.questionpro.com\/blog\/pt\/wp-json\/wp\/v2\/posts\/1011520\/revisions\/1011523"}],"wp:featuredmedia":[{"embeddable":true,"href":"https:\/\/www.questionpro.com\/blog\/pt\/wp-json\/wp\/v2\/media\/967833"}],"wp:attachment":[{"href":"https:\/\/www.questionpro.com\/blog\/pt\/wp-json\/wp\/v2\/media?parent=1011520"}],"wp:term":[{"taxonomy":"category","embeddable":true,"href":"https:\/\/www.questionpro.com\/blog\/pt\/wp-json\/wp\/v2\/categories?post=1011520"},{"taxonomy":"post_tag","embeddable":true,"href":"https:\/\/www.questionpro.com\/blog\/pt\/wp-json\/wp\/v2\/tags?post=1011520"}],"curies":[{"name":"wp","href":"https:\/\/api.w.org\/{rel}","templated":true}]}}