

{"id":1012342,"date":"2022-08-26T02:00:31","date_gmt":"2022-08-26T09:00:31","guid":{"rendered":"https:\/\/www.questionpro.com\/blog\/a-comunicacao-politica-o-que-e-qual-a-sua-importancia-e-quais-os-seus-instrumentos\/"},"modified":"2025-02-21T13:10:32","modified_gmt":"2025-02-21T20:10:32","slug":"a-comunicacao-politica-o-que-e-qual-a-sua-importancia-e-quais-os-seus-instrumentos","status":"publish","type":"post","link":"https:\/\/www.questionpro.com\/blog\/pt\/a-comunicacao-politica-o-que-e-qual-a-sua-importancia-e-quais-os-seus-instrumentos\/","title":{"rendered":"A comunica\u00e7\u00e3o pol\u00edtica: o que \u00e9, qual a sua import\u00e2ncia e quais os seus instrumentos"},"content":{"rendered":"<p style=\"text-align: left;\"><span style=\"font-weight: 400;\">A <\/span><b>comunica\u00e7\u00e3o pol\u00edtica<\/b><span style=\"font-weight: 400;\"> representa um grande campo de interesse tanto para a gera\u00e7\u00e3o de estrat\u00e9gias nos diferentes n\u00edveis de poder dos cidad\u00e3os, como para a investiga\u00e7\u00e3o acad\u00e9mica e a an\u00e1lise jornal\u00edstica.<\/span><\/p>\n<p style=\"text-align: left;\"><span style=\"font-weight: 400;\">Sendo um tema de interesse geral, neste artigo compil\u00e1mos em que consiste, as suas carater\u00edsticas, import\u00e2ncia e as ferramentas que s\u00e3o utilizadas para o desenvolver em diferentes \u00e1reas.<\/span><\/p>\n<h2 style=\"text-align: left;\"><span style=\"font-weight: 400;\">O que \u00e9 a comunica\u00e7\u00e3o pol\u00edtica?<\/span><\/h2>\n<p style=\"text-align: left;\"><span style=\"font-weight: 400;\">A comunica\u00e7\u00e3o pol\u00edtica \u00e9 uma subdisciplina que emerge da intersec\u00e7\u00e3o entre a comunica\u00e7\u00e3o e a ci\u00eancia pol\u00edtica para estudar a forma como a informa\u00e7\u00e3o \u00e9 divulgada e influencia a pol\u00edtica e a troca de mensagens entre pol\u00edticos, os meios de comunica\u00e7\u00e3o social e o p\u00fablico em geral.\u00a0<\/span><\/p>\n<p style=\"text-align: left;\"><span style=\"font-weight: 400;\">A comunica\u00e7\u00e3o pol\u00edtica funciona como um processo interativo que pode ser dirigido para dentro ou para fora. A carater\u00edstica que define a comunica\u00e7\u00e3o pol\u00edtica \u00e9 a <\/span><b>cria\u00e7\u00e3o de narrativas significativas na sociedade que funcionem para informar, persuadir e chamar os cidad\u00e3os \u00e0 a\u00e7\u00e3o.<\/b><span style=\"font-weight: 400;\"> que trabalham para informar, persuadir e chamar os cidad\u00e3os \u00e0 a\u00e7\u00e3o.<\/span><\/p>\n<p style=\"text-align: left;\"><span style=\"font-weight: 400;\">Enquanto \u00e1rea interdisciplinar, combina as ci\u00eancias sociais, a comunica\u00e7\u00e3o estrat\u00e9gica e os estudos sobre os meios de comunica\u00e7\u00e3o com a pol\u00edtica e a governa\u00e7\u00e3o.\u00a0<\/span><\/p>\n<p style=\"text-align: left;\"><span style=\"font-weight: 400;\">As t\u00e9cnicas e estrat\u00e9gias de comunica\u00e7\u00e3o pol\u00edtica permitem criar, moldar e distribuir mensagens suscept\u00edveis de influenciar o processo pol\u00edtico, tanto para os dirigentes pol\u00edticos como para os respons\u00e1veis pelas rela\u00e7\u00f5es p\u00fablicas, redactores de discursos, funcion\u00e1rios p\u00fablicos, diretores de campanha, consultores pol\u00edticos e diversos profissionais da pol\u00edtica.\u00a0<\/span><\/p>\n<p style=\"text-align: left;\"><span style=\"font-weight: 400;\">Al\u00e9m disso, a comunica\u00e7\u00e3o pol\u00edtica \u00e9 tamb\u00e9m um campo de investiga\u00e7\u00e3o acad\u00e9mica. <\/span><span style=\"font-weight: 400;\">investiga\u00e7\u00e3o acad\u00e9mica<\/span><span style=\"font-weight: 400;\">. Os profissionais desta \u00e1rea estudam a rela\u00e7\u00e3o entre os tr\u00eas processos de comunica\u00e7\u00e3o pol\u00edtica: \u00a0<\/span><\/p>\n<ul style=\"text-align: left;\">\n<li style=\"font-weight: 400;\" aria-level=\"1\"><span style=\"font-weight: 400;\">A produ\u00e7\u00e3o e a transmiss\u00e3o de mensagens.<\/span><\/li>\n<li style=\"font-weight: 400;\" aria-level=\"1\"><span style=\"font-weight: 400;\">O conte\u00fado.<\/span><\/li>\n<li style=\"font-weight: 400;\" aria-level=\"1\"><span style=\"font-weight: 400;\">A rece\u00e7\u00e3o e a interpreta\u00e7\u00e3o dessas mensagens.\u00a0<\/span><\/li>\n<\/ul>\n<p style=\"text-align: left;\"><span style=\"font-weight: 400;\">Por exemplo, os investigadores em comunica\u00e7\u00e3o pol\u00edtica podem estudar a forma como os governos justificam o acesso e o registo das informa\u00e7\u00f5es pessoais dos cidad\u00e3os em linha como forma de controlo da comunica\u00e7\u00e3o de massas, ou como os meios de comunica\u00e7\u00e3o social est\u00e3o a esbater as fronteiras da comunica\u00e7\u00e3o privada e p\u00fablica em rela\u00e7\u00e3o \u00e0s cren\u00e7as e atitudes pol\u00edticas.\u00a0<\/span><\/p>\n<p style=\"text-align: left;\"><span style=\"font-weight: 400;\">Outras poss\u00edveis vias de investiga\u00e7\u00e3o poderiam ser a rela\u00e7\u00e3o entre os discursos proferidos por pol\u00edticos em rela\u00e7\u00e3o ao desenvolvimento do emprego ou a melhorias no sistema educativo e a sua influ\u00eancia em grupos espec\u00edficos de eleitores, e o impacto de palavras-chave pol\u00edticas ou frases-chave na forma\u00e7\u00e3o do sentimento p\u00fablico e nos resultados da vota\u00e7\u00e3o.<\/span><\/p>\n<h2 style=\"text-align: left;\"><span style=\"font-weight: 400;\">Import\u00e2ncia da comunica\u00e7\u00e3o pol\u00edtica<\/span><\/h2>\n<p style=\"text-align: left;\"><span style=\"font-weight: 400;\">A comunica\u00e7\u00e3o pol\u00edtica \u00e9 um processo indispens\u00e1vel no espa\u00e7o pol\u00edtico contempor\u00e2neo, pois permite o di\u00e1logo para o discurso pol\u00edtico, a a\u00e7\u00e3o para os pol\u00edticos, a informa\u00e7\u00e3o para os jornalistas e a comunica\u00e7\u00e3o para a opini\u00e3o p\u00fablica e as sondagens. <\/span><span style=\"font-weight: 400;\">sondagens<\/span><span style=\"font-weight: 400;\">.\u00a0<\/span><\/p>\n<p style=\"text-align: left;\"><span style=\"font-weight: 400;\">A comunica\u00e7\u00e3o pol\u00edtica ajuda a abordar v\u00e1rias quest\u00f5es de interesse pol\u00edtico e facilita o processo de sele\u00e7\u00e3o, hierarquiza\u00e7\u00e3o e elimina\u00e7\u00e3o da informa\u00e7\u00e3o, proporcionando elasticidade suficiente ao sistema pol\u00edtico.\u00a0<\/span><\/p>\n<p style=\"text-align: left;\"><span style=\"font-weight: 400;\">A comunica\u00e7\u00e3o pol\u00edtica constitui o pre\u00e2mbulo da opini\u00e3o p\u00fablica, uma vez que \u00e9 a fonte da opini\u00e3o p\u00fablica. \u00c9 produzida a partir do tema de interesse, depois os meios de comunica\u00e7\u00e3o social divulgam a informa\u00e7\u00e3o e, por fim, os interessados geram uma opini\u00e3o sobre a qual debatem com outros. \u00a0<\/span><\/p>\n<p style=\"text-align: left;\"><span style=\"font-weight: 400;\">Quanto ao governo, serve como incentivo para agir e produzir estrat\u00e9gias e pol\u00edticas p\u00fablicas, como a media\u00e7\u00e3o comunit\u00e1ria, para resolver o problema estabelecido, por exemplo, atrav\u00e9s da realiza\u00e7\u00e3o de <\/span><span style=\"font-weight: 400;\">pesquisas eleitorais<\/span><span style=\"font-weight: 400;\">.<\/span><\/p>\n<h2 style=\"text-align: left;\"><span style=\"font-weight: 400;\">Carater\u00edsticas de uma boa comunica\u00e7\u00e3o pol\u00edtica<\/span><\/h2>\n<p style=\"text-align: left;\"><span style=\"font-weight: 400;\">H\u00e1 v\u00e1rias carater\u00edsticas que devem ser tidas em conta para desenvolver uma estrat\u00e9gia de comunica\u00e7\u00e3o pol\u00edtica. Apresentamos-te aqui as 5 mais importantes: <\/span><\/p>\n<h3 style=\"text-align: left;\"><span style=\"font-weight: 400;\">1. consist\u00eancia, credibilidade e coer\u00eancia<\/span><\/h3>\n<p style=\"text-align: left;\"><span style=\"font-weight: 400;\">Uma boa estrat\u00e9gia de comunica\u00e7\u00e3o pol\u00edtica exige a constru\u00e7\u00e3o de uma narrativa que descreva o projeto pol\u00edtico em que se valoriza a consist\u00eancia, a credibilidade e a coer\u00eancia para gerar confian\u00e7a nas pessoas.<\/span><\/p>\n<p style=\"text-align: left;\"><span style=\"font-weight: 400;\">Mais importante ainda do que as medidas pol\u00edticas individuais, uma boa <\/span><b>pol\u00edtica fornece uma vis\u00e3o global e coerente<\/b><span style=\"font-weight: 400;\">. Esta coer\u00eancia \u00e9 a base fundamental que deve inspirar todas as outras t\u00e1cticas. <\/span><\/p>\n<h3 style=\"text-align: left;\"><span style=\"font-weight: 400;\">2. escolhe cuidadosamente as palavras<\/span><\/h3>\n<p style=\"text-align: left;\"><span style=\"font-weight: 400;\">\u00c9 importante ouvir o p\u00fablico-alvo de uma estrat\u00e9gia de comunica\u00e7\u00e3o pol\u00edtica para saber como transmitir o discurso e a narrativa que queres expressar e para criar mensagens eficazes.\u00a0<\/span><\/p>\n<p style=\"text-align: left;\"><span style=\"font-weight: 400;\">Isto inclui a <\/span><b>selecionar tons diferentes consoante a idade dos eleitores<\/b><span style=\"font-weight: 400;\"> dos eleitores e tamb\u00e9m a concentra\u00e7\u00e3o nas mensagens-chave subjacentes \u00e0s tuas pol\u00edticas e a tentativa de as comunicar de uma forma compreens\u00edvel.\u00a0<\/span><\/p>\n<h3 style=\"text-align: left;\"><span style=\"font-weight: 400;\">3. Dinamismo<\/span><\/h3>\n<p style=\"text-align: left;\"><span style=\"font-weight: 400;\">As boas estrat\u00e9gias de comunica\u00e7\u00e3o pol\u00edtica reagem r\u00e1pida e agilmente a todos os tipos de acontecimentos imprevistos para criar mensagens adequadas e n\u00e3o for\u00e7adas em momentos decisivos.\u00a0<\/span><\/p>\n<p style=\"text-align: left;\"><span style=\"font-weight: 400;\">Embora isso ainda aconte\u00e7a, sobretudo quando se est\u00e1 no poder, a sociedade penaliza cada vez mais os dirigentes que se calam ou n\u00e3o aceitam as perguntas dos jornalistas.<\/span><\/p>\n<h3 style=\"text-align: left;\"><span style=\"font-weight: 400;\">4. Estrat\u00e9gias diferentes para cada canal<\/span><\/h3>\n<p style=\"text-align: left;\"><span style=\"font-weight: 400;\">A emerg\u00eancia das redes sociais e dos canais digitais no seu conjunto deu origem a novas formas de comunica\u00e7\u00e3o, incluindo na pol\u00edtica. N\u00e3o se trata de reproduzir a mesma coisa em cada um deles, mas de <\/span> <b> oferecer conte\u00fados adequados nos diferentes canais onde se encontra o p\u00fablico-alvo<\/b><span style=\"font-weight: 400;\"> em que se encontra o p\u00fablico-alvo.\u00a0<\/span><\/p>\n<p style=\"text-align: left;\"><span style=\"font-weight: 400;\">Al\u00e9m disso, certos formatos funcionam melhor nuns casos do que noutros. Por exemplo, os v\u00eddeos curtos s\u00e3o \u00f3ptimos para o Facebook, mas n\u00e3o para outras plataformas, e lembra-te que as redes sociais s\u00e3o bidireccionais. N\u00e3o se trata apenas de dizer ou transmitir mensagens, mas tamb\u00e9m de dialogar e ouvir. <\/span><\/p>\n<h3 style=\"text-align: left;\"><span style=\"font-weight: 400;\">5. Autenticidade e empatia<\/span><\/h3>\n<p style=\"text-align: left;\"><span style=\"font-weight: 400;\">Os pol\u00edticos s\u00e3o, por defini\u00e7\u00e3o, representantes do povo. \u00c9 por isso que \u00e9 importante estar pr\u00f3ximo dos cidad\u00e3os e conhecer diretamente as suas preocupa\u00e7\u00f5es. Os eleitores exigem candidatos que conhe\u00e7am pessoalmente e que sejam convincentes. <\/span><\/p>\n<p style=\"text-align: left;\"><span style=\"font-weight: 400;\">Mesmo o boca a boca n\u00e3o perdeu a sua relev\u00e2ncia na era digital. Quer seja online, em eventos ou durante encontros presenciais, mostrar autenticidade e empatia representa uma oportunidade para construir uma marca forte em torno de um l\u00edder.<\/span><\/p>\n<h2 style=\"text-align: left;\"><span style=\"font-weight: 400;\">5 ferramentas para medir a tua comunica\u00e7\u00e3o pol\u00edtica<\/span><\/h2>\n<p style=\"text-align: left;\"><span style=\"font-weight: 400;\">Alguns dos instrumentos de comunica\u00e7\u00e3o pol\u00edtica s\u00e3o<\/span><\/p>\n<ul style=\"text-align: left;\">\n<li style=\"font-weight: 400;\" aria-level=\"1\">\n<h3><span style=\"font-weight: 400;\">Sondagens pol\u00edticas<\/span><\/h3>\n<\/li>\n<\/ul>\n<p style=\"text-align: left;\"><span style=\"font-weight: 400;\">Atualmente, os <\/span><span style=\"font-weight: 400;\">inqu\u00e9ritos em linha<\/span><span style=\"font-weight: 400;\"> s\u00e3o uma das formas mais rent\u00e1veis de recolher dados, o que pode ser validado pela observa\u00e7\u00e3o de que est\u00e3o a ser cada vez mais utilizados em compara\u00e7\u00e3o com outros m\u00e9todos de recolha de dados.\u00a0<\/span><\/p>\n<p style=\"text-align: left;\"><span style=\"font-weight: 400;\">Os investigadores pol\u00edticos preferem a metodologia dos inqu\u00e9ritos em linha quando t\u00eam de fazer v\u00e1rias perguntas a uma grande popula\u00e7\u00e3o-alvo.\u00a0<\/span><\/p>\n<p style=\"text-align: left;\"><span style=\"font-weight: 400;\">Por outro lado, a <\/span><span style=\"font-weight: 400;\">sondagem presencial<\/span><span style=\"font-weight: 400;\"> Por outro lado, a sondagem presencial pode ser \u00fatil para garantir a validade das respostas, uma vez que detecta os sinais sociais, a linguagem corporal e os recursos visuais dos eleitores.<\/span><\/p>\n<ul style=\"text-align: left;\">\n<li style=\"font-weight: 400;\" aria-level=\"1\">\n<h3><span style=\"font-weight: 400;\">M\u00e9tricas das redes sociais<\/span><\/h3>\n<\/li>\n<\/ul>\n<p style=\"text-align: left;\"><span style=\"font-weight: 400;\">As m\u00e9tricas das redes sociais podem indicar a frequ\u00eancia com que um l\u00edder comunicou com a sua comunidade e qual foi o resultado.\u00a0<\/span><\/p>\n<p style=\"text-align: left;\"><span style=\"font-weight: 400;\">Por exemplo, pode mostrar o \u00eaxito de uma digress\u00e3o pol\u00edtica ou de um esfor\u00e7o de campanha para identificar os grupos mais envolvidos, os mais activos e os mais influentes, o que pode ajudar a segmentar melhor os alvos.<\/span><\/p>\n<ul style=\"text-align: left;\">\n<li style=\"font-weight: 400;\" aria-level=\"1\">\n<h3><span style=\"font-weight: 400;\">Entrevistas em profundidade<\/span><\/h3>\n<\/li>\n<\/ul>\n<p style=\"text-align: left;\"><span style=\"font-weight: 400;\">A compreens\u00e3o do impacto das mensagens pol\u00edticas exige uma an\u00e1lise atenta da popula\u00e7\u00e3o-alvo, das suas orienta\u00e7\u00f5es pr\u00e9vias e da forma como processa a informa\u00e7\u00e3o.<\/span><\/p>\n<p style=\"text-align: left;\"><span style=\"font-weight: 400;\">Isto pode ser conseguido atrav\u00e9s da an\u00e1lise intensiva de pequenos grupos de indiv\u00edduos, utilizando <\/span><span style=\"font-weight: 400;\">entrevistas em profundidade<\/span><span style=\"font-weight: 400;\">, <\/span><span style=\"font-weight: 400;\">grupos de discuss\u00e3o<\/span><span style=\"font-weight: 400;\"> e v\u00e1rios instrumentos de teste psicol\u00f3gico.\u00a0<\/span><\/p>\n<p style=\"text-align: left;\"><span style=\"font-weight: 400;\">As conclus\u00f5es destes testes intensivos s\u00e3o muito \u00fateis para compreender os processos psicol\u00f3gicos subjacentes aos resultados dos inqu\u00e9ritos de massa.<\/span><\/p>\n<ul style=\"text-align: left;\">\n<li style=\"font-weight: 400;\" aria-level=\"1\">\n<h3><span style=\"font-weight: 400;\">An\u00e1lise de conte\u00fado<\/span><\/h3>\n<\/li>\n<\/ul>\n<p style=\"text-align: left;\"><span style=\"font-weight: 400;\">Quando a investiga\u00e7\u00e3o se centra em mensagens pol\u00edticas, \u00e9 necess\u00e1rio efetuar alguma forma de an\u00e1lise textual. <\/span><span style=\"font-weight: 400;\">an\u00e1lise de texto <\/span><span style=\"font-weight: 400;\">Esta an\u00e1lise pode ser aplicada a diferentes tipos de conte\u00fado, como documentos escritos ou impressos, mensagens gravadas, filmes e grava\u00e7\u00f5es \u00e1udio.\u00a0<\/span><\/p>\n<p style=\"text-align: left;\"><span style=\"font-weight: 400;\">As mensagens podem mesmo ser analisadas instantaneamente se estiverem presentes observadores no momento em que s\u00e3o proferidas.\u00a0<\/span><\/p>\n<p style=\"text-align: left;\"><span style=\"font-weight: 400;\">A utiliza\u00e7\u00e3o de um <\/span><span style=\"font-weight: 400;\">software de an\u00e1lise de texto e conte\u00fado<\/span><span style=\"font-weight: 400;\"> tornou-se um bom m\u00e9todo para este efeito, embora exija uma boa prepara\u00e7\u00e3o dos dados, especialmente quando estes n\u00e3o se encontram inicialmente numa forma digitalmente leg\u00edvel.<\/span><\/p>\n<ul style=\"text-align: left;\">\n<li style=\"font-weight: 400;\" aria-level=\"1\">\n<h3><span style=\"font-weight: 400;\">An\u00e1lise de rede<\/span><\/h3>\n<\/li>\n<\/ul>\n<p style=\"text-align: left;\"><span style=\"font-weight: 400;\">A an\u00e1lise de rede centra-se nos aspectos interactivos da comunica\u00e7\u00e3o e trata-os como n\u00f3s numa teia de rela\u00e7\u00f5es interdependentes.\u00a0<\/span><\/p>\n<p style=\"text-align: left;\"><span style=\"font-weight: 400;\">Por conseguinte, os analistas de redes n\u00e3o agregam informa\u00e7\u00f5es recolhidas de membros individuais para descrever situa\u00e7\u00f5es pol\u00edticas, mas descrevem antes a forma como eles e as suas mensagens funcionam como parte da rede.<\/span><\/p>\n<h2 style=\"text-align: left;\"><span style=\"font-weight: 400;\">Conclus\u00e3o<\/span><\/h2>\n<p style=\"text-align: left;\"><span style=\"font-weight: 400;\">Como podes ver, a comunica\u00e7\u00e3o pol\u00edtica tem m\u00faltiplas \u00e1reas de a\u00e7\u00e3o, tanto para o desenvolvimento de pol\u00edticas p\u00fablicas como para a investiga\u00e7\u00e3o.<\/span><\/p>\n<p style=\"text-align: left;\"><span style=\"font-weight: 400;\">Por esta raz\u00e3o, dispor das melhores ferramentas \u00e9 essencial para a recolha de informa\u00e7\u00f5es, quer para a investiga\u00e7\u00e3o fundamental ou aplicada, quer para a tomada de decis\u00f5es na esfera p\u00fablica.<\/span><\/p>\n<p style=\"text-align: left;\"><span style=\"font-weight: 400;\">Lembra-te que no QuestionPro podes usufruir das nossas ferramentas gratuitas para criar, distribuir e analisar os teus inqu\u00e9ritos, bem como de vantagens especiais para professores, investigadores e estudantes no \u00e2mbito da nossa <\/span><span style=\"font-weight: 400;\">licen\u00e7a acad\u00e9mica<\/span><span style=\"font-weight: 400;\">.<\/span><\/p>\n<p><span style=\"font-weight: 400;\">Se quiseres saber como outros aproveitaram esta oportunidade, convidamos-te a conhecer a hist\u00f3ria de sucesso do Dr. Carlos Mu\u00f1iz, que nos apresentou no nosso \u00faltimo <\/span><span style=\"font-weight: 400;\">XDay primavera LATAM 2022<\/span><span style=\"font-weight: 400;\"> um estudo sobre a influ\u00eancia dos meios de comunica\u00e7\u00e3o na perce\u00e7\u00e3o de risco dos mexicanos em rela\u00e7\u00e3o \u00e0 Covid-19, utilizando o servi\u00e7o QuestionPro.<\/span><\/p>\n<center><\/center><center><\/center>\n\n\n<br>\n<center>\n<a href=\"https:\/\/eu.questionpro.com\/a\/showEntry.do?lan=pt_PT&#038;custom1=blog\">\n        <button style=\"background: #ff9f00\">Cria uma conta gratuita<\/button>\n    <\/a>\n    <a href=\"https:\/\/contactar.questionpro.com\/t\/AM4X9Z3LxD?custom1=comunica\u00e7\u00e3o-pol\u00edtica\u201d target=\"_blank\" rel=\"noopener\">\n        <button>Agendar uma demonstra\u00e7\u00e3o<\/button>\n    <\/a>\n<\/center>\n<br>\n\n","protected":false},"excerpt":{"rendered":"<p>A comunica\u00e7\u00e3o pol\u00edtica representa um grande campo de interesse tanto para a gera\u00e7\u00e3o de estrat\u00e9gias nos diferentes n\u00edveis de poder [&hellip;]<\/p>\n","protected":false},"author":47,"featured_media":952785,"comment_status":"closed","ping_status":"closed","sticky":false,"template":"","format":"standard","meta":{"_genesis_hide_title":false,"_genesis_hide_breadcrumbs":false,"_genesis_hide_singular_image":false,"_genesis_hide_footer_widgets":false,"_genesis_custom_body_class":"","_genesis_custom_post_class":"","_genesis_layout":"","footnotes":""},"categories":[2534,2140],"tags":[],"yoast_head":"<!-- This site is optimized with the Yoast SEO plugin v20.4 - https:\/\/yoast.com\/wordpress\/plugins\/seo\/ -->\n<title>A comunica\u00e7\u00e3o pol\u00edtica: o que \u00e9, qual a sua import\u00e2ncia e quais os seus instrumentos<\/title>\n<meta name=\"description\" content=\"Descobre o que \u00e9 a comunica\u00e7\u00e3o pol\u00edtica, quais s\u00e3o as suas carater\u00edsticas, a sua import\u00e2ncia e as ferramentas para a desenvolver com sucesso.\" \/>\n<meta name=\"robots\" content=\"index, follow, max-snippet:-1, max-image-preview:large, max-video-preview:-1\" \/>\n<link rel=\"canonical\" href=\"https:\/\/www.questionpro.com\/blog\/pt\/a-comunicacao-politica-o-que-e-qual-a-sua-importancia-e-quais-os-seus-instrumentos\/\" \/>\n<meta property=\"og:locale\" content=\"pt_PT\" \/>\n<meta property=\"og:type\" content=\"article\" \/>\n<meta property=\"og:title\" content=\"A comunica\u00e7\u00e3o pol\u00edtica: o que \u00e9, qual a sua import\u00e2ncia e quais os seus instrumentos\" \/>\n<meta property=\"og:description\" content=\"Descobre o que \u00e9 a comunica\u00e7\u00e3o pol\u00edtica, quais s\u00e3o as suas carater\u00edsticas, a sua import\u00e2ncia e as ferramentas para a desenvolver com sucesso.\" \/>\n<meta property=\"og:url\" content=\"https:\/\/www.questionpro.com\/blog\/pt\/a-comunicacao-politica-o-que-e-qual-a-sua-importancia-e-quais-os-seus-instrumentos\/\" \/>\n<meta property=\"og:site_name\" content=\"QuestionPro\" \/>\n<meta property=\"article:publisher\" content=\"https:\/\/www.facebook.com\/questionpro\" \/>\n<meta property=\"article:published_time\" content=\"2022-08-26T09:00:31+00:00\" \/>\n<meta property=\"article:modified_time\" content=\"2025-02-21T20:10:32+00:00\" \/>\n<meta property=\"og:image\" content=\"https:\/\/www.questionpro.com\/blog\/wp-content\/uploads\/2022\/08\/2115-comunicacion-politica.jpg\" \/>\n\t<meta property=\"og:image:width\" content=\"900\" \/>\n\t<meta property=\"og:image:height\" content=\"600\" \/>\n\t<meta property=\"og:image:type\" content=\"image\/jpeg\" \/>\n<meta name=\"author\" content=\"Marytere Narvaez\" \/>\n<meta name=\"twitter:card\" content=\"summary_large_image\" \/>\n<meta name=\"twitter:creator\" content=\"@questionpro\" \/>\n<meta name=\"twitter:site\" content=\"@questionpro\" \/>\n<meta name=\"twitter:label1\" content=\"Written by\" \/>\n\t<meta name=\"twitter:data1\" content=\"Marytere Narvaez\" \/>\n\t<meta name=\"twitter:label2\" content=\"Est. reading time\" \/>\n\t<meta name=\"twitter:data2\" content=\"7 minutes\" \/>\n<script type=\"application\/ld+json\" class=\"yoast-schema-graph\">{\"@context\":\"https:\/\/schema.org\",\"@graph\":[{\"@type\":\"Article\",\"@id\":\"https:\/\/www.questionpro.com\/blog\/pt\/a-comunicacao-politica-o-que-e-qual-a-sua-importancia-e-quais-os-seus-instrumentos\/#article\",\"isPartOf\":{\"@id\":\"https:\/\/www.questionpro.com\/blog\/pt\/a-comunicacao-politica-o-que-e-qual-a-sua-importancia-e-quais-os-seus-instrumentos\/\"},\"author\":{\"name\":\"Marytere Narvaez\",\"@id\":\"https:\/\/www.questionpro.com\/blog\/pt\/#\/schema\/person\/501d372d2c1f28be39d17fe2885b6350\"},\"headline\":\"A comunica\u00e7\u00e3o pol\u00edtica: o que \u00e9, qual a sua import\u00e2ncia e quais os seus instrumentos\",\"datePublished\":\"2022-08-26T09:00:31+00:00\",\"dateModified\":\"2025-02-21T20:10:32+00:00\",\"mainEntityOfPage\":{\"@id\":\"https:\/\/www.questionpro.com\/blog\/pt\/a-comunicacao-politica-o-que-e-qual-a-sua-importancia-e-quais-os-seus-instrumentos\/\"},\"wordCount\":1785,\"publisher\":{\"@id\":\"https:\/\/www.questionpro.com\/blog\/pt\/#organization\"},\"articleSection\":[\"Investiga\u00e7\u00e3o acad\u00e9mica\",\"Pesquisa de mercado\"],\"inLanguage\":\"pt\"},{\"@type\":\"WebPage\",\"@id\":\"https:\/\/www.questionpro.com\/blog\/pt\/a-comunicacao-politica-o-que-e-qual-a-sua-importancia-e-quais-os-seus-instrumentos\/\",\"url\":\"https:\/\/www.questionpro.com\/blog\/pt\/a-comunicacao-politica-o-que-e-qual-a-sua-importancia-e-quais-os-seus-instrumentos\/\",\"name\":\"A comunica\u00e7\u00e3o pol\u00edtica: o que \u00e9, qual a sua import\u00e2ncia e quais os seus instrumentos\",\"isPartOf\":{\"@id\":\"https:\/\/www.questionpro.com\/blog\/pt\/#website\"},\"datePublished\":\"2022-08-26T09:00:31+00:00\",\"dateModified\":\"2025-02-21T20:10:32+00:00\",\"description\":\"Descobre o que \u00e9 a comunica\u00e7\u00e3o pol\u00edtica, quais s\u00e3o as suas carater\u00edsticas, a sua import\u00e2ncia e as ferramentas para a desenvolver com sucesso.\",\"breadcrumb\":{\"@id\":\"https:\/\/www.questionpro.com\/blog\/pt\/a-comunicacao-politica-o-que-e-qual-a-sua-importancia-e-quais-os-seus-instrumentos\/#breadcrumb\"},\"inLanguage\":\"pt\",\"potentialAction\":[{\"@type\":\"ReadAction\",\"target\":[\"https:\/\/www.questionpro.com\/blog\/pt\/a-comunicacao-politica-o-que-e-qual-a-sua-importancia-e-quais-os-seus-instrumentos\/\"]}]},{\"@type\":\"BreadcrumbList\",\"@id\":\"https:\/\/www.questionpro.com\/blog\/pt\/a-comunicacao-politica-o-que-e-qual-a-sua-importancia-e-quais-os-seus-instrumentos\/#breadcrumb\",\"itemListElement\":[{\"@type\":\"ListItem\",\"position\":1,\"name\":\"Home\",\"item\":\"https:\/\/www.questionpro.com\/blog\/pt\/\"},{\"@type\":\"ListItem\",\"position\":2,\"name\":\"Pesquisa de mercado\",\"item\":\"https:\/\/www.questionpro.com\/blog\/pt\/category\/pesquisa-de-mercado-pt\/\"},{\"@type\":\"ListItem\",\"position\":3,\"name\":\"A comunica\u00e7\u00e3o pol\u00edtica: o que \u00e9, qual a sua import\u00e2ncia e quais os seus instrumentos\"}]},{\"@type\":\"WebSite\",\"@id\":\"https:\/\/www.questionpro.com\/blog\/pt\/#website\",\"url\":\"https:\/\/www.questionpro.com\/blog\/pt\/\",\"name\":\"QuestionPro\",\"description\":\"\",\"publisher\":{\"@id\":\"https:\/\/www.questionpro.com\/blog\/pt\/#organization\"},\"potentialAction\":[{\"@type\":\"SearchAction\",\"target\":{\"@type\":\"EntryPoint\",\"urlTemplate\":\"https:\/\/www.questionpro.com\/blog\/pt\/?s={search_term_string}\"},\"query-input\":\"required name=search_term_string\"}],\"inLanguage\":\"pt\"},{\"@type\":\"Organization\",\"@id\":\"https:\/\/www.questionpro.com\/blog\/pt\/#organization\",\"name\":\"QuestionPro\",\"url\":\"https:\/\/www.questionpro.com\/blog\/pt\/\",\"logo\":{\"@type\":\"ImageObject\",\"inLanguage\":\"pt\",\"@id\":\"https:\/\/www.questionpro.com\/blog\/pt\/#\/schema\/logo\/image\/\",\"url\":\"https:\/\/www.questionpro.com\/blog\/wp-content\/uploads\/2022\/10\/questionpro-logo.svg\",\"contentUrl\":\"https:\/\/www.questionpro.com\/blog\/wp-content\/uploads\/2022\/10\/questionpro-logo.svg\",\"caption\":\"QuestionPro\"},\"image\":{\"@id\":\"https:\/\/www.questionpro.com\/blog\/pt\/#\/schema\/logo\/image\/\"},\"sameAs\":[\"https:\/\/www.facebook.com\/questionpro\",\"https:\/\/twitter.com\/questionpro\",\"https:\/\/www.linkedin.com\/company\/questionpro\/\"]},{\"@type\":\"Person\",\"@id\":\"https:\/\/www.questionpro.com\/blog\/pt\/#\/schema\/person\/501d372d2c1f28be39d17fe2885b6350\",\"name\":\"Marytere Narvaez\",\"image\":{\"@type\":\"ImageObject\",\"inLanguage\":\"pt\",\"@id\":\"https:\/\/www.questionpro.com\/blog\/pt\/#\/schema\/person\/image\/\",\"url\":\"https:\/\/secure.gravatar.com\/avatar\/0a95aa27d703393a72894871d806ba74?s=96&d=mm&r=g\",\"contentUrl\":\"https:\/\/secure.gravatar.com\/avatar\/0a95aa27d703393a72894871d806ba74?s=96&d=mm&r=g\",\"caption\":\"Marytere Narvaez\"},\"url\":\"https:\/\/www.questionpro.com\/blog\/pt\/author\/marytere\/\"}]}<\/script>\n<!-- \/ Yoast SEO plugin. -->","yoast_head_json":{"title":"A comunica\u00e7\u00e3o pol\u00edtica: o que \u00e9, qual a sua import\u00e2ncia e quais os seus instrumentos","description":"Descobre o que \u00e9 a comunica\u00e7\u00e3o pol\u00edtica, quais s\u00e3o as suas carater\u00edsticas, a sua import\u00e2ncia e as ferramentas para a desenvolver com sucesso.","robots":{"index":"index","follow":"follow","max-snippet":"max-snippet:-1","max-image-preview":"max-image-preview:large","max-video-preview":"max-video-preview:-1"},"canonical":"https:\/\/www.questionpro.com\/blog\/pt\/a-comunicacao-politica-o-que-e-qual-a-sua-importancia-e-quais-os-seus-instrumentos\/","og_locale":"pt_PT","og_type":"article","og_title":"A comunica\u00e7\u00e3o pol\u00edtica: o que \u00e9, qual a sua import\u00e2ncia e quais os seus instrumentos","og_description":"Descobre o que \u00e9 a comunica\u00e7\u00e3o pol\u00edtica, quais s\u00e3o as suas carater\u00edsticas, a sua import\u00e2ncia e as ferramentas para a desenvolver com sucesso.","og_url":"https:\/\/www.questionpro.com\/blog\/pt\/a-comunicacao-politica-o-que-e-qual-a-sua-importancia-e-quais-os-seus-instrumentos\/","og_site_name":"QuestionPro","article_publisher":"https:\/\/www.facebook.com\/questionpro","article_published_time":"2022-08-26T09:00:31+00:00","article_modified_time":"2025-02-21T20:10:32+00:00","og_image":[{"width":900,"height":600,"url":"https:\/\/www.questionpro.com\/blog\/wp-content\/uploads\/2022\/08\/2115-comunicacion-politica.jpg","type":"image\/jpeg"}],"author":"Marytere Narvaez","twitter_card":"summary_large_image","twitter_creator":"@questionpro","twitter_site":"@questionpro","twitter_misc":{"Written by":"Marytere Narvaez","Est. reading time":"7 minutes"},"schema":{"@context":"https:\/\/schema.org","@graph":[{"@type":"Article","@id":"https:\/\/www.questionpro.com\/blog\/pt\/a-comunicacao-politica-o-que-e-qual-a-sua-importancia-e-quais-os-seus-instrumentos\/#article","isPartOf":{"@id":"https:\/\/www.questionpro.com\/blog\/pt\/a-comunicacao-politica-o-que-e-qual-a-sua-importancia-e-quais-os-seus-instrumentos\/"},"author":{"name":"Marytere Narvaez","@id":"https:\/\/www.questionpro.com\/blog\/pt\/#\/schema\/person\/501d372d2c1f28be39d17fe2885b6350"},"headline":"A comunica\u00e7\u00e3o pol\u00edtica: o que \u00e9, qual a sua import\u00e2ncia e quais os seus instrumentos","datePublished":"2022-08-26T09:00:31+00:00","dateModified":"2025-02-21T20:10:32+00:00","mainEntityOfPage":{"@id":"https:\/\/www.questionpro.com\/blog\/pt\/a-comunicacao-politica-o-que-e-qual-a-sua-importancia-e-quais-os-seus-instrumentos\/"},"wordCount":1785,"publisher":{"@id":"https:\/\/www.questionpro.com\/blog\/pt\/#organization"},"articleSection":["Investiga\u00e7\u00e3o acad\u00e9mica","Pesquisa de mercado"],"inLanguage":"pt"},{"@type":"WebPage","@id":"https:\/\/www.questionpro.com\/blog\/pt\/a-comunicacao-politica-o-que-e-qual-a-sua-importancia-e-quais-os-seus-instrumentos\/","url":"https:\/\/www.questionpro.com\/blog\/pt\/a-comunicacao-politica-o-que-e-qual-a-sua-importancia-e-quais-os-seus-instrumentos\/","name":"A comunica\u00e7\u00e3o pol\u00edtica: o que \u00e9, qual a sua import\u00e2ncia e quais os seus instrumentos","isPartOf":{"@id":"https:\/\/www.questionpro.com\/blog\/pt\/#website"},"datePublished":"2022-08-26T09:00:31+00:00","dateModified":"2025-02-21T20:10:32+00:00","description":"Descobre o que \u00e9 a comunica\u00e7\u00e3o pol\u00edtica, quais s\u00e3o as suas carater\u00edsticas, a sua import\u00e2ncia e as ferramentas para a desenvolver com sucesso.","breadcrumb":{"@id":"https:\/\/www.questionpro.com\/blog\/pt\/a-comunicacao-politica-o-que-e-qual-a-sua-importancia-e-quais-os-seus-instrumentos\/#breadcrumb"},"inLanguage":"pt","potentialAction":[{"@type":"ReadAction","target":["https:\/\/www.questionpro.com\/blog\/pt\/a-comunicacao-politica-o-que-e-qual-a-sua-importancia-e-quais-os-seus-instrumentos\/"]}]},{"@type":"BreadcrumbList","@id":"https:\/\/www.questionpro.com\/blog\/pt\/a-comunicacao-politica-o-que-e-qual-a-sua-importancia-e-quais-os-seus-instrumentos\/#breadcrumb","itemListElement":[{"@type":"ListItem","position":1,"name":"Home","item":"https:\/\/www.questionpro.com\/blog\/pt\/"},{"@type":"ListItem","position":2,"name":"Pesquisa de mercado","item":"https:\/\/www.questionpro.com\/blog\/pt\/category\/pesquisa-de-mercado-pt\/"},{"@type":"ListItem","position":3,"name":"A comunica\u00e7\u00e3o pol\u00edtica: o que \u00e9, qual a sua import\u00e2ncia e quais os seus instrumentos"}]},{"@type":"WebSite","@id":"https:\/\/www.questionpro.com\/blog\/pt\/#website","url":"https:\/\/www.questionpro.com\/blog\/pt\/","name":"QuestionPro","description":"","publisher":{"@id":"https:\/\/www.questionpro.com\/blog\/pt\/#organization"},"potentialAction":[{"@type":"SearchAction","target":{"@type":"EntryPoint","urlTemplate":"https:\/\/www.questionpro.com\/blog\/pt\/?s={search_term_string}"},"query-input":"required name=search_term_string"}],"inLanguage":"pt"},{"@type":"Organization","@id":"https:\/\/www.questionpro.com\/blog\/pt\/#organization","name":"QuestionPro","url":"https:\/\/www.questionpro.com\/blog\/pt\/","logo":{"@type":"ImageObject","inLanguage":"pt","@id":"https:\/\/www.questionpro.com\/blog\/pt\/#\/schema\/logo\/image\/","url":"https:\/\/www.questionpro.com\/blog\/wp-content\/uploads\/2022\/10\/questionpro-logo.svg","contentUrl":"https:\/\/www.questionpro.com\/blog\/wp-content\/uploads\/2022\/10\/questionpro-logo.svg","caption":"QuestionPro"},"image":{"@id":"https:\/\/www.questionpro.com\/blog\/pt\/#\/schema\/logo\/image\/"},"sameAs":["https:\/\/www.facebook.com\/questionpro","https:\/\/twitter.com\/questionpro","https:\/\/www.linkedin.com\/company\/questionpro\/"]},{"@type":"Person","@id":"https:\/\/www.questionpro.com\/blog\/pt\/#\/schema\/person\/501d372d2c1f28be39d17fe2885b6350","name":"Marytere Narvaez","image":{"@type":"ImageObject","inLanguage":"pt","@id":"https:\/\/www.questionpro.com\/blog\/pt\/#\/schema\/person\/image\/","url":"https:\/\/secure.gravatar.com\/avatar\/0a95aa27d703393a72894871d806ba74?s=96&d=mm&r=g","contentUrl":"https:\/\/secure.gravatar.com\/avatar\/0a95aa27d703393a72894871d806ba74?s=96&d=mm&r=g","caption":"Marytere Narvaez"},"url":"https:\/\/www.questionpro.com\/blog\/pt\/author\/marytere\/"}]}},"featured_image_src":"https:\/\/www.questionpro.com\/blog\/wp-content\/uploads\/2022\/08\/2115-comunicacion-politica.jpg","featured_image_src_square":"https:\/\/www.questionpro.com\/blog\/wp-content\/uploads\/2022\/08\/2115-comunicacion-politica.jpg","author_info":{"display_name":"Marytere Narvaez","author_link":"https:\/\/www.questionpro.com\/blog\/pt\/author\/marytere\/"},"_links":{"self":[{"href":"https:\/\/www.questionpro.com\/blog\/pt\/wp-json\/wp\/v2\/posts\/1012342"}],"collection":[{"href":"https:\/\/www.questionpro.com\/blog\/pt\/wp-json\/wp\/v2\/posts"}],"about":[{"href":"https:\/\/www.questionpro.com\/blog\/pt\/wp-json\/wp\/v2\/types\/post"}],"author":[{"embeddable":true,"href":"https:\/\/www.questionpro.com\/blog\/pt\/wp-json\/wp\/v2\/users\/47"}],"replies":[{"embeddable":true,"href":"https:\/\/www.questionpro.com\/blog\/pt\/wp-json\/wp\/v2\/comments?post=1012342"}],"version-history":[{"count":1,"href":"https:\/\/www.questionpro.com\/blog\/pt\/wp-json\/wp\/v2\/posts\/1012342\/revisions"}],"predecessor-version":[{"id":1012344,"href":"https:\/\/www.questionpro.com\/blog\/pt\/wp-json\/wp\/v2\/posts\/1012342\/revisions\/1012344"}],"wp:featuredmedia":[{"embeddable":true,"href":"https:\/\/www.questionpro.com\/blog\/pt\/wp-json\/wp\/v2\/media\/952785"}],"wp:attachment":[{"href":"https:\/\/www.questionpro.com\/blog\/pt\/wp-json\/wp\/v2\/media?parent=1012342"}],"wp:term":[{"taxonomy":"category","embeddable":true,"href":"https:\/\/www.questionpro.com\/blog\/pt\/wp-json\/wp\/v2\/categories?post=1012342"},{"taxonomy":"post_tag","embeddable":true,"href":"https:\/\/www.questionpro.com\/blog\/pt\/wp-json\/wp\/v2\/tags?post=1012342"}],"curies":[{"name":"wp","href":"https:\/\/api.w.org\/{rel}","templated":true}]}}