

{"id":1051931,"date":"2025-01-27T11:59:35","date_gmt":"2025-01-27T18:59:35","guid":{"rendered":"https:\/\/www.questionpro.com\/blog\/a-geracao-beta-carateristicas-e-como-se-preparar-para-os-alcancar\/"},"modified":"2025-12-16T09:47:52","modified_gmt":"2025-12-16T16:47:52","slug":"a-geracao-beta-carateristicas-e-como-se-preparar-para-os-alcancar","status":"publish","type":"post","link":"https:\/\/www.questionpro.com\/blog\/pt\/a-geracao-beta-carateristicas-e-como-se-preparar-para-os-alcancar\/","title":{"rendered":"A Gera\u00e7\u00e3o Beta: Carater\u00edsticas e como se preparar para os alcan\u00e7ar"},"content":{"rendered":"\n<p>Imagina um mundo onde os rob\u00f4s s\u00e3o assistentes di\u00e1rios, a intelig\u00eancia artificial n\u00e3o s\u00f3 prev\u00ea o tempo, mas tamb\u00e9m as tuas emo\u00e7\u00f5es, e os hologramas fazem parte das reuni\u00f5es familiares. Neste cen\u00e1rio, nascem os membros da <strong>Gera\u00e7\u00e3o Beta<\/strong>, tamb\u00e9m conhecida como a gera\u00e7\u00e3o que inicia a sua viagem a partir de 2025.   <\/p>\n\n\n\n<p>\u00c9 um grupo que promete revolucionar a forma como entendemos a tecnologia, as rela\u00e7\u00f5es e o consumo. Mas porque \u00e9 que os deves conhecer? Vamos descobrir!  <\/p>\n\n\n\n\n\n<h2 class=\"wp-block-heading\">Quem \u00e9 a chamada Gera\u00e7\u00e3o Beta?<\/h2>\n\n\n\n<p>A Gera\u00e7\u00e3o Beta engloba os nascidos a partir de 2025, um grupo que crescer\u00e1 totalmente imerso em tecnologias avan\u00e7adas como a intelig\u00eancia artificial, o metaverso e a automa\u00e7\u00e3o. S\u00e3o a primeira gera\u00e7\u00e3o verdadeiramente &#8220;nativa digital 2.0&#8221;, rodeada de ferramentas que n\u00e3o s\u00f3 simplificam a vida, como a remodelam. Ao contr\u00e1rio das gera\u00e7\u00f5es anteriores, n\u00e3o conhecer\u00e3o um mundo sem hiperconectividade.  <\/p>\n\n\n\n<h2 class=\"wp-block-heading\">Carater\u00edsticas que distinguem a Gera\u00e7\u00e3o Beta<\/h2>\n\n\n\n<p>Embora a sua hist\u00f3ria esteja apenas no in\u00edcio, os especialistas projectam as seguintes carater\u00edsticas:<\/p>\n\n\n\n<ol>\n<li><strong>Dom\u00ednio da tecnologia:<\/strong> A Gera\u00e7\u00e3o Beta n\u00e3o se limitar\u00e1 a utilizar a tecnologia; integr\u00e1-la-\u00e1 como uma extens\u00e3o da sua vida quotidiana.<\/li>\n\n\n\n<li><strong>Hipersocialidade digital:<\/strong> As rela\u00e7\u00f5es interpessoais ser\u00e3o em grande parte mediadas por plataformas digitais e ambientes virtuais.<\/li>\n\n\n\n<li><strong>Consci\u00eancia sustent\u00e1vel:<\/strong> Crescer\u00e3o num mundo que enfatiza a import\u00e2ncia de proteger o planeta, com \u00eanfase no consumo respons\u00e1vel.<\/li>\n\n\n\n<li><strong>Aprendizagem personalizada:<\/strong> A tua educa\u00e7\u00e3o ser\u00e1 adaptada \u00e0s tuas necessidades gra\u00e7as \u00e0 intelig\u00eancia artificial, tornando cada experi\u00eancia de aprendizagem \u00fanica.<\/li>\n\n\n\n<li><strong>A inova\u00e7\u00e3o como um valor fundamental:<\/strong> ser\u00e3o criadores e n\u00e3o apenas consumidores, gra\u00e7as a ferramentas como a impress\u00e3o 3D e a programa\u00e7\u00e3o desde tenra idade.<\/li>\n<\/ol>\n\n\n\n<p>Eis algumas <a href=\"https:\/\/www.questionpro.com\/blog\/pt\/ferramentas-de-inteligencia-artificial-5-exemplos-e-suas-carateristicas\/\">ferramentas de intelig\u00eancia artificial<\/a> que te podem ser \u00fateis.<\/p>\n\n\n\n<h2 class=\"wp-block-heading\">Diferen\u00e7as entre a Gera\u00e7\u00e3o Beta e os Millennials e a Gera\u00e7\u00e3o Z<\/h2>\n\n\n\n<p><\/p>\n\n\n\n<p>Embora seja ainda muito cedo para definir completamente a Gera\u00e7\u00e3o Beta, j\u00e1 est\u00e3o a surgir as principais diferen\u00e7as em rela\u00e7\u00e3o \u00e0s gera\u00e7\u00f5es anteriores. Segue-se um quadro com algumas projec\u00e7\u00f5es: <\/p>\n\n\n\n<meta charset=\"UTF-8\"\/>\n    <meta name=\"viewport\" content=\"width=device-width, initial-scale=1.0\"\/>\n    <style>\n        table {\n            border-collapse: collapse;\n            width: 100%;\n        }\n        th, td {\n            border: 1px solid black;\n            padding: 8px;\n            text-align: left;\n        }\n        th {\n            background-color: #f2f2f2;\n        }\n    <\/style>\n\n\n    <table>\n        <thead>\n            <tr>\n                <th>Aspeto<\/th>\n                <th>Gera\u00e7\u00e3o Beta<\/th>\n                <th>Millennials<\/th>\n                <th>Gera\u00e7\u00e3o Z<\/th>\n            <\/tr>\n        <\/thead>\n        <tbody>\n            <tr>\n                <td>Rela\u00e7\u00e3o com a tecnologia<\/td>\n                <td>Integra\u00e7\u00e3o total com IA e automa\u00e7\u00e3o.<\/td>\n                <td>Adapta\u00e7\u00e3o \u00e0 ascens\u00e3o da Internet e das redes sociais.<\/td>\n                <td>Os primeiros nativos digitais.<\/td>\n            <\/tr>\n            <tr>\n                <td>Consumo de media<\/td>\n                <td>Conte\u00fados hiper-personalizados em tempo real.<\/td>\n                <td>Redes sociais e plataformas de streaming.<\/td>\n                <td>Streaming e v\u00eddeos curtos.<\/td>\n            <\/tr>\n            <tr>\n                <td>Educa\u00e7\u00e3o<\/td>\n                <td>Ambientes virtuais e baseados em IA.<\/td>\n                <td>Transi\u00e7\u00e3o entre o tradicional e o digital.<\/td>\n                <td>Primeira gera\u00e7\u00e3o com acesso \u00e0 aprendizagem eletr\u00f3nica em massa.<\/td>\n            <\/tr>\n            <tr>\n                <td>Valores<\/td>\n                <td>Sustentabilidade, inclus\u00e3o e criatividade.<\/td>\n                <td>Progressista e individualista.<\/td>\n                <td>Altamente colaborativo e pragm\u00e1tico.<\/td>\n            <\/tr>\n        <\/tbody>\n    <\/table>\n\n\n\n<p>Descobre mais sobre <a href=\"https:\/\/www.questionpro.com\/blog\/pt\/geracao-z-tudo-o-que-precisas-de-saber-sobre-eles\/\">a Gera\u00e7\u00e3o Z.<\/a><\/p>\n\n\n\n<h2 class=\"wp-block-heading\">O que \u00e9 que a Gera\u00e7\u00e3o Beta vai consumir?<\/h2>\n\n\n\n<p>Embora ainda n\u00e3o tenham um perfil de consumidor definido, est\u00e3o a surgir algumas tend\u00eancias:<\/p>\n\n\n\n<ul>\n<li><strong>Tecnologia imersiva:<\/strong> realidade virtual, realidade aumentada e hologramas.<\/li>\n\n\n\n<li><strong>Produtos sustent\u00e1veis:<\/strong> Concebidos com materiais recicl\u00e1veis e processos respons\u00e1veis.<\/li>\n\n\n\n<li><strong>Conte\u00fados educativos:<\/strong> Plataformas que combinam entretenimento e aprendizagem.<\/li>\n\n\n\n<li><strong>Gadgets personalizados:<\/strong> Dispositivos adaptados \u00e0s necessidades individuais gra\u00e7as \u00e0 IA.<\/li>\n<\/ul>\n\n\n\n<p>Sabe mais sobre a <a href=\"https:\/\/www.questionpro.com\/blog\/pt\/geracao-alpha-carateristicas-dos-nascidos-na-era-digital\/\">gera\u00e7\u00e3o Alfa<\/a>.<\/p>\n\n\n\n<h2 class=\"wp-block-heading\">Como \u00e9 que as marcas se devem preparar para a Gera\u00e7\u00e3o Beta?<\/h2>\n\n\n\n<p>As marcas t\u00eam uma oportunidade \u00fanica de se adaptarem agora e de se ligarem a esta gera\u00e7\u00e3o emergente. Este \u00e9 um momento crucial para estabelecer estrat\u00e9gias que n\u00e3o s\u00f3 considerem as tend\u00eancias actuais, mas tamb\u00e9m antecipem o impacto das tecnologias em evolu\u00e7\u00e3o.   <\/p>\n\n\n\n<p>Ao prepararem-se para esta gera\u00e7\u00e3o, as marcas podem aproveitar o potencial para criar liga\u00e7\u00f5es duradouras e significativas. Aqui est\u00e3o algumas estrat\u00e9gias-chave que podem guiar o caminho: <\/p>\n\n\n\n<h3 class=\"wp-block-heading\">1) Antecipa as tend\u00eancias:  <\/h3>\n\n\n\n<ul>\n<li>Investe em investiga\u00e7\u00e3o e desenvolvimento para compreender o impacto das tecnologias futuras.  <\/li>\n\n\n\n<li>Identifica como inova\u00e7\u00f5es como a intelig\u00eancia artificial, o metaverso e a automa\u00e7\u00e3o est\u00e3o a transformar o comportamento dos consumidores.  <\/li>\n\n\n\n<li>Realiza estudos prospectivos que explorem a forma como estas tecnologias influenciar\u00e3o o estilo de vida, as prefer\u00eancias e as expectativas da Gera\u00e7\u00e3o Beta.<\/li>\n\n\n\n<li>Al\u00e9m disso, colabora com especialistas em tecnologia e sociologia para antecipar a forma como as mudan\u00e7as culturais podem modificar os actuais paradigmas de consumo.<\/li>\n<\/ul>\n\n\n\n<h3 class=\"wp-block-heading\">2. D\u00e1 prioridade \u00e0 sustentabilidade:  <\/h3>\n\n\n\n<p>As novas gera\u00e7\u00f5es v\u00e3o exigir pr\u00e1ticas respons\u00e1veis e transparentes. Este compromisso vai para al\u00e9m de simples declara\u00e7\u00f5es de inten\u00e7\u00e3o; inclui a utiliza\u00e7\u00e3o de materiais amigos do ambiente, a redu\u00e7\u00e3o de res\u00edduos e a implementa\u00e7\u00e3o de processos de produ\u00e7\u00e3o amigos do ambiente.   <\/p>\n\n\n\n<p>As marcas devem tamb\u00e9m destacar-se pelo seu empenho na economia circular e na educa\u00e7\u00e3o dos seus consumidores sobre a import\u00e2ncia do consumo sustent\u00e1vel. Os projectos de refloresta\u00e7\u00e3o, as parcerias com organiza\u00e7\u00f5es ambientais e os produtos concebidos para serem duradouros e recicl\u00e1veis ter\u00e3o um impacto especial na Gera\u00e7\u00e3o Beta, que est\u00e1 a crescer num ambiente em que as altera\u00e7\u00f5es clim\u00e1ticas s\u00e3o uma quest\u00e3o central. <\/p>\n\n\n\n<h3 class=\"wp-block-heading\">3. Incentiva a criatividade:  <\/h3>\n\n\n\n<p>Oferece ferramentas que permitem aos utilizadores criar e personalizar produtos. Isto pode incluir plataformas digitais que lhes permitam desenhar os seus pr\u00f3prios acess\u00f3rios, roupas ou gadgets, utilizando tecnologias como a impress\u00e3o 3D ou software de design intuitivo. \u00c9 tamb\u00e9m essencial proporcionar experi\u00eancias que incentivem a auto-express\u00e3o, como aplica\u00e7\u00f5es ou jogos interactivos que desenvolvam capacidades criativas desde tenra idade. Al\u00e9m disso, as marcas podem promover comunidades online onde os utilizadores partilham as suas cria\u00e7\u00f5es e se inspiram mutuamente, consolidando assim um sentimento de perten\u00e7a e lealdade para com a marca.   <\/p>\n\n\n\n<h3 class=\"wp-block-heading\">4. Concebe experi\u00eancias imersivas:  <\/h3>\n\n\n\n<p>Utiliza tecnologias como a realidade virtual e a realidade aumentada para captar a sua aten\u00e7\u00e3o de forma inovadora e memor\u00e1vel. Cria ambientes onde os utilizadores possam interagir com produtos e servi\u00e7os num espa\u00e7o virtual antes de os comprarem, permitindo uma experi\u00eancia de teste completa. Considera tamb\u00e9m a possibilidade de incorporar narrativas interactivas no metaverso que gerem uma liga\u00e7\u00e3o emocional e transformem o processo de compra numa experi\u00eancia imersiva e divertida. Os eventos virtuais personalizados e gamificados s\u00e3o tamb\u00e9m estrat\u00e9gias eficazes para captar a curiosidade e o entusiasmo desta gera\u00e7\u00e3o.   <\/p>\n\n\n\n<h3 class=\"wp-block-heading\">5. Liga\u00e7\u00e3o emocional:<\/h3>\n\n\n\n<p>Apesar da tecnologia, as emo\u00e7\u00f5es continuar\u00e3o a ser a chave para a lealdade. As marcas devem esfor\u00e7ar-se por criar experi\u00eancias que se relacionem com os valores e aspira\u00e7\u00f5es pessoais da Gera\u00e7\u00e3o Beta. Isto pode ser conseguido atrav\u00e9s de hist\u00f3rias aut\u00eanticas, campanhas emp\u00e1ticas e ac\u00e7\u00f5es significativas que demonstrem empenho em quest\u00f5es importantes como a inclus\u00e3o, a sustentabilidade e o bem-estar. Al\u00e9m disso, a personaliza\u00e7\u00e3o emocional ser\u00e1 fundamental &#8211; desde mensagens que parecem direcionadas para cada indiv\u00edduo at\u00e9 intera\u00e7\u00f5es em tempo real que transmitem cuidado e aten\u00e7\u00e3o. Num mundo dominado pela tecnologia, a capacidade de tocar o cora\u00e7\u00e3o dos consumidores ser\u00e1 o principal fator de diferencia\u00e7\u00e3o na constru\u00e7\u00e3o de rela\u00e7\u00f5es duradouras.    <\/p>\n\n\n\n<h2 class=\"wp-block-heading\">Conclus\u00e3o<\/h2>\n\n\n\n<p>A Gera\u00e7\u00e3o Beta representa o futuro na sua forma mais disruptiva. Embora ainda estejam na sua inf\u00e2ncia, o mundo que os rodeia est\u00e1 a definir os seus valores e comportamentos. Para as marcas e empresas, antecipar as suas necessidades \u00e9 crucial, e ferramentas como o QuestionPro tornam-se aliados fundamentais.    <\/p>\n\n\n\n<p>Realiza pesquisas de mercado detalhadas, inqu\u00e9ritos personalizados e an\u00e1lises preditivas para ajudar a decifrar as prefer\u00eancias emergentes desta e de outras gera\u00e7\u00f5es. Com recursos como mapas de calor, segmenta\u00e7\u00e3o avan\u00e7ada e avalia\u00e7\u00f5es em tempo real, <a href=\"https:\/\/www.questionpro.com\/pt\/\">o QuestionPro <\/a>oferece uma janela \u00fanica sobre como se conectar efetivamente com a Gera\u00e7\u00e3o Beta e outros grupos futuros. O futuro come\u00e7a agora, com dados e estrat\u00e9gias informadas! Inicia o teu teste gratuito agora.   <\/p>\n\n\n\n<br>\n<center>\n<a href=\"https:\/\/eu.questionpro.com\/a\/showEntry.do?lan=pt_PT&#038;custom1=blog\">\n        <button style=\"background: #ff9f00\">Cria uma conta gratuita<\/button>\n    <\/a>\n    <a href=\"https:\/\/contactar.questionpro.com\/t\/AM4X9Z3LxD?custom1=\u201ca-geracao-beta-carateristicas-e-como-se-preparar-para-os-alcancar\u201d target=\"_blank\" rel=\"noopener\">\n        <button>Agendar uma demonstra\u00e7\u00e3o<\/button>\n    <\/a>\n<\/center>\n<br>\n","protected":false},"excerpt":{"rendered":"<p>Imagina um mundo onde os rob\u00f4s s\u00e3o assistentes di\u00e1rios, a intelig\u00eancia artificial n\u00e3o s\u00f3 prev\u00ea o tempo, mas tamb\u00e9m as [&hellip;]<\/p>\n","protected":false},"author":42,"featured_media":1002334,"comment_status":"closed","ping_status":"closed","sticky":false,"template":"","format":"standard","meta":{"_genesis_hide_title":false,"_genesis_hide_breadcrumbs":false,"_genesis_hide_singular_image":false,"_genesis_hide_footer_widgets":false,"_genesis_custom_body_class":"","_genesis_custom_post_class":"","_genesis_layout":"","footnotes":""},"categories":[2193,2140],"tags":[],"yoast_head":"<!-- This site is optimized with the Yoast SEO plugin v20.4 - https:\/\/yoast.com\/wordpress\/plugins\/seo\/ -->\n<title>A Gera\u00e7\u00e3o Beta: Quem s\u00e3o e as suas principais carater\u00edsticas<\/title>\n<meta name=\"description\" content=\"Descobre quem faz parte da gera\u00e7\u00e3o Beta, as suas carater\u00edsticas e como as marcas se devem preparar para os atingir.\" \/>\n<meta name=\"robots\" content=\"index, follow, max-snippet:-1, max-image-preview:large, max-video-preview:-1\" \/>\n<link rel=\"canonical\" href=\"https:\/\/www.questionpro.com\/blog\/pt\/a-geracao-beta-carateristicas-e-como-se-preparar-para-os-alcancar\/\" \/>\n<meta property=\"og:locale\" content=\"pt_PT\" \/>\n<meta property=\"og:type\" content=\"article\" \/>\n<meta property=\"og:title\" content=\"A Gera\u00e7\u00e3o Beta: Quem s\u00e3o e as suas principais carater\u00edsticas\" \/>\n<meta property=\"og:description\" content=\"Descobre quem faz parte da gera\u00e7\u00e3o Beta, as suas carater\u00edsticas e como as marcas se devem preparar para os atingir.\" \/>\n<meta property=\"og:url\" content=\"https:\/\/www.questionpro.com\/blog\/pt\/a-geracao-beta-carateristicas-e-como-se-preparar-para-os-alcancar\/\" \/>\n<meta property=\"og:site_name\" content=\"QuestionPro\" \/>\n<meta property=\"article:publisher\" content=\"https:\/\/www.facebook.com\/questionpro\" \/>\n<meta property=\"article:published_time\" content=\"2025-01-27T18:59:35+00:00\" \/>\n<meta property=\"article:modified_time\" content=\"2025-12-16T16:47:52+00:00\" \/>\n<meta property=\"og:image\" content=\"https:\/\/www.questionpro.com\/blog\/wp-content\/uploads\/2025\/01\/2919-GeneraciON-Beta.jpg\" \/>\n\t<meta property=\"og:image:width\" content=\"2100\" \/>\n\t<meta property=\"og:image:height\" content=\"1254\" \/>\n\t<meta property=\"og:image:type\" content=\"image\/jpeg\" \/>\n<meta name=\"author\" content=\"Cristina Ortega\" \/>\n<meta name=\"twitter:card\" content=\"summary_large_image\" \/>\n<meta name=\"twitter:creator\" content=\"@questionpro\" \/>\n<meta name=\"twitter:site\" content=\"@questionpro\" \/>\n<meta name=\"twitter:label1\" content=\"Written by\" \/>\n\t<meta name=\"twitter:data1\" content=\"Cristina Ortega\" \/>\n\t<meta name=\"twitter:label2\" content=\"Est. reading time\" \/>\n\t<meta name=\"twitter:data2\" content=\"6 minutes\" \/>\n<script type=\"application\/ld+json\" class=\"yoast-schema-graph\">{\"@context\":\"https:\/\/schema.org\",\"@graph\":[{\"@type\":\"Article\",\"@id\":\"https:\/\/www.questionpro.com\/blog\/pt\/a-geracao-beta-carateristicas-e-como-se-preparar-para-os-alcancar\/#article\",\"isPartOf\":{\"@id\":\"https:\/\/www.questionpro.com\/blog\/pt\/a-geracao-beta-carateristicas-e-como-se-preparar-para-os-alcancar\/\"},\"author\":{\"name\":\"Cristina Ortega\",\"@id\":\"https:\/\/www.questionpro.com\/blog\/pt\/#\/schema\/person\/36aae2d8eed7708b6408f95c0198593d\"},\"headline\":\"A Gera\u00e7\u00e3o Beta: Carater\u00edsticas e como se preparar para os alcan\u00e7ar\",\"datePublished\":\"2025-01-27T18:59:35+00:00\",\"dateModified\":\"2025-12-16T16:47:52+00:00\",\"mainEntityOfPage\":{\"@id\":\"https:\/\/www.questionpro.com\/blog\/pt\/a-geracao-beta-carateristicas-e-como-se-preparar-para-os-alcancar\/\"},\"wordCount\":1347,\"publisher\":{\"@id\":\"https:\/\/www.questionpro.com\/blog\/pt\/#organization\"},\"articleSection\":[\"Pesquisa de consumidores\",\"Pesquisa de mercado\"],\"inLanguage\":\"pt\"},{\"@type\":\"WebPage\",\"@id\":\"https:\/\/www.questionpro.com\/blog\/pt\/a-geracao-beta-carateristicas-e-como-se-preparar-para-os-alcancar\/\",\"url\":\"https:\/\/www.questionpro.com\/blog\/pt\/a-geracao-beta-carateristicas-e-como-se-preparar-para-os-alcancar\/\",\"name\":\"A Gera\u00e7\u00e3o Beta: Quem s\u00e3o e as suas principais carater\u00edsticas\",\"isPartOf\":{\"@id\":\"https:\/\/www.questionpro.com\/blog\/pt\/#website\"},\"datePublished\":\"2025-01-27T18:59:35+00:00\",\"dateModified\":\"2025-12-16T16:47:52+00:00\",\"description\":\"Descobre quem faz parte da gera\u00e7\u00e3o Beta, as suas carater\u00edsticas e como as marcas se devem preparar para os atingir.\",\"breadcrumb\":{\"@id\":\"https:\/\/www.questionpro.com\/blog\/pt\/a-geracao-beta-carateristicas-e-como-se-preparar-para-os-alcancar\/#breadcrumb\"},\"inLanguage\":\"pt\",\"potentialAction\":[{\"@type\":\"ReadAction\",\"target\":[\"https:\/\/www.questionpro.com\/blog\/pt\/a-geracao-beta-carateristicas-e-como-se-preparar-para-os-alcancar\/\"]}]},{\"@type\":\"BreadcrumbList\",\"@id\":\"https:\/\/www.questionpro.com\/blog\/pt\/a-geracao-beta-carateristicas-e-como-se-preparar-para-os-alcancar\/#breadcrumb\",\"itemListElement\":[{\"@type\":\"ListItem\",\"position\":1,\"name\":\"Home\",\"item\":\"https:\/\/www.questionpro.com\/blog\/pt\/\"},{\"@type\":\"ListItem\",\"position\":2,\"name\":\"CX\",\"item\":\"https:\/\/www.questionpro.com\/blog\/pt\/category\/cx-pt\/\"},{\"@type\":\"ListItem\",\"position\":3,\"name\":\"Pesquisa de consumidores\",\"item\":\"https:\/\/www.questionpro.com\/blog\/pt\/category\/pesquisa-de-consumidores\/\"},{\"@type\":\"ListItem\",\"position\":4,\"name\":\"A Gera\u00e7\u00e3o Beta: Carater\u00edsticas e como se preparar para os alcan\u00e7ar\"}]},{\"@type\":\"WebSite\",\"@id\":\"https:\/\/www.questionpro.com\/blog\/pt\/#website\",\"url\":\"https:\/\/www.questionpro.com\/blog\/pt\/\",\"name\":\"QuestionPro\",\"description\":\"\",\"publisher\":{\"@id\":\"https:\/\/www.questionpro.com\/blog\/pt\/#organization\"},\"potentialAction\":[{\"@type\":\"SearchAction\",\"target\":{\"@type\":\"EntryPoint\",\"urlTemplate\":\"https:\/\/www.questionpro.com\/blog\/pt\/?s={search_term_string}\"},\"query-input\":\"required name=search_term_string\"}],\"inLanguage\":\"pt\"},{\"@type\":\"Organization\",\"@id\":\"https:\/\/www.questionpro.com\/blog\/pt\/#organization\",\"name\":\"QuestionPro\",\"url\":\"https:\/\/www.questionpro.com\/blog\/pt\/\",\"logo\":{\"@type\":\"ImageObject\",\"inLanguage\":\"pt\",\"@id\":\"https:\/\/www.questionpro.com\/blog\/pt\/#\/schema\/logo\/image\/\",\"url\":\"https:\/\/www.questionpro.com\/blog\/wp-content\/uploads\/2022\/10\/questionpro-logo.svg\",\"contentUrl\":\"https:\/\/www.questionpro.com\/blog\/wp-content\/uploads\/2022\/10\/questionpro-logo.svg\",\"caption\":\"QuestionPro\"},\"image\":{\"@id\":\"https:\/\/www.questionpro.com\/blog\/pt\/#\/schema\/logo\/image\/\"},\"sameAs\":[\"https:\/\/www.facebook.com\/questionpro\",\"https:\/\/twitter.com\/questionpro\",\"https:\/\/www.linkedin.com\/company\/questionpro\/\"]},{\"@type\":\"Person\",\"@id\":\"https:\/\/www.questionpro.com\/blog\/pt\/#\/schema\/person\/36aae2d8eed7708b6408f95c0198593d\",\"name\":\"Cristina Ortega\",\"image\":{\"@type\":\"ImageObject\",\"inLanguage\":\"pt\",\"@id\":\"https:\/\/www.questionpro.com\/blog\/pt\/#\/schema\/person\/image\/\",\"url\":\"https:\/\/secure.gravatar.com\/avatar\/49635f2181bfe83c436d50b9a8bf1f2e?s=96&d=mm&r=g\",\"contentUrl\":\"https:\/\/secure.gravatar.com\/avatar\/49635f2181bfe83c436d50b9a8bf1f2e?s=96&d=mm&r=g\",\"caption\":\"Cristina Ortega\"},\"url\":\"https:\/\/www.questionpro.com\/blog\/pt\/author\/cristinaortega\/\"}]}<\/script>\n<!-- \/ Yoast SEO plugin. -->","yoast_head_json":{"title":"A Gera\u00e7\u00e3o Beta: Quem s\u00e3o e as suas principais carater\u00edsticas","description":"Descobre quem faz parte da gera\u00e7\u00e3o Beta, as suas carater\u00edsticas e como as marcas se devem preparar para os atingir.","robots":{"index":"index","follow":"follow","max-snippet":"max-snippet:-1","max-image-preview":"max-image-preview:large","max-video-preview":"max-video-preview:-1"},"canonical":"https:\/\/www.questionpro.com\/blog\/pt\/a-geracao-beta-carateristicas-e-como-se-preparar-para-os-alcancar\/","og_locale":"pt_PT","og_type":"article","og_title":"A Gera\u00e7\u00e3o Beta: Quem s\u00e3o e as suas principais carater\u00edsticas","og_description":"Descobre quem faz parte da gera\u00e7\u00e3o Beta, as suas carater\u00edsticas e como as marcas se devem preparar para os atingir.","og_url":"https:\/\/www.questionpro.com\/blog\/pt\/a-geracao-beta-carateristicas-e-como-se-preparar-para-os-alcancar\/","og_site_name":"QuestionPro","article_publisher":"https:\/\/www.facebook.com\/questionpro","article_published_time":"2025-01-27T18:59:35+00:00","article_modified_time":"2025-12-16T16:47:52+00:00","og_image":[{"width":2100,"height":1254,"url":"https:\/\/www.questionpro.com\/blog\/wp-content\/uploads\/2025\/01\/2919-GeneraciON-Beta.jpg","type":"image\/jpeg"}],"author":"Cristina Ortega","twitter_card":"summary_large_image","twitter_creator":"@questionpro","twitter_site":"@questionpro","twitter_misc":{"Written by":"Cristina Ortega","Est. reading time":"6 minutes"},"schema":{"@context":"https:\/\/schema.org","@graph":[{"@type":"Article","@id":"https:\/\/www.questionpro.com\/blog\/pt\/a-geracao-beta-carateristicas-e-como-se-preparar-para-os-alcancar\/#article","isPartOf":{"@id":"https:\/\/www.questionpro.com\/blog\/pt\/a-geracao-beta-carateristicas-e-como-se-preparar-para-os-alcancar\/"},"author":{"name":"Cristina Ortega","@id":"https:\/\/www.questionpro.com\/blog\/pt\/#\/schema\/person\/36aae2d8eed7708b6408f95c0198593d"},"headline":"A Gera\u00e7\u00e3o Beta: Carater\u00edsticas e como se preparar para os alcan\u00e7ar","datePublished":"2025-01-27T18:59:35+00:00","dateModified":"2025-12-16T16:47:52+00:00","mainEntityOfPage":{"@id":"https:\/\/www.questionpro.com\/blog\/pt\/a-geracao-beta-carateristicas-e-como-se-preparar-para-os-alcancar\/"},"wordCount":1347,"publisher":{"@id":"https:\/\/www.questionpro.com\/blog\/pt\/#organization"},"articleSection":["Pesquisa de consumidores","Pesquisa de mercado"],"inLanguage":"pt"},{"@type":"WebPage","@id":"https:\/\/www.questionpro.com\/blog\/pt\/a-geracao-beta-carateristicas-e-como-se-preparar-para-os-alcancar\/","url":"https:\/\/www.questionpro.com\/blog\/pt\/a-geracao-beta-carateristicas-e-como-se-preparar-para-os-alcancar\/","name":"A Gera\u00e7\u00e3o Beta: Quem s\u00e3o e as suas principais carater\u00edsticas","isPartOf":{"@id":"https:\/\/www.questionpro.com\/blog\/pt\/#website"},"datePublished":"2025-01-27T18:59:35+00:00","dateModified":"2025-12-16T16:47:52+00:00","description":"Descobre quem faz parte da gera\u00e7\u00e3o Beta, as suas carater\u00edsticas e como as marcas se devem preparar para os atingir.","breadcrumb":{"@id":"https:\/\/www.questionpro.com\/blog\/pt\/a-geracao-beta-carateristicas-e-como-se-preparar-para-os-alcancar\/#breadcrumb"},"inLanguage":"pt","potentialAction":[{"@type":"ReadAction","target":["https:\/\/www.questionpro.com\/blog\/pt\/a-geracao-beta-carateristicas-e-como-se-preparar-para-os-alcancar\/"]}]},{"@type":"BreadcrumbList","@id":"https:\/\/www.questionpro.com\/blog\/pt\/a-geracao-beta-carateristicas-e-como-se-preparar-para-os-alcancar\/#breadcrumb","itemListElement":[{"@type":"ListItem","position":1,"name":"Home","item":"https:\/\/www.questionpro.com\/blog\/pt\/"},{"@type":"ListItem","position":2,"name":"CX","item":"https:\/\/www.questionpro.com\/blog\/pt\/category\/cx-pt\/"},{"@type":"ListItem","position":3,"name":"Pesquisa de consumidores","item":"https:\/\/www.questionpro.com\/blog\/pt\/category\/pesquisa-de-consumidores\/"},{"@type":"ListItem","position":4,"name":"A Gera\u00e7\u00e3o Beta: Carater\u00edsticas e como se preparar para os alcan\u00e7ar"}]},{"@type":"WebSite","@id":"https:\/\/www.questionpro.com\/blog\/pt\/#website","url":"https:\/\/www.questionpro.com\/blog\/pt\/","name":"QuestionPro","description":"","publisher":{"@id":"https:\/\/www.questionpro.com\/blog\/pt\/#organization"},"potentialAction":[{"@type":"SearchAction","target":{"@type":"EntryPoint","urlTemplate":"https:\/\/www.questionpro.com\/blog\/pt\/?s={search_term_string}"},"query-input":"required name=search_term_string"}],"inLanguage":"pt"},{"@type":"Organization","@id":"https:\/\/www.questionpro.com\/blog\/pt\/#organization","name":"QuestionPro","url":"https:\/\/www.questionpro.com\/blog\/pt\/","logo":{"@type":"ImageObject","inLanguage":"pt","@id":"https:\/\/www.questionpro.com\/blog\/pt\/#\/schema\/logo\/image\/","url":"https:\/\/www.questionpro.com\/blog\/wp-content\/uploads\/2022\/10\/questionpro-logo.svg","contentUrl":"https:\/\/www.questionpro.com\/blog\/wp-content\/uploads\/2022\/10\/questionpro-logo.svg","caption":"QuestionPro"},"image":{"@id":"https:\/\/www.questionpro.com\/blog\/pt\/#\/schema\/logo\/image\/"},"sameAs":["https:\/\/www.facebook.com\/questionpro","https:\/\/twitter.com\/questionpro","https:\/\/www.linkedin.com\/company\/questionpro\/"]},{"@type":"Person","@id":"https:\/\/www.questionpro.com\/blog\/pt\/#\/schema\/person\/36aae2d8eed7708b6408f95c0198593d","name":"Cristina Ortega","image":{"@type":"ImageObject","inLanguage":"pt","@id":"https:\/\/www.questionpro.com\/blog\/pt\/#\/schema\/person\/image\/","url":"https:\/\/secure.gravatar.com\/avatar\/49635f2181bfe83c436d50b9a8bf1f2e?s=96&d=mm&r=g","contentUrl":"https:\/\/secure.gravatar.com\/avatar\/49635f2181bfe83c436d50b9a8bf1f2e?s=96&d=mm&r=g","caption":"Cristina Ortega"},"url":"https:\/\/www.questionpro.com\/blog\/pt\/author\/cristinaortega\/"}]}},"featured_image_src":"https:\/\/www.questionpro.com\/blog\/wp-content\/uploads\/2025\/01\/2919-GeneraciON-Beta.jpg","featured_image_src_square":"https:\/\/www.questionpro.com\/blog\/wp-content\/uploads\/2025\/01\/2919-GeneraciON-Beta.jpg","author_info":{"display_name":"Cristina Ortega","author_link":"https:\/\/www.questionpro.com\/blog\/pt\/author\/cristinaortega\/"},"_links":{"self":[{"href":"https:\/\/www.questionpro.com\/blog\/pt\/wp-json\/wp\/v2\/posts\/1051931"}],"collection":[{"href":"https:\/\/www.questionpro.com\/blog\/pt\/wp-json\/wp\/v2\/posts"}],"about":[{"href":"https:\/\/www.questionpro.com\/blog\/pt\/wp-json\/wp\/v2\/types\/post"}],"author":[{"embeddable":true,"href":"https:\/\/www.questionpro.com\/blog\/pt\/wp-json\/wp\/v2\/users\/42"}],"replies":[{"embeddable":true,"href":"https:\/\/www.questionpro.com\/blog\/pt\/wp-json\/wp\/v2\/comments?post=1051931"}],"version-history":[{"count":2,"href":"https:\/\/www.questionpro.com\/blog\/pt\/wp-json\/wp\/v2\/posts\/1051931\/revisions"}],"predecessor-version":[{"id":1051934,"href":"https:\/\/www.questionpro.com\/blog\/pt\/wp-json\/wp\/v2\/posts\/1051931\/revisions\/1051934"}],"wp:featuredmedia":[{"embeddable":true,"href":"https:\/\/www.questionpro.com\/blog\/pt\/wp-json\/wp\/v2\/media\/1002334"}],"wp:attachment":[{"href":"https:\/\/www.questionpro.com\/blog\/pt\/wp-json\/wp\/v2\/media?parent=1051931"}],"wp:term":[{"taxonomy":"category","embeddable":true,"href":"https:\/\/www.questionpro.com\/blog\/pt\/wp-json\/wp\/v2\/categories?post=1051931"},{"taxonomy":"post_tag","embeddable":true,"href":"https:\/\/www.questionpro.com\/blog\/pt\/wp-json\/wp\/v2\/tags?post=1051931"}],"curies":[{"name":"wp","href":"https:\/\/api.w.org\/{rel}","templated":true}]}}