

{"id":1006099,"date":"2024-08-22T11:00:00","date_gmt":"2024-08-22T18:00:00","guid":{"rendered":"https:\/\/www.questionpro.com\/blog\/is-yasam-dengesi-neden-ihtiyacimiz-var-ve-nasil-iyilestirebiliriz\/"},"modified":"2025-02-12T04:09:34","modified_gmt":"2025-02-12T11:09:34","slug":"is-yasam-dengesi-neden-ihtiyacimiz-var-ve-nasil-iyilestirebiliriz","status":"publish","type":"post","link":"https:\/\/www.questionpro.com\/blog\/tr\/is-yasam-dengesi-neden-ihtiyacimiz-var-ve-nasil-iyilestirebiliriz\/","title":{"rendered":"\u0130\u015f-Ya\u015fam Dengesi: Neden \u0130htiyac\u0131m\u0131z Var ve Nas\u0131l \u0130yile\u015ftirebiliriz?"},"content":{"rendered":"\n<p>M\u00fckemmel i\u015f-ya\u015fam dengesini bulmakta zorlan\u0131yor musunuz? \u0130\u015f sorumluluklar\u0131 ile ki\u015fisel ya\u015fam aras\u0131nda denge kurmak \u00e7o\u011fu zaman sonu gelmeyen bir eylem gibi gelebilir. Son teslim tarihlerine uyma, g\u00f6revleri y\u00f6netme ve ili\u015fkileri s\u00fcrd\u00fcrme konusundaki s\u00fcrekli bask\u0131, kendimizi gergin ve stresli hissetmemize neden olabilir. Peki ya hayat\u0131n\u0131za daha fazla uyum getirmenin bir yolu olsayd\u0131? \u0130\u015f ve ki\u015fisel zaman\u0131n birbirini tamamlad\u0131\u011f\u0131, sizi tatmin olmu\u015f ve enerjik hissettiren bir ya\u015fam hayal edin.      <\/p>\n\n<p>Bu blogda, i\u015f-ya\u015fam dengesini sa\u011flaman\u0131n neden bu kadar \u00f6nemli oldu\u011funu inceleyecek ve daha dengeli ve tatmin edici bir ya\u015fam olu\u015fturman\u0131za yard\u0131mc\u0131 olacak pratik, takip etmesi kolay ipu\u00e7lar\u0131 sunaca\u011f\u0131z.  <\/p>\n\n<h2 class=\"wp-block-heading\">\u0130\u015f-Ya\u015fam Dengesi Nedir?<\/h2>\n\n<p>\u0130\u015f-ya\u015fam dengesi, ki\u015fisel ya\u015fam ile i\u015f ya\u015fam\u0131 aras\u0131ndaki dengeyi ifade eder. Bu, hem mesleki sorumluluklara hem de ki\u015fisel faaliyetlere, hi\u00e7biri di\u011ferini \u00f6nemli \u00f6l\u00e7\u00fcde engellemeyecek \u015fekilde yeterli zaman ve enerji ay\u0131rmak anlam\u0131na gelir. <\/p>\n\n<p>Kurulu\u015flar bunu esnek \u00e7al\u0131\u015fma programlar\u0131, uzaktan \u00e7al\u0131\u015fma se\u00e7enekleri, d\u00fczenli molalar\u0131n te\u015fvik edilmesi, tatil s\u00fcresinin kullan\u0131m\u0131n\u0131n \u00f6zendirilmesi ve destekleyici bir \u00e7al\u0131\u015fma ortam\u0131n\u0131n te\u015fvik edilmesi yoluyla destekleyebilir.<\/p>\n\n<h2 class=\"wp-block-heading\">Neden Sa\u011fl\u0131kl\u0131 \u0130\u015f-Ya\u015fam Dengesi Sa\u011flaman\u0131z Gerekiyor?<\/h2>\n\n<p>\u0130\u015fte sa\u011fl\u0131kl\u0131 bir i\u015f ve ya\u015fam dengesi sa\u011flaman\u0131n neden bir \u00f6ncelik olmas\u0131 gerekti\u011fi:<\/p>\n\n<h3 class=\"wp-block-heading\">1. Ruhsal ve Fiziksel Sa\u011fl\u0131k<\/h3>\n\n<p>Stres ve a\u015f\u0131r\u0131 \u00e7al\u0131\u015fma, zihinsel ve fiziksel sa\u011fl\u0131\u011f\u0131n\u0131za ciddi zararlar verebilir. Anksiyete, depresyon, kalp hastal\u0131\u011f\u0131 ve hipertansiyon gibi rahats\u0131zl\u0131klar\u0131n t\u00fcm\u00fc stres ve uzun \u00e7al\u0131\u015fma saatleriyle ba\u011flant\u0131l\u0131d\u0131r. Sa\u011fl\u0131kl\u0131 bir denge kurmak, gerekli zaman\u0131 sa\u011flayarak bu riskleri azaltmaya yard\u0131mc\u0131 olur:    <\/p>\n\n<ul>\n<li>Rahatlama<\/li>\n\n\n\n<li>Egzersiz ve  <\/li>\n\n\n\n<li>\u00d6z bak\u0131m<\/li>\n<\/ul>\n\n<p>Bu denge, genel sa\u011fl\u0131k ve esenli\u011fin korunmas\u0131 i\u00e7in gerekli olan gen\u00e7le\u015fmi\u015f bir zihin ve beden sa\u011flar.<\/p>\n\n<h3 class=\"wp-block-heading\">2. \u0130\u015f \u00dcretkenli\u011finizi Art\u0131r\u0131n  <\/h3>\n\n<p>Daha fazla \u00e7al\u0131\u015fma saatinin daha y\u00fcksek \u00fcretkenlik anlam\u0131na geldi\u011fi inanc\u0131n\u0131n aksine, a\u015f\u0131r\u0131 \u00e7al\u0131\u015fan \u00e7al\u0131\u015fanlar genellikle <a href=\"https:\/\/www.questionpro.com\/blog\/avoiding-the-next-emerging-crisis-worker-burnout\/\">t\u00fckenmi\u015flik<\/a> ya\u015far, bu da verimlili\u011fin azalmas\u0131na ve daha fazla hataya yol a\u00e7ar. \u00c7al\u0131\u015fanlar, yeniden \u015farj olmalar\u0131na olanak tan\u0131yan dengeli bir programa sahip olduklar\u0131nda, i\u015fe daha iyi odaklanma, daha y\u00fcksek enerji seviyeleri ve artan \u00fcretkenlikle d\u00f6nerler. \u0130yi dinlenmi\u015f bir zihin daha yarat\u0131c\u0131d\u0131r ve zorluklar\u0131n \u00fcstesinden etkili bir \u015fekilde gelebilir.  <\/p>\n\n<h3 class=\"wp-block-heading\">3. \u00c7al\u0131\u015fan Elde Tutma<\/h3>\n\n<p>\u0130\u015f ve i\u015f-ya\u015fam dengesini te\u015fvik eden kurulu\u015flar\u0131n \u00e7al\u0131\u015fanlar\u0131n\u0131 elde tutma olas\u0131l\u0131\u011f\u0131 daha y\u00fcksektir. Y\u00fcksek <a href=\"https:\/\/www.questionpro.com\/blog\/tr\/calisan-devri-tanim-ve-hesaplama\/\">\u00e7al\u0131\u015fan devir<\/a> oranlar\u0131 maliyetli ve y\u0131k\u0131c\u0131d\u0131r, bilgi ve deneyim kayb\u0131na yol a\u00e7ar. \u015eirketler dengeli bir ortam yaratarak <a href=\"https:\/\/www.questionpro.com\/blog\/tr\/calisan-bagliligi-uzun-vadeli-isletme-basarisi-icin-stratejiler\/\">\u00e7al\u0131\u015fan ba\u011fl\u0131l\u0131\u011f\u0131n\u0131<\/a> art\u0131rabilir ve i\u015f g\u00fcc\u00fc devrini azaltabilir, sonu\u00e7ta istikrarl\u0131 ve ba\u011fl\u0131 bir i\u015f g\u00fcc\u00fcnden faydalanabilirler.  <\/p>\n\n<h3 class=\"wp-block-heading\">4. \u0130\u015f Tatminine Katk\u0131 Sa\u011flar<\/h3>\n\n<p>\u0130yi bir i\u015f-ya\u015fam dengesi, i\u015f memnuniyetine \u00f6nemli \u00f6l\u00e7\u00fcde katk\u0131da bulunur. Ki\u015fisel ilgi alanlar\u0131n\u0131 takip etmek ve aile ve arkada\u015flar\u0131yla kaliteli zaman ge\u00e7irmek i\u00e7in zaman ve enerjiye sahip olan \u00e7al\u0131\u015fanlar daha mutlu ve daha memnun olurlar. Bu memnuniyet a\u015fa\u011f\u0131dakilere d\u00f6n\u00fc\u015f\u00fcr:    <\/p>\n\n<ul>\n<li>Daha y\u00fcksek kat\u0131l\u0131m<\/li>\n\n\n\n<li><a href=\"https:\/\/www.questionpro.com\/blog\/tr\/calisan-motivasyonu-eksiksiz-kilavuz\/\">\u00c7al\u0131\u015fan Motivasyonu<\/a><\/li>\n\n\n\n<li>\u0130\u015flerine olan ba\u011fl\u0131l\u0131klar\u0131<\/li>\n<\/ul>\n\n<h3 class=\"wp-block-heading\">5. Yarat\u0131c\u0131l\u0131\u011f\u0131 ve Yenilik\u00e7ili\u011fi Art\u0131r\u0131n<\/h3>\n\n<p>\u0130\u015ften uzakta ge\u00e7irilen zaman, \u00e7al\u0131\u015fanlar\u0131n rahatlamas\u0131na ve yarat\u0131c\u0131l\u0131klar\u0131n\u0131 te\u015fvik eden faaliyetlerde bulunmas\u0131na olanak tan\u0131r. \u0130ster bir hobi edinmek, ister seyahat etmek ya da sadece do\u011fada vakit ge\u00e7irmek olsun, bu faaliyetler yenilik\u00e7i fikirlere ve yeni bak\u0131\u015f a\u00e7\u0131lar\u0131na ilham verebilir. Dengeli bir ya\u015fam tarz\u0131 yarat\u0131c\u0131 ve yenilik\u00e7i bir zihniyet yarat\u0131r, bu da i\u015fyerinde at\u0131l\u0131mlara ve ilerlemelere yol a\u00e7abilir.  <\/p>\n\n<h3 class=\"wp-block-heading\">6. \u0130\u015fyeri \u0130li\u015fkilerini Te\u015fvik Eder<\/h3>\n\n<p>Dengeli bir ki\u015fisel ve profesyonel ya\u015fam, i\u015f arkada\u015flar\u0131yla olumlu etkile\u015fimleri te\u015fvik eder. A\u015f\u0131r\u0131 stresli olmayan \u00e7al\u0131\u015fanlar\u0131n a\u015fa\u011f\u0131dakileri yapma olas\u0131l\u0131\u011f\u0131 daha y\u00fcksektir:   <\/p>\n\n<ul>\n<li>Etkin i\u015fbirli\u011fi yap\u0131n<\/li>\n\n\n\n<li>A\u00e7\u0131k\u00e7a ileti\u015fim kurun<\/li>\n\n\n\n<li>Akranlar\u0131yla g\u00fc\u00e7l\u00fc ili\u015fkiler kurarlar.  <\/li>\n<\/ul>\n\n<p>Uyumlu bir i\u015fyeri ortam\u0131 ekip \u00e7al\u0131\u015fmas\u0131n\u0131 geli\u015ftirir ve daha iyi bir genel performansa yol a\u00e7ar.<\/p>\n\n<h3 class=\"wp-block-heading\">7. \u0130\u015f Kalitesini Art\u0131r\u0131r<\/h3>\n\n<p>\u0130\u015f yerinde y\u00fcksek standartlar\u0131 korumak odaklanmay\u0131 ve detaylara dikkat etmeyi gerektirir ve bireyler bunald\u0131klar\u0131nda bu durum genellikle tehlikeye girer. Dengeli bir ya\u015fam tarz\u0131, \u00e7al\u0131\u015fanlar\u0131n \u00e7al\u0131\u015fma saatleri boyunca tam olarak mevcut ve me\u015fgul olarak i\u015flerinin kalitesini koruyabilmelerini sa\u011flar. Bu da tutarl\u0131 ve g\u00fcvenilir performansa yol a\u00e7ar.  <\/p>\n\n<h3 class=\"wp-block-heading\">8. Ki\u015fisel Tatmin<\/h3>\n\n<p>Sonu\u00e7 olarak, sa\u011fl\u0131kl\u0131 bir i\u015f-ya\u015fam dengesinin sa\u011flanmas\u0131 bireylerin daha tatmin edici bir ya\u015fam s\u00fcrmelerine olanak tan\u0131r. Ki\u015finin ki\u015fisel hedeflerinin, hobilerinin ve tutkular\u0131n\u0131n pe\u015finden gitmesine olanak tan\u0131yarak bir ama\u00e7 ve mutluluk duygusuna katk\u0131da bulunur. Dengeli bir ya\u015fam, bireylerin hem mesleki hem de ki\u015fisel ba\u015far\u0131lar\u0131ndan keyif almalar\u0131n\u0131 sa\u011flayarak \u00e7ok y\u00f6nl\u00fc ve tatmin edici bir ya\u015fam deneyimine yol a\u00e7ar.  <\/p>\n\n<h2 class=\"wp-block-heading\">\u0130\u015f-Ya\u015fam Dengesi Nas\u0131l G\u00f6r\u00fcn\u00fcyor?<\/h2>\n\n<p>K\u00f6t\u00fc bir i\u015f-ya\u015fam dengesi genellikle t\u00fckenmi\u015fli\u011fe, kronik strese ve azalmaya yol a\u00e7ar. Bununla birlikte, sa\u011fl\u0131kl\u0131 bir i\u015f ve ya\u015fam dengesi, bireysel ihtiya\u00e7lara ve ko\u015fullara g\u00f6re olu\u015fturuldu\u011fu i\u00e7in herkes i\u00e7in farkl\u0131 g\u00f6r\u00fcn\u00fcr. Bununla birlikte, genel olarak sa\u011fl\u0131kl\u0131 bir i\u015f ve ya\u015fam dengesini karakterize eden ortak unsurlar vard\u0131r:  <\/p>\n\n<p><strong>Tan\u0131mlanm\u0131\u015f \u00c7al\u0131\u015fma Saatleri: <\/strong>Belirlenmi\u015f \u00e7al\u0131\u015fma saatlerine sahip olmak, profesyonel ve ki\u015fisel ya\u015fam aras\u0131nda s\u0131n\u0131rlar olu\u015fturmaya yard\u0131mc\u0131 olur.  <\/p>\n\n<p><strong>Ki\u015fisel Faaliyetler i\u00e7in Zaman: <\/strong>Hobiler, egzersiz, rahatlama ve sosyal faaliyetler i\u00e7in zaman ay\u0131rma.  <\/p>\n\n<p><strong>Esneklik:<\/strong> \u00c7al\u0131\u015fma programlar\u0131n\u0131 ki\u015fisel ihtiya\u00e7lar\u0131 kar\u015f\u0131layacak \u015fekilde ayarlayabilme becerisi, \u00f6rne\u011fin  <\/p>\n\n<ul>\n<li>Bir \u00e7ocu\u011fun okul etkinli\u011fine kat\u0131lmak.  <\/li>\n\n\n\n<li>Ki\u015fisel bir randevuyu su\u00e7luluk duygusu veya olumsuz tepkiler olmadan ele almak.<\/li>\n<\/ul>\n\n<p><strong>Stres Y\u00f6netimi: <\/strong>Stresi etkili bir \u015fekilde y\u00f6netmek i\u00e7in teknikler uygulamak, \u00f6rne\u011fin  <\/p>\n\n<ul>\n<li>Fark\u0131ndal\u0131k<\/li>\n\n\n\n<li>Meditasyon<\/li>\n\n\n\n<li>D\u00fczenli egzersiz  <\/li>\n<\/ul>\n\n<p>\u0130\u015f stresinin \u00f6zel hayata yans\u0131mamas\u0131n\u0131 sa\u011flar.<\/p>\n\n<p><strong>Kaliteli Aile ve Sosyal Zaman:<\/strong> Aile ve arkada\u015flarla kaliteli zaman ge\u00e7irmek ili\u015fkilerin g\u00fc\u00e7lenmesine yard\u0131mc\u0131 olur ve duygusal destek sa\u011flar.<\/p>\n\n<p><strong>Zaman Y\u00f6netimi: <\/strong>\u0130\u015f g\u00f6revlerinin \u00e7al\u0131\u015fma saatleri i\u00e7inde tamamlanmas\u0131n\u0131 sa\u011flamak i\u00e7in zaman\u0131 verimli bir \u015fekilde y\u00f6netmek.<\/p>\n\n<p><strong>D\u00fczenli Molalar ve Tatiller:<\/strong> \u0130\u015f g\u00fcn\u00fc boyunca d\u00fczenli molalar verin ve tatil zaman\u0131n\u0131 i\u015ften tamamen kopmak ve yeniden \u015farj olmak i\u00e7in kullan\u0131n.<\/p>\n\n<p><strong>Ki\u015fisel Tatmin: <\/strong>\u0130\u015f d\u0131\u015f\u0131nda ki\u015fisel ilgi ve tutkular\u0131n pe\u015finden gitmek, genel mutluluk ve tatmine katk\u0131da bulunur.<\/p>\n\n<h2 class=\"wp-block-heading\">\u0130\u015f-Ya\u015fam Dengenizi Nas\u0131l \u0130yile\u015ftirebilirsiniz?<\/h2>\n\n<p>\u0130\u015f ve ya\u015fam aras\u0131nda sa\u011fl\u0131kl\u0131 bir denge kurmak zor bir hedef gibi g\u00f6r\u00fcnebilir. Ancak, hem ki\u015fisel refah\u0131 hem de profesyonel \u00fcretkenli\u011fi s\u00fcrd\u00fcrmek i\u00e7in gereklidir. \u0130\u015fte daha dengeli bir ya\u015fam yaratman\u0131za yard\u0131mc\u0131 olacak baz\u0131 pratik stratejiler:  <\/p>\n\n<h3 class=\"wp-block-heading\">1. \u00d6z De\u011ferlendirme<\/h3>\n\n<p>\u0130\u015f-ya\u015fam dengenizi iyile\u015ftirmenin ilk ad\u0131m\u0131 bir ad\u0131m geri \u00e7ekilip mevcut durumunuzu de\u011ferlendirmektir. Hayat\u0131n\u0131z\u0131n farkl\u0131 y\u00f6nlerinin birbirini nas\u0131l etkiledi\u011fini d\u00fc\u015f\u00fcn\u00fcn. Kendinize \u015fu gibi sorular sorun:  <\/p>\n\n<ul>\n<li>Ger\u00e7ekten keyif ald\u0131\u011f\u0131m faaliyetlere kaliteli zaman ay\u0131r\u0131yor muyum?<\/li>\n\n\n\n<li>Benim i\u00e7in \u00f6nemli olan insanlara ve \u015feylere yeterince zaman ve enerji ay\u0131r\u0131yor muyum?<\/li>\n\n\n\n<li>Mesleki ve ki\u015fisel hedeflerim hala ayn\u0131 do\u011frultuda m\u0131? Neden ya da neden de\u011fil? <\/li>\n\n\n\n<li>Kendimi en \u00e7ok nerede s\u0131k\u0131\u015fm\u0131\u015f hissediyorum ve bu durumun nesi bu duyguya neden oluyor?<\/li>\n<\/ul>\n\n<p>D\u00fc\u015f\u00fcncelerinizi ve duygular\u0131n\u0131z\u0131 g\u00fcnl\u00fc\u011fe kaydetmek, d\u00fczeltilmesi gereken alanlar\u0131 belirlemenize yard\u0131mc\u0131 olabilir ve mevcut durumunuza netlik kazand\u0131rabilir.<\/p>\n\n<h3 class=\"wp-block-heading\">2. \u00d6nceliklerinizi De\u011ferlendirin<\/h3>\n\n<p>Mevcut i\u015f-ya\u015fam durumunuzu daha net bir \u015fekilde anlad\u0131ktan sonra, \u00f6nceliklerinizi belirleme ve yeniden de\u011ferlendirme zaman\u0131 gelmi\u015ftir. Bu sorular\u0131 d\u00fc\u015f\u00fcn\u00fcn: <\/p>\n\n<ul>\n<li>Benim i\u00e7in ger\u00e7ekten \u00f6nemli olan nedir ve bunun i\u00e7in yeterince zaman harc\u0131yor muyum?<\/li>\n\n\n\n<li>Nerede taviz verebilirim ve nerede \u00e7ok fazla taviz verdim?<\/li>\n\n\n\n<li>Hedeflerime ve ili\u015fkilerime yeterince zaman ay\u0131rd\u0131\u011f\u0131mdan nas\u0131l emin olabilirim?<\/li>\n\n\n\n<li>Ayn\u0131 anda birden fazla taahh\u00fcd\u00fc yerine getirmek i\u00e7in sorumluluklar\u0131 nereye entegre edebilirim?<\/li>\n<\/ul>\n\n<p>\u00d6nceliklerinizi net bir \u015fekilde tan\u0131mlayarak, zaman\u0131n\u0131z\u0131 ve enerjinizi nas\u0131l tahsis edece\u011finiz konusunda daha bilin\u00e7li kararlar verebilirsiniz.<\/p>\n\n<h3 class=\"wp-block-heading\">3. Zaman\u0131n\u0131z\u0131 Etkin Bir \u015eekilde Y\u00f6netin<\/h3>\n\n<p>Etkili zaman y\u00f6netimi, sa\u011fl\u0131kl\u0131 bir i\u015f-ya\u015fam dengesini korumak i\u00e7in \u00e7ok \u00f6nemlidir. \u0130\u015fte zaman\u0131n\u0131z\u0131 daha iyi y\u00f6netmenize yard\u0131mc\u0131 olacak baz\u0131 ipu\u00e7lar\u0131: <\/p>\n\n<ul>\n<li><strong>Program\u0131n\u0131z\u0131 G\u00f6zden Ge\u00e7irin: <\/strong>\u015eu anda zaman\u0131n\u0131z\u0131 nas\u0131l ge\u00e7irdi\u011finize bir g\u00f6z at\u0131n ve ayarlamalar yapabilece\u011finiz alanlar\u0131 belirleyin.<\/li>\n\n\n\n<li><strong>Zaman Engelleme:<\/strong> Farkl\u0131 g\u00f6revler veya faaliyetler i\u00e7in belirli zaman bloklar\u0131 ay\u0131r\u0131n. Bu, her seferinde tek bir \u015feye odaklanman\u0131za yard\u0131mc\u0131 olur ve \u00e7oklu g\u00f6revleri \u00f6nler. <\/li>\n\n\n\n<li><strong>\u00d6nceliklendirme Matrisi:<\/strong> G\u00f6revleri aciliyet ve \u00f6neme g\u00f6re \u00f6nceliklendirmek i\u00e7in Eisenhower Matrisi gibi ara\u00e7lar kullan\u0131n.<\/li>\n\n\n\n<li><strong>\u00c7oklu G\u00f6revlerden Ka\u00e7\u0131n\u0131n:<\/strong> Verimlili\u011fi art\u0131rmak ve stresi azaltmak i\u00e7in her seferinde tek bir g\u00f6reve odaklan\u0131n.<\/li>\n<\/ul>\n\n<h3 class=\"wp-block-heading\">4. Net S\u0131n\u0131rlar Belirleyin<\/h3>\n\n<p>Ki\u015fisel zaman\u0131n\u0131z\u0131 korumak ve t\u00fckenmi\u015fli\u011fi \u00f6nlemek i\u00e7in net s\u0131n\u0131rlar belirlemek \u00e7ok \u00f6nemlidir. Anlad\u0131klar\u0131ndan ve sayg\u0131 duyduklar\u0131ndan emin olmak i\u00e7in s\u0131n\u0131rlar\u0131n\u0131z\u0131 i\u015f arkada\u015flar\u0131n\u0131za, arkada\u015flar\u0131n\u0131za ve ailenize iletin. \u0130\u015fte nas\u0131l ba\u015flayaca\u011f\u0131n\u0131z:  <\/p>\n\n<ul>\n<li><strong>Fiziksel S\u0131n\u0131rlar\u0131 Tan\u0131mlay\u0131n:<\/strong> Evden \u00e7al\u0131\u015f\u0131yorsan\u0131z, ki\u015fisel ili\u015fkilerinizi i\u015ften ay\u0131rmak i\u00e7in belirlenmi\u015f bir \u00e7al\u0131\u015fma alan\u0131 olu\u015fturun.<\/li>\n\n\n\n<li><strong>Duygusal S\u0131n\u0131rlar Belirleyin: <\/strong>\u0130\u015fle ilgili stresin hayat\u0131n\u0131za yay\u0131lmas\u0131na izin vermeyerek ruh sa\u011fl\u0131\u011f\u0131n\u0131z\u0131 koruyun.<\/li>\n\n\n\n<li><strong>Zaman S\u0131n\u0131rlar\u0131:<\/strong> Belirli \u00e7al\u0131\u015fma saatleri belirleyin ve bunlara sad\u0131k kal\u0131n. Mesai saatleri d\u0131\u015f\u0131nda i\u015f e-postalar\u0131n\u0131 kontrol etmekten veya telefonlara cevap vermekten ka\u00e7\u0131n\u0131n. <\/li>\n<\/ul>\n\n<h3 class=\"wp-block-heading\">5. S\u00fcrekli \u0130yile\u015ftirme<\/h3>\n\n<p>\u0130\u015f ve ya\u015fam aras\u0131nda iyi bir denge kurmak, s\u00fcrekli d\u00fc\u015f\u00fcnmeyi ve ayarlama yapmay\u0131 gerektiren devaml\u0131 bir s\u00fcre\u00e7tir. Stratejilerinizi d\u00fczenli olarak de\u011ferlendirin ve sa\u011fl\u0131kl\u0131 bir denge sa\u011flad\u0131\u011f\u0131n\u0131zdan emin olmak i\u00e7in gerekli d\u00fczeltmeleri yap\u0131n. Hayat\u0131n zaman i\u00e7inde de\u011fi\u015fti\u011fini ve esnek olman\u0131n gerekti\u011finde uyum sa\u011flaman\u0131za yard\u0131mc\u0131 olaca\u011f\u0131n\u0131 unutmay\u0131n.  <\/p>\n\n<h2 class=\"wp-block-heading\">QuestionPro \u0130\u015f-Ya\u015fam Dengenizde Size Nas\u0131l Yard\u0131mc\u0131 Olur?<\/h2>\n\n<p>\u0130\u015f-ya\u015fam entegrasyonu hem ki\u015fisel refah hem de profesyonel \u00fcretkenlik i\u00e7in \u00e7ok \u00f6nemlidir. QuestionPro Workforce, kurulu\u015flar\u0131n ve \u00e7al\u0131\u015fanlar\u0131n daha iyi bir denge kurmalar\u0131na yard\u0131mc\u0131 olmak i\u00e7in tasarlanm\u0131\u015f bir dizi ara\u00e7 ve \u00f6zellik sunar. \u0130\u015fte QuestionPro Workforce&#8217;un i\u015f-ya\u015fam dengesini sa\u011flaman\u0131za nas\u0131l yard\u0131mc\u0131 olabilece\u011fi:  <\/p>\n\n<h3 class=\"wp-block-heading\">1. \u00c7al\u0131\u015fan Geri Bildirimi ve \u0130\u00e7g\u00f6r\u00fcler<\/h3>\n\n<p>QuestionPro Workforce, kurumlar\u0131n \u00e7al\u0131\u015fanlar\u0131ndan i\u015f deneyimleri ve memnuniyetleri hakk\u0131nda s\u00fcrekli geri bildirim toplamalar\u0131na olanak tan\u0131r. Bu, a\u015fa\u011f\u0131dakilere ili\u015fkin i\u00e7g\u00f6r\u00fcleri i\u00e7erir:   <\/p>\n\n<ul>\n<li>\u0130\u015f Y\u00fckleri  <\/li>\n\n\n\n<li>Stres seviyeleri<\/li>\n\n\n\n<li>Genel i\u015f memnuniyeti<\/li>\n<\/ul>\n\n<p>Platform, \u00e7al\u0131\u015fanlar\u0131n dengeyi korumakta zorlanabilecekleri alanlar\u0131n belirlenmesine yard\u0131mc\u0131 olabilecek eyleme ge\u00e7irilebilir veriler sa\u011flar. Bu geri bildirim, i\u015f ya\u015fam dengesini ve \u00e7al\u0131\u015fan memnuniyetini iyile\u015ftirmek i\u00e7in gereken ayarlamalar hakk\u0131nda bilin\u00e7li kararlar almak i\u00e7in kullan\u0131labilir. <\/p>\n\n<h3 class=\"wp-block-heading\">2. Nab\u0131z Anketleri<\/h3>\n\n<p>Nab\u0131z anketleri, mevcut refah durumlar\u0131n\u0131 ve i\u015f ve ya\u015fam dengelerini anlamak i\u00e7in \u00e7al\u0131\u015fanlarla d\u00fczenli kontroller yap\u0131lmas\u0131n\u0131 sa\u011flar. Bu, kurulu\u015flar\u0131n \u00e7al\u0131\u015fanlar\u0131n s\u00fcrekli olarak nas\u0131l hissettikleri hakk\u0131nda bilgi sahibi olmalar\u0131na yard\u0131mc\u0131 olur. <\/p>\n\n<p>Nab\u0131z anketlerinin ger\u00e7ek zamanl\u0131 olmas\u0131, ortaya \u00e7\u0131kan sorunlara daha h\u0131zl\u0131 yan\u0131t verilmesine olanak tan\u0131yarak i\u015f-ya\u015fam dengesi ile ilgili endi\u015felerin b\u00fcy\u00fcmeden giderilmesi i\u00e7in zaman\u0131nda m\u00fcdahale edilmesini kolayla\u015ft\u0131r\u0131r.<\/p>\n\n<h3 class=\"wp-block-heading\">3. \u0130\u015f Y\u00fck\u00fc Y\u00f6netimi<\/h3>\n\n<p>QuestionPro Workforce, \u00e7al\u0131\u015fanlar\u0131n i\u015f y\u00fcklerini de\u011ferlendirmek ve y\u00f6netmek i\u00e7in ara\u00e7lar i\u00e7erir. \u0130\u015f y\u00fcklerinin nas\u0131l da\u011f\u0131t\u0131ld\u0131\u011f\u0131n\u0131 anlayarak, kurulu\u015flar t\u00fckenmi\u015fli\u011fi \u00f6nlemek ve t\u00fcm ekip \u00fcyeleri i\u00e7in y\u00f6netilebilir bir i\u015f ve ya\u015fam dengesi sa\u011flamak i\u00e7in ayarlamalar yapabilirler. <\/p>\n\n<p>\u0130\u015f y\u00fck\u00fc de\u011ferlendirmelerinden elde edilen veriler, kaynak tahsisinin optimize edilmesine yard\u0131mc\u0131 olarak hi\u00e7bir \u00e7al\u0131\u015fan\u0131n a\u015f\u0131r\u0131 y\u00fck alt\u0131nda kalmamas\u0131n\u0131 ve g\u00f6revlerin ekip i\u00e7inde e\u015fit olarak da\u011f\u0131t\u0131lmas\u0131n\u0131 sa\u011flayabilir.<\/p>\n\n<h3 class=\"wp-block-heading\">4. \u00c7al\u0131\u015fan Ba\u011fl\u0131l\u0131\u011f\u0131 ve Refah\u0131 Programlar\u0131<\/h3>\n\n<p>Platform, i\u015f-ya\u015fam dengesi ile yak\u0131ndan ba\u011flant\u0131l\u0131 olan \u00e7e\u015fitli ba\u011fl\u0131l\u0131k \u00f6l\u00e7\u00fcmlerini takip eder. Y\u00fcksek ba\u011fl\u0131l\u0131k seviyeleri genellikle daha iyi i\u015f ve ya\u015fam dengesi ile ili\u015fkilidir, \u00e7\u00fcnk\u00fc ba\u011fl\u0131 \u00e7al\u0131\u015fanlar genellikle rollerinden daha memnun olurlar. <\/p>\n\n<p>QuestionPro Workforce&#8217;tan elde edilen bilgiler, \u00e7al\u0131\u015fanlar\u0131n ihtiya\u00e7lar\u0131na g\u00f6re uyarlanm\u0131\u015f esenlik programlar\u0131 ve giri\u015fimlerinin geli\u015ftirilmesine rehberlik ederek i\u015f ve \u00f6zel ya\u015fam aras\u0131nda daha sa\u011fl\u0131kl\u0131 bir denge kurulmas\u0131n\u0131 te\u015fvik edebilir.<\/p>\n\n<h3 class=\"wp-block-heading\">5. \u00d6zelle\u015ftirilebilir Raporlama ve Analitik<\/h3>\n\n<p>\u00d6zelle\u015ftirilebilir raporlama \u00f6zellikleri, kurulu\u015flar\u0131n i\u015f-ya\u015fam dengesinin belirli y\u00f6nlerine odaklanan raporlar olu\u015fturmas\u0131na olanak tan\u0131r:  <\/p>\n\n<ul>\n<li>\u00c7al\u0131\u015fan memnuniyeti ve  <\/li>\n\n\n\n<li>Stres seviyeleri.<\/li>\n<\/ul>\n\n<p>Zaman i\u00e7indeki e\u011filimlerin analiz edilmesi, kal\u0131plar\u0131n belirlenmesine ve i\u015f-ya\u015fam dengesi stratejilerinde uzun vadeli iyile\u015ftirmeler yap\u0131lmas\u0131na yard\u0131mc\u0131 olabilir.<\/p>\n\n<h3 class=\"wp-block-heading\">6. \u00c7al\u0131\u015fan Geli\u015fimi ve Deste\u011fi<\/h3>\n\n<p>QuestionPro Workforce, \u00e7al\u0131\u015fan geli\u015fimini ve kariyer b\u00fcy\u00fcmesini takip etmek i\u00e7in ara\u00e7lar sunar. \u00c7al\u0131\u015fanlar\u0131n mesleki geli\u015fimini desteklemek, genel i\u015f memnuniyetine ve dengesine katk\u0131da bulunabilir. <\/p>\n\n<p>Platform ayr\u0131ca, \u00e7al\u0131\u015fanlar\u0131n i\u015f ve ya\u015fam dengelerini geli\u015ftirebilecek dan\u0131\u015fmanl\u0131k veya mesleki geli\u015fim f\u0131rsatlar\u0131 gibi ek destek veya kaynaklardan ne zaman yararlanabileceklerini belirlemeye yard\u0131mc\u0131 olabilir.<\/p>\n\n<h2 class=\"wp-block-heading\">Sonu\u00e7<\/h2>\n\n<p>Sa\u011fl\u0131kl\u0131 bir i\u015f-ya\u015fam dengesi kurmak, genel refah ve profesyonel ba\u015far\u0131 i\u00e7in \u00e7ok \u00f6nemlidir. \u00d6z de\u011ferlendirmeler yaparak, \u00f6ncelikleri yeniden de\u011ferlendirerek, zaman\u0131 etkili bir \u015fekilde y\u00f6neterek, net s\u0131n\u0131rlar belirleyerek ve yakla\u015f\u0131m\u0131n\u0131z\u0131 s\u00fcrekli olarak yans\u0131tarak ve iyile\u015ftirerek daha dengeli ve tatmin edici bir ya\u015fam yaratabilirsiniz. <\/p>\n\n<p>QuestionPro Workforce, s\u00fcrekli geri bildirim, i\u015f y\u00fck\u00fc de\u011ferlendirmesi ve ba\u011fl\u0131l\u0131k takibi yoluyla i\u015f-ya\u015fam dengesi y\u00f6netimini destekleyen eksiksiz bir ara\u00e7 paketi sunar. Bu \u00f6zellikleri ke\u015ffederek kurulu\u015flar, \u00e7al\u0131\u015fanlar\u0131n refah\u0131n\u0131, memnuniyetini ve \u00fcretkenli\u011fini destekleyen daha dengeli bir \u00e7al\u0131\u015fma ortam\u0131 yaratabilirler. <\/p>\n\n<p>Unutmay\u0131n, sizin i\u00e7in neyin i\u015fe yarad\u0131\u011f\u0131n\u0131 bulmak zaman ve uyum gerektirir. QuestionPro ile daha sa\u011fl\u0131kl\u0131 bir i\u015f-ya\u015fam dengesi i\u00e7in sab\u0131rl\u0131 ve kararl\u0131 olun. <\/p>\n\n\n\t<div class=\"banner-section wf-section\" lang=\"\" >\n\t\t<div class=\"right-column-container\">\n\t\t\t<div class=\"bannerbg white\">\n\t\t\t\t<span class=\"h1-2\">Ger\u00e7ek zamanl\u0131 verilere, i\u00e7g\u00f6r\u00fclere ve geli\u015fmi\u015f analizlere dayal\u0131 unutulmaz deneyimler yarat\u0131n.<\/span>\n\t\t\t\t<a href=\"#userliteForm\" data-toggle=\"modal\" class=\"button w-button\">Demo Talep Edin<\/a>\n\t\t\t<\/div>\n\t\t<\/div>\n\t<\/div>\n\t<div class=\"userlite-modal modal fade\" id=\"userliteForm\" tabindex=\"-1\" role=\"dialog\" style=\"display: none;\">\n\t\t<div class=\"modal-dialog\" role=\"document\">\n\t\t\t<div class=\"modal-content\" role=\"document\">\n\t\t\t\t<div class=\"modal-body\">\n\t\t\t\t\t<div class=\"modal-header\">\n\t\t\t\t\t\t<button type=\"button\" class=\"close\" data-dismiss=\"modal\" aria-label=\"Close\">\n\t\t\t\t\t\t\t<i class=\"material-icons\">close<\/i>\n\t\t\t\t\t\t<\/button>\n\t\t\t\t\t<\/div>\n\t\t\t\t\t<div class=\"contact-us-form-wrapper contact-box\">\n\t\t\t\t\t\t<div class=\"userlite-form-wrapper\">\n\t\t\t\t\t\t\t<iframe src=\"https:\/\/www.questionpro.com\/userlite-form-blog-turkish.html?product=Surveys&amp;referralurl=https:\/\/www.questionpro.com\/blog\/tr\/wp-json\/wp\/v2\/posts\/1006099\/&amp;lang=tr&amp;cat=is-gucu-tr\" style=\"display: block;\" ><\/iframe>\n\t\t\t\t\t\t<\/div>\n\t\t\t\t\t\t<div class=\"demo-form-wrapper success-message-div\" style=\"display:none\">\n\t\t\t\t\t\t\t<p class=\"success-message-para\"><\/p>\n\t\t\t\t\t\t<\/div>\n\t\t\t\t\t<\/div>\n\t\t\t\t<\/div>\n\t\t\t<\/div>\n\t\t<\/div>\n\t<\/div>\n","protected":false},"excerpt":{"rendered":"<p>M\u00fckemmel i\u015f-ya\u015fam dengesini bulmakta zorlan\u0131yor musunuz? \u0130\u015f sorumluluklar\u0131 ile ki\u015fisel ya\u015fam aras\u0131nda denge kurmak \u00e7o\u011fu zaman sonu gelmeyen bir eylem [&hellip;]<\/p>\n","protected":false},"author":80,"featured_media":977716,"comment_status":"closed","ping_status":"closed","sticky":false,"template":"","format":"standard","meta":{"_genesis_hide_title":false,"_genesis_hide_breadcrumbs":false,"_genesis_hide_singular_image":false,"_genesis_hide_footer_widgets":false,"_genesis_custom_body_class":"","_genesis_custom_post_class":"","_genesis_layout":"","footnotes":""},"categories":[1162],"tags":[],"yoast_head":"<!-- This site is optimized with the Yoast SEO plugin v20.4 - https:\/\/yoast.com\/wordpress\/plugins\/seo\/ -->\n<title>\u0130\u015f-Ya\u015fam Dengesi: Neden \u0130htiyac\u0131m\u0131z Var ve Nas\u0131l \u0130yile\u015ftirebiliriz?<\/title>\n<meta name=\"description\" content=\"\u0130\u015f-ya\u015fam dengesi, refah, \u00fcretkenlik ve i\u015f tatmini i\u00e7in gereklidir. Nedenini ke\u015ffedin ve bunu geli\u015ftirmek i\u00e7in stratejiler \u00f6\u011frenin.\" \/>\n<meta name=\"robots\" content=\"index, follow, max-snippet:-1, max-image-preview:large, max-video-preview:-1\" \/>\n<link rel=\"canonical\" href=\"https:\/\/www.questionpro.com\/blog\/tr\/is-yasam-dengesi-neden-ihtiyacimiz-var-ve-nasil-iyilestirebiliriz\/\" \/>\n<meta property=\"og:locale\" content=\"tr_TR\" \/>\n<meta property=\"og:type\" content=\"article\" \/>\n<meta property=\"og:title\" content=\"\u0130\u015f-Ya\u015fam Dengesi: Neden \u0130htiyac\u0131m\u0131z Var ve Nas\u0131l \u0130yile\u015ftirebiliriz?\" \/>\n<meta property=\"og:description\" content=\"\u0130\u015f-ya\u015fam dengesi, refah, \u00fcretkenlik ve i\u015f tatmini i\u00e7in gereklidir. Nedenini ke\u015ffedin ve bunu geli\u015ftirmek i\u00e7in stratejiler \u00f6\u011frenin.\" \/>\n<meta property=\"og:url\" content=\"https:\/\/www.questionpro.com\/blog\/tr\/is-yasam-dengesi-neden-ihtiyacimiz-var-ve-nasil-iyilestirebiliriz\/\" \/>\n<meta property=\"og:site_name\" content=\"QuestionPro\" \/>\n<meta property=\"article:publisher\" content=\"https:\/\/www.facebook.com\/questionpro\" \/>\n<meta property=\"article:published_time\" content=\"2024-08-22T18:00:00+00:00\" \/>\n<meta property=\"article:modified_time\" content=\"2025-02-12T11:09:34+00:00\" \/>\n<meta property=\"og:image\" content=\"https:\/\/www.questionpro.com\/blog\/wp-content\/uploads\/2024\/08\/Work-life-balance.jpg\" \/>\n\t<meta property=\"og:image:width\" content=\"1750\" \/>\n\t<meta property=\"og:image:height\" content=\"1045\" \/>\n\t<meta property=\"og:image:type\" content=\"image\/jpeg\" \/>\n<meta name=\"author\" content=\"QuestionPro Collaborators\" \/>\n<meta name=\"twitter:card\" content=\"summary_large_image\" \/>\n<meta name=\"twitter:creator\" content=\"@questionpro\" \/>\n<meta name=\"twitter:site\" content=\"@questionpro\" \/>\n<meta name=\"twitter:label1\" content=\"Yazan:\" \/>\n\t<meta name=\"twitter:data1\" content=\"QuestionPro Collaborators\" \/>\n\t<meta name=\"twitter:label2\" content=\"Tahmini okuma s\u00fcresi\" \/>\n\t<meta name=\"twitter:data2\" content=\"13 dakika\" \/>\n<script type=\"application\/ld+json\" class=\"yoast-schema-graph\">{\"@context\":\"https:\/\/schema.org\",\"@graph\":[{\"@type\":\"Article\",\"@id\":\"https:\/\/www.questionpro.com\/blog\/tr\/is-yasam-dengesi-neden-ihtiyacimiz-var-ve-nasil-iyilestirebiliriz\/#article\",\"isPartOf\":{\"@id\":\"https:\/\/www.questionpro.com\/blog\/tr\/is-yasam-dengesi-neden-ihtiyacimiz-var-ve-nasil-iyilestirebiliriz\/\"},\"author\":{\"name\":\"QuestionPro Collaborators\",\"@id\":\"https:\/\/www.questionpro.com\/blog\/tr\/#\/schema\/person\/7aa2dda02c16e540da9fb962ee929652\"},\"headline\":\"\u0130\u015f-Ya\u015fam Dengesi: Neden \u0130htiyac\u0131m\u0131z Var ve Nas\u0131l \u0130yile\u015ftirebiliriz?\",\"datePublished\":\"2024-08-22T18:00:00+00:00\",\"dateModified\":\"2025-02-12T11:09:34+00:00\",\"mainEntityOfPage\":{\"@id\":\"https:\/\/www.questionpro.com\/blog\/tr\/is-yasam-dengesi-neden-ihtiyacimiz-var-ve-nasil-iyilestirebiliriz\/\"},\"wordCount\":2569,\"publisher\":{\"@id\":\"https:\/\/www.questionpro.com\/blog\/tr\/#organization\"},\"articleSection\":[\"\u0130\u015f G\u00fcc\u00fc\"],\"inLanguage\":\"tr\"},{\"@type\":\"WebPage\",\"@id\":\"https:\/\/www.questionpro.com\/blog\/tr\/is-yasam-dengesi-neden-ihtiyacimiz-var-ve-nasil-iyilestirebiliriz\/\",\"url\":\"https:\/\/www.questionpro.com\/blog\/tr\/is-yasam-dengesi-neden-ihtiyacimiz-var-ve-nasil-iyilestirebiliriz\/\",\"name\":\"\u0130\u015f-Ya\u015fam Dengesi: Neden \u0130htiyac\u0131m\u0131z Var ve Nas\u0131l \u0130yile\u015ftirebiliriz?\",\"isPartOf\":{\"@id\":\"https:\/\/www.questionpro.com\/blog\/tr\/#website\"},\"datePublished\":\"2024-08-22T18:00:00+00:00\",\"dateModified\":\"2025-02-12T11:09:34+00:00\",\"description\":\"\u0130\u015f-ya\u015fam dengesi, refah, \u00fcretkenlik ve i\u015f tatmini i\u00e7in gereklidir. Nedenini ke\u015ffedin ve bunu geli\u015ftirmek i\u00e7in stratejiler \u00f6\u011frenin.\",\"breadcrumb\":{\"@id\":\"https:\/\/www.questionpro.com\/blog\/tr\/is-yasam-dengesi-neden-ihtiyacimiz-var-ve-nasil-iyilestirebiliriz\/#breadcrumb\"},\"inLanguage\":\"tr\",\"potentialAction\":[{\"@type\":\"ReadAction\",\"target\":[\"https:\/\/www.questionpro.com\/blog\/tr\/is-yasam-dengesi-neden-ihtiyacimiz-var-ve-nasil-iyilestirebiliriz\/\"]}]},{\"@type\":\"BreadcrumbList\",\"@id\":\"https:\/\/www.questionpro.com\/blog\/tr\/is-yasam-dengesi-neden-ihtiyacimiz-var-ve-nasil-iyilestirebiliriz\/#breadcrumb\",\"itemListElement\":[{\"@type\":\"ListItem\",\"position\":1,\"name\":\"Ev\",\"item\":\"https:\/\/www.questionpro.com\/blog\/tr\/\"},{\"@type\":\"ListItem\",\"position\":2,\"name\":\"\u0130\u015f G\u00fcc\u00fc\",\"item\":\"https:\/\/www.questionpro.com\/blog\/tr\/category\/is-gucu-tr\/\"},{\"@type\":\"ListItem\",\"position\":3,\"name\":\"\u0130\u015f-Ya\u015fam Dengesi: Neden \u0130htiyac\u0131m\u0131z Var ve Nas\u0131l \u0130yile\u015ftirebiliriz?\"}]},{\"@type\":\"WebSite\",\"@id\":\"https:\/\/www.questionpro.com\/blog\/tr\/#website\",\"url\":\"https:\/\/www.questionpro.com\/blog\/tr\/\",\"name\":\"QuestionPro\",\"description\":\"\",\"publisher\":{\"@id\":\"https:\/\/www.questionpro.com\/blog\/tr\/#organization\"},\"potentialAction\":[{\"@type\":\"SearchAction\",\"target\":{\"@type\":\"EntryPoint\",\"urlTemplate\":\"https:\/\/www.questionpro.com\/blog\/tr\/?s={search_term_string}\"},\"query-input\":\"required name=search_term_string\"}],\"inLanguage\":\"tr\"},{\"@type\":\"Organization\",\"@id\":\"https:\/\/www.questionpro.com\/blog\/tr\/#organization\",\"name\":\"QuestionPro\",\"url\":\"https:\/\/www.questionpro.com\/blog\/tr\/\",\"logo\":{\"@type\":\"ImageObject\",\"inLanguage\":\"tr\",\"@id\":\"https:\/\/www.questionpro.com\/blog\/tr\/#\/schema\/logo\/image\/\",\"url\":\"https:\/\/www.questionpro.com\/blog\/wp-content\/uploads\/2022\/10\/questionpro-logo.svg\",\"contentUrl\":\"https:\/\/www.questionpro.com\/blog\/wp-content\/uploads\/2022\/10\/questionpro-logo.svg\",\"caption\":\"QuestionPro\"},\"image\":{\"@id\":\"https:\/\/www.questionpro.com\/blog\/tr\/#\/schema\/logo\/image\/\"},\"sameAs\":[\"https:\/\/www.facebook.com\/questionpro\",\"https:\/\/twitter.com\/questionpro\",\"https:\/\/www.linkedin.com\/company\/questionpro\/\"]},{\"@type\":\"Person\",\"@id\":\"https:\/\/www.questionpro.com\/blog\/tr\/#\/schema\/person\/7aa2dda02c16e540da9fb962ee929652\",\"name\":\"QuestionPro Collaborators\",\"image\":{\"@type\":\"ImageObject\",\"inLanguage\":\"tr\",\"@id\":\"https:\/\/www.questionpro.com\/blog\/tr\/#\/schema\/person\/image\/\",\"url\":\"https:\/\/secure.gravatar.com\/avatar\/7c5e4f557ac4d597814687054d6305bc?s=96&d=mm&r=g\",\"contentUrl\":\"https:\/\/secure.gravatar.com\/avatar\/7c5e4f557ac4d597814687054d6305bc?s=96&d=mm&r=g\",\"caption\":\"QuestionPro Collaborators\"},\"description\":\"Worldwide team of Content Creation specialists focusing on Research, CX, Workforce, Audience and Education.\",\"url\":\"https:\/\/www.questionpro.com\/blog\/tr\/author\/aldro\/\"}]}<\/script>\n<!-- \/ Yoast SEO plugin. -->","yoast_head_json":{"title":"\u0130\u015f-Ya\u015fam Dengesi: Neden \u0130htiyac\u0131m\u0131z Var ve Nas\u0131l \u0130yile\u015ftirebiliriz?","description":"\u0130\u015f-ya\u015fam dengesi, refah, \u00fcretkenlik ve i\u015f tatmini i\u00e7in gereklidir. Nedenini ke\u015ffedin ve bunu geli\u015ftirmek i\u00e7in stratejiler \u00f6\u011frenin.","robots":{"index":"index","follow":"follow","max-snippet":"max-snippet:-1","max-image-preview":"max-image-preview:large","max-video-preview":"max-video-preview:-1"},"canonical":"https:\/\/www.questionpro.com\/blog\/tr\/is-yasam-dengesi-neden-ihtiyacimiz-var-ve-nasil-iyilestirebiliriz\/","og_locale":"tr_TR","og_type":"article","og_title":"\u0130\u015f-Ya\u015fam Dengesi: Neden \u0130htiyac\u0131m\u0131z Var ve Nas\u0131l \u0130yile\u015ftirebiliriz?","og_description":"\u0130\u015f-ya\u015fam dengesi, refah, \u00fcretkenlik ve i\u015f tatmini i\u00e7in gereklidir. Nedenini ke\u015ffedin ve bunu geli\u015ftirmek i\u00e7in stratejiler \u00f6\u011frenin.","og_url":"https:\/\/www.questionpro.com\/blog\/tr\/is-yasam-dengesi-neden-ihtiyacimiz-var-ve-nasil-iyilestirebiliriz\/","og_site_name":"QuestionPro","article_publisher":"https:\/\/www.facebook.com\/questionpro","article_published_time":"2024-08-22T18:00:00+00:00","article_modified_time":"2025-02-12T11:09:34+00:00","og_image":[{"width":1750,"height":1045,"url":"https:\/\/www.questionpro.com\/blog\/wp-content\/uploads\/2024\/08\/Work-life-balance.jpg","type":"image\/jpeg"}],"author":"QuestionPro Collaborators","twitter_card":"summary_large_image","twitter_creator":"@questionpro","twitter_site":"@questionpro","twitter_misc":{"Yazan:":"QuestionPro Collaborators","Tahmini okuma s\u00fcresi":"13 dakika"},"schema":{"@context":"https:\/\/schema.org","@graph":[{"@type":"Article","@id":"https:\/\/www.questionpro.com\/blog\/tr\/is-yasam-dengesi-neden-ihtiyacimiz-var-ve-nasil-iyilestirebiliriz\/#article","isPartOf":{"@id":"https:\/\/www.questionpro.com\/blog\/tr\/is-yasam-dengesi-neden-ihtiyacimiz-var-ve-nasil-iyilestirebiliriz\/"},"author":{"name":"QuestionPro Collaborators","@id":"https:\/\/www.questionpro.com\/blog\/tr\/#\/schema\/person\/7aa2dda02c16e540da9fb962ee929652"},"headline":"\u0130\u015f-Ya\u015fam Dengesi: Neden \u0130htiyac\u0131m\u0131z Var ve Nas\u0131l \u0130yile\u015ftirebiliriz?","datePublished":"2024-08-22T18:00:00+00:00","dateModified":"2025-02-12T11:09:34+00:00","mainEntityOfPage":{"@id":"https:\/\/www.questionpro.com\/blog\/tr\/is-yasam-dengesi-neden-ihtiyacimiz-var-ve-nasil-iyilestirebiliriz\/"},"wordCount":2569,"publisher":{"@id":"https:\/\/www.questionpro.com\/blog\/tr\/#organization"},"articleSection":["\u0130\u015f G\u00fcc\u00fc"],"inLanguage":"tr"},{"@type":"WebPage","@id":"https:\/\/www.questionpro.com\/blog\/tr\/is-yasam-dengesi-neden-ihtiyacimiz-var-ve-nasil-iyilestirebiliriz\/","url":"https:\/\/www.questionpro.com\/blog\/tr\/is-yasam-dengesi-neden-ihtiyacimiz-var-ve-nasil-iyilestirebiliriz\/","name":"\u0130\u015f-Ya\u015fam Dengesi: Neden \u0130htiyac\u0131m\u0131z Var ve Nas\u0131l \u0130yile\u015ftirebiliriz?","isPartOf":{"@id":"https:\/\/www.questionpro.com\/blog\/tr\/#website"},"datePublished":"2024-08-22T18:00:00+00:00","dateModified":"2025-02-12T11:09:34+00:00","description":"\u0130\u015f-ya\u015fam dengesi, refah, \u00fcretkenlik ve i\u015f tatmini i\u00e7in gereklidir. Nedenini ke\u015ffedin ve bunu geli\u015ftirmek i\u00e7in stratejiler \u00f6\u011frenin.","breadcrumb":{"@id":"https:\/\/www.questionpro.com\/blog\/tr\/is-yasam-dengesi-neden-ihtiyacimiz-var-ve-nasil-iyilestirebiliriz\/#breadcrumb"},"inLanguage":"tr","potentialAction":[{"@type":"ReadAction","target":["https:\/\/www.questionpro.com\/blog\/tr\/is-yasam-dengesi-neden-ihtiyacimiz-var-ve-nasil-iyilestirebiliriz\/"]}]},{"@type":"BreadcrumbList","@id":"https:\/\/www.questionpro.com\/blog\/tr\/is-yasam-dengesi-neden-ihtiyacimiz-var-ve-nasil-iyilestirebiliriz\/#breadcrumb","itemListElement":[{"@type":"ListItem","position":1,"name":"Ev","item":"https:\/\/www.questionpro.com\/blog\/tr\/"},{"@type":"ListItem","position":2,"name":"\u0130\u015f G\u00fcc\u00fc","item":"https:\/\/www.questionpro.com\/blog\/tr\/category\/is-gucu-tr\/"},{"@type":"ListItem","position":3,"name":"\u0130\u015f-Ya\u015fam Dengesi: Neden \u0130htiyac\u0131m\u0131z Var ve Nas\u0131l \u0130yile\u015ftirebiliriz?"}]},{"@type":"WebSite","@id":"https:\/\/www.questionpro.com\/blog\/tr\/#website","url":"https:\/\/www.questionpro.com\/blog\/tr\/","name":"QuestionPro","description":"","publisher":{"@id":"https:\/\/www.questionpro.com\/blog\/tr\/#organization"},"potentialAction":[{"@type":"SearchAction","target":{"@type":"EntryPoint","urlTemplate":"https:\/\/www.questionpro.com\/blog\/tr\/?s={search_term_string}"},"query-input":"required name=search_term_string"}],"inLanguage":"tr"},{"@type":"Organization","@id":"https:\/\/www.questionpro.com\/blog\/tr\/#organization","name":"QuestionPro","url":"https:\/\/www.questionpro.com\/blog\/tr\/","logo":{"@type":"ImageObject","inLanguage":"tr","@id":"https:\/\/www.questionpro.com\/blog\/tr\/#\/schema\/logo\/image\/","url":"https:\/\/www.questionpro.com\/blog\/wp-content\/uploads\/2022\/10\/questionpro-logo.svg","contentUrl":"https:\/\/www.questionpro.com\/blog\/wp-content\/uploads\/2022\/10\/questionpro-logo.svg","caption":"QuestionPro"},"image":{"@id":"https:\/\/www.questionpro.com\/blog\/tr\/#\/schema\/logo\/image\/"},"sameAs":["https:\/\/www.facebook.com\/questionpro","https:\/\/twitter.com\/questionpro","https:\/\/www.linkedin.com\/company\/questionpro\/"]},{"@type":"Person","@id":"https:\/\/www.questionpro.com\/blog\/tr\/#\/schema\/person\/7aa2dda02c16e540da9fb962ee929652","name":"QuestionPro Collaborators","image":{"@type":"ImageObject","inLanguage":"tr","@id":"https:\/\/www.questionpro.com\/blog\/tr\/#\/schema\/person\/image\/","url":"https:\/\/secure.gravatar.com\/avatar\/7c5e4f557ac4d597814687054d6305bc?s=96&d=mm&r=g","contentUrl":"https:\/\/secure.gravatar.com\/avatar\/7c5e4f557ac4d597814687054d6305bc?s=96&d=mm&r=g","caption":"QuestionPro Collaborators"},"description":"Worldwide team of Content Creation specialists focusing on Research, CX, Workforce, Audience and Education.","url":"https:\/\/www.questionpro.com\/blog\/tr\/author\/aldro\/"}]}},"featured_image_src":"https:\/\/www.questionpro.com\/blog\/wp-content\/uploads\/2024\/08\/Work-life-balance.jpg","featured_image_src_square":"https:\/\/www.questionpro.com\/blog\/wp-content\/uploads\/2024\/08\/Work-life-balance.jpg","author_info":{"display_name":"QuestionPro Collaborators","author_link":"https:\/\/www.questionpro.com\/blog\/tr\/author\/aldro\/"},"_links":{"self":[{"href":"https:\/\/www.questionpro.com\/blog\/tr\/wp-json\/wp\/v2\/posts\/1006099"}],"collection":[{"href":"https:\/\/www.questionpro.com\/blog\/tr\/wp-json\/wp\/v2\/posts"}],"about":[{"href":"https:\/\/www.questionpro.com\/blog\/tr\/wp-json\/wp\/v2\/types\/post"}],"author":[{"embeddable":true,"href":"https:\/\/www.questionpro.com\/blog\/tr\/wp-json\/wp\/v2\/users\/80"}],"replies":[{"embeddable":true,"href":"https:\/\/www.questionpro.com\/blog\/tr\/wp-json\/wp\/v2\/comments?post=1006099"}],"version-history":[{"count":3,"href":"https:\/\/www.questionpro.com\/blog\/tr\/wp-json\/wp\/v2\/posts\/1006099\/revisions"}],"predecessor-version":[{"id":1006194,"href":"https:\/\/www.questionpro.com\/blog\/tr\/wp-json\/wp\/v2\/posts\/1006099\/revisions\/1006194"}],"wp:featuredmedia":[{"embeddable":true,"href":"https:\/\/www.questionpro.com\/blog\/tr\/wp-json\/wp\/v2\/media\/977716"}],"wp:attachment":[{"href":"https:\/\/www.questionpro.com\/blog\/tr\/wp-json\/wp\/v2\/media?parent=1006099"}],"wp:term":[{"taxonomy":"category","embeddable":true,"href":"https:\/\/www.questionpro.com\/blog\/tr\/wp-json\/wp\/v2\/categories?post=1006099"},{"taxonomy":"post_tag","embeddable":true,"href":"https:\/\/www.questionpro.com\/blog\/tr\/wp-json\/wp\/v2\/tags?post=1006099"}],"curies":[{"name":"wp","href":"https:\/\/api.w.org\/{rel}","templated":true}]}}