

{"id":730580,"date":"2020-04-03T05:19:52","date_gmt":"2020-04-03T12:19:52","guid":{"rendered":"https:\/\/www.questionpro.com\/blog\/18-mukemmel-etkinlik-memnuniyet-anketi-sablonu\/"},"modified":"2020-04-03T05:19:52","modified_gmt":"2020-04-03T05:19:52","slug":"18-mukemmel-etkinlik-memnuniyet-anketi-sablonu","status":"publish","type":"post","link":"https:\/\/www.questionpro.com\/blog\/tr\/18-mukemmel-etkinlik-memnuniyet-anketi-sablonu\/","title":{"rendered":"18 M\u00fckemmel Etkinlik Memnuniyet Anketi \u015eablonu"},"content":{"rendered":"<p><img loading=\"lazy\" decoding=\"async\" class=\"aligncenter size-full wp-image-95536\" src=\"https:\/\/www.questionpro.com\/blog\/wp-content\/uploads\/2020\/04\/1.jpg\" alt=\"18 M\u00fckemmel Etkinlik Memnuniyet Anketi \u015eablonu\" width=\"992\" height=\"594\"><\/p>\n<p><span style=\"font-weight: 400;\">Etkinliklerin bir\u00e7ok boyutu, bi\u00e7imi ve \u015fekli vard\u0131r. Ancak etkinlik ne olursa olsun, planlamak, y\u00f6netmek ve y\u00fcr\u00fctmek i\u00e7in \u00e7ok fazla kaynak gerekir. Bu, etkinli\u011fin amac\u0131n\u0131 belirtmek kadar basit de\u011fildir ve yap\u0131l\u0131r, bunu y\u00f6netmek i\u00e7in \u00e7ok say\u0131da hareketli par\u00e7a vard\u0131r.  <\/span><\/p>\n<p><span style=\"font-weight: 400;\">Etkinliklerin k\u00fcrat\u00f6rl\u00fc\u011f\u00fcn\u00fc yapmak ve y\u00f6netmek, bir marka i\u00e7in mevcut veya potansiyel kitlenin bir markayla ili\u015fki kurma iste\u011fini \u00f6l\u00e7mek a\u00e7\u0131s\u0131ndan \u00f6nemlidir. Ama\u00e7lar, bir \u015feyi sergilemekten yeni lansmanlara, e\u011fitim etkinliklerine ve sosyal etkinliklere kadar de\u011fi\u015febilir.<\/span><\/p>\n<p><b>Ba\u015far\u0131n\u0131n \u00f6l\u00e7\u00fclmesi<\/b><\/p>\n<p><span style=\"font-weight: 400;\">Ancak t\u00fcm etkinlikler i\u00e7in g\u00f6z \u00f6n\u00fcnde bulundurulmas\u0131 gereken tek \u015fey, etkinli\u011fin ba\u015far\u0131s\u0131n\u0131n \u00f6l\u00e7\u00fclebilmesidir. Bu sadece etkinlik i\u00e7in ayr\u0131lan kaynaklar\u0131 do\u011frulamakla kalmaz, ayn\u0131 zamanda gelecekteki etkinlikleri daha iyi hale getirir!<\/span><\/p>\n<p><span style=\"font-weight: 400;\">10.000&#8217;den fazla kat\u0131l\u0131mc\u0131n\u0131n yer ald\u0131\u011f\u0131 b\u00fcy\u00fck bir k\u00fcresel etkinli\u011fi tamamlad\u0131\u011f\u0131n\u0131z\u0131 d\u00fc\u015f\u00fcn\u00fcn. Kokteyl gecesinin b\u00fcy\u00fck bir moral bozuklu\u011fu oldu\u011funu ve kimsenin ho\u015funa gitmedi\u011fini d\u00fc\u015f\u00fcn\u00fcyorsunuz. Ancak etkinlik <a href=\"https:\/\/www.questionpro.com\/blog\/event-satisfaction-survey-questions\/\">memnuniyeti anketinin<\/a> yap\u0131lmas\u0131, etkinli\u011fin y\u0131ld\u0131z\u0131n\u0131n bu oldu\u011funa dair farkl\u0131 bir tablo ortaya koymaktad\u0131r.<\/span><\/p>\n<p><span style=\"font-weight: 400;\">Etkinli\u011fin en ba\u015far\u0131l\u0131 \u00f6zelli\u011fi hakk\u0131nda olumsuz bir fikre sahip oldu\u011funuzu d\u00fc\u015f\u00fcn\u00fcn! Ve bu i\u00e7g\u00f6r\u00fc ancak bir anket \u015fablonu olu\u015fturup bunu hedef kitleye da\u011f\u0131tt\u0131\u011f\u0131n\u0131zda ortaya \u00e7\u0131kacakt\u0131r.<\/span><\/p>\n<p><span style=\"font-weight: 400;\">Umar\u0131m etkinlik sonras\u0131 geri bildirimleriniz de en az etkinli\u011fin kendisi kadar \u00f6nemli bir faaliyettir!<\/span><\/p>\n<p><span style=\"font-weight: 400;\">QuestionPro tam da m\u00fckemmel <\/span><span style=\"font-weight: 400;\">etkinlik geri bildirim anketi \u015fablonu<\/span><span style=\"font-weight: 400;\"> kullanabilece\u011finiz veya \u00f6zel ihtiya\u00e7lar\u0131n\u0131za g\u00f6re uyarlayabilece\u011finiz. <\/span> <\/p>\n<p style=\"text-align: center;\"><a class=\"square-cta secondary-lined-cta\" href=\"https:\/\/www.questionpro.com\/survey-templates\/event-feedback-survey-template\/\" target=\"_blank\" rel=\"noopener noreferrer\"><strong>Etkinlik memnuniyet anketi \u015fablonu<\/strong><\/a><\/p>\n<h2><b>18 <\/b><b>kurulu\u015flar tarafindan kullanilan i\u0307sti\u0307snai\u0307 etki\u0307nli\u0307k memnuni\u0307yet anketi\u0307 \u015fablonlari <\/b> <\/h2>\n<p><span style=\"font-weight: 400;\">Listeledik <\/span><span style=\"font-weight: 400;\">18 <\/span><span style=\"font-weight: 400;\">\u0130ncelemeniz ve ilham alman\u0131z i\u00e7in d\u00fcnya \u00e7ap\u0131nda baz\u0131 b\u00fcy\u00fck markalar\u0131n m\u00fckemmel etkinlik memnuniyeti anket \u015fablonlar\u0131:<\/span><\/p>\n<ol>\n<li>\n<h3><b>EventBrite<\/b><\/h3>\n<\/li>\n<\/ol>\n<p><img loading=\"lazy\" decoding=\"async\" class=\"aligncenter size-full wp-image-95546\" src=\"https:\/\/www.questionpro.com\/blog\/wp-content\/uploads\/2020\/04\/1-EventBrite.png\" alt=\"EventBrite'\u0131n etkinlik sonras\u0131 geri bildirim \u015fablonu\" width=\"1024\" height=\"504\"><\/p>\n<p><span style=\"font-weight: 400;\">Kaynak: eventbrite.co.uk<\/span><\/p>\n<p><span style=\"font-weight: 400;\">EventBrite, etkinlikler \u015feklinde \u00f6\u011frenmeyi kolayla\u015ft\u0131r\u0131r. Yapt\u0131klar\u0131 i\u015fin \u00f6nemli bir k\u0131sm\u0131 insanlar\u0131 e\u011fitmek. Bu nedenle, neyin i\u015fe yaray\u0131p neyin yaramad\u0131\u011f\u0131n\u0131 anlamak i\u00e7in etkinlik sonras\u0131 bir memnuniyet anketi yapmak zorunludur.  <\/span><\/p>\n<p><span style=\"font-weight: 400;\">Yukar\u0131daki \u015fablon bir \u00f6\u011frenme etkinli\u011finin kat\u0131l\u0131mc\u0131lar\u0131na uygulan\u0131r. Bu, Eventbrite&#8217;\u0131n kursu veren konu\u015fmac\u0131y\u0131, kurs materyallerini, \u00f6\u011fretim ara\u00e7lar\u0131n\u0131n kullan\u0131m\u0131n\u0131 ve \u00f6\u011frenilen bilgilerin kullan\u0131\u015fl\u0131l\u0131\u011f\u0131n\u0131 daha iyi anlamas\u0131na yard\u0131mc\u0131 olur. Zay\u0131ftan m\u00fckemmele do\u011fru bir derecelendirme \u00f6l\u00e7e\u011fi kullanmak, kursun her bir y\u00f6n\u00fc hakk\u0131nda fikir sahibi olunmas\u0131n\u0131 sa\u011flar, b\u00f6ylece kursu daha etkili hale getirmek i\u00e7in an\u0131nda ince ayarlar yap\u0131labilir. Anketin sonunda a\u00e7\u0131k u\u00e7lu bir soru sormak, kat\u0131l\u0131mc\u0131n\u0131n yan\u0131tlar\u0131na daha fazla \u0131\u015f\u0131k tutmas\u0131na ve Eventbrite&#8217;\u0131n eyleme ge\u00e7irilebilir bilgiler toplamas\u0131na olanak tan\u0131r. Bu basit ama etkili \u015fablon, bir kursun bir kat\u0131l\u0131mc\u0131 i\u00e7in ne kadar referans al\u0131nabilir oldu\u011funu anlamaya da yard\u0131mc\u0131 olur. Bu memnuniyet anketi \u015fablonu, her markan\u0131n kullanabilece\u011fi basit ancak \u00f6l\u00e7eklenebilir ve etkili bir \u015fablonun m\u00fckemmel bir \u00f6rne\u011fidir.  <\/span><\/p>\n<ol start=\"2\">\n<li>\n<h3><b>SimplyCast<\/b><\/h3>\n<\/li>\n<\/ol>\n<p><img loading=\"lazy\" decoding=\"async\" class=\"aligncenter size-full wp-image-95553\" src=\"https:\/\/www.questionpro.com\/blog\/wp-content\/uploads\/2020\/04\/2-SimplyCast.png\" alt=\"SimplyCast etkinlik sonras\u0131 memnuniyet anketi \u015fablonu\" width=\"488\" height=\"555\"><\/p>\n<p><span style=\"font-weight: 400;\">Kaynak <\/span><span style=\"font-weight: 400;\">SimplyCast.com<\/span><\/p>\n<p><span style=\"font-weight: 400;\">SimplyCast, etkile\u015fim platformlar\u0131yla tan\u0131n\u0131r ve bu nedenle s\u00fcrekli etkile\u015fim konusunda bir ethos ve DNA&#8217;ya sahiptir. Kat\u0131l\u0131mc\u0131lara uygulad\u0131klar\u0131 bu etkinlik de\u011ferlendirme anketi, tamamen nas\u0131l yapt\u0131klar\u0131n\u0131 bilmek ve kat\u0131l\u0131mc\u0131lara orada olduklar\u0131 i\u00e7in te\u015fekk\u00fcr etmek i\u00e7indir.  <\/span><\/p>\n<p><span style=\"font-weight: 400;\">Bu \u015fablonun \u00f6nemli bir \u00f6zelli\u011fi, insanlara bu ve ge\u00e7mi\u015fteki t\u00fcm etkinliklerle ilgili deneyimlerine dayanarak gelecek y\u0131l etkinli\u011fe tekrar gelip gelmeyeceklerini do\u011frudan sorabilmesidir. Bu soruya ve ard\u0131ndan gelen a\u00e7\u0131k u\u00e7lu soruya verilen cevaba ba\u011fl\u0131 olarak SimplyCast, hay\u0131r diyen kat\u0131l\u0131mc\u0131lar\u0131 zorlamak, belki diyen kat\u0131l\u0131mc\u0131lara ilgi \u00e7ekici i\u00e7erik sa\u011flamak ve evet diyen kat\u0131l\u0131mc\u0131larla do\u011fru yapt\u0131klar\u0131n\u0131 g\u00fc\u00e7lendirmek i\u00e7in d\u00fczeltici bir eylem plan\u0131 uygulamak \u00fczere h\u0131zla harekete ge\u00e7er.  <\/span><\/p>\n<ol start=\"3\">\n<li>\n<h3><b>EventZilla<\/b><\/h3>\n<\/li>\n<\/ol>\n<p><img loading=\"lazy\" decoding=\"async\" class=\"aligncenter size-full wp-image-95574\" src=\"https:\/\/www.questionpro.com\/blog\/wp-content\/uploads\/2020\/04\/3-EventZilla.png\" alt=\"EventZilla'n\u0131n s\u0131n\u0131flar ve e\u011fitim etkinli\u011fi \u015fablonu\" width=\"496\" height=\"297\"><\/p>\n<p><span style=\"font-weight: 400;\">Kaynak <\/span><span style=\"font-weight: 400;\">EventZilla.net<\/span><\/p>\n<p><span style=\"font-weight: 400;\">EventZilla bir ba\u015fka etkinlik toplay\u0131c\u0131 ve kolayla\u015ft\u0131r\u0131c\u0131 platformdur. Platform \u00fczerinden \u00e7e\u015fitli etkinlik ve \u00f6\u011frenim t\u00fcrleri ger\u00e7ekle\u015ftirilebilir. Yukar\u0131daki ankette, kat\u0131l\u0131mc\u0131lardan s\u0131n\u0131flar\u0131n ve e\u011fitim oturumlar\u0131n\u0131n etkinli\u011fine yan\u0131t vermeleri istenmektedir.  <\/span><\/p>\n<p><span style=\"font-weight: 400;\">Bu anket, kat\u0131l\u0131mc\u0131lardan kursun ne kadar etkili oldu\u011fu, becerilerini geli\u015ftirip geli\u015ftirmedi\u011fi, kursun daha \u00f6nceki bilgilerini vurgulay\u0131p vurgulamad\u0131\u011f\u0131 vb. konularda bilgi toplamaktad\u0131r. Bu kursun bir di\u011fer \u00f6nemli unsuru da referans istemektir. Bazen kat\u0131l\u0131mc\u0131lar kendi \u00f6\u011frenme alanlar\u0131nda belirli konu uzmanlar\u0131n\u0131 tercih ederler ve kursu bu uzmanlara ba\u011flayabilirler ya da tam tersi bir \u00f6\u011fretim arac\u0131 olarak kullanabilirler. EventZilla, \u00e7ok basit bir formatta m\u00fc\u015fterilerden ilgili bir\u00e7ok bilgiyi toplar.  <\/span><\/p>\n<ol start=\"4\">\n<li>\n<h3><b>Vientazona<\/b><\/h3>\n<\/li>\n<\/ol>\n<p><img loading=\"lazy\" decoding=\"async\" class=\"aligncenter size-full wp-image-95581\" src=\"https:\/\/www.questionpro.com\/blog\/wp-content\/uploads\/2020\/04\/4-Vientazona.jpg\" alt=\"Vientazona jenerik etkinlik anketi \u015fablonu\" width=\"600\" height=\"691\"><\/p>\n<p><span style=\"font-weight: 400;\">Kaynak: <\/span><span style=\"font-weight: 400;\">Vientazona.com<\/span><\/p>\n<p><span style=\"font-weight: 400;\">Vientazona, basit bir derecelendirme sorusu ve ard\u0131ndan a\u00e7\u0131k u\u00e7lu sorular kullanan kapsaml\u0131 bir anket \u015fablonu sunmaktad\u0131r. Bu t\u00fcr bir etkinlik sonras\u0131 anketi, derinlemesine bilgi toplamaya ihtiya\u00e7 duyuldu\u011funda kullan\u0131labilir. Bu anketler \u00e7ok yayg\u0131n olmamakla birlikte, kat\u0131l\u0131mc\u0131lar\u0131n zihnine dair ayr\u0131nt\u0131l\u0131 bir i\u00e7g\u00f6r\u00fc sa\u011flar ve somut eyleme ge\u00e7irilebilir bilgiler sunar.  <\/span><\/p>\n<p><span style=\"font-weight: 400;\">Bu \u015fablonun kullan\u0131lmas\u0131 Vientazona&#8217;n\u0131n kat\u0131l\u0131mc\u0131n\u0131n zihnini do\u011frudan anlamas\u0131na ve neyin iyi olup neyin olmad\u0131\u011f\u0131na dair geri bildirim vermesine olanak tan\u0131r. Bu, tahmin boyutunu tamamen ortadan kald\u0131r\u0131r ve ger\u00e7ek sorunlar\u0131 \u00e7\u00f6zer.<\/span><\/p>\n<ol start=\"5\">\n<li>\n<h3><b>Wikimedia UK<\/b><\/h3>\n<\/li>\n<\/ol>\n<p><img loading=\"lazy\" decoding=\"async\" class=\"aligncenter size-full wp-image-95588\" src=\"https:\/\/www.questionpro.com\/blog\/wp-content\/uploads\/2020\/04\/5-Wikipedia.jpg\" alt=\"Wikimedia UK etkinlik sonras\u0131 anketi\" width=\"846\" height=\"1197\"><\/p>\n<p><span style=\"font-weight: 400;\">Kaynak: commons.w<\/span><span style=\"font-weight: 400;\">ikimedia.org<\/span><\/p>\n<p><span style=\"font-weight: 400;\">Wikimedia, katk\u0131da bulunanlar i\u00e7in premium bir Vikipedi etkinli\u011fidir. Bu at\u00f6lye \u00e7al\u0131\u015fmas\u0131 ve etkinlik, katk\u0131da bulunanlar\u0131 Vikipedi&#8217;yi d\u00fczenleme ve i\u00e7eri\u011fi do\u011fru ve bilgilendirici tutma konusunda en iyi uygulamalardan haberdar etti\u011fi i\u00e7in zorunludur. B\u00f6ylece, etkinlik ve \u00e7al\u0131\u015ftaya kat\u0131lanlar\u0131n ne yap\u0131lmas\u0131 gerekti\u011finin tam olarak fark\u0131nda olmalar\u0131n\u0131 sa\u011flamak.<\/span><\/p>\n<p><span style=\"font-weight: 400;\">Bu etkinlik sonras\u0131 \u015fablonu, kat\u0131l\u0131mc\u0131lar\u0131n Vikipedi&#8217;de i\u00e7erik d\u00fczenlemeleri sa\u011flamaya y\u00f6nelik \u00f6\u011frenme ve istekliliklerinin t\u00fcm \u00f6nemli y\u00f6nlerini kapsamaktad\u0131r. Bu anket, at\u00f6lye \u00e7al\u0131\u015fmas\u0131n\u0131n etkinli\u011fi hakk\u0131nda derinlemesine bir fikir edinmek ve ayn\u0131 zamanda referanslara kaynak sa\u011flamak i\u00e7in nitel ve nicel soru t\u00fcrlerinin iyi bir kar\u0131\u015f\u0131m\u0131na sahiptir.  <\/span><\/p>\n<ol start=\"6\">\n<li>\n<h3><b>Formbox<\/b><\/h3>\n<\/li>\n<\/ol>\n<p><img loading=\"lazy\" decoding=\"async\" class=\"aligncenter size-full wp-image-95603\" src=\"https:\/\/www.questionpro.com\/blog\/wp-content\/uploads\/2020\/04\/6-Formbox.png\" alt=\"Formbox konferans memnuniyet anketi\" width=\"397\" height=\"540\"><\/p>\n<p><span style=\"font-weight: 400;\">Kaynak: <\/span><span style=\"font-weight: 400;\">Formbox.net<\/span><\/p>\n<p><span style=\"font-weight: 400;\">Formbox, etkinlik sonras\u0131 memnuniyeti anlamak i\u00e7in kapsaml\u0131 bir anket \u015fablonu kullan\u0131r. Bu anket, derecelendirme sorular\u0131na ve ard\u0131ndan bu derecelendirmeler i\u00e7in niteliksel bir gerek\u00e7eye b\u00f6l\u00fcnm\u00fc\u015ft\u00fcr. Formbox&#8217;\u0131n verileri \u00f6nemli demografik bilgilere g\u00f6re kategorize etmek ve analiz etmek i\u00e7in kullanabilece\u011fi bu \u015fablonda \u00e7e\u015fitli hususlar\u0131n ele al\u0131nd\u0131\u011f\u0131 g\u00f6r\u00fclmektedir. \u015eablon kapsaml\u0131<\/span> <span style=\"font-weight: 400;\">ve kat\u0131l\u0131mc\u0131lar\u0131n etkinli\u011fi nereden duyduklar\u0131, kay\u0131t s\u00fcrecinin kolayl\u0131\u011f\u0131, konu\u015fmac\u0131lar\u0131n kalitesi, etkinlikteki i\u00e7eri\u011fin kalitesi ve benzeri dahil olmak \u00fczere etkinli\u011fin t\u00fcm \u00f6nemli y\u00f6nlerini kapsar.<\/span><\/p>\n<p><span style=\"font-weight: 400;\">Anket ayn\u0131 zamanda kat\u0131l\u0131mc\u0131lar\u0131n gelecekte etkinli\u011fe kat\u0131l\u0131p kat\u0131lmayacaklar\u0131 ve sonraki etkinliklerde konu\u015fma yapma isteklerinin olup olmad\u0131\u011f\u0131 konusunda bilgi toplamay\u0131 ama\u00e7lamaktad\u0131r. Formbox, bu konferans memnuniyet anketini kullanarak birden fazla zorunlu veri noktas\u0131n\u0131 toplayabilir ve analiz edebilir.  <\/span><\/p>\n<ol start=\"7\">\n<li>\n<h3><b>Erasmus+  <\/b><\/h3>\n<\/li>\n<\/ol>\n<p><img loading=\"lazy\" decoding=\"async\" class=\"aligncenter size-full wp-image-95617\" src=\"https:\/\/www.questionpro.com\/blog\/wp-content\/uploads\/2020\/04\/7-Erasmus.jpg\" alt=\"\u00d6\u011frenciler i\u00e7in Erasmus + anketi\" width=\"638\" height=\"826\"><\/p>\n<p><span style=\"font-weight: 400;\">Kaynak <\/span><span style=\"font-weight: 400;\">Slideshare.net<\/span><\/p>\n<p><span style=\"font-weight: 400;\">Erasmus+, \u00f6\u011frenciler i\u00e7in \u0130spanya&#8217;da d\u00fczenlenen bir uluslararas\u0131 \u00f6\u011frenme saha gezisi i\u00e7in bir anket d\u00fczenledi. \u00d6\u011frenciler i\u00e7in daha uzun s\u00fcreli geziler d\u00fczenleniyorsa, geziden memnuniyetlerini, yeterince \u015fey \u00f6\u011frenip \u00f6\u011frenmediklerini, hangi faaliyetlerin ger\u00e7ekle\u015ftirildi\u011fini, gezideki misafirperverli\u011fi, ziyaret edilen yerler hakk\u0131ndaki geri bildirimleri vb. bilmek \u00f6nemlidir.  <\/span><\/p>\n<p><span style=\"font-weight: 400;\">Bu anket \u015fablonu, \u00e7ocuklar\u0131n seyahatlerini \u00e7ok k\u00f6t\u00fcden m\u00fckemmele do\u011fru bir derecelendirme \u00f6l\u00e7e\u011finde s\u0131ralamalar\u0131na olanak tan\u0131r. Ayr\u0131ca, yabanc\u0131 bir dili pratik etme becerisi, bu geziye kat\u0131lan \u00f6\u011frenciler, m\u00fcfredat ve faaliyetler \u00fczerinde gezinin alt\u0131nda yatan nabz\u0131 ve memnuniyeti belirlemeyi ama\u00e7lamaktad\u0131r. Bu \u00f6\u011frenciler memnun kal\u0131rlarsa, bu geziyi arkada\u015flar\u0131na ve yak\u0131n \u00e7evrelerindeki di\u011fer \u00fcyelere tavsiye edeceklerdir. Bu nedenle, ayr\u0131nt\u0131l\u0131 geri bildirim toplamak \u00e7ok \u00f6nemlidir.  <\/span><\/p>\n<ol start=\"8\">\n<li>\n<h3><b>Park City Etkinlikleri<\/b><\/h3>\n<\/li>\n<\/ol>\n<p><img loading=\"lazy\" decoding=\"async\" class=\"aligncenter size-full wp-image-95624\" src=\"https:\/\/www.questionpro.com\/blog\/wp-content\/uploads\/2020\/04\/8-Park-City-Events.png\" alt=\"Park City etkinlik organizat\u00f6r\u00fc etkinlik sonras\u0131 anketi\" width=\"755\" height=\"873\"><\/p>\n<p><span style=\"font-weight: 400;\">Kaynak <\/span><span style=\"font-weight: 400;\">Parkcity.org<\/span><\/p>\n<p><span style=\"font-weight: 400;\">Park City, sakinlerin ve markalar\u0131n belirli bir il\u00e7ede etkinlik d\u00fczenlemesine izin veren bir etkinlik departman\u0131ndan olu\u015fmaktad\u0131r. Bir alan\u0131 \u00fccret kar\u015f\u0131l\u0131\u011f\u0131nda kiraya verdi\u011finizde, m\u00fc\u015fterilerinizin \u00f6dedikleri \u00fccretin ve sizinle olan etkile\u015fimlerinin de\u011ferini g\u00f6rd\u00fcklerinden emin olmak istersiniz.  <\/span><\/p>\n<p><span style=\"font-weight: 400;\">Bu anket \u015fablonu, departman\u0131n bir olayla ba\u015fa \u00e7\u0131kma deneyimini ileti\u015fim, yan\u0131t s\u00fcresi, sorun \u00e7\u00f6zme yetene\u011fi ve genel deneyim temelinde de\u011ferlendirmektedir. Ayr\u0131ca izinler vb. s\u00fcre\u00e7lerdeki bo\u015fluklar\u0131 tespit etmeyi ama\u00e7lamaktad\u0131r. Anketin amac\u0131, bir etkinlik d\u00fczenlendi\u011finde bunun m\u00fcmk\u00fcn olan en iyi \u015fekilde ger\u00e7ekle\u015ftirilmesi ve etkinli\u011fin m\u00fcmk\u00fcn oldu\u011funca sorunsuz bir \u015fekilde ger\u00e7ekle\u015ftirilmesi i\u00e7in ba\u015fka hangi hususlara dikkat edilebilece\u011fidir. Bu anket ayn\u0131 zamanda, izin verilen her alan veya b\u00f6lgede bir etkinlik ger\u00e7ekle\u015ftirmenin ne kadar kolay veya zor oldu\u011funu belirlemeyi ve ard\u0131ndan eksik olan alanlardaki sorunlar\u0131 gidermeyi ama\u00e7lamaktad\u0131r.<\/span><\/p>\n<ol start=\"9\">\n<li>\n<h3><b>Avustralya Miras Festivali<\/b><\/h3>\n<\/li>\n<\/ol>\n<p><img loading=\"lazy\" decoding=\"async\" class=\"aligncenter size-full wp-image-95646\" src=\"https:\/\/www.questionpro.com\/blog\/wp-content\/uploads\/2020\/04\/9-Australian-Heritage-Festival.jpg\" alt=\"Avustralya Miras Festivali etkinlik geri bildirim formu\" width=\"600\" height=\"730\"><\/p>\n<p><span style=\"font-weight: 400;\">Kaynak: s<\/span><span style=\"font-weight: 400;\">ampletemplates.com<\/span><\/p>\n<p><span style=\"font-weight: 400;\">Avustralya Miras Festivali, Avustralya&#8217;n\u0131n miras\u0131n\u0131 sergilemek amac\u0131yla her y\u0131l d\u00fczenlenen bir etkinliktir. Etkinlik Avustralya, Yeni Zelanda ve hatta Asya ve Avrupa dahil olmak \u00fczere deniza\u015f\u0131r\u0131 \u00fclkelerden gelen insanlar\u0131 cezbetmektedir. Bu da festivalle ilgili geri bildirimlerin yap\u0131lmas\u0131n\u0131 son derece \u00f6nemli k\u0131lmaktad\u0131r.  <\/span><\/p>\n<p><span style=\"font-weight: 400;\">Bu \u00f6l\u00e7ekte bir etkinlik d\u00fczenlemek sosyo-ekonomik a\u00e7\u0131dan faydal\u0131 oldu\u011fu gibi ayn\u0131 zamanda bir gurur meselesidir. Festivalin ger\u00e7ekten iyi olan ve eksik olan y\u00f6nlerini belirlemek \u00f6nemlidir. Organizat\u00f6rler ayr\u0131ca insanlar\u0131n nereden geldiklerini ve hangi etkinliklerin kendilerinde yank\u0131 uyand\u0131rd\u0131\u011f\u0131n\u0131, genel memnuniyetlerini ve daha \u00f6nce ne s\u0131kl\u0131kla geldiklerini ve tekrar gelip gelmeyeceklerini belirlemek istediler. Bu \u00f6l\u00e7ekte bir etkinlik d\u00fczenliyorsan\u0131z, etkinli\u011fi m\u00fcmk\u00fcn oldu\u011funca ba\u015far\u0131l\u0131 k\u0131lmak ve insanlar\u0131 etkinlikten ba\u015fkalar\u0131na bahsetmeye motive etmek i\u00e7in etkinli\u011fin her bir hareketli par\u00e7as\u0131na ili\u015fkin i\u00e7g\u00f6r\u00fc toplamak \u00f6nemlidir.  <\/span><\/p>\n<ol start=\"10\">\n<li>\n<h3><b>Hartford Fonlar\u0131<\/b><\/h3>\n<\/li>\n<\/ol>\n<p><img loading=\"lazy\" decoding=\"async\" class=\"aligncenter size-full wp-image-95656\" src=\"https:\/\/www.questionpro.com\/blog\/wp-content\/uploads\/2020\/04\/10-Hartford-Funds.jpg\" alt=\"Hartford Funds m\u00fc\u015fteri etkinli\u011fi geri bildirim formu\" width=\"600\" height=\"730\"><\/p>\n<p><span style=\"font-weight: 400;\">Kaynak: sampletemplates.com<\/span><\/p>\n<p><span style=\"font-weight: 400;\">Hartford Funds, geni\u015f bir yelpazede finansal e\u011fitim etkinlikleri d\u00fczenlemektedir.  <\/span><span style=\"font-weight: 400;\">izleyiciler. Bu etkinlik \u00e7ok say\u0131da kat\u0131l\u0131mc\u0131yla \u00e7ok s\u0131k ger\u00e7ekle\u015ftirilir ve bu nedenle t\u00fcm izleyicilerden zaman\u0131nda geri bildirim toplama ihtiyac\u0131 vard\u0131r. Anket, kat\u0131l\u0131mc\u0131lar i\u00e7in hangi \u00f6\u011fretim alanlar\u0131n\u0131n i\u015fe yarad\u0131\u011f\u0131n\u0131 ve eksik olan alanlar\u0131n nabz\u0131n\u0131 tutmak i\u00e7in tasarlanm\u0131\u015ft\u0131r. Ayr\u0131ca, kat\u0131l\u0131mc\u0131lar\u0131n bu bilgileri nerede ve nas\u0131l kullanmay\u0131 planlad\u0131klar\u0131n\u0131 anlamay\u0131 ama\u00e7lamaktad\u0131r. Bu, gelecekteki programlar\u0131n uyarlanmas\u0131na ve etkinlik ve verimliliklerinin art\u0131r\u0131lmas\u0131na yard\u0131mc\u0131 olur.<\/span><\/p>\n<ol start=\"11\">\n<li>\n<h3><b>Banbury Belediye Binas\u0131<\/b><\/h3>\n<\/li>\n<\/ol>\n<p><img loading=\"lazy\" decoding=\"async\" class=\"aligncenter size-full wp-image-95670\" src=\"https:\/\/www.questionpro.com\/blog\/wp-content\/uploads\/2020\/04\/11-Banbury-Town-Hall.jpg\" alt=\"Banbury Belediye Binas\u0131'n\u0131n etkinlik geri bildirim formu\" width=\"600\" height=\"730\"><\/p>\n<p><span style=\"font-weight: 400;\">Kaynak: sampletemplates.com<\/span><\/p>\n<p><span style=\"font-weight: 400;\">Banbury Belediye Binas\u0131, ba\u015fkalar\u0131n\u0131n etkinliklerini ger\u00e7ekle\u015ftirmeleri i\u00e7in binalar\u0131n\u0131 kiraya vermektedir. Ancak her etkinlikten sonra etkinlik organizat\u00f6rlerine bir anket uygulayarak tesislerin ve \u00e7evresindeki her \u015feyin kiralanmas\u0131 s\u00fcrecinde nas\u0131l bir performans sergilediklerini \u00f6\u011freniyorlar. Bu, rezervasyon kolayl\u0131\u011f\u0131, paran\u0131n kar\u015f\u0131l\u0131\u011f\u0131, malzemelerin etkinli\u011fi, hizmet ve ikram kalitesi gibi \u00e7e\u015fitli y\u00f6nlere ili\u015fkin bir de\u011ferlendirmeyi i\u00e7erir. Bu etkinlik sonras\u0131 \u015fablonunu markan\u0131z\u0131n hizmet ve \u00fcr\u00fcn eksikliklerini tespit etmek ve bunlar\u0131 gidermek i\u00e7in kullanabilirsiniz, b\u00f6ylece herhangi bir etkinlik i\u00e7in mekan tercihi haline gelirsiniz.  <\/span><\/p>\n<ol start=\"12\">\n<li>\n<h3><b>VestVision<\/b><\/h3>\n<\/li>\n<\/ol>\n<p><img loading=\"lazy\" decoding=\"async\" class=\"aligncenter size-full wp-image-95690\" src=\"https:\/\/www.questionpro.com\/blog\/wp-content\/uploads\/2020\/04\/12-VestVision.jpg\" alt=\"VestVision finansal seminer de\u011ferlendirme formu\" width=\"600\" height=\"730\"><\/p>\n<p><span style=\"font-weight: 400;\">Kaynak: sampleforms.com<\/span><\/p>\n<p><span style=\"font-weight: 400;\">VestVision s\u0131k s\u0131k finansal planlama seminerleri d\u00fczenlemekte ve bu etkinliklere \u00e7ok say\u0131da kat\u0131l\u0131mc\u0131y\u0131 davet etmektedir. Bu seminerin amac\u0131, insanlar\u0131n mali durumlar\u0131n\u0131 nas\u0131l daha iyi y\u00f6netebilecekleri konusunda bilin\u00e7lenmelerini sa\u011flamakt\u0131r. Anket \u00e7ok basit olacak \u015fekilde tasarlanm\u0131\u015ft\u0131r ve insanlar\u0131n i\u00e7erik, ko\u00e7luk, \u00e7\u0131kar\u0131mlar, kurs materyali ve genel deneyim dahil olmak \u00fczere seminerin kalitesine ili\u015fkin bir anla\u015fma derecelendirme \u00f6l\u00e7e\u011finden se\u00e7im yapmas\u0131na olanak tan\u0131r.  <\/span><\/p>\n<ol start=\"13\">\n<li>\n<h3><b>The Gateway Centre<\/b><\/h3>\n<\/li>\n<\/ol>\n<p><img loading=\"lazy\" decoding=\"async\" class=\"aligncenter size-full wp-image-95704\" src=\"https:\/\/www.questionpro.com\/blog\/wp-content\/uploads\/2020\/04\/13-The-Gateway.jpg\" alt=\"The Gateway Centre'\u0131n konferans etkinli\u011fi de\u011ferlendirme formu\" width=\"600\" height=\"730\"><\/p>\n<p><span style=\"font-weight: 400;\">Kaynak: sampleforms.com<\/span><\/p>\n<p><span style=\"font-weight: 400;\">Gateway Centre, Birle\u015fik Krall\u0131k&#8217;\u0131n Liverpool kentinde son teknoloji \u00fcr\u00fcn\u00fc bir etkinlik a\u011f\u0131rlama tesisi sunmaktad\u0131r. Her etkinlikten sonra, rezervasyon an\u0131ndan etkinlik g\u00fcn\u00fcne kadar m\u00fc\u015fterileri i\u00e7in tesislerin ve tesisin kullan\u0131m kolayl\u0131\u011f\u0131n\u0131n bir incelemesini yaparlar. Bu ankette, \u015firket i\u00e7inde ger\u00e7ekle\u015ftirilen her bir etkinlik i\u00e7in m\u00fc\u015fteri memnuniyet d\u00fczeyleri hakk\u0131nda bilgi edinmek amac\u0131yla nitel ve nicel sorular\u0131n bir kar\u0131\u015f\u0131m\u0131 kullan\u0131lmaktad\u0131r.  <\/span><\/p>\n<ol start=\"14\">\n<li>\n<h3><b>Noah13 Londra<\/b><\/h3>\n<\/li>\n<\/ol>\n<p><img loading=\"lazy\" decoding=\"async\" class=\"aligncenter size-full wp-image-95734\" src=\"https:\/\/www.questionpro.com\/blog\/wp-content\/uploads\/2020\/04\/14-Noah-Advisors.jpg\" alt=\"Noah13 Londra konferans incelemesi\" width=\"638\" height=\"442\"><\/p>\n<p><span style=\"font-weight: 400;\">Kaynak <\/span><span style=\"font-weight: 400;\">SlideShare.net<\/span><\/p>\n<p><span style=\"font-weight: 400;\">Noah Konferanslar\u0131n\u0131n tek bir amac\u0131 vard\u0131r, Avrupa Dijital ekosistemini g\u00fc\u00e7lendirmek. Bu konferanslar t\u00fcm Avrupa&#8217;da ger\u00e7ekle\u015ftirilmekte ve dijital ekosistemle ilgilenen kat\u0131l\u0131mc\u0131lar\u0131 bir araya getirmektedir. Bu etkinliklerin \u00e7ok geni\u015f kat\u0131l\u0131ml\u0131 oldu\u011funu ve Avrupa toplumunun dijitalle\u015fme konusunda e\u011fitilmesinde \u00f6nemli bir etkiye sahip oldu\u011funu s\u00f6ylemeye gerek yok. Bu anket, kat\u0131l\u0131mc\u0131lar, kat\u0131l\u0131mc\u0131lar ve personel de dahil olmak \u00fczere etkinli\u011fin t\u00fcm \u00f6nemli payda\u015flar\u0131na etkinlik hakk\u0131ndaki g\u00f6r\u00fc\u015flerini ve etkinli\u011fi daha iyi hale getirmek i\u00e7in at\u0131lmas\u0131 gereken ad\u0131mlar\u0131 sormak i\u00e7in geli\u015ftirilmi\u015ftir.  <\/span><\/p>\n<ol start=\"15\">\n<li>\n<h3><b>Oberlin Mezunlar Derne\u011fi<\/b><\/h3>\n<\/li>\n<\/ol>\n<p><img loading=\"lazy\" decoding=\"async\" class=\"aligncenter size-full wp-image-95755\" src=\"https:\/\/www.questionpro.com\/blog\/wp-content\/uploads\/2020\/04\/15-Oberlin-Alumni.png\" alt=\"Oberlin Mezunlar Derne\u011fi etkinlik geri bildirim formu\" width=\"2550\" height=\"3300\"><\/p>\n<p><span style=\"font-weight: 400;\">Kaynak: allbusinesstemplates.com<\/span><\/p>\n<p><span style=\"font-weight: 400;\">Oberlin Mezunlar Derne\u011fi, mezunlar\u0131 bir araya getirerek a\u011f olu\u015fturmak, yerel i\u015fletmeleri desteklemek ve \u00e7e\u015fitli konularda bilgi yaymak amac\u0131yla etkinlikler d\u00fczenlemektedir. Bu etkinlikler a\u00e7\u0131k u\u00e7lu oldu\u011fu i\u00e7in, derne\u011fin t\u00fcm izleyicilerden etkinlikle ilgili neyin iyi olup neyin olmad\u0131\u011f\u0131 konusunda bir nab\u0131z almas\u0131 gerekiyordu.<\/span><\/p>\n<p><span style=\"font-weight: 400;\">Etkinliklerinizin ana temas\u0131 olmayan genel a\u011f olu\u015fturma etkinlikleri olmas\u0131 durumunda, bu \u015fablon genel oldu\u011fu i\u00e7in referans al\u0131nabilecek iyi bir etkinlik sonras\u0131 \u015fablonudur, ancak ayn\u0131 zamanda en \u00f6nemli ve ilgili bilgilerin toplanmas\u0131na da yard\u0131mc\u0131 olur.  <\/span><\/p>\n<ol start=\"16\">\n<li>\n<h3><b>Gravic<\/b><\/h3>\n<\/li>\n<\/ol>\n<p><img loading=\"lazy\" decoding=\"async\" class=\"aligncenter size-full wp-image-95797\" src=\"https:\/\/www.questionpro.com\/blog\/wp-content\/uploads\/2020\/04\/16-Gravic.png\" alt=\"Gravic Y\u0131ll\u0131k konferans de\u011ferlendirme formu\" width=\"574\" height=\"741\"><\/p>\n<p><span style=\"font-weight: 400;\">Kaynak <\/span><span style=\"font-weight: 400;\">remarksoftware.com<\/span><\/p>\n<p><span style=\"font-weight: 400;\">Gravic, VB ve Excel i\u00e7in bir e\u011fitim oturumu d\u00fczenliyor. Dersin, \u00f6\u011fretimin ve \u00f6\u011fretim y\u00f6ntemlerinin ne kadar etkili oldu\u011funu \u00f6\u011frenmek i\u00e7in kat\u0131l\u0131mc\u0131lar aras\u0131nda bir memnuniyet anketi da\u011f\u0131t\u0131l\u0131r. Bunlar aras\u0131nda i\u00e7erik ve genel memnuniyet gibi temel sorular\u0131n yan\u0131 s\u0131ra bir y\u0131l i\u00e7inde kat\u0131l\u0131m sa\u011flanan konferans say\u0131s\u0131 ve \u00e7al\u0131\u015f\u0131lan kurulu\u015fun t\u00fcr\u00fcne ili\u015fkin genel sorular da yer almaktad\u0131r.  <\/span><\/p>\n<ol start=\"17\">\n<li>\n<h3><b>AgriBank<\/b><\/h3>\n<\/li>\n<\/ol>\n<p><img loading=\"lazy\" decoding=\"async\" class=\"aligncenter size-full wp-image-95804\" src=\"https:\/\/www.questionpro.com\/blog\/wp-content\/uploads\/2020\/04\/17-AgriBank.jpg\" alt=\"Tar\u0131mBank B\u00f6lge Ba\u015fm\u00fcfetti\u015fi etkinlik geri bildirim formu\" width=\"1164\" height=\"776\"><\/p>\n<p><span style=\"font-weight: 400;\">Kaynak: metroconnections.com<\/span><\/p>\n<p><span style=\"font-weight: 400;\">ABD&#8217;de 15 eyalette \u00e7e\u015fitli \u00e7iftlik kredi birliklerine finansal \u00e7\u00f6z\u00fcmler ve finansman sa\u011flayan AgriBank, her y\u0131l ba\u015f eksperler toplant\u0131s\u0131 d\u00fczenliyor. Bu toplant\u0131da finansal tart\u0131\u015fmalar, banka i\u00e7in bir yol haritas\u0131, k\u00e2rl\u0131l\u0131k, KSS vb. konularla ilgili \u00e7e\u015fitli g\u00f6r\u00fc\u015fmeler yap\u0131lmaktad\u0131r. Bu etkinlik, \u00e7e\u015fitli payda\u015flar\u0131n \u00e7ok say\u0131da sunumunu i\u00e7ermektedir. Bu etkinlik sonras\u0131 geri bildirim formu, konu\u015fmac\u0131lar, sunumlar\u0131, d\u00fc\u015f\u00fcnce netli\u011fi, e\u015fantiyonlar vb. hakk\u0131nda bilgi toplar. Etkinli\u011fin \u00e7e\u015fitli y\u00f6nleri hakk\u0131nda derinlemesine geri bildirim almak istiyorsan\u0131z, bu \u00f6rnek \u015fablon form kullan\u0131labilir.  <\/span><\/p>\n<ol start=\"18\">\n<li>\n<h3><b>Seton Katolik Okulu<\/b><\/h3>\n<\/li>\n<\/ol>\n<p><img loading=\"lazy\" decoding=\"async\" class=\"aligncenter size-full wp-image-95825\" src=\"https:\/\/www.questionpro.com\/blog\/wp-content\/uploads\/2020\/04\/18-Seton-Catholic-School.jpg\" alt=\"Seton Katolik Okulu PTO etkinlik sonras\u0131 de\u011ferlendirme formu\" width=\"495\" height=\"640\"><\/p>\n<p><span style=\"font-weight: 400;\">Kaynak <\/span><span style=\"font-weight: 400;\">Yumpu.com<\/span><\/p>\n<p><span style=\"font-weight: 400;\">Seton Katolik Okulu, okul binas\u0131nda <a href=\"https:\/\/www.questionpro.com\/blog\/paid-time-off-pto-what-it-is-pros-cons\/#:~:text=QuestionPro%20Products%20Workforce-,Paid%20Time%20Off%20(PTO)%3A%20What%20it%20is%2C%20Pros%20%26,a%20certain%20amount%20of%20time.\">\u00dccretli \u0130zin (PTO<\/a> ) konferanslar\u0131 d\u00fczenlemektedir. Bu \u015fablon, Pazarlama, etkinli\u011fin yeri, etkinli\u011fin kalitesi, konu\u015fmac\u0131lar vb. gibi \u00e7e\u015fitli hususlar dahil olmak \u00fczere etkinli\u011fin daha ince n\u00fcanslar\u0131 hakk\u0131nda bilgi toplamay\u0131 ama\u00e7lamaktad\u0131r.  <\/span><\/p>\n<p><span style=\"font-weight: 400;\">Etkinlik sonras\u0131 memnuniyet anketlerinizi ger\u00e7ekle\u015ftirmek i\u00e7in bu \u015fablonlardan herhangi birini kullanabilirsiniz. Ancak kat\u0131l\u0131mc\u0131lara kat\u0131l\u0131mlar\u0131 i\u00e7in te\u015fekk\u00fcr etti\u011finizden, verileri analiz etti\u011finizden ve analiz edilen sonu\u00e7lar\u0131 kurulu\u015funuz genelinde payla\u015ft\u0131\u011f\u0131n\u0131zdan emin olun. Veri toplamak ve i\u00e7g\u00f6r\u00fcleri analiz etmek iyidir, ancak markan\u0131z\u0131n ve etkinli\u011finizin ba\u015far\u0131s\u0131 i\u00e7in bu i\u00e7g\u00f6r\u00fclere g\u00f6re hareket etti\u011finizden emin olun.<\/span><\/p>\n<p>&nbsp;<\/p>\n<h2><b>Etkinlik memnuniyet anketleriniz kimlere y\u00f6nelik olabilir?<\/b><\/h2>\n<p><span style=\"font-weight: 400;\">\u0130ster i\u00e7 ister d\u0131\u015f olsun, her durumda birden fazla payda\u015f vard\u0131r. Peki etkinlikten nas\u0131l geri bildirim toplamal\u0131s\u0131n\u0131z? Do\u011fru bir cevap yoktur \u00e7\u00fcnk\u00fc etkinlikle ilgili derinlemesine eyleme d\u00f6n\u00fc\u015ft\u00fcr\u00fclebilir i\u00e7g\u00f6r\u00fcler elde etmek i\u00e7in hepsinden geri bildirim toplaman\u0131z gerekir. Bununla birlikte, etkinlik sonras\u0131nda geri bildirim toplaman\u0131z gereken ba\u015fl\u0131ca payda\u015flar \u015funlard\u0131r:<\/span><\/p>\n<p><b>Kat\u0131l\u0131mc\u0131lar:<\/b><span style=\"font-weight: 400;\">  Kat\u0131l\u0131mc\u0131lar etkinli\u011fin bel kemi\u011fini olu\u015fturur ve geri bildirim anketinin en \u00f6nemli b\u00f6l\u00fcm\u00fcn\u00fc olu\u015ftururlar. Bu etkinlik onlar i\u00e7in d\u00fczenlenmi\u015fti, dolay\u0131s\u0131yla do\u011fal olarak en \u00e7ok onlar\u0131n g\u00f6r\u00fc\u015fleri \u00f6nem ta\u015f\u0131yor. Kat\u0131l\u0131mc\u0131lar\u0131n etkinlikten ne kadar memnun kald\u0131klar\u0131n\u0131, g\u00f6rd\u00fckleri \u00f6nemli eksiklikleri ve nelerin geli\u015ftirilebilece\u011fini bilmeniz gerekir.  <\/span><\/p>\n<p><span style=\"font-weight: 400;\">A\u011f\u0131zdan a\u011f\u0131za pazarlama ve referans al\u0131nabilirlik, etkinliklerin dayand\u0131\u011f\u0131 iki \u00f6nemli s\u00fctundur. Kat\u0131l\u0131mc\u0131lar\u0131n\u0131zdan haber ald\u0131\u011f\u0131n\u0131zdan emin olmak istersiniz, b\u00f6ylece tekrar eden etkinliklerinize geri gelirler ve ayr\u0131ca kelimeyi yayarlar ve ba\u015fkalar\u0131n\u0131 da getirirler. Tek seferlik etkinliklerde, olumlu bir marka imaj\u0131 olu\u015fturmak i\u00e7in yeterli referans ald\u0131\u011f\u0131n\u0131zdan emin olmak istersiniz.  <\/span><\/p>\n<p><b>Sponsorlar:  <\/b><span style=\"font-weight: 400;\">Etkinli\u011finize sponsorluk \u015feklinde katk\u0131da bulunan ki\u015filer, yat\u0131r\u0131mlar\u0131n\u0131n somut geri d\u00f6n\u00fc\u015flerini ararlar. Mutsuz sponsorlar bir daha geri d\u00f6nme \u015fans\u0131n\u0131 ortadan kald\u0131r\u0131r ve ayr\u0131ca olumsuz reklam riskini de beraberinde getirir. Ayr\u0131ca, bu k\u00f6t\u00fc bir i\u015f ahlak\u0131, de\u011fil mi?<\/span><\/p>\n<p><span style=\"font-weight: 400;\">Sponsorlarla bir etkinlik memnuniyeti anketi d\u00fczenlemek, etkinli\u011fin ba\u015far\u0131 \u00f6l\u00e7\u00fctleri hakk\u0131nda &#8211; kat\u0131l\u0131m, i\u015ftirak vb. \u015feklinde &#8211; fikir edinilmesini sa\u011flar. Etkinli\u011finizin bu y\u00f6n\u00fcn\u00fc g\u00f6z ard\u0131 etmek, etkinli\u011fin ba\u015far\u0131 \u00f6l\u00e7\u00fctlerini hesaplarken zararl\u0131 olabilir.  <\/span><\/p>\n<p><b>G\u00f6n\u00fcll\u00fcler:  <\/b><span style=\"font-weight: 400;\">G\u00f6n\u00fcll\u00fcler bir etkinli\u011fin \u00f6nemli payda\u015flar\u0131d\u0131r. Etkinli\u011fin devam etmesini sa\u011flarlar ve etkinlik nedeniyle meydana gelen her \u015feyle ba\u015fa \u00e7\u0131kabilecek kadar \u00e7eviktirler. Etkinli\u011fin bel kemi\u011fini olu\u015fturuyorlar ve do\u011fal olarak memnuniyet anketini uygulamak i\u00e7in \u00f6nemli bir grup. G\u00f6n\u00fcll\u00fcler, bir etkinli\u011fi y\u00f6netirken neyin i\u015fe yaray\u0131p neyin yaramad\u0131\u011f\u0131na dair i\u00e7g\u00f6r\u00fcleri ortaya \u00e7\u0131karman\u0131za yard\u0131mc\u0131 olabilir. Daha iyi bir y\u00f6netim i\u00e7in ilgin\u00e7 ama \u00e7ok ihtiya\u00e7 duyulan bir bak\u0131\u015f a\u00e7\u0131s\u0131 sa\u011fl\u0131yorlar.  <\/span><\/p>\n<p><b>\u00c7ekirdek \u00fcyeler:  <\/b><span style=\"font-weight: 400;\">Planlamadan uygulamaya kadar etkinli\u011fi bir araya getiren ekip, etkinli\u011fin ayr\u0131lmaz bir par\u00e7as\u0131n\u0131 olu\u015fturur. Neyin i\u015fe yaray\u0131p neyin yaramad\u0131\u011f\u0131 konusunda onlar\u0131n g\u00f6r\u00fc\u015flerini almak, genel olarak etkinli\u011fin sorunsuz bir \u015fekilde y\u00fcr\u00fct\u00fclmesi i\u00e7in zorunludur. Bu \u00e7ekirdek \u00fcyelerle yap\u0131lacak bir memnuniyet anketi, daha iyi bir kat\u0131l\u0131m ve kurulu\u015f i\u00e7in daha iyi bir sonu\u00e7 elde etmek amac\u0131yla de\u011fi\u015ftirilmesi gereken hususlar hakk\u0131nda fikir edinilmesine yard\u0131mc\u0131 olur.  <\/span><\/p>\n<p><span style=\"font-weight: 400;\">Kat\u0131l\u0131mc\u0131lar\u0131n genel fikir birli\u011fi iyi ya da k\u00f6t\u00fc olsa da, \u00e7ekirdek \u00fcyelerin bu duygular\u0131 yans\u0131t\u0131p yans\u0131tmad\u0131\u011f\u0131n\u0131 bilmek \u00f6nemlidir. Konsolide bir fikir birli\u011fi, silolardaki bilgilerden daha de\u011ferlidir.<\/span><\/p>\n<p><span style=\"font-weight: 400;\">Etkinlikle ilgili hi\u00e7bir i\u00e7g\u00f6r\u00fcy\u00fc ka\u00e7\u0131rmak istemezsiniz, bu nedenle etkinlik memnuniyetini de\u011ferlendirmek i\u00e7in etkinlik sonras\u0131nda yukar\u0131daki d\u00f6rt ana payda\u015f grubuyla g\u00f6r\u00fc\u015fmeniz zorunludur.  <\/span><\/p>\n<p style=\"text-align: center;\"><a class=\"square-cta secondary-lined-cta\" href=\"https:\/\/www.questionpro.com\/survey-templates\/\" target=\"_blank\" rel=\"noopener noreferrer\"><strong>350+ \u00dcCRETS\u0130Z Anket \u015eablonu<\/strong><\/a><\/p>\n<h2><b>Anlay\u0131\u015fl\u0131 bir etkinlik memnuniyet anketi \u015fablonu olu\u015fturmak i\u00e7in ipu\u00e7lar\u0131<\/b><\/h2>\n<p><span style=\"font-weight: 400;\">Herhangi bir anket \u015fablonu geli\u015ftirirken oldu\u011fu gibi, bu etkinlik memnuniyeti \u015fablonunu geli\u015ftirirken de dikkat edilmesi gereken baz\u0131 \u00f6nemli unsurlar vard\u0131r. Anketler en g\u00fc\u00e7l\u00fc veri toplama y\u00f6ntemlerinden biridir ve etkinli\u011fin nabz\u0131n\u0131 tutmak i\u00e7in deneyim an\u0131nda ya da sonras\u0131nda uygulanabilir. Ancak anketi ne zaman uygulad\u0131\u011f\u0131n\u0131z anket sorular\u0131n\u0131n nas\u0131l g\u00f6r\u00fcnece\u011fini belirler mi? Sadece niceliksel sorular m\u0131 sorman\u0131z gerekiyor? Peki ba\u015far\u0131l\u0131 bir etkinlik memnuniyeti anketi uygulamak i\u00e7in ne yapman\u0131z gerekiyor?<\/span><\/p>\n<p><span style=\"font-weight: 400;\">Anlay\u0131\u015fl\u0131 bir etkinlik sonras\u0131 anketi olu\u015fturmak i\u00e7in be\u015f en iyi uygulama ve ipucu s\u0131ralad\u0131k:<\/span><\/p>\n<ol>\n<li><b>K\u0131sa tut! &#8211;<span style=\"font-weight: 400;\">  \u0130nsanlar\u0131n anketinize ger\u00e7ekten cevap vermesini ve anketi b\u0131rakmamas\u0131n\u0131 m\u0131 istiyorsunuz? Etkinlik memnuniyet anketinizi k\u0131sa tutun. \u0130nsanlar anketi ister etkinlikteki bir kioskta, ister kendi mobil cihazlar\u0131nda, bir uygulama veya ba\u015fka bir ortam arac\u0131l\u0131\u011f\u0131yla yan\u0131tl\u0131yor olsun, uzun bir ankete sahip olmak kendi aya\u011f\u0131n\u0131za kur\u015fun s\u0131kmakt\u0131r.  <\/span><\/b><\/li>\n<li><b>Karma\u015f\u0131k sorulardan ka\u00e7\u0131n\u0131n<span style=\"font-weight: 400;\">  &#8211; Kimse karma\u015f\u0131k anketleri yan\u0131tlamak istemez veya yan\u0131tlamaktan ho\u015flanmaz. \u015e\u00f6yle d\u00fc\u015f\u00fcn\u00fcn &#8211; sadece gitti\u011finiz bir etkinlik hakk\u0131nda size son derece karma\u015f\u0131k sorular soran bir anketi yan\u0131tlamak ister miydiniz? \u0130htiyac\u0131n\u0131z olan cevaplar\u0131 alman\u0131z\u0131 sa\u011flayacak sorular\u0131 basit tutun ve sapla saman\u0131 kar\u0131\u015ft\u0131rmay\u0131n!<\/span><\/b><\/li>\n<li><b>NPS sorunuzu erkenden iletin<span style=\"font-weight: 400;\">  &#8211; Etkinlikler referanslarla geli\u015fir ve NPS sorunuz, insanlar\u0131n etkinli\u011finizi be\u011fenip be\u011fenmedi\u011finin ve birka\u00e7 ki\u015fiye daha anlat\u0131p anlatmayaca\u011f\u0131n\u0131n iyi bir g\u00f6stergesidir. NPS sorunuzu ba\u015flang\u0131\u00e7ta &#8211; tercihen ilk soruda &#8211; sormaya \u00e7al\u0131\u015f\u0131n. Etkinli\u011finiz i\u00e7in destek\u00e7i belirlemek \u00f6ncelik listenizin \u00fcst s\u0131ralar\u0131nda yer almal\u0131d\u0131r.  <\/span><\/b><\/li>\n<li><strong>Derecelendirme \u00f6l\u00e7eklerinizi tutarl\u0131 tutun<\/strong><span style=\"font-weight: 400;\">  &#8211; Anket \u015fablonunuz &#8220;tatmin edici&#8221; sorulardan olu\u015fuyorsa, baz\u0131 sorularda bunlar\u0131 say\u0131sal \u00f6l\u00e7eklerle de\u011fi\u015ftirmeyin. Kafa kar\u0131\u015ft\u0131r\u0131c\u0131. Cevaplar\u0131n\u0131z\u0131 m\u00fcmk\u00fcn oldu\u011funca tutarl\u0131 tutacak cevap y\u00f6nelimlerine sahip sorular sorun. Cevaplamas\u0131 kolay, anlamas\u0131 ve analiz etmesi kolay.  <\/span><\/li>\n<li><strong>\u00c7ok fazla niteliksel sorudan ka\u00e7\u0131n\u0131n<\/strong><span style=\"font-weight: 400;\">  &#8211; Etkinlik hakk\u0131nda bilgi edinmek istiyorsan\u0131z, evet baz\u0131 a\u00e7\u0131k u\u00e7lu sorular sorman\u0131z \u00f6nemlidir. Ancak anketinizde bunlardan \u00e7ok fazla olmas\u0131, anketi b\u0131rakma oranlar\u0131n\u0131n y\u00fckselmesine neden olur. Kat\u0131l\u0131mc\u0131lar geri bildirimde bulunmay\u0131 \u00e7ok isterler ancak her bir cevab\u0131 bir makale ile gerek\u00e7elendirmek istemezler.<\/span><\/li>\n<\/ol>\n<p><span style=\"font-weight: 400;\">Etkinli\u011finizin niteli\u011fine ve t\u00fcr\u00fcne ba\u011fl\u0131 olarak, anket \u015fablonunuzda do\u011fru soru t\u00fcrlerine sahip oldu\u011funuzdan emin olman\u0131z \u00f6nemlidir.  <\/span><\/p>\n<p>&nbsp;<\/p>\n","protected":false},"excerpt":{"rendered":"<p>Etkinliklerin bir\u00e7ok boyutu, bi\u00e7imi ve \u015fekli vard\u0131r. Ancak etkinlik ne olursa olsun, planlamak, y\u00f6netmek ve y\u00fcr\u00fctmek i\u00e7in \u00e7ok fazla kaynak [&hellip;]<\/p>\n","protected":false},"author":86,"featured_media":668254,"comment_status":"closed","ping_status":"closed","sticky":false,"template":"","format":"standard","meta":{"_genesis_hide_title":false,"_genesis_hide_breadcrumbs":false,"_genesis_hide_singular_image":false,"_genesis_hide_footer_widgets":false,"_genesis_custom_body_class":"","_genesis_custom_post_class":"","_genesis_layout":"","footnotes":""},"categories":[1127],"tags":[],"yoast_head":"<!-- This site is optimized with the Yoast SEO plugin v20.4 - https:\/\/yoast.com\/wordpress\/plugins\/seo\/ -->\n<title>18 M\u00fckemmel Etkinlik Memnuniyet Anketi \u015eablonu | QuestionPro<\/title>\n<meta name=\"description\" content=\"Etkinli\u011fin ba\u015far\u0131s\u0131n\u0131 \u00f6l\u00e7mek i\u00e7in etkinlik sonras\u0131 bir memnuniyet anketi d\u00fczenlemek zorunludur. K\u00fcresel markalar\u0131n kulland\u0131\u011f\u0131 18&#039;den fazla m\u00fckemmel etkinlik memnuniyeti anketi \u015fablonundan birini se\u00e7in.\" \/>\n<meta name=\"robots\" content=\"index, follow, max-snippet:-1, max-image-preview:large, max-video-preview:-1\" \/>\n<link rel=\"canonical\" href=\"https:\/\/www.questionpro.com\/blog\/tr\/18-mukemmel-etkinlik-memnuniyet-anketi-sablonu\/\" \/>\n<meta property=\"og:locale\" content=\"tr_TR\" \/>\n<meta property=\"og:type\" content=\"article\" \/>\n<meta property=\"og:title\" content=\"18 M\u00fckemmel Etkinlik Memnuniyet Anketi \u015eablonu | QuestionPro\" \/>\n<meta property=\"og:description\" content=\"Etkinli\u011fin ba\u015far\u0131s\u0131n\u0131 \u00f6l\u00e7mek i\u00e7in etkinlik sonras\u0131 bir memnuniyet anketi d\u00fczenlemek zorunludur. K\u00fcresel markalar\u0131n kulland\u0131\u011f\u0131 18&#039;den fazla m\u00fckemmel etkinlik memnuniyeti anketi \u015fablonundan birini se\u00e7in.\" \/>\n<meta property=\"og:url\" content=\"https:\/\/www.questionpro.com\/blog\/tr\/18-mukemmel-etkinlik-memnuniyet-anketi-sablonu\/\" \/>\n<meta property=\"og:site_name\" content=\"QuestionPro\" \/>\n<meta property=\"article:publisher\" content=\"https:\/\/www.facebook.com\/questionpro\" \/>\n<meta property=\"article:published_time\" content=\"2020-04-03T12:19:52+00:00\" \/>\n<meta property=\"article:modified_time\" content=\"2020-04-03T05:19:52+00:00\" \/>\n<meta property=\"og:image\" content=\"https:\/\/www.questionpro.com\/blog\/wp-content\/uploads\/2020\/04\/1.jpg\" \/>\n\t<meta property=\"og:image:width\" content=\"992\" \/>\n\t<meta property=\"og:image:height\" content=\"594\" \/>\n\t<meta property=\"og:image:type\" content=\"image\/jpeg\" \/>\n<meta name=\"author\" content=\"Adi Bhat\" \/>\n<meta name=\"twitter:card\" content=\"summary_large_image\" \/>\n<meta name=\"twitter:creator\" content=\"@questionpro\" \/>\n<meta name=\"twitter:site\" content=\"@questionpro\" \/>\n<meta name=\"twitter:label1\" content=\"Yazan:\" \/>\n\t<meta name=\"twitter:data1\" content=\"Adi Bhat\" \/>\n\t<meta name=\"twitter:label2\" content=\"Tahmini okuma s\u00fcresi\" \/>\n\t<meta name=\"twitter:data2\" content=\"18 dakika\" \/>\n<script type=\"application\/ld+json\" class=\"yoast-schema-graph\">{\"@context\":\"https:\/\/schema.org\",\"@graph\":[{\"@type\":\"Article\",\"@id\":\"https:\/\/www.questionpro.com\/blog\/tr\/18-mukemmel-etkinlik-memnuniyet-anketi-sablonu\/#article\",\"isPartOf\":{\"@id\":\"https:\/\/www.questionpro.com\/blog\/tr\/18-mukemmel-etkinlik-memnuniyet-anketi-sablonu\/\"},\"author\":{\"name\":\"Adi Bhat\",\"@id\":\"https:\/\/www.questionpro.com\/blog\/tr\/#\/schema\/person\/6240dce6e1901b1a6c7f3dbd3e22567f\"},\"headline\":\"18 M\u00fckemmel Etkinlik Memnuniyet Anketi \u015eablonu\",\"datePublished\":\"2020-04-03T12:19:52+00:00\",\"dateModified\":\"2020-04-03T05:19:52+00:00\",\"mainEntityOfPage\":{\"@id\":\"https:\/\/www.questionpro.com\/blog\/tr\/18-mukemmel-etkinlik-memnuniyet-anketi-sablonu\/\"},\"wordCount\":3694,\"publisher\":{\"@id\":\"https:\/\/www.questionpro.com\/blog\/tr\/#organization\"},\"articleSection\":[\"Anketler\"],\"inLanguage\":\"tr\"},{\"@type\":\"WebPage\",\"@id\":\"https:\/\/www.questionpro.com\/blog\/tr\/18-mukemmel-etkinlik-memnuniyet-anketi-sablonu\/\",\"url\":\"https:\/\/www.questionpro.com\/blog\/tr\/18-mukemmel-etkinlik-memnuniyet-anketi-sablonu\/\",\"name\":\"18 M\u00fckemmel Etkinlik Memnuniyet Anketi \u015eablonu | QuestionPro\",\"isPartOf\":{\"@id\":\"https:\/\/www.questionpro.com\/blog\/tr\/#website\"},\"datePublished\":\"2020-04-03T12:19:52+00:00\",\"dateModified\":\"2020-04-03T05:19:52+00:00\",\"description\":\"Etkinli\u011fin ba\u015far\u0131s\u0131n\u0131 \u00f6l\u00e7mek i\u00e7in etkinlik sonras\u0131 bir memnuniyet anketi d\u00fczenlemek zorunludur. K\u00fcresel markalar\u0131n kulland\u0131\u011f\u0131 18'den fazla m\u00fckemmel etkinlik memnuniyeti anketi \u015fablonundan birini se\u00e7in.\",\"breadcrumb\":{\"@id\":\"https:\/\/www.questionpro.com\/blog\/tr\/18-mukemmel-etkinlik-memnuniyet-anketi-sablonu\/#breadcrumb\"},\"inLanguage\":\"tr\",\"potentialAction\":[{\"@type\":\"ReadAction\",\"target\":[\"https:\/\/www.questionpro.com\/blog\/tr\/18-mukemmel-etkinlik-memnuniyet-anketi-sablonu\/\"]}]},{\"@type\":\"BreadcrumbList\",\"@id\":\"https:\/\/www.questionpro.com\/blog\/tr\/18-mukemmel-etkinlik-memnuniyet-anketi-sablonu\/#breadcrumb\",\"itemListElement\":[{\"@type\":\"ListItem\",\"position\":1,\"name\":\"Ev\",\"item\":\"https:\/\/www.questionpro.com\/blog\/tr\/\"},{\"@type\":\"ListItem\",\"position\":2,\"name\":\"Anketler\",\"item\":\"https:\/\/www.questionpro.com\/blog\/tr\/category\/anketler\/\"},{\"@type\":\"ListItem\",\"position\":3,\"name\":\"18 M\u00fckemmel Etkinlik Memnuniyet Anketi \u015eablonu\"}]},{\"@type\":\"WebSite\",\"@id\":\"https:\/\/www.questionpro.com\/blog\/tr\/#website\",\"url\":\"https:\/\/www.questionpro.com\/blog\/tr\/\",\"name\":\"QuestionPro\",\"description\":\"\",\"publisher\":{\"@id\":\"https:\/\/www.questionpro.com\/blog\/tr\/#organization\"},\"potentialAction\":[{\"@type\":\"SearchAction\",\"target\":{\"@type\":\"EntryPoint\",\"urlTemplate\":\"https:\/\/www.questionpro.com\/blog\/tr\/?s={search_term_string}\"},\"query-input\":\"required name=search_term_string\"}],\"inLanguage\":\"tr\"},{\"@type\":\"Organization\",\"@id\":\"https:\/\/www.questionpro.com\/blog\/tr\/#organization\",\"name\":\"QuestionPro\",\"url\":\"https:\/\/www.questionpro.com\/blog\/tr\/\",\"logo\":{\"@type\":\"ImageObject\",\"inLanguage\":\"tr\",\"@id\":\"https:\/\/www.questionpro.com\/blog\/tr\/#\/schema\/logo\/image\/\",\"url\":\"https:\/\/www.questionpro.com\/blog\/wp-content\/uploads\/2022\/10\/questionpro-logo.svg\",\"contentUrl\":\"https:\/\/www.questionpro.com\/blog\/wp-content\/uploads\/2022\/10\/questionpro-logo.svg\",\"caption\":\"QuestionPro\"},\"image\":{\"@id\":\"https:\/\/www.questionpro.com\/blog\/tr\/#\/schema\/logo\/image\/\"},\"sameAs\":[\"https:\/\/www.facebook.com\/questionpro\",\"https:\/\/twitter.com\/questionpro\",\"https:\/\/www.linkedin.com\/company\/questionpro\/\"]},{\"@type\":\"Person\",\"@id\":\"https:\/\/www.questionpro.com\/blog\/tr\/#\/schema\/person\/6240dce6e1901b1a6c7f3dbd3e22567f\",\"name\":\"Adi Bhat\",\"image\":{\"@type\":\"ImageObject\",\"inLanguage\":\"tr\",\"@id\":\"https:\/\/www.questionpro.com\/blog\/tr\/#\/schema\/person\/image\/\",\"url\":\"https:\/\/secure.gravatar.com\/avatar\/33be79da19de28bbea9b5a059532a027?s=96&d=mm&r=g\",\"contentUrl\":\"https:\/\/secure.gravatar.com\/avatar\/33be79da19de28bbea9b5a059532a027?s=96&d=mm&r=g\",\"caption\":\"Adi Bhat\"},\"description\":\"Aditya Bhat, a.k.a. \u2018Adi\u2019, is a thought leader in market strategy and business development. He leads QuestionPro's sales teams to partner with companies, government organizations, and nonprofit institution.\",\"sameAs\":[\"https:\/\/www.questionpro.com\/\"],\"url\":\"https:\/\/www.questionpro.com\/blog\/tr\/author\/adityabhat\/\"}]}<\/script>\n<!-- \/ Yoast SEO plugin. -->","yoast_head_json":{"title":"18 M\u00fckemmel Etkinlik Memnuniyet Anketi \u015eablonu | QuestionPro","description":"Etkinli\u011fin ba\u015far\u0131s\u0131n\u0131 \u00f6l\u00e7mek i\u00e7in etkinlik sonras\u0131 bir memnuniyet anketi d\u00fczenlemek zorunludur. K\u00fcresel markalar\u0131n kulland\u0131\u011f\u0131 18'den fazla m\u00fckemmel etkinlik memnuniyeti anketi \u015fablonundan birini se\u00e7in.","robots":{"index":"index","follow":"follow","max-snippet":"max-snippet:-1","max-image-preview":"max-image-preview:large","max-video-preview":"max-video-preview:-1"},"canonical":"https:\/\/www.questionpro.com\/blog\/tr\/18-mukemmel-etkinlik-memnuniyet-anketi-sablonu\/","og_locale":"tr_TR","og_type":"article","og_title":"18 M\u00fckemmel Etkinlik Memnuniyet Anketi \u015eablonu | QuestionPro","og_description":"Etkinli\u011fin ba\u015far\u0131s\u0131n\u0131 \u00f6l\u00e7mek i\u00e7in etkinlik sonras\u0131 bir memnuniyet anketi d\u00fczenlemek zorunludur. K\u00fcresel markalar\u0131n kulland\u0131\u011f\u0131 18'den fazla m\u00fckemmel etkinlik memnuniyeti anketi \u015fablonundan birini se\u00e7in.","og_url":"https:\/\/www.questionpro.com\/blog\/tr\/18-mukemmel-etkinlik-memnuniyet-anketi-sablonu\/","og_site_name":"QuestionPro","article_publisher":"https:\/\/www.facebook.com\/questionpro","article_published_time":"2020-04-03T12:19:52+00:00","article_modified_time":"2020-04-03T05:19:52+00:00","og_image":[{"width":992,"height":594,"url":"https:\/\/www.questionpro.com\/blog\/wp-content\/uploads\/2020\/04\/1.jpg","type":"image\/jpeg"}],"author":"Adi Bhat","twitter_card":"summary_large_image","twitter_creator":"@questionpro","twitter_site":"@questionpro","twitter_misc":{"Yazan:":"Adi Bhat","Tahmini okuma s\u00fcresi":"18 dakika"},"schema":{"@context":"https:\/\/schema.org","@graph":[{"@type":"Article","@id":"https:\/\/www.questionpro.com\/blog\/tr\/18-mukemmel-etkinlik-memnuniyet-anketi-sablonu\/#article","isPartOf":{"@id":"https:\/\/www.questionpro.com\/blog\/tr\/18-mukemmel-etkinlik-memnuniyet-anketi-sablonu\/"},"author":{"name":"Adi Bhat","@id":"https:\/\/www.questionpro.com\/blog\/tr\/#\/schema\/person\/6240dce6e1901b1a6c7f3dbd3e22567f"},"headline":"18 M\u00fckemmel Etkinlik Memnuniyet Anketi \u015eablonu","datePublished":"2020-04-03T12:19:52+00:00","dateModified":"2020-04-03T05:19:52+00:00","mainEntityOfPage":{"@id":"https:\/\/www.questionpro.com\/blog\/tr\/18-mukemmel-etkinlik-memnuniyet-anketi-sablonu\/"},"wordCount":3694,"publisher":{"@id":"https:\/\/www.questionpro.com\/blog\/tr\/#organization"},"articleSection":["Anketler"],"inLanguage":"tr"},{"@type":"WebPage","@id":"https:\/\/www.questionpro.com\/blog\/tr\/18-mukemmel-etkinlik-memnuniyet-anketi-sablonu\/","url":"https:\/\/www.questionpro.com\/blog\/tr\/18-mukemmel-etkinlik-memnuniyet-anketi-sablonu\/","name":"18 M\u00fckemmel Etkinlik Memnuniyet Anketi \u015eablonu | QuestionPro","isPartOf":{"@id":"https:\/\/www.questionpro.com\/blog\/tr\/#website"},"datePublished":"2020-04-03T12:19:52+00:00","dateModified":"2020-04-03T05:19:52+00:00","description":"Etkinli\u011fin ba\u015far\u0131s\u0131n\u0131 \u00f6l\u00e7mek i\u00e7in etkinlik sonras\u0131 bir memnuniyet anketi d\u00fczenlemek zorunludur. K\u00fcresel markalar\u0131n kulland\u0131\u011f\u0131 18'den fazla m\u00fckemmel etkinlik memnuniyeti anketi \u015fablonundan birini se\u00e7in.","breadcrumb":{"@id":"https:\/\/www.questionpro.com\/blog\/tr\/18-mukemmel-etkinlik-memnuniyet-anketi-sablonu\/#breadcrumb"},"inLanguage":"tr","potentialAction":[{"@type":"ReadAction","target":["https:\/\/www.questionpro.com\/blog\/tr\/18-mukemmel-etkinlik-memnuniyet-anketi-sablonu\/"]}]},{"@type":"BreadcrumbList","@id":"https:\/\/www.questionpro.com\/blog\/tr\/18-mukemmel-etkinlik-memnuniyet-anketi-sablonu\/#breadcrumb","itemListElement":[{"@type":"ListItem","position":1,"name":"Ev","item":"https:\/\/www.questionpro.com\/blog\/tr\/"},{"@type":"ListItem","position":2,"name":"Anketler","item":"https:\/\/www.questionpro.com\/blog\/tr\/category\/anketler\/"},{"@type":"ListItem","position":3,"name":"18 M\u00fckemmel Etkinlik Memnuniyet Anketi \u015eablonu"}]},{"@type":"WebSite","@id":"https:\/\/www.questionpro.com\/blog\/tr\/#website","url":"https:\/\/www.questionpro.com\/blog\/tr\/","name":"QuestionPro","description":"","publisher":{"@id":"https:\/\/www.questionpro.com\/blog\/tr\/#organization"},"potentialAction":[{"@type":"SearchAction","target":{"@type":"EntryPoint","urlTemplate":"https:\/\/www.questionpro.com\/blog\/tr\/?s={search_term_string}"},"query-input":"required name=search_term_string"}],"inLanguage":"tr"},{"@type":"Organization","@id":"https:\/\/www.questionpro.com\/blog\/tr\/#organization","name":"QuestionPro","url":"https:\/\/www.questionpro.com\/blog\/tr\/","logo":{"@type":"ImageObject","inLanguage":"tr","@id":"https:\/\/www.questionpro.com\/blog\/tr\/#\/schema\/logo\/image\/","url":"https:\/\/www.questionpro.com\/blog\/wp-content\/uploads\/2022\/10\/questionpro-logo.svg","contentUrl":"https:\/\/www.questionpro.com\/blog\/wp-content\/uploads\/2022\/10\/questionpro-logo.svg","caption":"QuestionPro"},"image":{"@id":"https:\/\/www.questionpro.com\/blog\/tr\/#\/schema\/logo\/image\/"},"sameAs":["https:\/\/www.facebook.com\/questionpro","https:\/\/twitter.com\/questionpro","https:\/\/www.linkedin.com\/company\/questionpro\/"]},{"@type":"Person","@id":"https:\/\/www.questionpro.com\/blog\/tr\/#\/schema\/person\/6240dce6e1901b1a6c7f3dbd3e22567f","name":"Adi Bhat","image":{"@type":"ImageObject","inLanguage":"tr","@id":"https:\/\/www.questionpro.com\/blog\/tr\/#\/schema\/person\/image\/","url":"https:\/\/secure.gravatar.com\/avatar\/33be79da19de28bbea9b5a059532a027?s=96&d=mm&r=g","contentUrl":"https:\/\/secure.gravatar.com\/avatar\/33be79da19de28bbea9b5a059532a027?s=96&d=mm&r=g","caption":"Adi Bhat"},"description":"Aditya Bhat, a.k.a. \u2018Adi\u2019, is a thought leader in market strategy and business development. He leads QuestionPro's sales teams to partner with companies, government organizations, and nonprofit institution.","sameAs":["https:\/\/www.questionpro.com\/"],"url":"https:\/\/www.questionpro.com\/blog\/tr\/author\/adityabhat\/"}]}},"featured_image_src":"https:\/\/www.questionpro.com\/blog\/wp-content\/uploads\/2020\/04\/1.jpg","featured_image_src_square":"https:\/\/www.questionpro.com\/blog\/wp-content\/uploads\/2020\/04\/1.jpg","author_info":{"display_name":"Adi Bhat","author_link":"https:\/\/www.questionpro.com\/blog\/tr\/author\/adityabhat\/"},"_links":{"self":[{"href":"https:\/\/www.questionpro.com\/blog\/tr\/wp-json\/wp\/v2\/posts\/730580"}],"collection":[{"href":"https:\/\/www.questionpro.com\/blog\/tr\/wp-json\/wp\/v2\/posts"}],"about":[{"href":"https:\/\/www.questionpro.com\/blog\/tr\/wp-json\/wp\/v2\/types\/post"}],"author":[{"embeddable":true,"href":"https:\/\/www.questionpro.com\/blog\/tr\/wp-json\/wp\/v2\/users\/86"}],"replies":[{"embeddable":true,"href":"https:\/\/www.questionpro.com\/blog\/tr\/wp-json\/wp\/v2\/comments?post=730580"}],"version-history":[{"count":0,"href":"https:\/\/www.questionpro.com\/blog\/tr\/wp-json\/wp\/v2\/posts\/730580\/revisions"}],"wp:featuredmedia":[{"embeddable":true,"href":"https:\/\/www.questionpro.com\/blog\/tr\/wp-json\/wp\/v2\/media\/668254"}],"wp:attachment":[{"href":"https:\/\/www.questionpro.com\/blog\/tr\/wp-json\/wp\/v2\/media?parent=730580"}],"wp:term":[{"taxonomy":"category","embeddable":true,"href":"https:\/\/www.questionpro.com\/blog\/tr\/wp-json\/wp\/v2\/categories?post=730580"},{"taxonomy":"post_tag","embeddable":true,"href":"https:\/\/www.questionpro.com\/blog\/tr\/wp-json\/wp\/v2\/tags?post=730580"}],"curies":[{"name":"wp","href":"https:\/\/api.w.org\/{rel}","templated":true}]}}