

{"id":732401,"date":"2022-08-25T09:00:03","date_gmt":"2022-08-25T16:00:03","guid":{"rendered":"https:\/\/www.questionpro.com\/blog\/pestel-analizi-nedir-ve-ne-icin-yapilir\/"},"modified":"2022-08-25T09:00:03","modified_gmt":"2022-08-25T09:00:03","slug":"pestel-analizi-nedir-ve-ne-icin-yapilir","status":"publish","type":"post","link":"https:\/\/www.questionpro.com\/blog\/tr\/pestel-analizi-nedir-ve-ne-icin-yapilir\/","title":{"rendered":"PESTEL Analizi: Nedir ve Ne \u0130\u00e7in Yap\u0131l\u0131r"},"content":{"rendered":"<p>PESTEL analizi, bir \u015firketin ba\u015far\u0131s\u0131n\u0131 etkileyebilecek \u00e7evredeki \u00f6zelliklerin ve de\u011fi\u015fikliklerin de\u011ferlendirilmesinde etkili olabilir ve bu sayede do\u011fru zamanda do\u011fru kararlar al\u0131nabilir.<\/p>\n<p>Tam olarak nelerden olu\u015ftu\u011funu, avantajlar\u0131n\u0131n neler oldu\u011funu ve ad\u0131m ad\u0131m nas\u0131l geli\u015ftirilece\u011fini \u00f6\u011frenmek istiyorsan\u0131z, bu makalede bilmeniz gereken t\u00fcm bilgileri derledik.<\/p>\n<h2>PESTEL analizi nedir?<\/h2>\n<p>PESTEL analizi, kurulu\u015flar\u0131n i\u015fletmeyi g\u00fcn\u00fcm\u00fczde ve gelecekte etkileyebilecek fakt\u00f6rleri ke\u015ffetmesini ve de\u011ferlendirmesini sa\u011flayan bir ara\u00e7t\u0131r.<\/p>\n<p>PESTEL, Politik, Ekonomik, Sosyal, Teknolojik, Yasal ve \u00c7evre kelimelerinin k\u0131saltmas\u0131d\u0131r. Bu analiz, i\u015f durumuyla ilgili bu d\u00f6rt d\u0131\u015f fakt\u00f6r\u00fc de\u011ferlendirmektedir. Analiz, bu d\u00f6rt fakt\u00f6rden kaynaklanan f\u0131rsat ve tehditleri incelemektedir.<\/p>\n<p>PEST analizinin sundu\u011fu sonu\u00e7lar ile pazar ara\u015ft\u0131rmas\u0131 yaparken, pazarlama stratejileri olu\u015ftururken, \u00fcr\u00fcn geli\u015ftirirken ve kurulu\u015f i\u00e7in daha iyi kararlar al\u0131rken olumlu bir g\u00f6r\u00fc\u015fe sahip olmak m\u00fcmk\u00fcnd\u00fcr.<\/p>\n<h2>PESTEL analizinde yer alan fakt\u00f6rler<\/h2>\n<p>Daha \u00f6nce de belirtti\u011fimiz gibi PESTEL, <strong>Politik, Ekonomik, Sosyal, Teknolojik, Yasal ve \u00c7evrenin<\/strong> k\u0131saltmas\u0131d\u0131r. Daha sonra, daha iyi bir piyasa analizi yapman\u0131za yard\u0131mc\u0131 olacak bu noktalardan baz\u0131lar\u0131n\u0131n tan\u0131m\u0131n\u0131 yapaca\u011f\u0131z:<\/p>\n<p><img loading=\"lazy\" decoding=\"async\" class=\"aligncenter size-full wp-image-439915\" src=\"https:\/\/www.questionpro.com\/blog\/wp-content\/uploads\/2022\/08\/PESTEL-analysis-components.jpg\" alt=\"PESTEL Analizi Bile\u015fenleri\" width=\"992\" height=\"729\"><\/p>\n<ul>\n<li>\n<h3>Siyasi<\/h3>\n<\/li>\n<\/ul>\n<p>H\u00fck\u00fcmet d\u00fczenlemeleri ve yasal konular bir \u015firketin k\u00e2rl\u0131 ve ba\u015far\u0131l\u0131 olma kabiliyetini etkiler. PEST analizi bunun nas\u0131l ger\u00e7ekle\u015febilece\u011fini de\u011ferlendirmekten sorumludur.<\/p>\n<p>Dikkate al\u0131nacak konular aras\u0131nda vergi kurallar\u0131, telif hakk\u0131 ve fikri m\u00fclkiyet hukukunun uygulanmas\u0131, siyasi istikrar, ticaret d\u00fczenlemeleri, sosyal ve <a href=\"https:\/\/www.questionpro.com\/blog\/environmental-analysis\/\">\u00e7evresel analiz<\/a> politikas\u0131, i\u015f kanunlar\u0131 ve g\u00fcvenlik d\u00fczenlemeleri yer almaktad\u0131r.<\/p>\n<p>\u015eirketler ayr\u0131ca yerel ve federal g\u00fc\u00e7 yap\u0131lar\u0131n\u0131 da g\u00f6z \u00f6n\u00fcnde bulundurmal\u0131 ve g\u00fc\u00e7te beklenen de\u011fi\u015fikliklerin i\u015flerini nas\u0131l etkileyebilece\u011fini tart\u0131\u015fmal\u0131d\u0131r.<\/p>\n<ul>\n<li>\n<h3>Ekonomik<\/h3>\n<\/li>\n<\/ul>\n<p>Bir \u015firketin ba\u015far\u0131s\u0131n\u0131 etkileyebilecek d\u0131\u015f ekonomik sorunlar\u0131n incelenmesinden olu\u015fur.<\/p>\n<p>Bu fakt\u00f6r, faiz oranlar\u0131, enflasyondaki de\u011fi\u015fim, i\u015fsizlik, gayri safi yurti\u00e7i has\u0131la ve kredi kullan\u0131labilirli\u011fi gibi farkl\u0131 unsurlar\u0131n de\u011ferlendirilmesinden olu\u015fur.<\/p>\n<ul>\n<li>\n<h3>Sosyal<\/h3>\n<\/li>\n<\/ul>\n<p>Sosyal fakt\u00f6r sayesinde \u015firketler pazar\u0131n sosyoekonomik ortam\u0131n\u0131 de\u011ferlendirebilir, bu da t\u00fcketicilerin ihtiya\u00e7lar\u0131n\u0131n nas\u0131l olu\u015ftu\u011funu ve onlar\u0131 sat\u0131n alma konusunda neyin motive etti\u011fini anlamalar\u0131n\u0131 sa\u011flar.<\/p>\n<p>De\u011ferlendirilecek unsurlar aras\u0131nda n\u00fcfus art\u0131\u015f oranlar\u0131, ya\u015f da\u011f\u0131l\u0131m\u0131, \u00e7al\u0131\u015fmaya y\u00f6nelik tutumlar ve i\u015fg\u00fcc\u00fc piyasas\u0131 e\u011filimleri yer almaktad\u0131r.<\/p>\n<ul>\n<li>\n<h3>Teknoloji<\/h3>\n<\/li>\n<\/ul>\n<p>Teknoloji, i\u015fletmeleri olumlu ya da olumsuz y\u00f6nde etkileyebildi\u011fi i\u00e7in i\u015fletmeler i\u00e7in \u00e7ok \u00f6nemlidir.<\/p>\n<p>Yeni \u00fcr\u00fcnlerin, yeni teknolojilerin ve hizmetlerin piyasaya s\u00fcr\u00fclmesiyle birlikte belirli bir pazar\u0131n uyum sa\u011flamas\u0131 zorla\u015fabilir, bu nedenle bu pazar\u0131 t\u00fcm a\u00e7\u0131lardan de\u011ferlendirmek \u00f6nemlidir.<\/p>\n<p>Analiz edilecek spesifik konular aras\u0131nda devletin teknoloji ara\u015ft\u0131rmalar\u0131na yapt\u0131\u011f\u0131 harcamalar, mevcut teknolojinin ya\u015fam d\u00f6ng\u00fcs\u00fc, internetin rol\u00fc ve potansiyel bilgi teknolojilerinin etkisi yer almaktad\u0131r.<\/p>\n<h2>PESTEL analizi ger\u00e7ekle\u015ftirmek i\u00e7in ad\u0131mlar<\/h2>\n<p>PESTEL analizi yapmak, ba\u015far\u0131s\u0131n\u0131 garantilemek isteyen her kurulu\u015fun ger\u00e7ekle\u015ftirmesi gereken bir g\u00f6revdir. \u0130\u015fte bunu ba\u015farman\u0131za yard\u0131mc\u0131 olacak ad\u0131mlar:<\/p>\n<h3>1. Beyin F\u0131rt\u0131nas\u0131<\/h3>\n<p>4 PEST fakt\u00f6r\u00fc hakk\u0131nda beyin f\u0131rt\u0131nas\u0131 yap\u0131n: Siyasi, Ekonomik, Sosyal ve Teknolojik.<\/p>\n<p>B\u00fcy\u00fck bir grup insanla bir ba\u015flang\u0131\u00e7 yapabilir veya daha k\u00fc\u00e7\u00fck birimlere ayr\u0131labilir ve ard\u0131ndan genel bir bak\u0131\u015f elde etmek i\u00e7in katk\u0131lar\u0131n\u0131 payla\u015fabilirsiniz.<\/p>\n<p>Beyin f\u0131rt\u0131nas\u0131 s\u0131ras\u0131nda PEST analizinin her bir unsuru i\u00e7in yan\u0131tlanmas\u0131 gereken sorular aras\u0131nda \u015funlar yer almaktad\u0131r:<\/p>\n<h3>Siyasi fakt\u00f6r<\/h3>\n<ul>\n<li>Hangi h\u00fck\u00fcmet politikalar\u0131 veya siyasi gruplar ba\u015far\u0131m\u0131za fayda veya zarar sa\u011flayabilir?<\/li>\n<li>Siyasi ortam istikrarl\u0131 m\u0131, yoksa de\u011fi\u015fme ihtimali var m\u0131?<\/li>\n<li>\u00dclkede a\u015fa\u011f\u0131daki yerel, eyalet veya ulusal se\u00e7imler ne zaman yap\u0131l\u0131yor? Bu durum h\u00fck\u00fcmet veya b\u00f6lge politikas\u0131n\u0131 nas\u0131l de\u011fi\u015ftirebilir?<\/li>\n<li>\u0130ktidar i\u00e7in en olas\u0131 yar\u0131\u015fmac\u0131lar kimler? Ticaret politikas\u0131 ve kurumu etkileyen di\u011fer politikalar hakk\u0131ndaki g\u00f6r\u00fc\u015fleriniz nelerdir?<\/li>\n<li>M\u00fclkiyet haklar\u0131 ve hukukun \u00fcst\u00fcnl\u00fc\u011f\u00fc ne kadar geli\u015fmi\u015ftir ve yolsuzluk ve organize su\u00e7lar ne kadar yayg\u0131nd\u0131r? Bu durumlar\u0131n de\u011fi\u015fme olas\u0131l\u0131\u011f\u0131 nedir ve bu sizi nas\u0131l etkileyecektir?<\/li>\n<li>Bekleyen herhangi bir mevzuat veya vergi de\u011fi\u015fikli\u011fi i\u015finizi olumlu veya olumsuz etkileyebilir mi?<\/li>\n<li>Planlanan de\u011fi\u015fikliklerle birlikte i\u015f mevzuat\u0131 i\u015finizi nas\u0131l etkileyecek? Ve d\u00fczenleme ya da dereg\u00fclasyon y\u00f6n\u00fcnde bir e\u011filim var m\u0131?<\/li>\n<li>H\u00fck\u00fcmet kurumsal politika, kurumsal sosyal sorumluluk, \u00e7evre sorunlar\u0131 ve m\u00fc\u015fteri koruma mevzuat\u0131n\u0131 nas\u0131l ele al\u0131yor? Bunun etkisi nedir ve de\u011fi\u015fme olas\u0131l\u0131\u011f\u0131 var m\u0131d\u0131r?<\/li>\n<li>\u00d6nerilen mevzuat de\u011fi\u015fiklikleri i\u00e7in muhtemel zaman \u00e7izelgesi nedir?<\/li>\n<li>De\u011fi\u015febilecek ba\u015fka siyasi fakt\u00f6rler var m\u0131?<\/li>\n<\/ul>\n<h3>Ekonomik fakt\u00f6r<\/h3>\n<ul>\n<li>Gelecekte bizi hangi ekonomik fakt\u00f6rler etkileyecek?<\/li>\n<li>Ekonominin performans\u0131 \u015fu anda bizi nas\u0131l etkiliyor?<\/li>\n<li>Fiyatlar\u0131m\u0131z, gelirimiz ve maliyetlerimiz her bir ekonomik fakt\u00f6rden nas\u0131l etkilenir?<\/li>\n<li>Mevcut ekonomi ne kadar istikrarl\u0131? B\u00fcy\u00fcyor mu, durgun mu, yoksa azal\u0131yor mu?<\/li>\n<li>Temel d\u00f6viz kurlar\u0131 sabit mi, yoksa \u00f6nemli \u00f6l\u00e7\u00fcde de\u011fi\u015fiyor mu?<\/li>\n<li>M\u00fc\u015fterilerin harcanabilir gelir seviyeleri y\u00fckseliyor mu yoksa d\u00fc\u015f\u00fcyor mu? \u00d6n\u00fcm\u00fczdeki y\u0131llarda bu durum nas\u0131l de\u011fi\u015fecek?<\/li>\n<li>\u0130\u015fsizlik oran\u0131 nedir? Nitelikli i\u015fg\u00fcc\u00fc olu\u015fturmak kolay olacak m\u0131? Yoksa kalifiye i\u015fg\u00fcc\u00fc kiralamak pahal\u0131 m\u0131 olacak?<\/li>\n<li>T\u00fcketiciler ve i\u015fletmeler krediye kolay eri\u015febiliyor mu? E\u011fer de\u011filse, bu durum kurulu\u015funuzu nas\u0131l etkileyecek?<\/li>\n<li>K\u00fcreselle\u015fme ekonomik ortam\u0131 nas\u0131l etkiliyor?<\/li>\n<li>Dikkate almam gereken ba\u015fka ekonomik fakt\u00f6rler var m\u0131?<\/li>\n<\/ul>\n<h3>Sosyal fakt\u00f6r<\/h3>\n<ul>\n<li>M\u00fc\u015fterilerimizin inan\u00e7lar\u0131 ve de\u011ferleri sat\u0131n alma al\u0131\u015fkanl\u0131klar\u0131n\u0131 nas\u0131l etkiliyor?<\/li>\n<li>K\u00fclt\u00fcrel e\u011filimler ve insan davran\u0131\u015flar\u0131 i\u015fimizde nas\u0131l bir rol oynuyor?<\/li>\n<li>N\u00fcfus art\u0131\u015f h\u0131z\u0131 ve ya\u015f profili nedir? Bunun de\u011fi\u015fmesi ne kadar olas\u0131?<\/li>\n<li>Nesiller aras\u0131 tutum de\u011fi\u015fikliklerinin yapt\u0131\u011f\u0131n\u0131z i\u015fi etkilemesi muhtemel mi?<\/li>\n<li>Toplumunuzdaki sa\u011fl\u0131k, e\u011fitim ve sosyal hareketlilik d\u00fczeyleri nedir? Nas\u0131l de\u011fi\u015fiyorlar ve bunun nas\u0131l bir etkisi var?<\/li>\n<li>Ne t\u00fcr istihdam kal\u0131plar\u0131, i\u015fg\u00fcc\u00fc piyasas\u0131 e\u011filimleri ve \u00e7al\u0131\u015fmaya y\u00f6nelik tutumlar g\u00f6zlemleyebilirsiniz? Her ya\u015f grubu i\u00e7in farkl\u0131 m\u0131?<\/li>\n<li>Hangi sosyal tutumlar ve tabular i\u015fi etkileyebilir? Yak\u0131n zamanda bunu etkileyebilecek sosyo-k\u00fclt\u00fcrel de\u011fi\u015fiklikler oldu mu?<\/li>\n<li>Dini inan\u00e7lar ve ya\u015fam tarz\u0131 se\u00e7imleri n\u00fcfusu nas\u0131l etkiliyor?<\/li>\n<li>Di\u011fer sosyok\u00fclt\u00fcrel fakt\u00f6rlerin i\u015fletmeniz i\u00e7in de\u011fi\u015fim yaratma olas\u0131l\u0131\u011f\u0131 var m\u0131?<\/li>\n<\/ul>\n<h3>Teknolojik fakt\u00f6r<\/h3>\n<ul>\n<li>Hangi teknolojik ilerlemeler ve yenilikler mevcut veya \u00e7al\u0131\u015fmalar devam ediyor?<\/li>\n<li>Bu teknoloji operasyonlar\u0131m\u0131z\u0131 nas\u0131l etkileyecek?<\/li>\n<li>Kullan\u0131yor olabilece\u011finiz yeni bir teknoloji var m\u0131?<\/li>\n<li>Ufukta i\u015finizi veya sekt\u00f6r\u00fcn\u00fcz\u00fc k\u00f6kten etkileyebilecek yeni teknolojiler var m\u0131?<\/li>\n<li>Rakiplerin \u00fcr\u00fcnlerini yeniden tan\u0131mlayabilecek yeni teknolojilere eri\u015fimi var m\u0131?<\/li>\n<li>H\u00fck\u00fcmetler ve e\u011fitim kurumlar\u0131 ara\u015ft\u0131rmalar\u0131n\u0131 hangi alanlara odakl\u0131yor? Bundan yararlanmak i\u00e7in yapabilece\u011fim bir \u015fey var m\u0131?<\/li>\n<li>Altyap\u0131 de\u011fi\u015fiklikleri \u00e7al\u0131\u015fma d\u00fczenlerini nas\u0131l etkiledi (\u00f6rne\u011fin, uzaktan \u00e7al\u0131\u015fma seviyeleri)?<\/li>\n<li>Birlikte \u00e7al\u0131\u015fabilece\u011finiz veya \u00f6\u011frenebilece\u011finiz mevcut teknoloji merkezleri var m\u0131?<\/li>\n<li>Dikkate almam gereken ba\u015fka teknoloji fakt\u00f6rleri var m\u0131?<\/li>\n<\/ul>\n<h3>2. F\u0131rsatlar\u0131n Belirlenmesi<\/h3>\n<p>\u0130\u015f ortam\u0131nda meydana gelen de\u011fi\u015fiklikleri belirledikten sonra, bunlar\u0131n her birini g\u00f6rselle\u015ftirmenin ve bunun kurulu\u015funuz i\u00e7in a\u00e7abilece\u011fi f\u0131rsatlar hakk\u0131nda beyin f\u0131rt\u0131nas\u0131 yapman\u0131n zaman\u0131 gelmi\u015ftir.<\/p>\n<p>Bu ad\u0131m, ilgili ki\u015filerin s\u00fcrece dahil olmalar\u0131n\u0131 ve g\u00f6r\u00fc\u015flerini sunmalar\u0131n\u0131 sa\u011flar. Daha sonra, benzer fikirleri grupland\u0131r\u0131n ve m\u00fckerrer olanlar\u0131 eleyin. \u00d6nemli sonu\u00e7lar \u00e7\u0131karabileceksiniz.<\/p>\n<h3>3. Tehditlerin belirlenmesi<\/h3>\n<p>Bu de\u011fi\u015fikliklerin i\u015fletmenizi nas\u0131l etkileyebilece\u011fini d\u00fc\u015f\u00fcnmek \u00e7ok \u00f6nemlidir. Bunu yeterince erken anlarsan\u0131z, bu sorunlardan ka\u00e7\u0131nabilir veya etkilerini en aza indirebilirsiniz.<\/p>\n<p>\u00d6rne\u011fin, pazar\u0131n \u00e7ekirdek bir b\u00f6l\u00fcm\u00fc demografik bir d\u00fc\u015f\u00fc\u015f i\u00e7indeyse, di\u011fer pazar alanlar\u0131n\u0131 a\u00e7abilir misiniz? Ya da teknoloji temel bir \u00fcr\u00fcn\u00fc tehdit ediyorsa, bu teknolojiden yararlan\u0131p \u00fcr\u00fcn\u00fc geli\u015ftirebilir misiniz?<\/p>\n<p>\u00c7al\u0131\u015fanlar\u0131n\u0131z\u0131n her bir fikri, kurum \u00fczerinde yarataca\u011f\u0131n\u0131 d\u00fc\u015f\u00fcnd\u00fckleri etkiye g\u00f6re derecelendirmesine izin verin.<\/p>\n<p>Derecelendirmelerdeki \u00f6nemli farkl\u0131l\u0131klar\u0131 tart\u0131\u015f\u0131n ve onlardan gerek\u00e7elerini a\u00e7\u0131klamalar\u0131n\u0131 isteyin ve fikirlerini de\u011fi\u015ftirmi\u015flerse bu fikirleri tekrar test edin.<\/p>\n<p>Herkes \u00e7e\u015fitli fakt\u00f6rler hakk\u0131nda d\u00fc\u015f\u00fcnd\u00fc\u011f\u00fcnde, birbiriyle uyumlu hale gelecek ve di\u011ferlerinin kar\u015f\u0131la\u015ft\u0131\u011f\u0131 zorluklar\u0131 daha iyi tan\u0131y\u0131p anlayacakt\u0131r.<\/p>\n<h3>4. \u00d6nlemlerin uygulanmas\u0131<\/h3>\n<p>\u0130\u015f plan\u0131n\u0131zdaki \u00f6nemli f\u0131rsatlardan yararlanmak i\u00e7in ataca\u011f\u0131n\u0131z ad\u0131mlar\u0131 olu\u015fturun ve \u00f6nemli riskleri belirlemek, y\u00f6netmek ve ortadan kald\u0131rmak i\u00e7in uygun ad\u0131mlar\u0131 at\u0131n.<\/p>\n<p>\u00d6nemli riskler tespit etti\u011finizde, bunlar\u0131 y\u00f6netmek veya ortadan kald\u0131rmak i\u00e7in uygun ad\u0131mlar\u0131 at\u0131n.<\/p>\n<p>PESTEL analizi, kurulu\u015fun \u015fimdi ve gelecekteki f\u0131rsat ve tehditlerine ili\u015fkin kapsaml\u0131 bir genel bak\u0131\u015f sa\u011flar. Sonu\u00e7lar\u0131 ilgili payda\u015flarla payla\u015f\u0131n ve ilerlemeyi izlemek i\u00e7in raporu kullan\u0131n.<\/p>\n<p>D\u0131\u015f \u00e7evredeki de\u011fi\u015fiklikleri takip etmek ve strateji ve planlar\u0131 g\u00fcncel tutmak i\u00e7in s\u00fcreci d\u00fczenli olarak tekrarlamak gerekir.<\/p>\n<h2>PESTEL analizi yapmak i\u00e7in ipu\u00e7lar\u0131<\/h2>\n<p>PEST analizinin ne oldu\u011funu ve ger\u00e7ekle\u015ftirilmesi gereken ad\u0131mlar\u0131 \u00f6\u011frendikten sonra, bu s\u00fcreci etkili bir \u015fekilde y\u00fcr\u00fctmenize yard\u0131mc\u0131 olacak baz\u0131 ipu\u00e7lar\u0131m\u0131z var:<\/p>\n<ul>\n<li>Kat\u0131l\u0131mc\u0131lar\u0131 uzman bilgisi ve ayn\u0131 zamanda yeni bir bak\u0131\u015f a\u00e7\u0131s\u0131 sa\u011flayacak \u015fekilde dikkatle se\u00e7in.<\/li>\n<li>Farkl\u0131 yerlerdeki \u00f6nemli insanlarla etkile\u015fim kurmak ve onlar\u0131n katk\u0131lar\u0131n\u0131 kaybetmemek i\u00e7in teknolojiyi kullan\u0131n.<\/li>\n<li>Bireysel olarak beyin f\u0131rt\u0131nas\u0131 yaparak ve b\u00fcy\u00fck resmi elde etmek i\u00e7in sorunlar\u0131 birle\u015ftirerek grup d\u00fc\u015f\u00fcncesini en aza indirin.<\/li>\n<li>Genel fikirler yerine spesifik fikirler sunun.<\/li>\n<li>Belirli bir konuya odaklanmak i\u00e7in m\u00fcmk\u00fcn oldu\u011funda nicel veriler kullan\u0131n.<\/li>\n<li>Oturumda fikirleri s\u0131ralamak ve \u00f6nceliklendirmek i\u00e7in yeterli zaman ay\u0131r\u0131n.<\/li>\n<li>Sonu\u00e7lar\u0131 payda\u015flara iletir ve analiz s\u00fcrecini d\u00fczenli olarak g\u00fcnceller.<\/li>\n<\/ul>\n<h2>PESTEL analizinin avantajlar\u0131<\/h2>\n<p>A\u015fa\u011f\u0131da, pazar analizinin bile\u015fenlerinden biri olan PEST analizi yapman\u0131n ba\u015fl\u0131ca faydalar\u0131na de\u011finiyoruz:<\/p>\n<ul>\n<li>Ticaret f\u0131rsatlar\u0131n\u0131 tespit etmenize yard\u0131mc\u0131 olur ve \u00f6nemli tehditlere kar\u015f\u0131 sizi uyar\u0131r.<\/li>\n<li>Kurum i\u00e7indeki y\u00f6n de\u011fi\u015fikli\u011fini ortaya koyar. Bu, eylemlerinizi de\u011fi\u015fime kar\u015f\u0131 de\u011fil, de\u011fi\u015fimle birlikte \u00e7al\u0131\u015facak \u015fekilde \u015fekillendirmenize yard\u0131mc\u0131 olur.<\/li>\n<li>Kontrol edemedi\u011finiz nedenlerden dolay\u0131 ba\u015far\u0131s\u0131z olma ihtimali olan projelere ba\u015flamaktan ka\u00e7\u0131n\u0131n.<\/li>\n<li>Yeni bir pazara girdi\u011finizde varsay\u0131mlar\u0131 geride b\u0131rakman\u0131za yard\u0131mc\u0131 olarak bu yeni ortama ili\u015fkin objektif bir bak\u0131\u015f a\u00e7\u0131s\u0131 geli\u015ftirmenizi sa\u011flar.<\/li>\n<li>Kurulu\u015f \u00fczerindeki t\u00fcm \u00f6nemli d\u0131\u015f etkilere genel bir bak\u0131\u015f sa\u011flar.<\/li>\n<li>Daha kararl\u0131 ve iyi bilgilendirilmi\u015f karar vermeyi destekler.<\/li>\n<li>Planlama, pazarlama, kurumsal de\u011fi\u015fim giri\u015fimleri, i\u015f ve \u00fcr\u00fcn geli\u015ftirme, proje y\u00f6netimi ve ara\u015ft\u0131rma makalelerine yard\u0131mc\u0131 olur.<\/li>\n<\/ul>\n<h2>PESTEL analizine ili\u015fkin sonu\u00e7<\/h2>\n<p>PESTEL analizi, mevcut ve gelecekteki pazarlar\u0131 anlamak ve \u00f6l\u00e7mek isteyen t\u00fcm kurulu\u015flar i\u00e7in idealdir. Bir kurulu\u015fun PESTEL analizindeki her bir fakt\u00f6re yakla\u015f\u0131m\u0131n\u0131n odakland\u0131\u011f\u0131 sekt\u00f6re ba\u011fl\u0131 oldu\u011funu belirtmek \u00f6nemlidir.<\/p>\n<p>PESTEL analizi ile \u015firketler riskleri g\u00f6rselle\u015ftirebilir ve pazardaki i\u015f f\u0131rsatlar\u0131ndan en iyi \u015fekilde yararlanabilir. Karar vermek i\u00e7in en iyi metodolojileri ve ara\u00e7lar\u0131 bilmek istiyorsan\u0131z, sizi i\u015f ba\u015far\u0131s\u0131 i\u00e7in en iyi f\u0131rsatlar\u0131 belirlemek i\u00e7in ihtiyac\u0131n\u0131z olan her \u015feyi \u00f6\u011frenmeye davet ediyoruz.<\/p>\n<p style=\"text-align: center;\"><a href=\"https:\/\/www.questionpro.com\/research-edition-survey-software\/\" target=\"_blank\" rel=\"noopener\"><br \/>\n  <button>DAHA FAZLA BI\u0307LGI\u0307 EDI\u0307NI\u0307N<\/button><br \/>\n<\/a>       <a href=\"https:\/\/www.questionpro.com\/a\/showEntry.do?classID=1053&amp;sourceRef=blog\" target=\"_blank\" rel=\"noopener\"><br \/>\n  <button>\u00dcCRETS\u0130Z DENEME<\/button><br \/>\n<\/a><\/p>\n","protected":false},"excerpt":{"rendered":"<p>PESTEL analizi, bir \u015firketin ba\u015far\u0131s\u0131n\u0131 etkileyebilecek \u00e7evredeki \u00f6zelliklerin ve de\u011fi\u015fikliklerin de\u011ferlendirilmesinde etkili olabilir ve bu sayede do\u011fru zamanda do\u011fru kararlar [&hellip;]<\/p>\n","protected":false},"author":49,"featured_media":718137,"comment_status":"closed","ping_status":"closed","sticky":false,"template":"","format":"standard","meta":{"_genesis_hide_title":false,"_genesis_hide_breadcrumbs":false,"_genesis_hide_singular_image":false,"_genesis_hide_footer_widgets":false,"_genesis_custom_body_class":"","_genesis_custom_post_class":"","_genesis_layout":"","footnotes":""},"categories":[1118,1114],"tags":[],"yoast_head":"<!-- This site is optimized with the Yoast SEO plugin v20.4 - https:\/\/yoast.com\/wordpress\/plugins\/seo\/ -->\n<title>PESTEL Analizi: Nedir ve Ne \u0130\u00e7in Yap\u0131l\u0131r | QuestionPro<\/title>\n<meta name=\"description\" content=\"PESTEL analizi, kurulu\u015flar\u0131n i\u015fletmeyi etkileyebilecek fakt\u00f6rleri ke\u015ffetmesini ve de\u011ferlendirmesini sa\u011flayan bir ara\u00e7t\u0131r. Daha fazlas\u0131n\u0131 \u00f6\u011frenin.\" \/>\n<meta name=\"robots\" content=\"index, follow, max-snippet:-1, max-image-preview:large, max-video-preview:-1\" \/>\n<link rel=\"canonical\" href=\"https:\/\/www.questionpro.com\/blog\/tr\/pestel-analizi-nedir-ve-ne-icin-yapilir\/\" \/>\n<meta property=\"og:locale\" content=\"tr_TR\" \/>\n<meta property=\"og:type\" content=\"article\" \/>\n<meta property=\"og:title\" content=\"PESTEL Analizi: Nedir ve Ne \u0130\u00e7in Yap\u0131l\u0131r | QuestionPro\" \/>\n<meta property=\"og:description\" content=\"PESTEL analizi, kurulu\u015flar\u0131n i\u015fletmeyi etkileyebilecek fakt\u00f6rleri ke\u015ffetmesini ve de\u011ferlendirmesini sa\u011flayan bir ara\u00e7t\u0131r. Daha fazlas\u0131n\u0131 \u00f6\u011frenin.\" \/>\n<meta property=\"og:url\" content=\"https:\/\/www.questionpro.com\/blog\/tr\/pestel-analizi-nedir-ve-ne-icin-yapilir\/\" \/>\n<meta property=\"og:site_name\" content=\"QuestionPro\" \/>\n<meta property=\"article:publisher\" content=\"https:\/\/www.facebook.com\/questionpro\" \/>\n<meta property=\"article:published_time\" content=\"2022-08-25T16:00:03+00:00\" \/>\n<meta property=\"article:modified_time\" content=\"2022-08-25T09:00:03+00:00\" \/>\n<meta property=\"og:image\" content=\"https:\/\/www.questionpro.com\/blog\/wp-content\/uploads\/2022\/08\/PESTEL-analysis.jpg\" \/>\n\t<meta property=\"og:image:width\" content=\"992\" \/>\n\t<meta property=\"og:image:height\" content=\"594\" \/>\n\t<meta property=\"og:image:type\" content=\"image\/jpeg\" \/>\n<meta name=\"author\" content=\"Fabyio Villegas\" \/>\n<meta name=\"twitter:card\" content=\"summary_large_image\" \/>\n<meta name=\"twitter:creator\" content=\"@questionpro\" \/>\n<meta name=\"twitter:site\" content=\"@questionpro\" \/>\n<meta name=\"twitter:label1\" content=\"Yazan:\" \/>\n\t<meta name=\"twitter:data1\" content=\"Fabyio Villegas\" \/>\n\t<meta name=\"twitter:label2\" content=\"Tahmini okuma s\u00fcresi\" \/>\n\t<meta name=\"twitter:data2\" content=\"10 dakika\" \/>\n<script type=\"application\/ld+json\" class=\"yoast-schema-graph\">{\"@context\":\"https:\/\/schema.org\",\"@graph\":[{\"@type\":\"Article\",\"@id\":\"https:\/\/www.questionpro.com\/blog\/tr\/pestel-analizi-nedir-ve-ne-icin-yapilir\/#article\",\"isPartOf\":{\"@id\":\"https:\/\/www.questionpro.com\/blog\/tr\/pestel-analizi-nedir-ve-ne-icin-yapilir\/\"},\"author\":{\"name\":\"Fabyio Villegas\",\"@id\":\"https:\/\/www.questionpro.com\/blog\/tr\/#\/schema\/person\/4f0c1596eb1a64b215717f16e263068d\"},\"headline\":\"PESTEL Analizi: Nedir ve Ne \u0130\u00e7in Yap\u0131l\u0131r\",\"datePublished\":\"2022-08-25T16:00:03+00:00\",\"dateModified\":\"2022-08-25T09:00:03+00:00\",\"mainEntityOfPage\":{\"@id\":\"https:\/\/www.questionpro.com\/blog\/tr\/pestel-analizi-nedir-ve-ne-icin-yapilir\/\"},\"wordCount\":2050,\"publisher\":{\"@id\":\"https:\/\/www.questionpro.com\/blog\/tr\/#organization\"},\"articleSection\":[\"Ara\u015ft\u0131rma Ara\u00e7lar\u0131 ve Uygulamalar\u0131\",\"Pazar Ara\u015ft\u0131rmas\u0131\"],\"inLanguage\":\"tr\"},{\"@type\":\"WebPage\",\"@id\":\"https:\/\/www.questionpro.com\/blog\/tr\/pestel-analizi-nedir-ve-ne-icin-yapilir\/\",\"url\":\"https:\/\/www.questionpro.com\/blog\/tr\/pestel-analizi-nedir-ve-ne-icin-yapilir\/\",\"name\":\"PESTEL Analizi: Nedir ve Ne \u0130\u00e7in Yap\u0131l\u0131r | QuestionPro\",\"isPartOf\":{\"@id\":\"https:\/\/www.questionpro.com\/blog\/tr\/#website\"},\"datePublished\":\"2022-08-25T16:00:03+00:00\",\"dateModified\":\"2022-08-25T09:00:03+00:00\",\"description\":\"PESTEL analizi, kurulu\u015flar\u0131n i\u015fletmeyi etkileyebilecek fakt\u00f6rleri ke\u015ffetmesini ve de\u011ferlendirmesini sa\u011flayan bir ara\u00e7t\u0131r. Daha fazlas\u0131n\u0131 \u00f6\u011frenin.\",\"breadcrumb\":{\"@id\":\"https:\/\/www.questionpro.com\/blog\/tr\/pestel-analizi-nedir-ve-ne-icin-yapilir\/#breadcrumb\"},\"inLanguage\":\"tr\",\"potentialAction\":[{\"@type\":\"ReadAction\",\"target\":[\"https:\/\/www.questionpro.com\/blog\/tr\/pestel-analizi-nedir-ve-ne-icin-yapilir\/\"]}]},{\"@type\":\"BreadcrumbList\",\"@id\":\"https:\/\/www.questionpro.com\/blog\/tr\/pestel-analizi-nedir-ve-ne-icin-yapilir\/#breadcrumb\",\"itemListElement\":[{\"@type\":\"ListItem\",\"position\":1,\"name\":\"Ev\",\"item\":\"https:\/\/www.questionpro.com\/blog\/tr\/\"},{\"@type\":\"ListItem\",\"position\":2,\"name\":\"Ara\u015ft\u0131rma Ara\u00e7lar\u0131 ve Uygulamalar\u0131\",\"item\":\"https:\/\/www.questionpro.com\/blog\/tr\/category\/arastirma-araclari-ve-uygulamalari\/\"},{\"@type\":\"ListItem\",\"position\":3,\"name\":\"PESTEL Analizi: Nedir ve Ne \u0130\u00e7in Yap\u0131l\u0131r\"}]},{\"@type\":\"WebSite\",\"@id\":\"https:\/\/www.questionpro.com\/blog\/tr\/#website\",\"url\":\"https:\/\/www.questionpro.com\/blog\/tr\/\",\"name\":\"QuestionPro\",\"description\":\"\",\"publisher\":{\"@id\":\"https:\/\/www.questionpro.com\/blog\/tr\/#organization\"},\"potentialAction\":[{\"@type\":\"SearchAction\",\"target\":{\"@type\":\"EntryPoint\",\"urlTemplate\":\"https:\/\/www.questionpro.com\/blog\/tr\/?s={search_term_string}\"},\"query-input\":\"required name=search_term_string\"}],\"inLanguage\":\"tr\"},{\"@type\":\"Organization\",\"@id\":\"https:\/\/www.questionpro.com\/blog\/tr\/#organization\",\"name\":\"QuestionPro\",\"url\":\"https:\/\/www.questionpro.com\/blog\/tr\/\",\"logo\":{\"@type\":\"ImageObject\",\"inLanguage\":\"tr\",\"@id\":\"https:\/\/www.questionpro.com\/blog\/tr\/#\/schema\/logo\/image\/\",\"url\":\"https:\/\/www.questionpro.com\/blog\/wp-content\/uploads\/2022\/10\/questionpro-logo.svg\",\"contentUrl\":\"https:\/\/www.questionpro.com\/blog\/wp-content\/uploads\/2022\/10\/questionpro-logo.svg\",\"caption\":\"QuestionPro\"},\"image\":{\"@id\":\"https:\/\/www.questionpro.com\/blog\/tr\/#\/schema\/logo\/image\/\"},\"sameAs\":[\"https:\/\/www.facebook.com\/questionpro\",\"https:\/\/twitter.com\/questionpro\",\"https:\/\/www.linkedin.com\/company\/questionpro\/\"]},{\"@type\":\"Person\",\"@id\":\"https:\/\/www.questionpro.com\/blog\/tr\/#\/schema\/person\/4f0c1596eb1a64b215717f16e263068d\",\"name\":\"Fabyio Villegas\",\"image\":{\"@type\":\"ImageObject\",\"inLanguage\":\"tr\",\"@id\":\"https:\/\/www.questionpro.com\/blog\/tr\/#\/schema\/person\/image\/\",\"url\":\"https:\/\/secure.gravatar.com\/avatar\/c1eda364265c66792ad93d208502b662?s=96&d=mm&r=g\",\"contentUrl\":\"https:\/\/secure.gravatar.com\/avatar\/c1eda364265c66792ad93d208502b662?s=96&d=mm&r=g\",\"caption\":\"Fabyio Villegas\"},\"description\":\"Copywriter and SEO Specialist. With over 11 years of experience in Digital Marketing and Educational Content Curation.\",\"url\":\"https:\/\/www.questionpro.com\/blog\/tr\/author\/fabiola\/\"}]}<\/script>\n<!-- \/ Yoast SEO plugin. -->","yoast_head_json":{"title":"PESTEL Analizi: Nedir ve Ne \u0130\u00e7in Yap\u0131l\u0131r | QuestionPro","description":"PESTEL analizi, kurulu\u015flar\u0131n i\u015fletmeyi etkileyebilecek fakt\u00f6rleri ke\u015ffetmesini ve de\u011ferlendirmesini sa\u011flayan bir ara\u00e7t\u0131r. Daha fazlas\u0131n\u0131 \u00f6\u011frenin.","robots":{"index":"index","follow":"follow","max-snippet":"max-snippet:-1","max-image-preview":"max-image-preview:large","max-video-preview":"max-video-preview:-1"},"canonical":"https:\/\/www.questionpro.com\/blog\/tr\/pestel-analizi-nedir-ve-ne-icin-yapilir\/","og_locale":"tr_TR","og_type":"article","og_title":"PESTEL Analizi: Nedir ve Ne \u0130\u00e7in Yap\u0131l\u0131r | QuestionPro","og_description":"PESTEL analizi, kurulu\u015flar\u0131n i\u015fletmeyi etkileyebilecek fakt\u00f6rleri ke\u015ffetmesini ve de\u011ferlendirmesini sa\u011flayan bir ara\u00e7t\u0131r. Daha fazlas\u0131n\u0131 \u00f6\u011frenin.","og_url":"https:\/\/www.questionpro.com\/blog\/tr\/pestel-analizi-nedir-ve-ne-icin-yapilir\/","og_site_name":"QuestionPro","article_publisher":"https:\/\/www.facebook.com\/questionpro","article_published_time":"2022-08-25T16:00:03+00:00","article_modified_time":"2022-08-25T09:00:03+00:00","og_image":[{"width":992,"height":594,"url":"https:\/\/www.questionpro.com\/blog\/wp-content\/uploads\/2022\/08\/PESTEL-analysis.jpg","type":"image\/jpeg"}],"author":"Fabyio Villegas","twitter_card":"summary_large_image","twitter_creator":"@questionpro","twitter_site":"@questionpro","twitter_misc":{"Yazan:":"Fabyio Villegas","Tahmini okuma s\u00fcresi":"10 dakika"},"schema":{"@context":"https:\/\/schema.org","@graph":[{"@type":"Article","@id":"https:\/\/www.questionpro.com\/blog\/tr\/pestel-analizi-nedir-ve-ne-icin-yapilir\/#article","isPartOf":{"@id":"https:\/\/www.questionpro.com\/blog\/tr\/pestel-analizi-nedir-ve-ne-icin-yapilir\/"},"author":{"name":"Fabyio Villegas","@id":"https:\/\/www.questionpro.com\/blog\/tr\/#\/schema\/person\/4f0c1596eb1a64b215717f16e263068d"},"headline":"PESTEL Analizi: Nedir ve Ne \u0130\u00e7in Yap\u0131l\u0131r","datePublished":"2022-08-25T16:00:03+00:00","dateModified":"2022-08-25T09:00:03+00:00","mainEntityOfPage":{"@id":"https:\/\/www.questionpro.com\/blog\/tr\/pestel-analizi-nedir-ve-ne-icin-yapilir\/"},"wordCount":2050,"publisher":{"@id":"https:\/\/www.questionpro.com\/blog\/tr\/#organization"},"articleSection":["Ara\u015ft\u0131rma Ara\u00e7lar\u0131 ve Uygulamalar\u0131","Pazar Ara\u015ft\u0131rmas\u0131"],"inLanguage":"tr"},{"@type":"WebPage","@id":"https:\/\/www.questionpro.com\/blog\/tr\/pestel-analizi-nedir-ve-ne-icin-yapilir\/","url":"https:\/\/www.questionpro.com\/blog\/tr\/pestel-analizi-nedir-ve-ne-icin-yapilir\/","name":"PESTEL Analizi: Nedir ve Ne \u0130\u00e7in Yap\u0131l\u0131r | QuestionPro","isPartOf":{"@id":"https:\/\/www.questionpro.com\/blog\/tr\/#website"},"datePublished":"2022-08-25T16:00:03+00:00","dateModified":"2022-08-25T09:00:03+00:00","description":"PESTEL analizi, kurulu\u015flar\u0131n i\u015fletmeyi etkileyebilecek fakt\u00f6rleri ke\u015ffetmesini ve de\u011ferlendirmesini sa\u011flayan bir ara\u00e7t\u0131r. Daha fazlas\u0131n\u0131 \u00f6\u011frenin.","breadcrumb":{"@id":"https:\/\/www.questionpro.com\/blog\/tr\/pestel-analizi-nedir-ve-ne-icin-yapilir\/#breadcrumb"},"inLanguage":"tr","potentialAction":[{"@type":"ReadAction","target":["https:\/\/www.questionpro.com\/blog\/tr\/pestel-analizi-nedir-ve-ne-icin-yapilir\/"]}]},{"@type":"BreadcrumbList","@id":"https:\/\/www.questionpro.com\/blog\/tr\/pestel-analizi-nedir-ve-ne-icin-yapilir\/#breadcrumb","itemListElement":[{"@type":"ListItem","position":1,"name":"Ev","item":"https:\/\/www.questionpro.com\/blog\/tr\/"},{"@type":"ListItem","position":2,"name":"Ara\u015ft\u0131rma Ara\u00e7lar\u0131 ve Uygulamalar\u0131","item":"https:\/\/www.questionpro.com\/blog\/tr\/category\/arastirma-araclari-ve-uygulamalari\/"},{"@type":"ListItem","position":3,"name":"PESTEL Analizi: Nedir ve Ne \u0130\u00e7in Yap\u0131l\u0131r"}]},{"@type":"WebSite","@id":"https:\/\/www.questionpro.com\/blog\/tr\/#website","url":"https:\/\/www.questionpro.com\/blog\/tr\/","name":"QuestionPro","description":"","publisher":{"@id":"https:\/\/www.questionpro.com\/blog\/tr\/#organization"},"potentialAction":[{"@type":"SearchAction","target":{"@type":"EntryPoint","urlTemplate":"https:\/\/www.questionpro.com\/blog\/tr\/?s={search_term_string}"},"query-input":"required name=search_term_string"}],"inLanguage":"tr"},{"@type":"Organization","@id":"https:\/\/www.questionpro.com\/blog\/tr\/#organization","name":"QuestionPro","url":"https:\/\/www.questionpro.com\/blog\/tr\/","logo":{"@type":"ImageObject","inLanguage":"tr","@id":"https:\/\/www.questionpro.com\/blog\/tr\/#\/schema\/logo\/image\/","url":"https:\/\/www.questionpro.com\/blog\/wp-content\/uploads\/2022\/10\/questionpro-logo.svg","contentUrl":"https:\/\/www.questionpro.com\/blog\/wp-content\/uploads\/2022\/10\/questionpro-logo.svg","caption":"QuestionPro"},"image":{"@id":"https:\/\/www.questionpro.com\/blog\/tr\/#\/schema\/logo\/image\/"},"sameAs":["https:\/\/www.facebook.com\/questionpro","https:\/\/twitter.com\/questionpro","https:\/\/www.linkedin.com\/company\/questionpro\/"]},{"@type":"Person","@id":"https:\/\/www.questionpro.com\/blog\/tr\/#\/schema\/person\/4f0c1596eb1a64b215717f16e263068d","name":"Fabyio Villegas","image":{"@type":"ImageObject","inLanguage":"tr","@id":"https:\/\/www.questionpro.com\/blog\/tr\/#\/schema\/person\/image\/","url":"https:\/\/secure.gravatar.com\/avatar\/c1eda364265c66792ad93d208502b662?s=96&d=mm&r=g","contentUrl":"https:\/\/secure.gravatar.com\/avatar\/c1eda364265c66792ad93d208502b662?s=96&d=mm&r=g","caption":"Fabyio Villegas"},"description":"Copywriter and SEO Specialist. With over 11 years of experience in Digital Marketing and Educational Content Curation.","url":"https:\/\/www.questionpro.com\/blog\/tr\/author\/fabiola\/"}]}},"featured_image_src":"https:\/\/www.questionpro.com\/blog\/wp-content\/uploads\/2022\/08\/PESTEL-analysis.jpg","featured_image_src_square":"https:\/\/www.questionpro.com\/blog\/wp-content\/uploads\/2022\/08\/PESTEL-analysis.jpg","author_info":{"display_name":"Fabyio Villegas","author_link":"https:\/\/www.questionpro.com\/blog\/tr\/author\/fabiola\/"},"_links":{"self":[{"href":"https:\/\/www.questionpro.com\/blog\/tr\/wp-json\/wp\/v2\/posts\/732401"}],"collection":[{"href":"https:\/\/www.questionpro.com\/blog\/tr\/wp-json\/wp\/v2\/posts"}],"about":[{"href":"https:\/\/www.questionpro.com\/blog\/tr\/wp-json\/wp\/v2\/types\/post"}],"author":[{"embeddable":true,"href":"https:\/\/www.questionpro.com\/blog\/tr\/wp-json\/wp\/v2\/users\/49"}],"replies":[{"embeddable":true,"href":"https:\/\/www.questionpro.com\/blog\/tr\/wp-json\/wp\/v2\/comments?post=732401"}],"version-history":[{"count":0,"href":"https:\/\/www.questionpro.com\/blog\/tr\/wp-json\/wp\/v2\/posts\/732401\/revisions"}],"wp:featuredmedia":[{"embeddable":true,"href":"https:\/\/www.questionpro.com\/blog\/tr\/wp-json\/wp\/v2\/media\/718137"}],"wp:attachment":[{"href":"https:\/\/www.questionpro.com\/blog\/tr\/wp-json\/wp\/v2\/media?parent=732401"}],"wp:term":[{"taxonomy":"category","embeddable":true,"href":"https:\/\/www.questionpro.com\/blog\/tr\/wp-json\/wp\/v2\/categories?post=732401"},{"taxonomy":"post_tag","embeddable":true,"href":"https:\/\/www.questionpro.com\/blog\/tr\/wp-json\/wp\/v2\/tags?post=732401"}],"curies":[{"name":"wp","href":"https:\/\/api.w.org\/{rel}","templated":true}]}}