

{"id":794067,"date":"2022-08-30T09:00:40","date_gmt":"2022-08-30T16:00:40","guid":{"rendered":"https:\/\/www.questionpro.com\/blog\/calisan-savunuculugu-ucretsiz-ipuclari-ile-nedir\/"},"modified":"2023-05-26T03:59:35","modified_gmt":"2023-05-26T03:59:35","slug":"calisan-savunuculugu-ucretsiz-ipuclari-ile-nedir","status":"publish","type":"post","link":"https:\/\/www.questionpro.com\/blog\/tr\/calisan-savunuculugu-ucretsiz-ipuclari-ile-nedir\/","title":{"rendered":"\u00c7al\u0131\u015fan Savunuculu\u011fu: \u00dccretsiz \u0130pu\u00e7lar\u0131 ile Nedir?"},"content":{"rendered":"\n<p>\u00c7al\u0131\u015fan savunuculu\u011fu, kamuoyundaki imaj\u0131n\u0131z\u0131 iyile\u015ftirmenin ve \u00e7al\u0131\u015fanlar\u0131n\u0131z\u0131n daha fazla kat\u0131l\u0131m\u0131n\u0131 sa\u011flaman\u0131n en iyi yollar\u0131ndan biridir.<\/p>\n\n<p>Neden? \u00c7\u00fcnk\u00fc \u00e7al\u0131\u015fanlar\u0131n\u0131z zaten sosyal medyada sizden bahsediyor. T\u00fcm \u00e7al\u0131\u015fanlar\u0131n yar\u0131s\u0131 sosyal medyada i\u015fyerlerinden veya i\u015fyerleriyle ilgili i\u00e7erik payla\u015f\u0131yor ve t\u00fcm \u00e7al\u0131\u015fanlar\u0131n %33&#8217;\u00fc bunu kendilerinden istenmeden yap\u0131yor.<\/p>\n\n<p>Bu harika. Ancak onlara rehberlik edecek bir i\u00e7erik plan\u0131 olmadan, ne yay\u0131nlad\u0131klar\u0131n\u0131 veya \u00e7abalar\u0131n\u0131n ne kadar i\u015fe yarad\u0131\u011f\u0131n\u0131 bilemezsiniz. Resmi bir \u00e7al\u0131\u015fan savunuculu\u011fu program\u0131 ile organik eri\u015fiminizi %200 oran\u0131nda art\u0131rabilir ve di\u011fer \u015feylerin yan\u0131 s\u0131ra %23 daha fazla para kazanabilirsiniz.<\/p>\n\n<p>\u00c7al\u0131\u015fanlar\u0131n\u0131z\u0131 markan\u0131z\u0131n savunucular\u0131 haline getirmek \u015firketinize \u00e7e\u015fitli faydalar sa\u011flar. Google gibi, \u00e7al\u0131\u015fanlar\u0131n\u0131 \u00f6nemseyen \u015firketler yeteneklerini cezbetmek (ve elde tutmak) i\u00e7in b\u00fcy\u00fck \u00e7aba harc\u0131yor. \u015eirketler \u00e7al\u0131\u015fanlar\u0131na yat\u0131r\u0131m yapabilir ve birinci s\u0131n\u0131f hizmetler ve yan haklar sunarak onlar\u0131n ba\u011fl\u0131l\u0131\u011f\u0131n\u0131 koruyabilir.  <\/p>\n\n<p>Ancak onlar\u0131n kat\u0131l\u0131m\u0131n\u0131 sa\u011flaman\u0131n bir ba\u015fka yolu da yap\u0131land\u0131r\u0131lm\u0131\u015f bir \u00e7al\u0131\u015fan savunuculu\u011fu program\u0131na kat\u0131lmalar\u0131n\u0131 sa\u011flamakt\u0131r.  <\/p>\n\n<p>\u00c7al\u0131\u015fan savunuculu\u011funun ne oldu\u011funu ve \u015firketinizde bir \u00e7al\u0131\u015fan terfi program\u0131 geli\u015ftirmenin avantajlar\u0131n\u0131 \u00f6\u011frenin. Bu blog, \u00e7al\u0131\u015fan savunuculu\u011funun ne oldu\u011funu, faydalar\u0131n\u0131 ve kurulu\u015funuzda nas\u0131l uygulanaca\u011f\u0131n\u0131 a\u00e7\u0131klamaktad\u0131r.<\/p>\n<div class=\"tags-wrap\">\n<p class=\"content-index\" style=\"margin-top: 0;\">\u0130\u00e7erik Dizini<\/p>\n<ol style=\"font-weight: 400; margin: 0 30px; line-height: 22px;\">\n<li><a href=\"#what_is_employee_advocacy?\">\u00c7al\u0131\u015fan savunuculu\u011fu nedir?<\/a><\/li>\n<li><a href=\"#types_of_employee_advocacy\">\u00c7al\u0131\u015fan savunuculu\u011fu t\u00fcrleri<\/a><\/li>\n<li><a href=\"#tips_for_creating_an_employee_advocacy_program\">\u00c7al\u0131\u015fan savunuculu\u011fu program\u0131 olu\u015fturmak i\u00e7in ipu\u00e7lar\u0131<\/a><\/li>\n<li><a href=\"#best_places_for_employee_advocacy_programs\">\u00c7al\u0131\u015fan savunuculu\u011fu programlar\u0131 i\u00e7in en iyi yerler<\/a><\/li>\n<li><a href=\"#advantages_of_having_an_employee_advocacy_program\">\u00c7al\u0131\u015fan savunuculu\u011fu program\u0131na sahip olman\u0131n avantajlar\u0131<\/a><\/li>\n<li><a href=\"#conclusion\">Sonu\u00e7<\/a><\/li>\n<\/ol>\n<\/div>\n\n<h2 class=\"wp-block-heading\" id=\"what_is_employee_advocacy?\">\u00c7al\u0131\u015fan savunuculu\u011fu nedir?<\/h2>\n\n<p>\u00c7al\u0131\u015fan savunuculu\u011fu veya \u00e7al\u0131\u015fan savunmas\u0131, \u00e7al\u0131\u015fanlar\u0131 \u015firketlerini ve markalar\u0131n\u0131 sosyal medyada savunmalar\u0131 ve asl\u0131nda ger\u00e7ek marka el\u00e7ileri olmalar\u0131 i\u00e7in harekete ge\u00e7irmek ve g\u00fc\u00e7lendirmek \u00fczere tasarlanm\u0131\u015f fark\u0131ndal\u0131k programlar\u0131d\u0131r.<\/p>\n\n<p>\u00c7al\u0131\u015fan promosyon programlar\u0131, \u00e7al\u0131\u015fanlar\u0131 ileti\u015fim \u00e7al\u0131\u015fmalar\u0131na kat\u0131lmaya ve \u015firketinizin de\u011ferli i\u00e7eriklerini sosyal a\u011flar\u0131nda payla\u015fmaya te\u015fvik eder.<\/p>\n\n<p>Ba\u015far\u0131l\u0131 \u00e7al\u0131\u015fan savunuculu\u011fu programlar\u0131 ekip moralini y\u00fckseltir, \u00e7al\u0131\u015fan verimlili\u011fini ve i\u015fyeri k\u00fclt\u00fcr\u00fcn\u00fc geli\u015ftirir, firmalar\u0131n marka mesaj\u0131 \u00fczerindeki kontrol\u00fcn\u00fc s\u00fcrd\u00fcrmesine yard\u0131mc\u0131 olur, \u00e7al\u0131\u015fanlar\u0131 d\u00fc\u015f\u00fcnce liderleri olarak konumland\u0131r\u0131r, \u0130K&#8217;n\u0131n en iyi yetenekleri i\u015fe almas\u0131n\u0131 ve elde tutmas\u0131n\u0131 kolayla\u015ft\u0131r\u0131r ve gelir yarat\u0131r. Bir i\u015fletmenin ba\u015far\u0131s\u0131 ve b\u00fcy\u00fcmesi b\u00fcy\u00fck \u00f6l\u00e7\u00fcde \u00e7al\u0131\u015fanlar\u0131n deste\u011fine ba\u011fl\u0131d\u0131r.<\/p>\n\n<h2 class=\"wp-block-heading\" id=\"types_of_employee_advocacy\">\u00c7al\u0131\u015fan savunuculu\u011fu t\u00fcrleri<\/h2>\n\n<p>\u00c7al\u0131\u015fanlar birka\u00e7 farkl\u0131 \u015fekilde \u00e7al\u0131\u015fan savunucusu olabilirler. Baz\u0131lar\u0131n\u0131n yaz\u0131l\u0131 bir plana bile ihtiyac\u0131 yoktur. \u015eirketiniz bunlar\u0131 zaten yap\u0131yor olabilir.<\/p>\n\n<figure class=\"wp-block-image size-full\"><img loading=\"lazy\" decoding=\"async\" width=\"1410\" height=\"1182\" src=\"https:\/\/www.questionpro.com\/blog\/wp-content\/uploads\/2023\/05\/types_of_employee_advocacy.jpg\" alt=\"&#xE7;al&#x131;&#x15F;an_savunuculu&#x11F;u_t&#xFC;rleri\" class=\"wp-image-790689\"\/><\/figure>\n\n<ol>\n<li><h3>Sosyal medya savunuculu\u011fu<\/h3>Bu, \u00e7al\u0131\u015fanlar\u0131n LinkedIn, Twitter, Facebook ve Instagram gibi sosyal medya sitelerinde \u015firket i\u00e7eri\u011fini veya kendi d\u00fc\u015f\u00fcnce ve g\u00f6r\u00fc\u015flerini payla\u015fmas\u0131n\u0131 i\u00e7erir.<\/li>\n<\/ol>\n\n<ol start=\"2\">\n<li><h3>Y\u00f6nlendirme programlar\u0131<br\/><\/h3>Bu t\u00fcr savunuculukta, \u00e7al\u0131\u015fanlar arkada\u015flar\u0131n\u0131, ailelerini ve di\u011fer tan\u0131d\u0131klar\u0131n\u0131 i\u015f ba\u015fvurusunda bulunmalar\u0131 veya \u015firketten mal veya hizmet sat\u0131n almalar\u0131 i\u00e7in \u015firketlerine g\u00f6nderirler.<\/li>\n<\/ol>\n\n<ol start=\"3\">\n<li><h3>D\u00fc\u015f\u00fcnce liderli\u011fi<\/h3>Alanlar\u0131nda uzman olan \u00e7al\u0131\u015fanlar, \u015firketlerinin ve \u015firket k\u00fclt\u00fcrlerinin sekt\u00f6r\u00fcnde bir d\u00fc\u015f\u00fcnce lideri olmas\u0131na yard\u0131mc\u0131 olan blog yaz\u0131lar\u0131, teknik incelemeler ve di\u011fer d\u00fc\u015f\u00fcnce liderli\u011fi i\u00e7erikleri arac\u0131l\u0131\u011f\u0131yla bilgi ve g\u00f6r\u00fc\u015flerini payla\u015fabilirler.<\/li>\n<\/ol>\n\n<ol start=\"4\">\n<li><h3>Toplum kat\u0131l\u0131m\u0131<\/h3>\u015eirketler, yerel halkla ili\u015fkiler kurmak ve markalar\u0131n\u0131 tan\u0131tmak i\u00e7in \u00e7al\u0131\u015fanlar\u0131n\u0131 hay\u0131rseverlik ko\u015fular\u0131 veya g\u0131da kampanyalar\u0131 gibi yerel toplum etkinliklerine kat\u0131lmaya te\u015fvik edebilir.<\/li>\n<\/ol>\n\n<ol start=\"5\">\n<li><h3>Halkla ili\u015fkiler<\/h3>\u00c7al\u0131\u015fanlar medyaya r\u00f6portaj vererek veya etkinliklerde konu\u015farak \u015firketlerinin mesaj\u0131n\u0131 ve inan\u00e7lar\u0131n\u0131 kamuoyuyla payla\u015fabilirler.<\/li>\n<\/ol>\n\n<p>\u00c7al\u0131\u015fan savunuculu\u011fu, bir marka hakk\u0131ndaki haberlerin yay\u0131lmas\u0131na, bir \u015firketin imaj\u0131n\u0131n g\u00fc\u00e7lendirilmesine ve sat\u0131\u015flar\u0131n ve gelirin artmas\u0131na yard\u0131mc\u0131 olabilir.<\/p>\n\n<h2 class=\"wp-block-heading\" id=\"tips_for_creating_an_employee_advocacy_program\">\u00c7al\u0131\u015fan savunuculu\u011fu program\u0131 olu\u015fturmak i\u00e7in ipu\u00e7lar\u0131<\/h2>\n\n<p>\u0130\u015fte \u00e7al\u0131\u015fanlar\u0131n\u0131z\u0131 <a href=\"https:\/\/www.questionpro.com\/blog\/brand-ambassadors\/\">marka el\u00e7isi<\/a> olmaya ve sosyal medyada ba\u011f\u0131ms\u0131z olarak \u015firket hakk\u0131nda konu\u015fmaya te\u015fvik etmek i\u00e7in d\u00f6rt ipucu.<\/p>\n\n<h3 class=\"wp-block-heading\">1. Basit bir plan olu\u015fturun<\/h3>\n\n<p>Her i\u015fletme benzersizdir. Neden ve neyi kapsayan basit bir plan\u0131 bir araya getirmek, \u00e7al\u0131\u015fan deste\u011fiyle ba\u015flamak i\u00e7in harika bir yoldur. Bu plan sadece insanlar\u0131 bir programa dahil etmenize yard\u0131mc\u0131 olmakla kalmayacak, ayn\u0131 zamanda do\u011fru orta\u011f\u0131 se\u00e7menize de yard\u0131mc\u0131 olacakt\u0131r.  <\/p>\n\n<p>En \u00f6nemlisi, plan\u0131n\u0131z hedeflerinizi ortaya koymal\u0131d\u0131r:  <\/p>\n\n<ol>\n<li>Ba\u015far\u0131 neye benziyor ve bunun nedeni nedir?  <\/li>\n\n\n\n<li>\u0130\u015fletmenizle daha fazla ki\u015fiye ula\u015fmak ve sosyal medyada \u00fccretli harcama maliyetini d\u00fc\u015f\u00fcrmek mi istiyorsunuz?  <\/li>\n\n\n\n<li>Sat\u0131\u015f elemanlar\u0131n\u0131za potansiyel m\u00fc\u015fterilerini art\u0131rmalar\u0131na ve sat\u0131\u015f d\u00f6ng\u00fclerini k\u0131saltmalar\u0131na yard\u0131mc\u0131 olacak daha fazla ara\u00e7 m\u0131 vermek istiyorsunuz?  <\/li>\n\n\n\n<li>Daha fazla \u00e7al\u0131\u015fan tutmak ve yeni \u00e7al\u0131\u015fanlar bulmak m\u0131 istiyorsunuz?  <\/li>\n<\/ol>\n\n<p>S\u0131rf bu y\u00fczden bir \u00e7al\u0131\u015fan destek program\u0131na sahip olmaya var\u0131z, ancak program\u0131n\u0131z\u0131 ger\u00e7ek, sa\u011flam hedeflere ne kadar \u00e7ok ba\u011flayabilirseniz, i\u015fletme \u00fczerinde o kadar b\u00fcy\u00fck bir etkiye sahip olursunuz.<\/p>\n\n<h3 class=\"wp-block-heading\">2. Y\u00f6neticilerinizin deste\u011fini sa\u011flay\u0131n<\/h3>\n\n<p>Her t\u00fcrl\u00fc giri\u015fimin ba\u015far\u0131s\u0131 i\u00e7in y\u00f6netici deste\u011fi \u015fartt\u0131r. Bu nedenle, m\u00fcmk\u00fcnse CEO&#8217;ya ula\u015f\u0131n. CEO&#8217;nuz sosyal medya konusunda bilgili de\u011fil mi?  <\/p>\n\n<p>Sorun de\u011fil; sat\u0131\u015f, pazarlama, ileti\u015fim ve \u0130K alanlar\u0131nda ba\u015fkalar\u0131n\u0131 bulun. En \u00f6nemlisi, patronunuz veya patronunuzun patronu &#8211; program\u0131 onaylayacak ve \u00e7eki imzalayacak olan ki\u015fi &#8211; bunu y\u00f6netici ekibine satacaklar\u0131 i\u00e7in programa kat\u0131lmal\u0131d\u0131r.<\/p>\n\n<p>Y\u00f6netici deste\u011fi ne anlama geliyor? Di\u011fer departmanlara ve onlar\u0131n ekiplerine ula\u015f\u0131n!  <\/p>\n\n<p>\u0130lk t\u00fcketici grubunuza CEO&#8217;lar\u0131 da dahil edin, \u00f6zellikle de kamuoyundaki profillerini y\u00fckseltmek istiyorlarsa (hangi y\u00f6netici istemez ki?). Cevap: hepsi yapar) ve siz kazan\u0131rs\u0131n\u0131z \u00e7\u00fcnk\u00fc program\u0131n\u0131z\u0131 ekiplerine yayabilir ve daha fazla kaynak i\u00e7in lobi yapabilirler. Hemen birka\u00e7\u0131n\u0131 i\u015fe alabilmeniz gerekir.<\/p>\n\n<h3 class=\"wp-block-heading\">3. \u0130lk m\u00fc\u015fterilerinizi bulun<\/h3>\n\n<p>\u00c7al\u0131\u015fan destek programlar\u0131 ilk g\u00fcn hi\u00e7 kullan\u0131c\u0131s\u0131 yokken binlerce kullan\u0131c\u0131ya sahip olmaz. Baz\u0131lar\u0131 bunu yap\u0131yor, ancak bu \u015firketlerin b\u00fcy\u00fck \u00f6l\u00e7ekli bir program\u0131 nas\u0131l ba\u015flatacaklar\u0131n\u0131 zaten bildiklerini ve bunu yapacak ara\u00e7lara sahip olduklar\u0131n\u0131 s\u00f6ylemek yeterli.  <\/p>\n\n<p>\u00c7o\u011fu insan daha k\u00fc\u00e7\u00fck bir \u015feyle ba\u015flamal\u0131d\u0131r. Her ad\u0131mda ba\u015far\u0131 g\u00f6stermek \u00f6nemlidir. Bir \u00e7al\u0131\u015fan destek program\u0131n\u0131n belirli bir s\u00fcresi yoktur ve \u00e7ok h\u0131zl\u0131 ba\u015flay\u0131p ba\u015far\u0131s\u0131z olursan\u0131z, tekrar ray\u0131na oturtmak zor olacakt\u0131r.<\/p>\n\n<p>\u00c7al\u0131\u015fan savunuculu\u011fu etkinliklerinin \u00e7o\u011fu ortalama birka\u00e7 y\u00fcz ki\u015fi ile ba\u015flar. O halde bu kullan\u0131c\u0131lar kimler olmal\u0131d\u0131r? Bu ki\u015filer, sosyal medyay\u0131 halihaz\u0131rda, ideal olarak profesyonel bir s\u0131fatla kullanan (yani sosyal medyan\u0131n de\u011ferini anlayan) \u00e7al\u0131\u015fanlar olmal\u0131d\u0131r.  <\/p>\n\n<p>Sadece bu insanlar\u0131 e\u011fitmek zorunda kalmayacaks\u0131n\u0131z, ayn\u0131 zamanda ilk lansman\u0131n\u0131zdan sonra sordu\u011funuz herkes i\u00e7in harika bir rol model olacaklar. Bu erken benimseyenler \u00f6nemlidir \u00e7\u00fcnk\u00fc size iyi geri bildirimler verecek, program\u0131 daha bilinir hale getirecek, daha fazla kullan\u0131c\u0131 bulman\u0131za yard\u0131mc\u0131 olacaklard\u0131r. Sa\u011flam bir temelle ba\u015flay\u0131n.<\/p>\n\n<h3 class=\"wp-block-heading\">4. Sosyal medyada yeni olan \u00e7al\u0131\u015fanlar\u0131 g\u00fc\u00e7lendirin<\/h3>\n\n<p>Baz\u0131 \u00e7al\u0131\u015fanlar bunu \u00e7ok iyi yap\u0131yor ve farkl\u0131 sosyal a\u011flar\u0131n kodlar\u0131n\u0131 biliyor. Ancak bu durum herkes i\u00e7in ge\u00e7erli de\u011fildir. Baz\u0131lar\u0131 acemi ve yard\u0131ma ihtiya\u00e7lar\u0131 var. Onlara uygun sosyal kanallar i\u00e7in bir rehber sunun ve en profesyonel iki sosyal a\u011f olan LinkedIn veya Twitter&#8217;\u0131 do\u011fru \u015fekilde kullanmalar\u0131na yard\u0131mc\u0131 olun.<\/p>\n\n<p>Ayr\u0131ca biyografilerini ve deneyimlerini g\u00fcncelleyerek ve uygun bir profil foto\u011fraf\u0131 i\u00e7in \u00e7ekimlere kat\u0131lmalar\u0131n\u0131 sa\u011flayarak profillerini optimize etmelerine yard\u0131mc\u0131 olabilirsiniz.<\/p>\n\n<p>\u00c7al\u0131\u015fanlar\u0131 marka el\u00e7isi olmaya te\u015fvik etmek i\u00e7in sosyal hesaplar\u0131n\u0131zda i\u00e7erik payla\u015farak \u00f6rnek olun.<\/p>\n\n<h3 class=\"wp-block-heading\">5. \u0130\u00e7erik olu\u015fturun<\/h3>\n\n<p>\u00c7al\u0131\u015fan savunuculu\u011fu program\u0131n\u0131zda ba\u015far\u0131l\u0131 olmak i\u00e7in \u015firketin elbette kaliteli i\u00e7erik olu\u015fturmas\u0131 gerekir. Aksi takdirde, \u00e7al\u0131\u015fanlar\u0131n payla\u015facak hi\u00e7bir \u015feyi olmayacakt\u0131r.<\/p>\n\n<p>\u0130\u00e7erik \u00e7al\u0131\u015fanlar\u0131n\u0131z i\u00e7in \u00e7ekici olmal\u0131d\u0131r. Aksi takdirde, bunu payla\u015fmak istemeyeceklerdir. Kitleniz i\u00e7in oldu\u011fu kadar \u00e7al\u0131\u015fanlar\u0131n\u0131z i\u00e7in de de\u011fer yaratan i\u00e7erikler haz\u0131rlay\u0131n. Bu i\u00e7eri\u011fi yay\u0131nlamaktan gurur duymal\u0131lar.<\/p>\n\n<h3 class=\"wp-block-heading\">6. \u0130\u00e7eri\u011fin k\u00fcrat\u00f6rl\u00fc\u011f\u00fcn\u00fc yap\u0131n<\/h3>\n\n<p>Ayr\u0131ca, harici i\u00e7erikleri payla\u015farak k\u00fcrat\u00f6rl\u00fc\u011f\u00fcn\u00fc yapmay\u0131 d\u00fc\u015f\u00fcn\u00fcn. \u00d6rne\u011fin sekt\u00f6r haberleri. \u0130\u015fte bir \u00e7al\u0131\u015fan savunuculu\u011fu program\u0131 olu\u015fturmak i\u00e7in derlenmi\u015f baz\u0131 ipu\u00e7lar\u0131:<\/p>\n\n<ul>\n<li><h4>Program\u0131n\u0131z\u0131 \u015firket de\u011ferleri ve hedefleriyle uyumlu hale getirin<\/h4>\u00c7al\u0131\u015fan destek program\u0131n\u0131z\u0131n \u015firketinizin de\u011ferleri ve hedefleriyle uyumlu oldu\u011fundan emin olun. Bu, \u00e7al\u0131\u015fanlar\u0131n\u0131z\u0131n kurumunuz ad\u0131na do\u011fru mesaj\u0131 iletmesini sa\u011flayacakt\u0131r.<\/li>\n<\/ul>\n\n<ul>\n<li><h4>Do\u011fru platformu se\u00e7in<\/h4>Markan\u0131z ve hedef kitlenizle uyumlu bir sosyal medya platformu se\u00e7in. \u00d6rne\u011fin, hedef kitleniz LinkedIn&#8217;deyse, \u00e7abalar\u0131n\u0131z\u0131 oraya odaklay\u0131n.<\/li>\n<\/ul>\n\n<ul>\n<li><h4>\u0130lgi \u00e7ekici i\u00e7erik sa\u011flay\u0131n<\/h4>Hedef kitlenize ilgin\u00e7, alakal\u0131 ve faydal\u0131 i\u00e7erikler sunun. Bu, \u00e7al\u0131\u015fanlar\u0131n\u0131z\u0131 i\u00e7eri\u011fi takip\u00e7ileriyle payla\u015fmaya te\u015fvik edecektir.<\/li>\n<\/ul>\n\n<ul>\n<li><h4>\u00c7al\u0131\u015fanlar\u0131n kat\u0131l\u0131m\u0131n\u0131 kolayla\u015ft\u0131r\u0131n<\/h4>\u00c7al\u0131\u015fanlar\u0131n\u0131z\u0131n kat\u0131l\u0131m\u0131n\u0131 kolayla\u015ft\u0131rmak i\u00e7in \u00f6nceden onaylanm\u0131\u015f i\u00e7erik veya sosyal medya takvimi gibi kullan\u0131m\u0131 kolay ara\u00e7lar ve kaynaklar sa\u011flay\u0131n.<\/li>\n<\/ul>\n\n<ul>\n<li><h4>Kat\u0131l\u0131m\u0131 te\u015fvik edin<\/h4>Kat\u0131lanlar\u0131 tan\u0131yarak ve \u00f6d\u00fcllendirerek \u00e7al\u0131\u015fan savunuculu\u011fu program\u0131n\u0131za kat\u0131l\u0131m\u0131 te\u015fvik edin. \u00c7al\u0131\u015fanlar\u0131 programa kat\u0131lmaya motive etmek i\u00e7in \u00f6d\u00fcller veya ikramiyeler gibi te\u015fvikler sunmay\u0131 d\u00fc\u015f\u00fcn\u00fcn.<\/li>\n<\/ul>\n\n<ul>\n<li><h4>\u0130zleyin ve \u00f6l\u00e7\u00fcn<\/h4>Etkile\u015fimi, t\u0131klama oranlar\u0131n\u0131 ve di\u011fer metrikleri izleyerek program\u0131n\u0131z\u0131n ba\u015far\u0131s\u0131n\u0131 takip edin. Bu verileri bilin\u00e7li kararlar almak ve program\u0131n\u0131z\u0131 zaman i\u00e7inde iyile\u015ftirmek i\u00e7in kullan\u0131n.<\/li>\n<\/ul>\n\n<p>Bu ipu\u00e7lar\u0131n\u0131 takip ederek, marka bilinirli\u011fi olu\u015fturmaya, kat\u0131l\u0131m\u0131 art\u0131rmaya ve i\u015f sonu\u00e7lar\u0131n\u0131 y\u00f6nlendirmeye yard\u0131mc\u0131 olan ba\u015far\u0131l\u0131 bir \u00e7al\u0131\u015fan savunuculu\u011fu program\u0131 olu\u015fturabilirsiniz.<\/p>\n\n<h2 class=\"wp-block-heading\" id=\"best_places_for_employee_advocacy_programs\">\u00c7al\u0131\u015fan savunuculu\u011fu programlar\u0131 i\u00e7in en iyi yerler<\/h2>\n\n<p>\u015eirketinizin 500&#8217;den fazla \u00e7al\u0131\u015fan\u0131 varsa bir \u00e7al\u0131\u015fan savunuculu\u011fu program\u0131 i\u015fe yarayabilir. Baz\u0131 \u015firketler ilk g\u00fcnden itibaren t\u00fcm \u00e7al\u0131\u015fanlar\u0131n\u0131 s\u00fcrece dahil etme fikrinden ho\u015flan\u0131r, ki bu iyi bir fikirdir, ancak \u00e7al\u0131\u015fan savunuculu\u011funun \u00f6zellikle i\u015fe yarad\u0131\u011f\u0131 birka\u00e7 yer vard\u0131r.  <\/p>\n\n<p>Bunlar pazarlama, sat\u0131\u015f, insan kaynaklar\u0131, i\u015fe alma ve halkla ili\u015fkiler ve mesajla\u015fma olabilir. T\u00fcm bunlar\u0131n ortak noktas\u0131, \u00e7o\u011funlukla \u015firketinizin d\u0131\u015f\u0131ndaki insanlarla konu\u015fmay\u0131 ve onlarla \u00e7al\u0131\u015fmay\u0131 i\u00e7ermeleridir.<\/p>\n\n<p>Program\u0131n niteli\u011fine ve hedeflerine ba\u011fl\u0131 olarak, \u00e7al\u0131\u015fan savunuculuk program\u0131 bir dizi do\u011fru \u00e7al\u0131\u015fan savunuculuk platformu, sitesi ve kanal\u0131nda y\u00fcr\u00fct\u00fclebilir. \u0130\u015fte \u00e7al\u0131\u015fanlar\u0131n seslerini y\u00fckseltmelerine yard\u0131mc\u0131 olan programlar i\u00e7in en iyi yerlerden baz\u0131lar\u0131:<\/p>\n\n<figure class=\"wp-block-image size-full\"><img loading=\"lazy\" decoding=\"async\" width=\"1410\" height=\"1182\" src=\"https:\/\/www.questionpro.com\/blog\/wp-content\/uploads\/2023\/05\/best_places_for_employee_advocacy_programs.jpg\" alt=\"best_places_for_employee_advocacy_programs\" class=\"wp-image-790678\"\/><\/figure>\n\n<ol>\n<li><h3>Sosyal medya platformlar\u0131<\/h3>\u00c7al\u0131\u015fan destek programlar\u0131 LinkedIn, Twitter, Facebook ve Instagram gibi sosyal medya platformlar\u0131nda iyi \u00e7al\u0131\u015f\u0131r. Bu platformlar geni\u015f bir eri\u015fime sahiptir ve \u00e7al\u0131\u015fanlar\u0131n i\u015f i\u00e7eriklerini ve mesajlar\u0131n\u0131 a\u011flar\u0131yla payla\u015fmalar\u0131na olanak tan\u0131r.<\/li>\n<\/ol>\n\n<ol start=\"2\">\n<li><h3>\u0130\u00e7 ileti\u015fim kanallar\u0131<\/h3>\u00c7al\u0131\u015fan ba\u011fl\u0131l\u0131\u011f\u0131 programlar\u0131 \u015firket intranetleri, haber b\u00fcltenleri ve sohbet uygulamalar\u0131 gibi i\u00e7 ileti\u015fim kanallar\u0131n\u0131 da kullanabilir. Bu kanallar \u015firket haberlerini, \u00e7al\u0131\u015fan hikayelerini ve i\u015f g\u00fcc\u00fc i\u00e7in \u00f6nemli olan di\u011fer i\u00e7erikleri payla\u015fmak i\u00e7in m\u00fckemmeldir.<\/li>\n<\/ol>\n\n<ol start=\"3\">\n<li><h3>Etkinlikler ve konferanslar<\/h3>\u00c7al\u0131\u015fanlar etkinliklerde ve konferanslarda becerilerini sergileyebilir ve \u015firketi tan\u0131tabilir. \u00c7al\u0131\u015fanlar sekt\u00f6rel etkinliklere kat\u0131larak ve konu\u015fmalar yaparak a\u011f olu\u015fturabilir, ili\u015fkiler kurabilir ve \u015firketin markas\u0131n\u0131 destekleyebilir.<\/li>\n<\/ol>\n\n<ol start=\"4\">\n<li><h3>Influencer pazarlama kampanyalar\u0131<\/h3>\u00c7al\u0131\u015fan savunuculu\u011fu, sosyal medyada geni\u015f bir takip\u00e7i kitlesine sahip veya kendi alanlar\u0131nda etkili olan \u00e7al\u0131\u015fanlarla ortakl\u0131k kurularak influencer pazarlama kampanyalar\u0131na eklenebilir.<\/li>\n<\/ol>\n\n<ol start=\"5\">\n<li><h3>Marka el\u00e7ileri i\u00e7in programlar<\/h3>Marka el\u00e7ilerine y\u00f6nelik ba\u015far\u0131l\u0131 bir program, \u00e7al\u0131\u015fan deste\u011fini kullanman\u0131n iyi bir yolu olabilir. Bu programlarda \u00e7al\u0131\u015fanlar, \u015firket materyallerini ve mesajlar\u0131n\u0131 kendi a\u011flar\u0131yla payla\u015fan marka el\u00e7ileri olarak se\u00e7ilmekte ve e\u011fitilmektedir.<\/li>\n<\/ol>\n\n<p>\u00c7al\u0131\u015fan savunuculu\u011fu \u00e7al\u0131\u015fmalar\u0131 i\u00e7in en iyi yer, kurulu\u015fun hedeflerine, hedef kitlesine ve finansman\u0131na ba\u011fl\u0131 olarak de\u011fi\u015fecektir. Kurulu\u015flar, do\u011fru kanallar\u0131 ve siteleri se\u00e7erek ve program\u0131 \u015firketin ihtiya\u00e7lar\u0131na uygun hale getirerek ba\u015far\u0131l\u0131 bir \u00e7al\u0131\u015fan savunuculu\u011fu program\u0131 olu\u015fturabilirler.<\/p>\n\n<h2 class=\"wp-block-heading\" id=\"advantages_of_having_an_employee_advocacy_program\">\u00c7al\u0131\u015fan savunuculu\u011fu program\u0131na sahip olman\u0131n avantajlar\u0131<\/h2>\n\n<p>\u00c7al\u0131\u015fanlar\u0131 bir terfi program\u0131na dahil etmek, \u015firketiniz ad\u0131na arac\u0131 olarak hareket etmeleri konusunda onlara inand\u0131\u011f\u0131n\u0131z\u0131 ve g\u00fcvendi\u011finizi g\u00f6sterir.<\/p>\n\n<p>Hi\u00e7bir \u015fey \u00e7al\u0131\u015fanlar\u0131n ba\u011fl\u0131l\u0131\u011f\u0131n\u0131, onlar\u0131n \u00e7e\u015fitli sosyal a\u011flar\u0131nda hem \u015firket taraf\u0131ndan olu\u015fturulan i\u00e7erikleri hem de kaliteli \u00fc\u00e7\u00fcnc\u00fc taraf i\u00e7eriklerini payla\u015fmalar\u0131na izin vermekten daha fazla art\u0131ramaz.<\/p>\n\n<p>\u015eirketinizin sosyal a\u011flar\u0131ndan sorumlu olanlar, kurumun politika ve de\u011ferlerine uygun olmas\u0131 i\u00e7in kalite ve i\u00e7erikten sorumlu olabilir.<\/p>\n\n<p>\u00c7al\u0131\u015fan savunuculu\u011funun faydalar\u0131 aras\u0131nda a\u015fa\u011f\u0131dakiler yer almaktad\u0131r:<\/p>\n\n<h3 class=\"wp-block-heading\">\u00c7al\u0131\u015fanlar sekt\u00f6r\u00fcn\u00fcz\u00fcn destek\u00e7ileri haline gelir<\/h3>\n\n<p>\u00c7al\u0131\u015fanlar\u0131n\u0131z\u0131n sosyal medyada \u015firketinizi savunmas\u0131na izin vererek, onlar\u0131n markalar\u0131n\u0131 in\u015fa etmekle ilgilendi\u011finizi g\u00f6stermi\u015f olursunuz.<\/p>\n\n<p>Bir kez daha, bu, \u00e7al\u0131\u015fanlar\u0131n\u0131z\u0131n \u015firketi kendi a\u011flar\u0131nda tan\u0131tmalar\u0131 konusunda onlara g\u00fcvendi\u011finizi bilmelerini sa\u011flar.<\/p>\n\n<p>\u015eirketinizin genel vizyonuna ve k\u00fclt\u00fcr\u00fcne, \u00e7al\u0131\u015fanlar\u0131n\u0131z\u0131n kendilerini tehdit alt\u0131nda hissetmeden \u015firketi tan\u0131tmalar\u0131na izin verecek kadar inanm\u0131yorsan\u0131z, \u00f6nceliklerinizi yeniden de\u011ferlendirmenin zaman\u0131 gelmi\u015f demektir.<\/p>\n\n<p>\u00c7al\u0131\u015fanlar\u0131n\u0131z\u0131n en de\u011ferli marka savunucular\u0131n\u0131z olmas\u0131n\u0131 sa\u011flamak i\u00e7in gerekli de\u011fi\u015fiklikleri yap\u0131n.<\/p>\n\n<p>Marka savunuculu\u011funu nas\u0131l elde edece\u011finizi ve sat\u0131\u015flar\u0131 nas\u0131l art\u0131raca\u011f\u0131n\u0131z\u0131 \u00f6\u011frenin:<\/p>\n\n<ul>\n<li><strong>M\u00fc\u015fterilere ve potansiyel m\u00fc\u015fterilere ger\u00e7ek ve anlaml\u0131 etkile\u015fim sa\u011flay\u0131n<\/strong><br\/>Kendi \u00e7al\u0131\u015fan savunuculu\u011fu program\u0131n\u0131za sahip olman\u0131n bir di\u011fer avantaj\u0131 da \u00e7al\u0131\u015fanlar\u0131n sosyal a\u011flardaki arkada\u015flar\u0131n\u0131n ve meslekta\u015flar\u0131n\u0131n \u00e7al\u0131\u015fanlar\u0131n\u0131z\u0131 ki\u015fisel ve profesyonel d\u00fczeyde tan\u0131mas\u0131d\u0131r. Giderek daha fazla insan bir \u00fcr\u00fcn veya hizmet sat\u0131n almadan \u00f6nce sosyal a\u011flara dan\u0131\u015f\u0131yor; a\u011flar\u0131n\u0131z onlar i\u00e7in de\u011ferli bir kaynak.<br\/><br\/>T\u00fcketiciler sosyal medyaya g\u00fcveniyor \u00e7\u00fcnk\u00fc \u015firket taraf\u0131ndan e\u011fitilmi\u015f bir bottan cevap veya \u00f6neri almayacaklar\u0131n\u0131 biliyorlar. \u00c7al\u0131\u015fanlar\u0131n bireysel a\u011flar\u0131 onlar\u0131 sekt\u00f6r uzman\u0131 olarak g\u00f6rmeye ba\u015flad\u0131k\u00e7a, insanlar\u0131n geri kalan\u0131 \u00e7al\u0131\u015fanlar\u0131n tavsiyelerine ve i\u00e7g\u00f6r\u00fclerine g\u00fcvenebilir. Bu, \u00e7al\u0131\u015fanlar\u0131n\u0131z ve \u015firketiniz i\u00e7in iyidir.<\/li>\n<\/ul>\n\n<ul>\n<li><strong>\u00c7al\u0131\u015fanlar sosyal medyada payla\u015f\u0131m yapt\u0131\u011f\u0131nda, \u015firketinizden farkl\u0131 bir g\u00f6r\u00fc\u015f elde edersiniz<\/strong><br\/>Bu, \u00e7al\u0131\u015fan savunuculu\u011fu program\u0131n\u0131z\u0131n g\u00fcc\u00fcnden yararlanmak i\u00e7in harika bir nedendir. \u00c7al\u0131\u015fanlar, ki\u015fisel sosyal medya ile etkile\u015fime ge\u00e7erken kurumsal sosyal medya hesaplar\u0131yla ayn\u0131 kurallara g\u00f6re oynamak zorunda de\u011fildir.<br\/><br\/>\u00c7al\u0131\u015fanlar ger\u00e7ekten de if\u015fa kurallar\u0131 konusunda dikkatli olmal\u0131d\u0131r. Yine de, \u00e7al\u0131\u015fanlar\u0131n if\u015fa edilmesi, kendilerini meslekta\u015flar\u0131 aras\u0131nda bir sekt\u00f6r d\u00fc\u015f\u00fcnce lideri olarak in\u015fa etmi\u015flerse, ger\u00e7ek bir \u00e7al\u0131\u015fan savunucusundan hi\u00e7bir \u015fey g\u00f6t\u00fcrmez.<\/li>\n<\/ul>\n\n<h2 class=\"wp-block-heading\" id=\"conclusion\">Sonu\u00e7<\/h2>\n\n<p>Bir \u00e7al\u0131\u015fan savunuculuk program\u0131 olu\u015fturmak ger\u00e7ekten zor bir i\u015ftir, ancak bu savunuculuk \u00e7abalar\u0131 \u00fczerinde \u00e7al\u0131\u015f\u0131rken yukar\u0131da belirtilen faydalar\u0131 hat\u0131rlamay\u0131 unutmay\u0131n. Sonunda her \u015feyin kar\u015f\u0131l\u0131\u011f\u0131n\u0131 alacaks\u0131n\u0131z.<\/p>\n\n<p>\u00c7al\u0131\u015fanlar\u0131n\u0131z\u0131n markan\u0131z\u0131n dijital el\u00e7ileri olmas\u0131na izin verin. Bu, \u015firketin imaj\u0131 \u00fczerinde olumlu bir etkiye sahiptir.<\/p>\n\n<p>\u00c7al\u0131\u015fan savunuculu\u011fu ara\u00e7lar\u0131 bir \u015firketin pazarlama plan\u0131n\u0131n yararl\u0131 bir par\u00e7as\u0131 olabilir ve QuestionPro gibi ara\u00e7lar\u0131n kullan\u0131lmas\u0131 bunu daha da etkili hale getirebilir.  <\/p>\n\n<p>QuestionPro destekli \u00e7al\u0131\u015fan savunuculu\u011fu programlar\u0131, \u015firketlerin do\u011fru savunucular\u0131 bulmas\u0131na, onlara ihtiya\u00e7 duyduklar\u0131 e\u011fitim ve ara\u00e7lar\u0131 sa\u011flamas\u0131na ve program\u0131n ilerlemesini takip edip \u00f6l\u00e7mesine yard\u0131mc\u0131 olabilir.  <\/p>\n\n<p>QuestionPro&#8217;nun geli\u015fmi\u015f analiz ve raporlama \u00f6zellikleri sayesinde kurulu\u015flar, programlar\u0131n\u0131n nas\u0131l gitti\u011fi hakk\u0131nda \u00e7ok \u015fey \u00f6\u011frenebilir ve zaman i\u00e7inde program\u0131 iyile\u015ftirmek ve geli\u015ftirmek i\u00e7in verilere dayal\u0131 kararlar alabilir.  <\/p>\n\n<p>QuestionPro&#8217;nun yard\u0131m\u0131yla \u015firketler bu alandaki ba\u015far\u0131lar\u0131ndan en iyi \u015fekilde yararlanabilirler. Ba\u015far\u0131l\u0131 bir \u00c7al\u0131\u015fan Savunuculu\u011fu program\u0131, kurulu\u015flar\u0131n marka bilinirli\u011fi olu\u015fturmas\u0131na, g\u00fcvenilirlik kazanmas\u0131na ve i\u015f sonu\u00e7lar\u0131n\u0131 y\u00f6nlendirmesine yard\u0131mc\u0131 olabilir.<\/p>\n\n<p class=\"has-text-align-center\"><a href=\"https:\/\/www.questionpro.com\/workforce\/book-a-demo\/\" target=\"_blank\" rel=\"noopener\">\n  <button>DEMO REZERVASYONU YAPIN<\/button>\n<\/a>       <a href=\"https:\/\/www.questionpro.com\/workforce\/\" target=\"_blank\" rel=\"noopener\">\n  <button>DAHA FAZLA BI\u0307LGI\u0307 EDI\u0307NI\u0307N<\/button>\n<\/a><\/p>\n","protected":false},"excerpt":{"rendered":"<p>\u00c7al\u0131\u015fan savunuculu\u011fu, kamuoyundaki imaj\u0131n\u0131z\u0131 iyile\u015ftirmenin ve \u00e7al\u0131\u015fanlar\u0131n\u0131z\u0131n daha fazla kat\u0131l\u0131m\u0131n\u0131 sa\u011flaman\u0131n en iyi yollar\u0131ndan biridir. Neden? \u00c7\u00fcnk\u00fc \u00e7al\u0131\u015fanlar\u0131n\u0131z zaten sosyal [&hellip;]<\/p>\n","protected":false},"author":49,"featured_media":718167,"comment_status":"closed","ping_status":"closed","sticky":false,"template":"","format":"standard","meta":{"_genesis_hide_title":false,"_genesis_hide_breadcrumbs":false,"_genesis_hide_singular_image":false,"_genesis_hide_footer_widgets":false,"_genesis_custom_body_class":"","_genesis_custom_post_class":"","_genesis_layout":"","footnotes":""},"categories":[1162],"tags":[],"yoast_head":"<!-- This site is optimized with the Yoast SEO plugin v20.4 - https:\/\/yoast.com\/wordpress\/plugins\/seo\/ -->\n<title>\u00c7al\u0131\u015fan Savunuculu\u011fu: \u00dccretsiz \u0130pu\u00e7lar\u0131 ile Nedir? | QuestionPro<\/title>\n<meta name=\"description\" content=\"\u00c7al\u0131\u015fan savunuculu\u011fu veya \u00e7al\u0131\u015fan savunuculu\u011fu, \u00e7al\u0131\u015fanlar\u0131 harekete ge\u00e7irmek ve g\u00fc\u00e7lendirmek i\u00e7in tasarlanm\u0131\u015f fark\u0131ndal\u0131k programlar\u0131d\u0131r. Bu konuda daha fazla bilgi edinin.\" \/>\n<meta name=\"robots\" content=\"index, follow, max-snippet:-1, max-image-preview:large, max-video-preview:-1\" \/>\n<link rel=\"canonical\" href=\"https:\/\/www.questionpro.com\/blog\/tr\/calisan-savunuculugu-ucretsiz-ipuclari-ile-nedir\/\" \/>\n<meta property=\"og:locale\" content=\"tr_TR\" \/>\n<meta property=\"og:type\" content=\"article\" \/>\n<meta property=\"og:title\" content=\"\u00c7al\u0131\u015fan Savunuculu\u011fu: \u00dccretsiz \u0130pu\u00e7lar\u0131 ile Nedir? | QuestionPro\" \/>\n<meta property=\"og:description\" content=\"\u00c7al\u0131\u015fan savunuculu\u011fu veya \u00e7al\u0131\u015fan savunuculu\u011fu, \u00e7al\u0131\u015fanlar\u0131 harekete ge\u00e7irmek ve g\u00fc\u00e7lendirmek i\u00e7in tasarlanm\u0131\u015f fark\u0131ndal\u0131k programlar\u0131d\u0131r. Bu konuda daha fazla bilgi edinin.\" \/>\n<meta property=\"og:url\" content=\"https:\/\/www.questionpro.com\/blog\/tr\/calisan-savunuculugu-ucretsiz-ipuclari-ile-nedir\/\" \/>\n<meta property=\"og:site_name\" content=\"QuestionPro\" \/>\n<meta property=\"article:publisher\" content=\"https:\/\/www.facebook.com\/questionpro\" \/>\n<meta property=\"article:published_time\" content=\"2022-08-30T16:00:40+00:00\" \/>\n<meta property=\"article:modified_time\" content=\"2023-05-26T03:59:35+00:00\" \/>\n<meta property=\"og:image\" content=\"https:\/\/www.questionpro.com\/blog\/wp-content\/uploads\/2022\/08\/employee-advocacy.jpg\" \/>\n\t<meta property=\"og:image:width\" content=\"992\" \/>\n\t<meta property=\"og:image:height\" content=\"594\" \/>\n\t<meta property=\"og:image:type\" content=\"image\/jpeg\" \/>\n<meta name=\"author\" content=\"Fabyio Villegas\" \/>\n<meta name=\"twitter:card\" content=\"summary_large_image\" \/>\n<meta name=\"twitter:creator\" content=\"@questionpro\" \/>\n<meta name=\"twitter:site\" content=\"@questionpro\" \/>\n<meta name=\"twitter:label1\" content=\"Yazan:\" \/>\n\t<meta name=\"twitter:data1\" content=\"Fabyio Villegas\" \/>\n\t<meta name=\"twitter:label2\" content=\"Tahmini okuma s\u00fcresi\" \/>\n\t<meta name=\"twitter:data2\" content=\"15 dakika\" \/>\n<script type=\"application\/ld+json\" class=\"yoast-schema-graph\">{\"@context\":\"https:\/\/schema.org\",\"@graph\":[{\"@type\":\"Article\",\"@id\":\"https:\/\/www.questionpro.com\/blog\/tr\/calisan-savunuculugu-ucretsiz-ipuclari-ile-nedir\/#article\",\"isPartOf\":{\"@id\":\"https:\/\/www.questionpro.com\/blog\/tr\/calisan-savunuculugu-ucretsiz-ipuclari-ile-nedir\/\"},\"author\":{\"name\":\"Fabyio Villegas\",\"@id\":\"https:\/\/www.questionpro.com\/blog\/tr\/#\/schema\/person\/4f0c1596eb1a64b215717f16e263068d\"},\"headline\":\"\u00c7al\u0131\u015fan Savunuculu\u011fu: \u00dccretsiz \u0130pu\u00e7lar\u0131 ile Nedir?\",\"datePublished\":\"2022-08-30T16:00:40+00:00\",\"dateModified\":\"2023-05-26T03:59:35+00:00\",\"mainEntityOfPage\":{\"@id\":\"https:\/\/www.questionpro.com\/blog\/tr\/calisan-savunuculugu-ucretsiz-ipuclari-ile-nedir\/\"},\"wordCount\":2956,\"publisher\":{\"@id\":\"https:\/\/www.questionpro.com\/blog\/tr\/#organization\"},\"articleSection\":[\"\u0130\u015f G\u00fcc\u00fc\"],\"inLanguage\":\"tr\"},{\"@type\":\"WebPage\",\"@id\":\"https:\/\/www.questionpro.com\/blog\/tr\/calisan-savunuculugu-ucretsiz-ipuclari-ile-nedir\/\",\"url\":\"https:\/\/www.questionpro.com\/blog\/tr\/calisan-savunuculugu-ucretsiz-ipuclari-ile-nedir\/\",\"name\":\"\u00c7al\u0131\u015fan Savunuculu\u011fu: \u00dccretsiz \u0130pu\u00e7lar\u0131 ile Nedir? | QuestionPro\",\"isPartOf\":{\"@id\":\"https:\/\/www.questionpro.com\/blog\/tr\/#website\"},\"datePublished\":\"2022-08-30T16:00:40+00:00\",\"dateModified\":\"2023-05-26T03:59:35+00:00\",\"description\":\"\u00c7al\u0131\u015fan savunuculu\u011fu veya \u00e7al\u0131\u015fan savunuculu\u011fu, \u00e7al\u0131\u015fanlar\u0131 harekete ge\u00e7irmek ve g\u00fc\u00e7lendirmek i\u00e7in tasarlanm\u0131\u015f fark\u0131ndal\u0131k programlar\u0131d\u0131r. Bu konuda daha fazla bilgi edinin.\",\"breadcrumb\":{\"@id\":\"https:\/\/www.questionpro.com\/blog\/tr\/calisan-savunuculugu-ucretsiz-ipuclari-ile-nedir\/#breadcrumb\"},\"inLanguage\":\"tr\",\"potentialAction\":[{\"@type\":\"ReadAction\",\"target\":[\"https:\/\/www.questionpro.com\/blog\/tr\/calisan-savunuculugu-ucretsiz-ipuclari-ile-nedir\/\"]}]},{\"@type\":\"BreadcrumbList\",\"@id\":\"https:\/\/www.questionpro.com\/blog\/tr\/calisan-savunuculugu-ucretsiz-ipuclari-ile-nedir\/#breadcrumb\",\"itemListElement\":[{\"@type\":\"ListItem\",\"position\":1,\"name\":\"Ev\",\"item\":\"https:\/\/www.questionpro.com\/blog\/tr\/\"},{\"@type\":\"ListItem\",\"position\":2,\"name\":\"Uncategorized @tr\",\"item\":\"https:\/\/www.questionpro.com\/blog\/tr\/category\/uncategorized-tr\/\"},{\"@type\":\"ListItem\",\"position\":3,\"name\":\"\u00c7al\u0131\u015fan Savunuculu\u011fu: \u00dccretsiz \u0130pu\u00e7lar\u0131 ile Nedir?\"}]},{\"@type\":\"WebSite\",\"@id\":\"https:\/\/www.questionpro.com\/blog\/tr\/#website\",\"url\":\"https:\/\/www.questionpro.com\/blog\/tr\/\",\"name\":\"QuestionPro\",\"description\":\"\",\"publisher\":{\"@id\":\"https:\/\/www.questionpro.com\/blog\/tr\/#organization\"},\"potentialAction\":[{\"@type\":\"SearchAction\",\"target\":{\"@type\":\"EntryPoint\",\"urlTemplate\":\"https:\/\/www.questionpro.com\/blog\/tr\/?s={search_term_string}\"},\"query-input\":\"required name=search_term_string\"}],\"inLanguage\":\"tr\"},{\"@type\":\"Organization\",\"@id\":\"https:\/\/www.questionpro.com\/blog\/tr\/#organization\",\"name\":\"QuestionPro\",\"url\":\"https:\/\/www.questionpro.com\/blog\/tr\/\",\"logo\":{\"@type\":\"ImageObject\",\"inLanguage\":\"tr\",\"@id\":\"https:\/\/www.questionpro.com\/blog\/tr\/#\/schema\/logo\/image\/\",\"url\":\"https:\/\/www.questionpro.com\/blog\/wp-content\/uploads\/2022\/10\/questionpro-logo.svg\",\"contentUrl\":\"https:\/\/www.questionpro.com\/blog\/wp-content\/uploads\/2022\/10\/questionpro-logo.svg\",\"caption\":\"QuestionPro\"},\"image\":{\"@id\":\"https:\/\/www.questionpro.com\/blog\/tr\/#\/schema\/logo\/image\/\"},\"sameAs\":[\"https:\/\/www.facebook.com\/questionpro\",\"https:\/\/twitter.com\/questionpro\",\"https:\/\/www.linkedin.com\/company\/questionpro\/\"]},{\"@type\":\"Person\",\"@id\":\"https:\/\/www.questionpro.com\/blog\/tr\/#\/schema\/person\/4f0c1596eb1a64b215717f16e263068d\",\"name\":\"Fabyio Villegas\",\"image\":{\"@type\":\"ImageObject\",\"inLanguage\":\"tr\",\"@id\":\"https:\/\/www.questionpro.com\/blog\/tr\/#\/schema\/person\/image\/\",\"url\":\"https:\/\/secure.gravatar.com\/avatar\/c1eda364265c66792ad93d208502b662?s=96&d=mm&r=g\",\"contentUrl\":\"https:\/\/secure.gravatar.com\/avatar\/c1eda364265c66792ad93d208502b662?s=96&d=mm&r=g\",\"caption\":\"Fabyio Villegas\"},\"description\":\"Copywriter and SEO Specialist. With over 11 years of experience in Digital Marketing and Educational Content Curation.\",\"url\":\"https:\/\/www.questionpro.com\/blog\/tr\/author\/fabiola\/\"}]}<\/script>\n<!-- \/ Yoast SEO plugin. -->","yoast_head_json":{"title":"\u00c7al\u0131\u015fan Savunuculu\u011fu: \u00dccretsiz \u0130pu\u00e7lar\u0131 ile Nedir? | QuestionPro","description":"\u00c7al\u0131\u015fan savunuculu\u011fu veya \u00e7al\u0131\u015fan savunuculu\u011fu, \u00e7al\u0131\u015fanlar\u0131 harekete ge\u00e7irmek ve g\u00fc\u00e7lendirmek i\u00e7in tasarlanm\u0131\u015f fark\u0131ndal\u0131k programlar\u0131d\u0131r. Bu konuda daha fazla bilgi edinin.","robots":{"index":"index","follow":"follow","max-snippet":"max-snippet:-1","max-image-preview":"max-image-preview:large","max-video-preview":"max-video-preview:-1"},"canonical":"https:\/\/www.questionpro.com\/blog\/tr\/calisan-savunuculugu-ucretsiz-ipuclari-ile-nedir\/","og_locale":"tr_TR","og_type":"article","og_title":"\u00c7al\u0131\u015fan Savunuculu\u011fu: \u00dccretsiz \u0130pu\u00e7lar\u0131 ile Nedir? | QuestionPro","og_description":"\u00c7al\u0131\u015fan savunuculu\u011fu veya \u00e7al\u0131\u015fan savunuculu\u011fu, \u00e7al\u0131\u015fanlar\u0131 harekete ge\u00e7irmek ve g\u00fc\u00e7lendirmek i\u00e7in tasarlanm\u0131\u015f fark\u0131ndal\u0131k programlar\u0131d\u0131r. Bu konuda daha fazla bilgi edinin.","og_url":"https:\/\/www.questionpro.com\/blog\/tr\/calisan-savunuculugu-ucretsiz-ipuclari-ile-nedir\/","og_site_name":"QuestionPro","article_publisher":"https:\/\/www.facebook.com\/questionpro","article_published_time":"2022-08-30T16:00:40+00:00","article_modified_time":"2023-05-26T03:59:35+00:00","og_image":[{"width":992,"height":594,"url":"https:\/\/www.questionpro.com\/blog\/wp-content\/uploads\/2022\/08\/employee-advocacy.jpg","type":"image\/jpeg"}],"author":"Fabyio Villegas","twitter_card":"summary_large_image","twitter_creator":"@questionpro","twitter_site":"@questionpro","twitter_misc":{"Yazan:":"Fabyio Villegas","Tahmini okuma s\u00fcresi":"15 dakika"},"schema":{"@context":"https:\/\/schema.org","@graph":[{"@type":"Article","@id":"https:\/\/www.questionpro.com\/blog\/tr\/calisan-savunuculugu-ucretsiz-ipuclari-ile-nedir\/#article","isPartOf":{"@id":"https:\/\/www.questionpro.com\/blog\/tr\/calisan-savunuculugu-ucretsiz-ipuclari-ile-nedir\/"},"author":{"name":"Fabyio Villegas","@id":"https:\/\/www.questionpro.com\/blog\/tr\/#\/schema\/person\/4f0c1596eb1a64b215717f16e263068d"},"headline":"\u00c7al\u0131\u015fan Savunuculu\u011fu: \u00dccretsiz \u0130pu\u00e7lar\u0131 ile Nedir?","datePublished":"2022-08-30T16:00:40+00:00","dateModified":"2023-05-26T03:59:35+00:00","mainEntityOfPage":{"@id":"https:\/\/www.questionpro.com\/blog\/tr\/calisan-savunuculugu-ucretsiz-ipuclari-ile-nedir\/"},"wordCount":2956,"publisher":{"@id":"https:\/\/www.questionpro.com\/blog\/tr\/#organization"},"articleSection":["\u0130\u015f G\u00fcc\u00fc"],"inLanguage":"tr"},{"@type":"WebPage","@id":"https:\/\/www.questionpro.com\/blog\/tr\/calisan-savunuculugu-ucretsiz-ipuclari-ile-nedir\/","url":"https:\/\/www.questionpro.com\/blog\/tr\/calisan-savunuculugu-ucretsiz-ipuclari-ile-nedir\/","name":"\u00c7al\u0131\u015fan Savunuculu\u011fu: \u00dccretsiz \u0130pu\u00e7lar\u0131 ile Nedir? | QuestionPro","isPartOf":{"@id":"https:\/\/www.questionpro.com\/blog\/tr\/#website"},"datePublished":"2022-08-30T16:00:40+00:00","dateModified":"2023-05-26T03:59:35+00:00","description":"\u00c7al\u0131\u015fan savunuculu\u011fu veya \u00e7al\u0131\u015fan savunuculu\u011fu, \u00e7al\u0131\u015fanlar\u0131 harekete ge\u00e7irmek ve g\u00fc\u00e7lendirmek i\u00e7in tasarlanm\u0131\u015f fark\u0131ndal\u0131k programlar\u0131d\u0131r. Bu konuda daha fazla bilgi edinin.","breadcrumb":{"@id":"https:\/\/www.questionpro.com\/blog\/tr\/calisan-savunuculugu-ucretsiz-ipuclari-ile-nedir\/#breadcrumb"},"inLanguage":"tr","potentialAction":[{"@type":"ReadAction","target":["https:\/\/www.questionpro.com\/blog\/tr\/calisan-savunuculugu-ucretsiz-ipuclari-ile-nedir\/"]}]},{"@type":"BreadcrumbList","@id":"https:\/\/www.questionpro.com\/blog\/tr\/calisan-savunuculugu-ucretsiz-ipuclari-ile-nedir\/#breadcrumb","itemListElement":[{"@type":"ListItem","position":1,"name":"Ev","item":"https:\/\/www.questionpro.com\/blog\/tr\/"},{"@type":"ListItem","position":2,"name":"Uncategorized @tr","item":"https:\/\/www.questionpro.com\/blog\/tr\/category\/uncategorized-tr\/"},{"@type":"ListItem","position":3,"name":"\u00c7al\u0131\u015fan Savunuculu\u011fu: \u00dccretsiz \u0130pu\u00e7lar\u0131 ile Nedir?"}]},{"@type":"WebSite","@id":"https:\/\/www.questionpro.com\/blog\/tr\/#website","url":"https:\/\/www.questionpro.com\/blog\/tr\/","name":"QuestionPro","description":"","publisher":{"@id":"https:\/\/www.questionpro.com\/blog\/tr\/#organization"},"potentialAction":[{"@type":"SearchAction","target":{"@type":"EntryPoint","urlTemplate":"https:\/\/www.questionpro.com\/blog\/tr\/?s={search_term_string}"},"query-input":"required name=search_term_string"}],"inLanguage":"tr"},{"@type":"Organization","@id":"https:\/\/www.questionpro.com\/blog\/tr\/#organization","name":"QuestionPro","url":"https:\/\/www.questionpro.com\/blog\/tr\/","logo":{"@type":"ImageObject","inLanguage":"tr","@id":"https:\/\/www.questionpro.com\/blog\/tr\/#\/schema\/logo\/image\/","url":"https:\/\/www.questionpro.com\/blog\/wp-content\/uploads\/2022\/10\/questionpro-logo.svg","contentUrl":"https:\/\/www.questionpro.com\/blog\/wp-content\/uploads\/2022\/10\/questionpro-logo.svg","caption":"QuestionPro"},"image":{"@id":"https:\/\/www.questionpro.com\/blog\/tr\/#\/schema\/logo\/image\/"},"sameAs":["https:\/\/www.facebook.com\/questionpro","https:\/\/twitter.com\/questionpro","https:\/\/www.linkedin.com\/company\/questionpro\/"]},{"@type":"Person","@id":"https:\/\/www.questionpro.com\/blog\/tr\/#\/schema\/person\/4f0c1596eb1a64b215717f16e263068d","name":"Fabyio Villegas","image":{"@type":"ImageObject","inLanguage":"tr","@id":"https:\/\/www.questionpro.com\/blog\/tr\/#\/schema\/person\/image\/","url":"https:\/\/secure.gravatar.com\/avatar\/c1eda364265c66792ad93d208502b662?s=96&d=mm&r=g","contentUrl":"https:\/\/secure.gravatar.com\/avatar\/c1eda364265c66792ad93d208502b662?s=96&d=mm&r=g","caption":"Fabyio Villegas"},"description":"Copywriter and SEO Specialist. With over 11 years of experience in Digital Marketing and Educational Content Curation.","url":"https:\/\/www.questionpro.com\/blog\/tr\/author\/fabiola\/"}]}},"featured_image_src":"https:\/\/www.questionpro.com\/blog\/wp-content\/uploads\/2022\/08\/employee-advocacy.jpg","featured_image_src_square":"https:\/\/www.questionpro.com\/blog\/wp-content\/uploads\/2022\/08\/employee-advocacy.jpg","author_info":{"display_name":"Fabyio Villegas","author_link":"https:\/\/www.questionpro.com\/blog\/tr\/author\/fabiola\/"},"_links":{"self":[{"href":"https:\/\/www.questionpro.com\/blog\/tr\/wp-json\/wp\/v2\/posts\/794067"}],"collection":[{"href":"https:\/\/www.questionpro.com\/blog\/tr\/wp-json\/wp\/v2\/posts"}],"about":[{"href":"https:\/\/www.questionpro.com\/blog\/tr\/wp-json\/wp\/v2\/types\/post"}],"author":[{"embeddable":true,"href":"https:\/\/www.questionpro.com\/blog\/tr\/wp-json\/wp\/v2\/users\/49"}],"replies":[{"embeddable":true,"href":"https:\/\/www.questionpro.com\/blog\/tr\/wp-json\/wp\/v2\/comments?post=794067"}],"version-history":[{"count":1,"href":"https:\/\/www.questionpro.com\/blog\/tr\/wp-json\/wp\/v2\/posts\/794067\/revisions"}],"predecessor-version":[{"id":794069,"href":"https:\/\/www.questionpro.com\/blog\/tr\/wp-json\/wp\/v2\/posts\/794067\/revisions\/794069"}],"wp:featuredmedia":[{"embeddable":true,"href":"https:\/\/www.questionpro.com\/blog\/tr\/wp-json\/wp\/v2\/media\/718167"}],"wp:attachment":[{"href":"https:\/\/www.questionpro.com\/blog\/tr\/wp-json\/wp\/v2\/media?parent=794067"}],"wp:term":[{"taxonomy":"category","embeddable":true,"href":"https:\/\/www.questionpro.com\/blog\/tr\/wp-json\/wp\/v2\/categories?post=794067"},{"taxonomy":"post_tag","embeddable":true,"href":"https:\/\/www.questionpro.com\/blog\/tr\/wp-json\/wp\/v2\/tags?post=794067"}],"curies":[{"name":"wp","href":"https:\/\/api.w.org\/{rel}","templated":true}]}}