

{"id":794081,"date":"2022-06-04T15:27:18","date_gmt":"2022-06-04T15:27:18","guid":{"rendered":"https:\/\/www.questionpro.com\/blog\/calisan-spot-isigi-orneklerle-eksiksiz-kilavuz\/"},"modified":"2022-06-04T15:27:18","modified_gmt":"2022-06-04T15:27:18","slug":"calisan-spot-isigi-orneklerle-eksiksiz-kilavuz","status":"publish","type":"post","link":"https:\/\/www.questionpro.com\/blog\/tr\/calisan-spot-isigi-orneklerle-eksiksiz-kilavuz\/","title":{"rendered":"\u00c7al\u0131\u015fan Spot I\u015f\u0131\u011f\u0131: \u00d6rneklerle Eksiksiz K\u0131lavuz"},"content":{"rendered":"<p><span style=\"font-weight: 400;\">Employee Spotlight i\u00e7eri\u011fi \u00e7al\u0131\u015fan\u0131n\u0131z\u0131n i\u015f ge\u00e7mi\u015fine odaklan\u0131r. \u00c7al\u0131\u015fanlar\u0131 \u00d6ne \u00c7\u0131karan g\u00f6nderiler, ekibiniz hakk\u0131nda hikayeler anlatman\u0131n harika bir yoludur. \u00c7al\u0131\u015fan ba\u011flant\u0131lar\u0131n\u0131n b\u00fcy\u00fcmesine katk\u0131da bulunur.  <\/span>Bir\u00e7ok kurulu\u015f, \u00e7al\u0131\u015fanlar\u0131n performanslar\u0131n\u0131 art\u0131rmay\u0131, onlar\u0131 kurulu\u015fta mutlu tutmay\u0131 ve her zaman olumlu bir \u00e7al\u0131\u015fma k\u00fclt\u00fcr\u00fc uygulamay\u0131 ama\u00e7layan \u00f6nemli faydalara sahiptir.  <span style=\"font-weight: 400;\">\u00c7al\u0131\u015fan spot \u0131\u015f\u0131\u011f\u0131, \u015firketinizin ve i\u015fvereninizin markas\u0131n\u0131 geli\u015ftirmeye yard\u0131mc\u0131 olur. Bu konu hakk\u0131nda konu\u015fal\u0131m.<\/span><\/p>\n<p>G\u00fcndemdeki \u00e7al\u0131\u015fanlara \u00f6zel bir dizi avantaja sahip olman\u0131z\u0131 \u00f6neririz. Bunlar esnek bir programa sahip olmak, size birka\u00e7 g\u00fcn izin vermek, kurulu\u015fun \u00f6zel bir etkinli\u011fine kat\u0131lmak vb. olabilir.<\/p>\n<div class=\"tags-wrap\">\n<p class=\"content-index\" style=\"margin-top: 0;\">\u0130\u00e7erik Dizini<\/p>\n<ol style=\"font-weight: 400; margin: 0px 30px; line-height: 22px;\">\n<li style=\"lisy-style-type: decimal;\"><a href=\"#What_is_Employee_Spotlight\">Employee Spotlight nedir<\/a><\/li>\n<li><a href=\"#Benefits_of_Employee_Spotlight\">\u00c7al\u0131\u015fan Spotlight&#8217;\u0131n Faydalar\u0131<\/a><\/li>\n<li style=\"lisy-style-type: decimal;\"><a href=\"#Prepare_your_employee_spotlight_questions\">\u00c7al\u0131\u015fan spot sorular\u0131n\u0131z\u0131 haz\u0131rlay\u0131n<\/a><\/li>\n<li style=\"lisy-style-type: decimal;\"><a href=\"#Employee_Spotlight_Examples\">\u00c7al\u0131\u015fan Spotlight \u00d6rnekleri<\/a><\/li>\n<li style=\"lisy-style-type: decimal;\"><a href=\"#Conclusion\">Sonu\u00e7<\/a><\/li>\n<\/ol>\n<\/div>\n<h2 id=\"What_is_Employee_Spotlight\" class=\"blankurl\"><span style=\"font-weight: 400;\">Employee Spotlight nedir<\/span><\/h2>\n<p><span style=\"font-weight: 400;\">\u00c7al\u0131\u015fan spotu, \u015firketinizin en de\u011ferli varl\u0131\u011f\u0131 olan \u00e7al\u0131\u015fanlar\u0131n\u0131 \u00f6ne \u00e7\u0131kar\u0131r. \u00c7al\u0131\u015fanlar, \u015firketinizde \u00e7al\u0131\u015fman\u0131n nas\u0131l bir \u015fey oldu\u011funu ve \u015firketinizi di\u011ferlerinden ay\u0131ran \u00f6zellikleri anlat\u0131yor. Bu, <a href=\"https:\/\/www.questionpro.com\/workforce\/employee-retention.html\">\u00e7al\u0131\u015fanlar\u0131n elde tutulmas\u0131n\u0131<\/a> art\u0131racakt\u0131r.<\/span><\/p>\n<p><span style=\"font-weight: 400;\">\u00c7al\u0131\u015fan Spotlar\u0131 \u00e7e\u015fitli y\u00f6ntemlerle yay\u0131nlanabilir. \u00d6rne\u011fin bir \u00e7al\u0131\u015fan\u0131n foto\u011fraf\u0131na k\u0131sa bir metin, k\u0131sa bir video veya yaz\u0131l\u0131 bir r\u00f6portaj e\u015flik edebilir. Bu payla\u015f\u0131mlar \u015firketin i\u00e7 ileti\u015fim kanallar\u0131nda ve sosyal medya a\u011flar\u0131nda payla\u015f\u0131lmaktad\u0131r.<\/span><\/p>\n<p><span style=\"font-weight: 400;\">\u00c7al\u0131\u015fan Spotlar\u0131&#8217;na, faydalar\u0131na ve baz\u0131 harika \u00f6rneklerine bir g\u00f6z atal\u0131m.<\/span><\/p>\n<h2 id=\"Benefits_of_Employee_Spotlight\" class=\"blankurl\"><span style=\"font-weight: 400;\">\u00c7al\u0131\u015fan Spotlight&#8217;\u0131n Faydalar\u0131<\/span><\/h2>\n<p><span style=\"font-weight: 400;\">M\u00fckemmel performans g\u00f6steren \u00e7al\u0131\u015fanlar i\u015flerini yaparlar ve genellikle i\u015f tan\u0131mlar\u0131n\u0131n \u00f6tesindeki alanlarda da iyi performans g\u00f6sterirler. Genellikle meslekta\u015flar\u0131n\u0131 desteklemeyi, risk almay\u0131 ve i\u015flerinin \u00f6tesindeki alanlarda projeleri sonuna kadar izlemeyi i\u00e7erir. Bir \u00c7al\u0131\u015fan Vurgulama giri\u015fiminin de\u011ferli olup olmad\u0131\u011f\u0131ndan hala emin de\u011fil misiniz? A\u015fa\u011f\u0131da listelenen avantajlar\u0131 ke\u015ffedin:<\/span><\/p>\n<p><img loading=\"lazy\" decoding=\"async\" class=\"aligncenter size-full wp-image-438848\" src=\"https:\/\/www.questionpro.com\/blog\/wp-content\/uploads\/2022\/06\/benefits-of-employee-spotlight.jpg\" alt=\"\u00c7al\u0131\u015fan Spotlight'\u0131n Faydalar\u0131 infografi\u011fi\" width=\"992\" height=\"799\"><\/p>\n<h3><span style=\"font-weight: 400;\">\u00c7al\u0131\u015fan Tan\u0131ma<\/span><\/h3>\n<p><span style=\"font-weight: 400;\">G\u00fcndemdeki \u00c7al\u0131\u015fanlar, bireysel \u00e7al\u0131\u015fanlar\u0131n ola\u011fan\u00fcst\u00fc \u00e7al\u0131\u015fmalar\u0131n\u0131 \u00f6ne \u00e7\u0131karmaktad\u0131r. Tan\u0131nma ki\u015finin motivasyonunu art\u0131r\u0131r. Sonu\u00e7 olarak, daha \u00e7ok \u00e7al\u0131\u015f\u0131rlar ve ellerinden geleni yaparlar. \u00c7al\u0131\u015fan motivasyonu, <a href=\"https:\/\/www.questionpro.com\/blog\/employee-engagement-in-a-nutshell\/\">\u00e7al\u0131\u015fanlar\u0131n ba\u011fl\u0131l\u0131\u011f\u0131n\u0131<\/a> ve elde tutulmas\u0131n\u0131 sa\u011flar.<\/span><\/p>\n<h3><span style=\"font-weight: 400;\">Bir Takdir K\u00fclt\u00fcr\u00fc Olu\u015fturmak<\/span><\/h3>\n<p><span style=\"font-weight: 400;\">\u00c7al\u0131\u015fan spotlar\u0131, iyi performans\u0131n y\u00f6netim taraf\u0131ndan takdir edildi\u011fi bir ortam yarat\u0131lmas\u0131na yard\u0131mc\u0131 olur. \u0130nsanlar\u0131n birbirini tan\u0131d\u0131\u011f\u0131 ve de\u011fer verdi\u011fi bir i\u015fyeri olu\u015fmas\u0131na yard\u0131mc\u0131 olur. Ayr\u0131ca \u015firketinizin olumlu <a href=\"https:\/\/www.questionpro.com\/workforce\/workplace-culture.html\">i\u015fyeri k\u00fclt\u00fcr\u00fcn\u00fc<\/a> d\u0131\u015f d\u00fcnyaya iletir. Gelecekteki \u00e7al\u0131\u015fanlar, mutlu ve ba\u011fl\u0131 bir i\u015fg\u00fcc\u00fcn\u00fcn \u00e7evrimi\u00e7i payla\u015f\u0131mlar\u0131ndan m\u00fcthi\u015f \u015firket k\u00fclt\u00fcr\u00fcn\u00fcz hakk\u0131nda bilgi edinir.<\/span><\/p>\n<h3><span style=\"font-weight: 400;\">\u00c7al\u0131\u015fan a\u011f\u0131<\/span><\/h3>\n<p><span style=\"font-weight: 400;\">Uzaktan veya \u00e7e\u015fitli konumlarda \u00e7al\u0131\u015fan birden fazla ekibin bulundu\u011fu b\u00fcy\u00fck bir \u015firkette \u00e7al\u0131\u015f\u0131rken birbirinizi tan\u0131mak zor olabilir.<\/span><\/p>\n<p><span style=\"font-weight: 400;\">Uzaktan \u00e7al\u0131\u015fma ortam\u0131nda ileti\u015fim ve i\u015fbirli\u011fi kritik \u00f6neme sahiptir. \u00c7\u00fcnk\u00fc i\u015f arkada\u015flar\u0131 ve ekipler aras\u0131ndaki bariyerleri y\u0131k\u0131yor.<\/span><\/p>\n<p><span style=\"font-weight: 400;\">\u00c7al\u0131\u015fan spotlar\u0131, bireyler ve departmanlar aras\u0131nda bir sohbet ba\u015flat\u0131c\u0131 olarak hizmet edebilir. Bu ilk konu\u015fmalar ki\u015filer aras\u0131 ba\u011flar\u0131n g\u00fc\u00e7lenmesine yol a\u00e7abilir. Farkl\u0131 gruplar daha derin bir d\u00fczeyde ba\u011flant\u0131 kurdu\u011funda, bu daha fazla kat\u0131l\u0131m ve ekip \u00e7al\u0131\u015fmas\u0131na yol a\u00e7ar.  <\/span><\/p>\n<h3><span style=\"font-weight: 400;\">\u00d6zg\u00fcn i\u015fveren markas\u0131 i\u00e7in malzeme<\/span><\/h3>\n<p><span style=\"font-weight: 400;\">\u015eirketinizin markas\u0131 ve k\u00fclt\u00fcr\u00fcyle ba\u011f kuran ki\u015fileri bulmak zordur. \u0130nsanlar bir sonraki i\u015flerini ararken, ba\u015fvurduklar\u0131 \u015firket hakk\u0131nda \u00f6\u011frenebilecekleri her \u015feyi \u00f6\u011frenmek isterler. Faydalar\u0131 ve olas\u0131 tak\u0131m arkada\u015flar\u0131 hakk\u0131nda bilgi edinmekle ilgileniyorlar.<\/span><\/p>\n<p><span style=\"font-weight: 400;\">Adaylar sizin i\u00e7in \u00e7al\u0131\u015fmak konusunda g\u00fcvenilir bilgiler ar\u0131yor. Personelinize bu t\u00fcr bilgileri iletme konusunda firmadan 3 kat daha fazla g\u00fcveniyorlar. Kurulu\u015funuzu \u00e7al\u0131\u015fmak i\u00e7in iyi bir yer haline getirmek i\u00e7in, (eski) \u00e7al\u0131\u015fanlar\u0131n\u0131z\u0131n raporlar\u0131nda dile getirdikleri sorunlar\u0131 ele almal\u0131s\u0131n\u0131z. \u0130yi tasarlanm\u0131\u015f bir \u00e7al\u0131\u015fan spotlar\u0131 program\u0131 da \u015firketinizin imaj\u0131n\u0131 iyile\u015ftirmeye yard\u0131mc\u0131 olabilir. \u00c7al\u0131\u015fanlar\u0131n i\u015f ortamlar\u0131 hakk\u0131nda s\u00f6yledikleri, \u015firketinizin \u00e7al\u0131\u015fmak i\u00e7in \u00f6d\u00fcllendirici bir yer olup olmad\u0131\u011f\u0131n\u0131 g\u00f6sterebilir.<\/span><\/p>\n<h3><span style=\"font-weight: 400;\">G\u00fc\u00e7l\u00fc bir sat\u0131\u015f arac\u0131<\/span><\/h3>\n<p><span style=\"font-weight: 400;\">\u00c7al\u0131\u015fan spotlar\u0131, \u015firketinizin sat\u0131\u015f ve markala\u015fma arac\u0131 olarak uygulanabilir. Bir i\u015fletmenin itibar\u0131n\u0131 tart\u0131\u015f\u0131rken, potansiyel m\u00fc\u015fteriler Hakk\u0131nda sayfas\u0131na bakmal\u0131d\u0131r. \u015eirket i\u00e7in \u00e7al\u0131\u015fan ki\u015fileri tan\u0131mak, \u00fcr\u00fcn ve hizmetlerine g\u00fcvenmenize yard\u0131mc\u0131 olabilir.<\/span><\/p>\n<p><span style=\"font-weight: 400;\">Web sitenizdeki \u00e7al\u0131\u015fan spotlar\u0131 kendi ba\u015flar\u0131na g\u00fc\u00e7l\u00fcd\u00fcr. Bunlar\u0131 \u00e7al\u0131\u015fanlar\u0131n\u0131z ve potansiyel m\u00fc\u015fterileriniz taraf\u0131ndan g\u00f6r\u00fclebilecekleri, be\u011fenilebilecekleri, yorumlanabilecekleri ve payla\u015f\u0131labilecekleri sosyal medyada payla\u015ft\u0131\u011f\u0131n\u0131zda, \u015firketiniz i\u00e7in de\u011ferleri h\u0131zla artar.<\/span><\/p>\n<p><span style=\"font-weight: 400;\">Bunlar\u0131 i\u015f b\u00fclteniniz i\u00e7in materyal olarak da kullanabilirsiniz. \u00c7\u00fcnk\u00fc LinkedIn&#8217;de di\u011fer firmalarla rekabet etmiyorsunuz. E-posta kulland\u0131\u011f\u0131n\u0131zda, potansiyel m\u00fc\u015fteriler taraf\u0131ndan fark edilme \u015fans\u0131n\u0131z daha y\u00fcksektir. Bu ayn\u0131 zamanda onlarla ileti\u015fim kurman\u0131n daha ki\u015fisel bir yoludur. \u00c7\u00fcnk\u00fc onlarla bire bir konu\u015fuyorsunuz.<\/span><\/p>\n<h2 id=\"Prepare_your_employee_spotlight_questions\" class=\"blankurl\"><span style=\"font-weight: 400;\">\u00c7al\u0131\u015fan spot sorular\u0131n\u0131z\u0131 haz\u0131rlay\u0131n<\/span><\/h2>\n<p><span style=\"font-weight: 400;\">\u00c7al\u0131\u015fanlara ne t\u00fcr sorular soraca\u011f\u0131n\u0131z\u0131 bilmek i\u00e7in, \u00f6nce spot \u0131\u015f\u0131\u011f\u0131 i\u00e7in bir konu se\u00e7in. A\u015fa\u011f\u0131da, \u00e7al\u0131\u015fan spotlar\u0131nda en \u00e7ok tart\u0131\u015f\u0131lan konulardan baz\u0131lar\u0131 yer almaktad\u0131r:<\/span><\/p>\n<ol>\n<li style=\"font-weight: 400;\" aria-level=\"1\"><span style=\"font-weight: 400;\">\u015eirketiniz veya kendinizle ilgili benzersiz bir \u015fey<\/span><\/li>\n<li style=\"font-weight: 400;\" aria-level=\"1\"><span style=\"font-weight: 400;\">\u015eirket k\u00fclt\u00fcr\u00fc<\/span><\/li>\n<li style=\"font-weight: 400;\" aria-level=\"1\"><a href=\"https:\/\/www.questionpro.com\/blog\/top-employee-engagement-ideas-activities\/\"><span style=\"font-weight: 400;\">\u00c7al\u0131\u015fan ba\u011fl\u0131l\u0131\u011f\u0131<\/span><\/a><\/li>\n<li style=\"font-weight: 400;\" aria-level=\"1\"><span style=\"font-weight: 400;\">Ekibin \u00e7al\u0131\u015fma ortam\u0131<\/span><\/li>\n<li style=\"font-weight: 400;\" aria-level=\"1\"><span style=\"font-weight: 400;\">Liderlik<\/span><\/li>\n<li style=\"font-weight: 400;\" aria-level=\"1\"><span style=\"font-weight: 400;\">Misyon ve temel de\u011ferler<\/span><\/li>\n<li style=\"font-weight: 400;\" aria-level=\"1\"><span style=\"font-weight: 400;\">Profesyonel geli\u015fim<\/span><\/li>\n<li style=\"font-weight: 400;\" aria-level=\"1\"><span style=\"font-weight: 400;\">\u0130\u015fveren referanslar\u0131<\/span><\/li>\n<\/ol>\n<p><span style=\"font-weight: 400;\">\u0130\u015fte olas\u0131 sorulara baz\u0131 \u00f6rnekler:<\/span><\/p>\n<ol>\n<li style=\"font-weight: 400;\" aria-level=\"1\"><span style=\"font-weight: 400;\">\u00c7al\u0131\u015fmalar\u0131n\u0131z\u0131 nas\u0131l \u00f6zetlersiniz?<\/span><\/li>\n<li style=\"font-weight: 400;\" aria-level=\"1\"><span style=\"font-weight: 400;\">Bizimle \u00e7al\u0131\u015fmaya devam etmeniz i\u00e7in sizi motive eden nedir?<\/span><\/li>\n<li style=\"font-weight: 400;\" aria-level=\"1\"><span style=\"font-weight: 400;\">Y\u00f6netim ekibimizde sizi en \u00e7ok etkileyen \u015fey neydi?<\/span><\/li>\n<li style=\"font-weight: 400;\" aria-level=\"1\"><span style=\"font-weight: 400;\">Bizimle \u00e7al\u0131\u015f\u0131rken profesyonel olarak nas\u0131l geli\u015ftiniz?<\/span><\/li>\n<li style=\"font-weight: 400;\" aria-level=\"1\"><span style=\"font-weight: 400;\">\u015eirket k\u00fclt\u00fcr\u00fcm\u00fcz\u00fcn en \u00e7ok nesini seviyorsunuz?<\/span><\/li>\n<li style=\"font-weight: 400;\" aria-level=\"1\"><span style=\"font-weight: 400;\">Bizim i\u00e7in \u00e7al\u0131\u015fmak isteyen birine verebilece\u011finiz en iyi tavsiye nedir?<\/span><\/li>\n<\/ol>\n<h2 id=\"Employee_Spotlight_Examples\" class=\"blankurl\"><span style=\"font-weight: 400;\">\u00c7al\u0131\u015fan Spotlight \u00d6rnekleri<\/span><\/h2>\n<p><span style=\"font-weight: 400;\">\u0130\u015fveren markan\u0131z\u0131 ve \u00e7al\u0131\u015fan hikayelerinizi anlat\u0131rken hangi platformlar\u0131 veya formatlar\u0131 kullanaca\u011f\u0131n\u0131zdan emin de\u011fil misiniz? \u0130\u015fte \u00e7al\u0131\u015fan spotlar\u0131na be\u015f \u00f6rnek. <a href=\"https:\/\/www.questionpro.com\/blog\/employee-recruitment\/\">\u00c7al\u0131\u015fan i\u015fe al\u0131m<\/a> pazarlama stratejinizi geli\u015ftirmenize yard\u0131mc\u0131 olacakt\u0131r.<\/span><\/p>\n<p><img loading=\"lazy\" decoding=\"async\" class=\"aligncenter size-full wp-image-437565\" src=\"https:\/\/www.questionpro.com\/blog\/wp-content\/uploads\/2022\/06\/employee-spotlights-examples.jpg\" alt=\"\u00e7al\u0131\u015fan-spot-\u0131\u015f\u0131k-\u00f6rnekleri\" width=\"992\" height=\"952\"><\/p>\n<h3><span style=\"font-weight: 400;\">Bloglar<\/span><\/h3>\n<p><span style=\"font-weight: 400;\">Blog yazmak, \u00e7al\u0131\u015fanlar\u0131n\u0131z\u0131n hikayelerini payla\u015fman\u0131n en pop\u00fcler yollar\u0131ndan biridir. Asl\u0131nda, bir\u00e7ok \u015firketin kariyer web sitesinde bir blog \u00f6zelli\u011fi vard\u0131r. B\u00f6ylece \u015firket haberlerini, k\u00fclt\u00fcrle ilgili i\u00e7g\u00f6r\u00fcleri ve daha fazlas\u0131n\u0131 payla\u015fabilirler. Hangi format\u0131 se\u00e7erseniz se\u00e7in, \u00f6ne \u00e7\u0131karmalar ve ba\u015fl\u0131klar ekledi\u011finizden emin olun. Bu, okuyucunun kendileri i\u00e7in en \u00f6nemli olan bilgileri taramas\u0131n\u0131 kolayla\u015ft\u0131racakt\u0131r.<\/span><\/p>\n<h3><span style=\"font-weight: 400;\">Video<\/span><\/h3>\n<p><span style=\"font-weight: 400;\">Video, i\u015fveren markas\u0131 profesyonelleri i\u00e7in h\u0131zla bir ba\u015fka pop\u00fcler se\u00e7enek haline geldi. \u00d6zellikle de kullan\u0131c\u0131 taraf\u0131ndan olu\u015fturulan ve canl\u0131 videolar olu\u015fturmak i\u00e7in yeni platformlar\u0131n kullan\u0131lmaya ba\u015flanmas\u0131yla birlikte. <a href=\"https:\/\/www.questionpro.com\/blog\/employer-branding\/\">\u0130\u015fveren markas\u0131<\/a> videolar\u0131 eskiden zaman al\u0131c\u0131 ve pahal\u0131yd\u0131. Bununla birlikte, Hikayeler ve canl\u0131 yay\u0131n gibi sosyal medya \u00f6zelliklerinin y\u00fckseli\u015fiyle birlikte, son derece g\u00f6steri\u015fli videolar olu\u015fturma ihtiyac\u0131 daha az \u00f6nemli hale geliyor. Hangi se\u00e7ene\u011fi se\u00e7erseniz se\u00e7in altyaz\u0131 ekledi\u011finizden emin olun. \u00c7\u00fcnk\u00fc bir\u00e7ok insan videolar\u0131 ses olmadan izliyor. altyaz\u0131lar eklemek, insanlar\u0131n videolar\u0131n\u0131z\u0131 sonuna kadar izleme olas\u0131l\u0131\u011f\u0131n\u0131 art\u0131rabilir.<\/span><\/p>\n<h3><span style=\"font-weight: 400;\">Ses<\/span><\/h3>\n<p><span style=\"font-weight: 400;\">\u00c7al\u0131\u015fan hikayelerini payla\u015fman\u0131n bir ba\u015fka yolu da podcast yay\u0131nlar\u0131d\u0131r. Bir s\u00fcr\u00fc insan ayn\u0131 anda milyonlarca i\u015fle u\u011fra\u015f\u0131yor. Bir blog okumak veya video izlemek i\u00e7in \u00e7ok me\u015fgul olabilirler. Sonu\u00e7 olarak, insanlar oturup bir ekrana bakamad\u0131\u011f\u0131nda \u00e7al\u0131\u015fan hikayelerinizi sesli olarak iletebilirsiniz.<\/span><\/p>\n<h3><span style=\"font-weight: 400;\">\u00c7al\u0131\u015fan Savunuculu\u011fu<\/span><\/h3>\n<p><span style=\"font-weight: 400;\">\u00c7al\u0131\u015fanlar\u0131n\u0131z\u0131n seslerini payla\u015fman\u0131n, onlar\u0131 do\u011frudan kullanmalar\u0131 i\u00e7in g\u00fc\u00e7lendirmekten daha iyi bir yolu var m\u0131? GaggleAmp ve Bambu gibi <a href=\"https:\/\/www.questionpro.com\/blog\/employee-advocacy\/\">\u00e7al\u0131\u015fan savunuculu\u011fu<\/a> ara\u00e7lar\u0131 mevcuttur. \u00c7al\u0131\u015fanlar\u0131n i\u00e7erikleri yeniden payla\u015fmas\u0131na, yorumlar\u0131n\u0131 eklemesine ve \u015firketin payla\u015fmas\u0131 i\u00e7in i\u00e7erik \u00f6nermesine olanak tan\u0131r.  <\/span><\/p>\n<p><span style=\"font-weight: 400;\">\u00c7al\u0131\u015fanlara y\u00f6nlendirmeler, dijital varl\u0131klar veya ara\u00e7lar vermek, \u00e7al\u0131\u015fan savunuculu\u011funu art\u0131rman\u0131n bir ba\u015fka yoludur. \u0130nsanlara do\u011frudan sosyal a\u011f sitelerinde payla\u015f\u0131m yapmalar\u0131 i\u00e7in ilham verecektir. \u00d6rne\u011fin, yeni \u00e7al\u0131\u015fanlara swag g\u00f6nderiyorsan\u0131z, onlar\u0131 i\u015fveren markan\u0131z\u0131n hashtag&#8217;ini kullanarak LinkedIn a\u011flar\u0131yla bir foto\u011fraf payla\u015fmaya te\u015fvik eden bir not ekleyin.<\/span><\/p>\n<h2 id=\"Conclusion\" class=\"blankurl\"><span style=\"font-weight: 400;\">Sonu\u00e7<\/span><\/h2>\n<p><span style=\"font-weight: 400;\">\u00c7al\u0131\u015fanlar\u0131n\u0131z \u015firketinizin ba\u015far\u0131s\u0131n\u0131n birincil kayna\u011f\u0131d\u0131r. Onlar, hedeflere ula\u015fmak, yeni f\u0131rsatlar yaratmak ve \u00e7evrelerindekilerin profesyonel olarak b\u00fcy\u00fcmelerine yard\u0131mc\u0131 olmak i\u00e7in her g\u00fcn perde arkas\u0131nda \u00e7ok \u00e7al\u0131\u015fan insanlard\u0131r. \u00c7al\u0131\u015fan Spot I\u015f\u0131\u011f\u0131, i\u00e7 ve d\u0131\u015f \u00e7abalar\u0131n\u0131 vurgulamak i\u00e7in harika bir yoldur.<\/span><\/p>\n<p><span style=\"font-weight: 400;\">Herkesin tam potansiyeline ula\u015fabilece\u011fi bir \u00e7al\u0131\u015fma ortam\u0131 geli\u015ftirmeye haz\u0131r m\u0131s\u0131n\u0131z? <span data-sheets-value=\"{\"1\":2,\"2\":\"Learn more about how to get ongoing feedback from your employees and start taking action to make a positive impact in your organization with QuestionPro Workforce.\"}\" data-sheets-userformat=\"{\"2\":1315713,\"3\":{\"1\":0},\"10\":2,\"11\":4,\"12\":0,\"15\":\"Arial\",\"21\":0,\"23\":1}\" data-sheets-textstyleruns=\"{\"1\":0}\uee10{\"1\":141,\"2\":{\"2\":{\"1\":2,\"2\":1136076},\"9\":1}}\uee10{\"1\":162}\" data-sheets-hyperlinkruns=\"{\"1\":141,\"2\":\"https:\/\/www.questionpro.com\/workforce\/\"}\uee10{\"1\":162}\">\u00c7al\u0131\u015fanlar\u0131n\u0131zdan s\u00fcrekli geri bildirim alma hakk\u0131nda daha fazla bilgi edinin ve <a class=\"in-cell-link\" href=\"https:\/\/www.questionpro.com\/workforce\/\" target=\"_blank\" rel=\"noopener\">QuestionPro Workforce<\/a> ile kurulu\u015funuzu olumlu y\u00f6nde etkilemek i\u00e7in harekete ge\u00e7in.<\/span><\/span><\/p>\n<p style=\"text-align: center;\"><a href=\"https:\/\/www.questionpro.com\/workforce\/book-a-demo\/\" target=\"_blank\" rel=\"noopener\"><br \/>\n  <button>DEMO REZERVASYONU YAPIN<\/button><br \/>\n<\/a>       <a href=\"https:\/\/www.questionpro.com\/workforce\/\" target=\"_blank\" rel=\"noopener\"><br \/>\n  <button>DAHA FAZLA BI\u0307LGI\u0307 EDI\u0307NI\u0307N<\/button><br \/>\n<\/a><\/p>\n","protected":false},"excerpt":{"rendered":"<p>Employee Spotlight i\u00e7eri\u011fi \u00e7al\u0131\u015fan\u0131n\u0131z\u0131n i\u015f ge\u00e7mi\u015fine odaklan\u0131r. \u00c7al\u0131\u015fanlar\u0131 \u00d6ne \u00c7\u0131karan g\u00f6nderiler, ekibiniz hakk\u0131nda hikayeler anlatman\u0131n harika bir yoludur. \u00c7al\u0131\u015fan ba\u011flant\u0131lar\u0131n\u0131n [&hellip;]<\/p>\n","protected":false},"author":49,"featured_media":712277,"comment_status":"closed","ping_status":"closed","sticky":false,"template":"","format":"standard","meta":{"_genesis_hide_title":false,"_genesis_hide_breadcrumbs":false,"_genesis_hide_singular_image":false,"_genesis_hide_footer_widgets":false,"_genesis_custom_body_class":"","_genesis_custom_post_class":"","_genesis_layout":"","footnotes":""},"categories":[1162],"tags":[],"yoast_head":"<!-- This site is optimized with the Yoast SEO plugin v20.4 - https:\/\/yoast.com\/wordpress\/plugins\/seo\/ -->\n<title>\u00c7al\u0131\u015fan Spot I\u015f\u0131\u011f\u0131: \u00d6rneklerle Eksiksiz K\u0131lavuz | QuestionPro<\/title>\n<meta name=\"description\" content=\"\u00c7al\u0131\u015fan spotu, \u015firketinizin en de\u011ferli varl\u0131\u011f\u0131 olan \u00e7al\u0131\u015fanlar\u0131n\u0131 \u00f6ne \u00e7\u0131kar\u0131r. Bu konuda daha fazla bilgi edinin ve nas\u0131l geli\u015ftirebilece\u011finizi \u00f6\u011frenin.\" \/>\n<meta name=\"robots\" content=\"index, follow, max-snippet:-1, max-image-preview:large, max-video-preview:-1\" \/>\n<link rel=\"canonical\" href=\"https:\/\/www.questionpro.com\/blog\/tr\/calisan-spot-isigi-orneklerle-eksiksiz-kilavuz\/\" \/>\n<meta property=\"og:locale\" content=\"tr_TR\" \/>\n<meta property=\"og:type\" content=\"article\" \/>\n<meta property=\"og:title\" content=\"\u00c7al\u0131\u015fan Spot I\u015f\u0131\u011f\u0131: \u00d6rneklerle Eksiksiz K\u0131lavuz | QuestionPro\" \/>\n<meta property=\"og:description\" content=\"\u00c7al\u0131\u015fan spotu, \u015firketinizin en de\u011ferli varl\u0131\u011f\u0131 olan \u00e7al\u0131\u015fanlar\u0131n\u0131 \u00f6ne \u00e7\u0131kar\u0131r. Bu konuda daha fazla bilgi edinin ve nas\u0131l geli\u015ftirebilece\u011finizi \u00f6\u011frenin.\" \/>\n<meta property=\"og:url\" content=\"https:\/\/www.questionpro.com\/blog\/tr\/calisan-spot-isigi-orneklerle-eksiksiz-kilavuz\/\" \/>\n<meta property=\"og:site_name\" content=\"QuestionPro\" \/>\n<meta property=\"article:publisher\" content=\"https:\/\/www.facebook.com\/questionpro\" \/>\n<meta property=\"article:published_time\" content=\"2022-06-04T15:27:18+00:00\" \/>\n<meta property=\"og:image\" content=\"https:\/\/www.questionpro.com\/blog\/wp-content\/uploads\/2022\/06\/employee-spotlight.jpg\" \/>\n\t<meta property=\"og:image:width\" content=\"992\" \/>\n\t<meta property=\"og:image:height\" content=\"594\" \/>\n\t<meta property=\"og:image:type\" content=\"image\/jpeg\" \/>\n<meta name=\"author\" content=\"Fabyio Villegas\" \/>\n<meta name=\"twitter:card\" content=\"summary_large_image\" \/>\n<meta name=\"twitter:creator\" content=\"@questionpro\" \/>\n<meta name=\"twitter:site\" content=\"@questionpro\" \/>\n<meta name=\"twitter:label1\" content=\"Yazan:\" \/>\n\t<meta name=\"twitter:data1\" content=\"Fabyio Villegas\" \/>\n\t<meta name=\"twitter:label2\" content=\"Tahmini okuma s\u00fcresi\" \/>\n\t<meta name=\"twitter:data2\" content=\"8 dakika\" \/>\n<script type=\"application\/ld+json\" class=\"yoast-schema-graph\">{\"@context\":\"https:\/\/schema.org\",\"@graph\":[{\"@type\":\"Article\",\"@id\":\"https:\/\/www.questionpro.com\/blog\/tr\/calisan-spot-isigi-orneklerle-eksiksiz-kilavuz\/#article\",\"isPartOf\":{\"@id\":\"https:\/\/www.questionpro.com\/blog\/tr\/calisan-spot-isigi-orneklerle-eksiksiz-kilavuz\/\"},\"author\":{\"name\":\"Fabyio Villegas\",\"@id\":\"https:\/\/www.questionpro.com\/blog\/tr\/#\/schema\/person\/4f0c1596eb1a64b215717f16e263068d\"},\"headline\":\"\u00c7al\u0131\u015fan Spot I\u015f\u0131\u011f\u0131: \u00d6rneklerle Eksiksiz K\u0131lavuz\",\"datePublished\":\"2022-06-04T15:27:18+00:00\",\"dateModified\":\"2022-06-04T15:27:18+00:00\",\"mainEntityOfPage\":{\"@id\":\"https:\/\/www.questionpro.com\/blog\/tr\/calisan-spot-isigi-orneklerle-eksiksiz-kilavuz\/\"},\"wordCount\":1589,\"publisher\":{\"@id\":\"https:\/\/www.questionpro.com\/blog\/tr\/#organization\"},\"articleSection\":[\"\u0130\u015f G\u00fcc\u00fc\"],\"inLanguage\":\"tr\"},{\"@type\":\"WebPage\",\"@id\":\"https:\/\/www.questionpro.com\/blog\/tr\/calisan-spot-isigi-orneklerle-eksiksiz-kilavuz\/\",\"url\":\"https:\/\/www.questionpro.com\/blog\/tr\/calisan-spot-isigi-orneklerle-eksiksiz-kilavuz\/\",\"name\":\"\u00c7al\u0131\u015fan Spot I\u015f\u0131\u011f\u0131: \u00d6rneklerle Eksiksiz K\u0131lavuz | QuestionPro\",\"isPartOf\":{\"@id\":\"https:\/\/www.questionpro.com\/blog\/tr\/#website\"},\"datePublished\":\"2022-06-04T15:27:18+00:00\",\"dateModified\":\"2022-06-04T15:27:18+00:00\",\"description\":\"\u00c7al\u0131\u015fan spotu, \u015firketinizin en de\u011ferli varl\u0131\u011f\u0131 olan \u00e7al\u0131\u015fanlar\u0131n\u0131 \u00f6ne \u00e7\u0131kar\u0131r. Bu konuda daha fazla bilgi edinin ve nas\u0131l geli\u015ftirebilece\u011finizi \u00f6\u011frenin.\",\"breadcrumb\":{\"@id\":\"https:\/\/www.questionpro.com\/blog\/tr\/calisan-spot-isigi-orneklerle-eksiksiz-kilavuz\/#breadcrumb\"},\"inLanguage\":\"tr\",\"potentialAction\":[{\"@type\":\"ReadAction\",\"target\":[\"https:\/\/www.questionpro.com\/blog\/tr\/calisan-spot-isigi-orneklerle-eksiksiz-kilavuz\/\"]}]},{\"@type\":\"BreadcrumbList\",\"@id\":\"https:\/\/www.questionpro.com\/blog\/tr\/calisan-spot-isigi-orneklerle-eksiksiz-kilavuz\/#breadcrumb\",\"itemListElement\":[{\"@type\":\"ListItem\",\"position\":1,\"name\":\"Ev\",\"item\":\"https:\/\/www.questionpro.com\/blog\/tr\/\"},{\"@type\":\"ListItem\",\"position\":2,\"name\":\"Uncategorized @tr\",\"item\":\"https:\/\/www.questionpro.com\/blog\/tr\/category\/uncategorized-tr\/\"},{\"@type\":\"ListItem\",\"position\":3,\"name\":\"\u00c7al\u0131\u015fan Spot I\u015f\u0131\u011f\u0131: \u00d6rneklerle Eksiksiz K\u0131lavuz\"}]},{\"@type\":\"WebSite\",\"@id\":\"https:\/\/www.questionpro.com\/blog\/tr\/#website\",\"url\":\"https:\/\/www.questionpro.com\/blog\/tr\/\",\"name\":\"QuestionPro\",\"description\":\"\",\"publisher\":{\"@id\":\"https:\/\/www.questionpro.com\/blog\/tr\/#organization\"},\"potentialAction\":[{\"@type\":\"SearchAction\",\"target\":{\"@type\":\"EntryPoint\",\"urlTemplate\":\"https:\/\/www.questionpro.com\/blog\/tr\/?s={search_term_string}\"},\"query-input\":\"required name=search_term_string\"}],\"inLanguage\":\"tr\"},{\"@type\":\"Organization\",\"@id\":\"https:\/\/www.questionpro.com\/blog\/tr\/#organization\",\"name\":\"QuestionPro\",\"url\":\"https:\/\/www.questionpro.com\/blog\/tr\/\",\"logo\":{\"@type\":\"ImageObject\",\"inLanguage\":\"tr\",\"@id\":\"https:\/\/www.questionpro.com\/blog\/tr\/#\/schema\/logo\/image\/\",\"url\":\"https:\/\/www.questionpro.com\/blog\/wp-content\/uploads\/2022\/10\/questionpro-logo.svg\",\"contentUrl\":\"https:\/\/www.questionpro.com\/blog\/wp-content\/uploads\/2022\/10\/questionpro-logo.svg\",\"caption\":\"QuestionPro\"},\"image\":{\"@id\":\"https:\/\/www.questionpro.com\/blog\/tr\/#\/schema\/logo\/image\/\"},\"sameAs\":[\"https:\/\/www.facebook.com\/questionpro\",\"https:\/\/twitter.com\/questionpro\",\"https:\/\/www.linkedin.com\/company\/questionpro\/\"]},{\"@type\":\"Person\",\"@id\":\"https:\/\/www.questionpro.com\/blog\/tr\/#\/schema\/person\/4f0c1596eb1a64b215717f16e263068d\",\"name\":\"Fabyio Villegas\",\"image\":{\"@type\":\"ImageObject\",\"inLanguage\":\"tr\",\"@id\":\"https:\/\/www.questionpro.com\/blog\/tr\/#\/schema\/person\/image\/\",\"url\":\"https:\/\/secure.gravatar.com\/avatar\/c1eda364265c66792ad93d208502b662?s=96&d=mm&r=g\",\"contentUrl\":\"https:\/\/secure.gravatar.com\/avatar\/c1eda364265c66792ad93d208502b662?s=96&d=mm&r=g\",\"caption\":\"Fabyio Villegas\"},\"description\":\"Copywriter and SEO Specialist. With over 11 years of experience in Digital Marketing and Educational Content Curation.\",\"url\":\"https:\/\/www.questionpro.com\/blog\/tr\/author\/fabiola\/\"}]}<\/script>\n<!-- \/ Yoast SEO plugin. -->","yoast_head_json":{"title":"\u00c7al\u0131\u015fan Spot I\u015f\u0131\u011f\u0131: \u00d6rneklerle Eksiksiz K\u0131lavuz | QuestionPro","description":"\u00c7al\u0131\u015fan spotu, \u015firketinizin en de\u011ferli varl\u0131\u011f\u0131 olan \u00e7al\u0131\u015fanlar\u0131n\u0131 \u00f6ne \u00e7\u0131kar\u0131r. Bu konuda daha fazla bilgi edinin ve nas\u0131l geli\u015ftirebilece\u011finizi \u00f6\u011frenin.","robots":{"index":"index","follow":"follow","max-snippet":"max-snippet:-1","max-image-preview":"max-image-preview:large","max-video-preview":"max-video-preview:-1"},"canonical":"https:\/\/www.questionpro.com\/blog\/tr\/calisan-spot-isigi-orneklerle-eksiksiz-kilavuz\/","og_locale":"tr_TR","og_type":"article","og_title":"\u00c7al\u0131\u015fan Spot I\u015f\u0131\u011f\u0131: \u00d6rneklerle Eksiksiz K\u0131lavuz | QuestionPro","og_description":"\u00c7al\u0131\u015fan spotu, \u015firketinizin en de\u011ferli varl\u0131\u011f\u0131 olan \u00e7al\u0131\u015fanlar\u0131n\u0131 \u00f6ne \u00e7\u0131kar\u0131r. Bu konuda daha fazla bilgi edinin ve nas\u0131l geli\u015ftirebilece\u011finizi \u00f6\u011frenin.","og_url":"https:\/\/www.questionpro.com\/blog\/tr\/calisan-spot-isigi-orneklerle-eksiksiz-kilavuz\/","og_site_name":"QuestionPro","article_publisher":"https:\/\/www.facebook.com\/questionpro","article_published_time":"2022-06-04T15:27:18+00:00","og_image":[{"width":992,"height":594,"url":"https:\/\/www.questionpro.com\/blog\/wp-content\/uploads\/2022\/06\/employee-spotlight.jpg","type":"image\/jpeg"}],"author":"Fabyio Villegas","twitter_card":"summary_large_image","twitter_creator":"@questionpro","twitter_site":"@questionpro","twitter_misc":{"Yazan:":"Fabyio Villegas","Tahmini okuma s\u00fcresi":"8 dakika"},"schema":{"@context":"https:\/\/schema.org","@graph":[{"@type":"Article","@id":"https:\/\/www.questionpro.com\/blog\/tr\/calisan-spot-isigi-orneklerle-eksiksiz-kilavuz\/#article","isPartOf":{"@id":"https:\/\/www.questionpro.com\/blog\/tr\/calisan-spot-isigi-orneklerle-eksiksiz-kilavuz\/"},"author":{"name":"Fabyio Villegas","@id":"https:\/\/www.questionpro.com\/blog\/tr\/#\/schema\/person\/4f0c1596eb1a64b215717f16e263068d"},"headline":"\u00c7al\u0131\u015fan Spot I\u015f\u0131\u011f\u0131: \u00d6rneklerle Eksiksiz K\u0131lavuz","datePublished":"2022-06-04T15:27:18+00:00","dateModified":"2022-06-04T15:27:18+00:00","mainEntityOfPage":{"@id":"https:\/\/www.questionpro.com\/blog\/tr\/calisan-spot-isigi-orneklerle-eksiksiz-kilavuz\/"},"wordCount":1589,"publisher":{"@id":"https:\/\/www.questionpro.com\/blog\/tr\/#organization"},"articleSection":["\u0130\u015f G\u00fcc\u00fc"],"inLanguage":"tr"},{"@type":"WebPage","@id":"https:\/\/www.questionpro.com\/blog\/tr\/calisan-spot-isigi-orneklerle-eksiksiz-kilavuz\/","url":"https:\/\/www.questionpro.com\/blog\/tr\/calisan-spot-isigi-orneklerle-eksiksiz-kilavuz\/","name":"\u00c7al\u0131\u015fan Spot I\u015f\u0131\u011f\u0131: \u00d6rneklerle Eksiksiz K\u0131lavuz | QuestionPro","isPartOf":{"@id":"https:\/\/www.questionpro.com\/blog\/tr\/#website"},"datePublished":"2022-06-04T15:27:18+00:00","dateModified":"2022-06-04T15:27:18+00:00","description":"\u00c7al\u0131\u015fan spotu, \u015firketinizin en de\u011ferli varl\u0131\u011f\u0131 olan \u00e7al\u0131\u015fanlar\u0131n\u0131 \u00f6ne \u00e7\u0131kar\u0131r. Bu konuda daha fazla bilgi edinin ve nas\u0131l geli\u015ftirebilece\u011finizi \u00f6\u011frenin.","breadcrumb":{"@id":"https:\/\/www.questionpro.com\/blog\/tr\/calisan-spot-isigi-orneklerle-eksiksiz-kilavuz\/#breadcrumb"},"inLanguage":"tr","potentialAction":[{"@type":"ReadAction","target":["https:\/\/www.questionpro.com\/blog\/tr\/calisan-spot-isigi-orneklerle-eksiksiz-kilavuz\/"]}]},{"@type":"BreadcrumbList","@id":"https:\/\/www.questionpro.com\/blog\/tr\/calisan-spot-isigi-orneklerle-eksiksiz-kilavuz\/#breadcrumb","itemListElement":[{"@type":"ListItem","position":1,"name":"Ev","item":"https:\/\/www.questionpro.com\/blog\/tr\/"},{"@type":"ListItem","position":2,"name":"Uncategorized @tr","item":"https:\/\/www.questionpro.com\/blog\/tr\/category\/uncategorized-tr\/"},{"@type":"ListItem","position":3,"name":"\u00c7al\u0131\u015fan Spot I\u015f\u0131\u011f\u0131: \u00d6rneklerle Eksiksiz K\u0131lavuz"}]},{"@type":"WebSite","@id":"https:\/\/www.questionpro.com\/blog\/tr\/#website","url":"https:\/\/www.questionpro.com\/blog\/tr\/","name":"QuestionPro","description":"","publisher":{"@id":"https:\/\/www.questionpro.com\/blog\/tr\/#organization"},"potentialAction":[{"@type":"SearchAction","target":{"@type":"EntryPoint","urlTemplate":"https:\/\/www.questionpro.com\/blog\/tr\/?s={search_term_string}"},"query-input":"required name=search_term_string"}],"inLanguage":"tr"},{"@type":"Organization","@id":"https:\/\/www.questionpro.com\/blog\/tr\/#organization","name":"QuestionPro","url":"https:\/\/www.questionpro.com\/blog\/tr\/","logo":{"@type":"ImageObject","inLanguage":"tr","@id":"https:\/\/www.questionpro.com\/blog\/tr\/#\/schema\/logo\/image\/","url":"https:\/\/www.questionpro.com\/blog\/wp-content\/uploads\/2022\/10\/questionpro-logo.svg","contentUrl":"https:\/\/www.questionpro.com\/blog\/wp-content\/uploads\/2022\/10\/questionpro-logo.svg","caption":"QuestionPro"},"image":{"@id":"https:\/\/www.questionpro.com\/blog\/tr\/#\/schema\/logo\/image\/"},"sameAs":["https:\/\/www.facebook.com\/questionpro","https:\/\/twitter.com\/questionpro","https:\/\/www.linkedin.com\/company\/questionpro\/"]},{"@type":"Person","@id":"https:\/\/www.questionpro.com\/blog\/tr\/#\/schema\/person\/4f0c1596eb1a64b215717f16e263068d","name":"Fabyio Villegas","image":{"@type":"ImageObject","inLanguage":"tr","@id":"https:\/\/www.questionpro.com\/blog\/tr\/#\/schema\/person\/image\/","url":"https:\/\/secure.gravatar.com\/avatar\/c1eda364265c66792ad93d208502b662?s=96&d=mm&r=g","contentUrl":"https:\/\/secure.gravatar.com\/avatar\/c1eda364265c66792ad93d208502b662?s=96&d=mm&r=g","caption":"Fabyio Villegas"},"description":"Copywriter and SEO Specialist. With over 11 years of experience in Digital Marketing and Educational Content Curation.","url":"https:\/\/www.questionpro.com\/blog\/tr\/author\/fabiola\/"}]}},"featured_image_src":"https:\/\/www.questionpro.com\/blog\/wp-content\/uploads\/2022\/06\/employee-spotlight.jpg","featured_image_src_square":"https:\/\/www.questionpro.com\/blog\/wp-content\/uploads\/2022\/06\/employee-spotlight.jpg","author_info":{"display_name":"Fabyio Villegas","author_link":"https:\/\/www.questionpro.com\/blog\/tr\/author\/fabiola\/"},"_links":{"self":[{"href":"https:\/\/www.questionpro.com\/blog\/tr\/wp-json\/wp\/v2\/posts\/794081"}],"collection":[{"href":"https:\/\/www.questionpro.com\/blog\/tr\/wp-json\/wp\/v2\/posts"}],"about":[{"href":"https:\/\/www.questionpro.com\/blog\/tr\/wp-json\/wp\/v2\/types\/post"}],"author":[{"embeddable":true,"href":"https:\/\/www.questionpro.com\/blog\/tr\/wp-json\/wp\/v2\/users\/49"}],"replies":[{"embeddable":true,"href":"https:\/\/www.questionpro.com\/blog\/tr\/wp-json\/wp\/v2\/comments?post=794081"}],"version-history":[{"count":0,"href":"https:\/\/www.questionpro.com\/blog\/tr\/wp-json\/wp\/v2\/posts\/794081\/revisions"}],"wp:featuredmedia":[{"embeddable":true,"href":"https:\/\/www.questionpro.com\/blog\/tr\/wp-json\/wp\/v2\/media\/712277"}],"wp:attachment":[{"href":"https:\/\/www.questionpro.com\/blog\/tr\/wp-json\/wp\/v2\/media?parent=794081"}],"wp:term":[{"taxonomy":"category","embeddable":true,"href":"https:\/\/www.questionpro.com\/blog\/tr\/wp-json\/wp\/v2\/categories?post=794081"},{"taxonomy":"post_tag","embeddable":true,"href":"https:\/\/www.questionpro.com\/blog\/tr\/wp-json\/wp\/v2\/tags?post=794081"}],"curies":[{"name":"wp","href":"https:\/\/api.w.org\/{rel}","templated":true}]}}