

{"id":794238,"date":"2022-12-29T11:00:00","date_gmt":"2022-12-29T18:00:00","guid":{"rendered":"https:\/\/www.questionpro.com\/blog\/veri-toplama-plani-nedir-uygulanacak-adimlar\/"},"modified":"2023-05-26T04:26:25","modified_gmt":"2023-05-26T04:26:25","slug":"veri-toplama-plani-nedir-uygulanacak-adimlar","status":"publish","type":"post","link":"https:\/\/www.questionpro.com\/blog\/tr\/veri-toplama-plani-nedir-uygulanacak-adimlar\/","title":{"rendered":"Veri Toplama Plan\u0131: Nedir + Uygulanacak Ad\u0131mlar"},"content":{"rendered":"\n<p>Sa\u011flam, kapsaml\u0131 ve genel olarak ba\u015far\u0131l\u0131 bir pazar ara\u015ft\u0131rmas\u0131 giri\u015fimi olu\u015fturmak i\u00e7in \u00e7e\u015fitli planlar birlikte \u00e7al\u0131\u015f\u0131r ve en \u00f6nemli par\u00e7alardan biri veri toplama plan\u0131d\u0131r.<\/p>\n\n<p>Bir veri toplama plan\u0131, kurulu\u015funuzun verilerinin kayna\u011f\u0131ndan eyleme d\u00f6n\u00fc\u015ft\u00fcr\u00fclebilir i\u00e7g\u00f6r\u00fclere nas\u0131l akaca\u011f\u0131n\u0131 a\u00e7\u0131klar. Bu plan\u0131 olu\u015fturma s\u00fcreci, verilerinizin nereden geldi\u011fini, bunlara kimin eri\u015fimi oldu\u011funu ve nas\u0131l toplan\u0131p sakland\u0131\u011f\u0131n\u0131 ortaya \u00e7\u0131karacakt\u0131r.<\/p>\n\n<p>A\u015fa\u011f\u0131da, bir veri toplama plan\u0131n\u0131, neden bir plana ihtiyac\u0131n\u0131z oldu\u011funu ve bunu nas\u0131l kullanaca\u011f\u0131n\u0131z\u0131 a\u00e7\u0131kl\u0131yoruz. Ayr\u0131ca, verilerinizin i\u015finizi ileriye g\u00f6t\u00fcrecek eyleme ge\u00e7irilebilir i\u00e7g\u00f6r\u00fcler \u00fcretme yolunda ilerlemesini sa\u011flamak i\u00e7in bir veri toplama plan\u0131 olu\u015fturman\u0131n temel ad\u0131mlar\u0131n\u0131 da g\u00f6zden ge\u00e7iriyoruz.<\/p>\n\n<h2 class=\"wp-block-heading\">Veri toplama plan\u0131 nedir?<\/h2>\n\n<p><a href=\"https:\/\/www.questionpro.com\/blog\/tr\/veri-toplama-nedir-ve-orneklerle-yontemler\/\">Veri toplama<\/a> plan\u0131, bir proje i\u00e7in veri toplamaya y\u00f6nelik kesin ad\u0131mlar\u0131 ve s\u0131ralamalar\u0131 \u00f6zetleyen ayr\u0131nt\u0131l\u0131 bir belgedir. Varyasyon ve kusurlar\u0131 azaltarak \u00e7\u0131\u011f\u0131r a\u00e7an bir iyile\u015ftirme elde etmeye y\u00f6nelik istatistiksel bir yakla\u015f\u0131md\u0131r.<\/p>\n\n<p>Veri toplama plan\u0131, verilerin kurulu\u015fun kilit payda\u015flar\u0131na do\u011fru bir \u015fekilde g\u00f6nderilmesini ve bu payda\u015flar\u0131n veri ihtiya\u00e7lar\u0131n\u0131 kar\u015f\u0131lamalar\u0131na yard\u0131mc\u0131 olunmas\u0131n\u0131 sa\u011flar. Plan, toplanan verilerin ge\u00e7erli ve anlaml\u0131 olmas\u0131n\u0131 sa\u011flamay\u0131 ama\u00e7lamaktad\u0131r.<\/p>\n\n<p>Kaynaklar\u0131n ilgisiz veya kullan\u0131lamaz verilerle israf edilmesini \u00f6nlemek i\u00e7in bir veri toplama plan\u0131na ihtiyac\u0131m\u0131z var. Veri toplamak i\u00e7in bir plan yaparak, i\u015fle ilgili belirli sorular\u0131 yan\u0131tlamaya odaklanabiliriz.<\/p>\n\n<h2 class=\"wp-block-heading\">Neden Bir Veri Toplama Plan\u0131na \u0130htiyac\u0131n\u0131z Var?<\/h2>\n\n<p>\u00c7ok say\u0131da farkl\u0131 t\u00fcrde veri toplamak ve bunlara bakmak, ne anlama geldiklerini anlayamazsan\u0131z pek yard\u0131mc\u0131 olmaz. Veri toplamak i\u00e7in iyi bir plan, para ve zamandan tasarruf edilmesine yard\u0131mc\u0131 olur \u00e7\u00fcnk\u00fc plans\u0131z veri toplamak uzun zaman alabilir. Ayr\u0131ca, ihtiya\u00e7 duyuldu\u011funda t\u00fcm verileri elde etmek m\u00fcmk\u00fcn olmayabilir.  <\/p>\n\n<p>Ve bunlar, i\u015fletmenizin veri toplamak i\u00e7in bir plana ihtiya\u00e7 duymas\u0131n\u0131n en \u00f6nemli nedenleridir. Bir i\u015fletme, veri toplamak i\u00e7in bir plan yaparak, i\u015fletme i\u00e7in \u00f6nemli olan belirli sorular\u0131 yan\u0131tlamaya odaklanabilir.<\/p>\n\n<h2 class=\"wp-block-heading\">Veri toplama plan\u0131 ne zaman ve nas\u0131l kullan\u0131lmal\u0131?<\/h2>\n\n<p>Kapsaml\u0131 bir veri toplama plan\u0131, toplanan verilerin faydal\u0131 ve iyi organize edilmi\u015f olmas\u0131n\u0131 sa\u011flar. Plan, bir s\u00fcrecin mevcut durumunu de\u011ferlendirmek veya bir proje ya da s\u00fcreci geli\u015ftirmek i\u00e7in kullan\u0131l\u0131r. Buna ek olarak, bir projenin son a\u015famas\u0131nda yeni metrikler ve gerekli de\u011ferlendirme prosed\u00fcrleri olu\u015fturulurken faydal\u0131d\u0131r.<\/p>\n\n<p>Do\u011fru bir veri toplama plan\u0131, a\u015fa\u011f\u0131dakileri de i\u00e7eren sistematik bir yakla\u015f\u0131m benimsemek anlam\u0131na gelir:<\/p>\n\n<ul>\n<li>Toplanacak verileri belirleyin.<\/li>\n\n\n\n<li>Verilerin nas\u0131l toplanaca\u011f\u0131<\/li>\n\n\n\n<li>Verilerin toplanmas\u0131<\/li>\n<\/ul>\n\n<h2 class=\"wp-block-heading\">Veri toplama plan\u0131 olu\u015fturma ad\u0131mlar\u0131<\/h2>\n\n<p>\u015eimdi, bir veri toplama plan\u0131n\u0131n nas\u0131l yap\u0131laca\u011f\u0131n\u0131 a\u00e7\u0131klamak i\u00e7in bu plan\u0131n ad\u0131mlar\u0131n\u0131 inceleyece\u011fiz. Veri toplama plan\u0131 8 ad\u0131mdan olu\u015fmaktad\u0131r:<\/p>\n\n<ol>\n<li>Sorular\u0131 tan\u0131mlay\u0131n<\/li>\n<\/ol>\n\n<p>Veri toplama plan\u0131 yapman\u0131n ilk ad\u0131m\u0131, hangi sorular\u0131 yan\u0131tlamak istedi\u011fimize karar vermektir. Bilgilerimizin proje i\u00e7in faydal\u0131 olmas\u0131 gerekiyor. Bu sorular, s\u00fcrecimizin mevcut haliyle ger\u00e7ekten nas\u0131l oldu\u011funa dayanmal\u0131d\u0131r.<\/p>\n\n<p>Veri toplaman\u0131n en iyi yolu SIPOC diyagram\u0131n\u0131 bir rehber olarak kullanmakt\u0131r. Ayr\u0131ca hangi \u00f6l\u00e7\u00fcmleri veya metrikleri kullanmak istedi\u011fimize de karar vermeliyiz.<\/p>\n\n<ol start=\"2\">\n<li>Eri\u015filebilir verileri tan\u0131mlay\u0131n<\/li>\n<\/ol>\n\n<p>Bir veri toplama plan\u0131 geli\u015ftirmenin ikinci ad\u0131m\u0131, ne t\u00fcr verilerin toplanabilece\u011fini belirlemektir. Belirli bir veri par\u00e7as\u0131 zaman zaman bize bir\u00e7ok \u00e7\u00f6z\u00fcm sunabilir. Projenin dayand\u0131\u011f\u0131 sorular\u0131 yan\u0131tlamak i\u00e7in ihtiya\u00e7 duydu\u011funuz t\u00fcm veri noktalar\u0131n\u0131 listeledi\u011finizden emin olun.<\/p>\n\n<ol start=\"3\">\n<li>Ne kadar veri gerekti\u011fini belirleyin<\/li>\n<\/ol>\n\n<p>Bir veri toplama plan\u0131n\u0131n \u00fc\u00e7\u00fcnc\u00fc ad\u0131m\u0131, gerekli verilerin belirlenmesidir. Listedeki her bit i\u00e7in ne kadar veri gerekti\u011fini yaz\u0131n. Amac\u0131m\u0131z, uygun <a href=\"https:\/\/www.questionpro.com\/blog\/tr\/veri-analizi-nedir-orneklerle-ucretsiz-kilavuz\/\">veri analizi<\/a> yapmak ve kal\u0131plar\u0131 ve e\u011filimleri belirlemek i\u00e7in yeterli bilgi toplamakt\u0131r.<\/p>\n\n<ol start=\"4\">\n<li>Verilerin nas\u0131l \u00f6l\u00e7\u00fclece\u011fine karar verin<\/li>\n<\/ol>\n\n<p>Bir veri toplama plan\u0131 geli\u015ftirmenin d\u00f6rd\u00fcnc\u00fc ad\u0131m\u0131, verileri nas\u0131l \u00f6l\u00e7ece\u011fimizi belirlemektir. Veriler, kontrol formlar\u0131, anket yan\u0131tlar\u0131 vb. gibi \u00e7e\u015fitli \u015fekillerde \u00f6l\u00e7\u00fclebilir. Arad\u0131\u011f\u0131m\u0131z veri t\u00fcr\u00fc, onu nas\u0131l \u00f6l\u00e7ece\u011fimizi belirleyecektir.  <\/p>\n\n<p><strong>Anketler d\u00fczenleyerek verilerinizi \u00f6l\u00e7mek istiyorsan\u0131z QuestionPro ile ileti\u015fime ge\u00e7in. QuestionPro, \u00e7ok \u00e7e\u015fitli anket \u00f6zelliklerine sahip bir anket yaz\u0131l\u0131m\u0131d\u0131r.<\/strong><\/p>\n\n<ol start=\"5\">\n<li>Verileri kimin toplayaca\u011f\u0131n\u0131 belirleyin<\/li>\n<\/ol>\n\n<p>Veri toplama plan\u0131 geli\u015ftirmenin be\u015finci ad\u0131m\u0131, verileri kimin toplayaca\u011f\u0131n\u0131 belirlemektir. Veriler art\u0131k otomatik yaz\u0131l\u0131m kullan\u0131larak toplanabilmektedir. Verilerin uygun formatta oldu\u011fundan emin olmak i\u00e7in yaz\u0131l\u0131mdan sorumlu ki\u015fiyle ileti\u015fim kurmam\u0131z gerekebilir.<\/p>\n\n<ol start=\"6\">\n<li>Veri kayna\u011f\u0131n\u0131 se\u00e7in<\/li>\n<\/ol>\n\n<p>Alt\u0131nc\u0131 ad\u0131m veri kaynaklar\u0131n\u0131n belirlenmesidir. Bir konum veya veri kayna\u011f\u0131 se\u00e7mek, bunun ne anlama geldi\u011fini g\u00f6sterir. Konum her zaman fiziksel bir yer anlam\u0131na gelmez. S\u00fcrecin bulundu\u011fu yerdir. Veri toplama plan\u0131, s\u00fcre\u00e7 boyunca verilerin nerede toplanmas\u0131 gerekti\u011fini \u00f6zellikle belirtmelidir.<\/p>\n\n<ol start=\"7\">\n<li>Bir \u00f6rneklemi mi yoksa t\u00fcm pop\u00fclasyonu mu \u00f6l\u00e7ece\u011finizi se\u00e7in<\/li>\n<\/ol>\n\n<p>Yedinci ad\u0131m, verilerin \u00f6rneklenip \u00f6rneklenmeyece\u011fine karar vermektir. B\u00fct\u00fcn bir <a href=\"https:\/\/www.questionpro.com\/features\/data-prepopulation.html\">veri \u00f6n n\u00fcfusunu<\/a> \u00f6l\u00e7mek genellikle pratik de\u011fildir. Bu durumda, daha sonra bir veri \u00f6rne\u011fi toplar\u0131z.  <strong>Proje ekibinin a\u015fa\u011f\u0131daki soruyu ara\u015ft\u0131rmas\u0131 gerekebilir: \u0130statistiksel olarak do\u011fru yarg\u0131lar \u00fcretmek i\u00e7in \u00f6rnekleme y\u00f6ntemimiz ve \u00f6rneklem b\u00fcy\u00fckl\u00fc\u011f\u00fcm\u00fcz ne olmal\u0131d\u0131r?<\/strong><\/p>\n\n<ol start=\"8\">\n<li>Veri g\u00f6r\u00fcnt\u00fcleme format\u0131n\u0131 belirleme<\/li>\n<\/ol>\n\n<p>Sekizinci ad\u0131m, verilerin nas\u0131l g\u00f6r\u00fcnt\u00fclenece\u011fine karar vermektir. Verileri Pareto Diyagramlar\u0131, Da\u011f\u0131l\u0131m Diyagramlar\u0131 vb. gibi bir\u00e7ok \u015fekilde g\u00f6sterebiliriz.<\/p>\n\n<h2 class=\"wp-block-heading\">Sonu\u00e7<\/h2>\n\n<p>Yukar\u0131daki konu\u015fmadan veri toplama plan\u0131, i\u015finiz i\u00e7in neden buna ihtiya\u00e7 duydu\u011funuz ve bunu nas\u0131l kulland\u0131\u011f\u0131n\u0131z hakk\u0131nda g\u00fc\u00e7l\u00fc bir anlay\u0131\u015f kazand\u0131k. Ayr\u0131ca, kendinizinkini olu\u015fturman\u0131za yard\u0131mc\u0131 olacak ad\u0131mlar\u0131 tart\u0131\u015ft\u0131k.<\/p>\n\n<p>Veri toplama plan\u0131, ne t\u00fcr verilerin toplanmas\u0131 gerekti\u011fini, nas\u0131l, nerede, ne s\u0131kl\u0131kta ve verilerin toplanmas\u0131ndan kimin sorumlu oldu\u011funu belirtir. Bu belge, ilgili t\u00fcm \u00e7al\u0131\u015fanlar\u0131n veri toplama gerekliliklerini anlamas\u0131n\u0131 sa\u011flar.<\/p>\n\n<p>Art\u0131k i\u015fletmeniz i\u00e7in nas\u0131l bir veri toplama plan\u0131 geli\u015ftirece\u011finizi biliyorsunuz. Plan\u0131n\u0131z\u0131 yapmak i\u00e7in yard\u0131ma ihtiyac\u0131n\u0131z varsa QuestionPro ile ileti\u015fime ge\u00e7ebilirsiniz. QuestionPro, veri y\u00f6netimine yard\u0131mc\u0131 olan ve ger\u00e7ek zamanl\u0131 veri ve i\u015f bilgileri sa\u011flayan bir anket yaz\u0131l\u0131m\u0131 ve veri y\u00f6netimi \u00e7\u00f6z\u00fcm\u00fcd\u00fcr. Daha fazla bilgi edinmek i\u00e7in hemen \u00fccretsiz deneme s\u00fcr\u00fcm\u00fc isteyin!<\/p>\n\n<p><\/p><p style=\"text-align: center;\"><a href=\"https:\/\/www.questionpro.com\/research-edition-survey-software\/\" target=\"_blank\" rel=\"noopener\">\n  <button>DAHA FAZLA BI\u0307LGI\u0307 EDI\u0307NI\u0307N<\/button>\n<\/a>       <a href=\"https:\/\/www.questionpro.com\/a\/showEntry.do?classID=1053&amp;sourceRef=blog\" target=\"_blank\" rel=\"noopener\">\n  <button>\u00dcCRETS\u0130Z DENEME<\/button>\n<\/a><\/p>\n","protected":false},"excerpt":{"rendered":"<p>Sa\u011flam, kapsaml\u0131 ve genel olarak ba\u015far\u0131l\u0131 bir pazar ara\u015ft\u0131rmas\u0131 giri\u015fimi olu\u015fturmak i\u00e7in \u00e7e\u015fitli planlar birlikte \u00e7al\u0131\u015f\u0131r ve en \u00f6nemli par\u00e7alardan [&hellip;]<\/p>\n","protected":false},"author":49,"featured_media":768339,"comment_status":"closed","ping_status":"closed","sticky":false,"template":"","format":"standard","meta":{"_genesis_hide_title":false,"_genesis_hide_breadcrumbs":false,"_genesis_hide_singular_image":false,"_genesis_hide_footer_widgets":false,"_genesis_custom_body_class":"","_genesis_custom_post_class":"","_genesis_layout":"","footnotes":""},"categories":[1114],"tags":[],"yoast_head":"<!-- This site is optimized with the Yoast SEO plugin v20.4 - https:\/\/yoast.com\/wordpress\/plugins\/seo\/ -->\n<title>Veri Toplama Plan\u0131: Nedir + Uygulanacak Ad\u0131mlar | QuestionPro<\/title>\n<meta name=\"description\" content=\"Veri toplama plan\u0131, hangi verilere ve nas\u0131l ihtiya\u00e7 duydu\u011funuza karar verir. Veri toplama \u00e7abalar\u0131n\u0131za odaklanmak i\u00e7in iyi bir yoldur. Daha fazlas\u0131n\u0131 \u00f6\u011frenin.\" \/>\n<meta name=\"robots\" content=\"index, follow, max-snippet:-1, max-image-preview:large, max-video-preview:-1\" \/>\n<link rel=\"canonical\" href=\"https:\/\/www.questionpro.com\/blog\/tr\/veri-toplama-plani-nedir-uygulanacak-adimlar\/\" \/>\n<meta property=\"og:locale\" content=\"tr_TR\" \/>\n<meta property=\"og:type\" content=\"article\" \/>\n<meta property=\"og:title\" content=\"Veri Toplama Plan\u0131: Nedir + Uygulanacak Ad\u0131mlar | QuestionPro\" \/>\n<meta property=\"og:description\" content=\"Veri toplama plan\u0131, hangi verilere ve nas\u0131l ihtiya\u00e7 duydu\u011funuza karar verir. Veri toplama \u00e7abalar\u0131n\u0131za odaklanmak i\u00e7in iyi bir yoldur. Daha fazlas\u0131n\u0131 \u00f6\u011frenin.\" \/>\n<meta property=\"og:url\" content=\"https:\/\/www.questionpro.com\/blog\/tr\/veri-toplama-plani-nedir-uygulanacak-adimlar\/\" \/>\n<meta property=\"og:site_name\" content=\"QuestionPro\" \/>\n<meta property=\"article:publisher\" content=\"https:\/\/www.facebook.com\/questionpro\" \/>\n<meta property=\"article:published_time\" content=\"2022-12-29T18:00:00+00:00\" \/>\n<meta property=\"article:modified_time\" content=\"2023-05-26T04:26:25+00:00\" \/>\n<meta property=\"og:image\" content=\"https:\/\/www.questionpro.com\/blog\/wp-content\/uploads\/2022\/12\/data-collection-plan.jpg\" \/>\n\t<meta property=\"og:image:width\" content=\"2100\" \/>\n\t<meta property=\"og:image:height\" content=\"1254\" \/>\n\t<meta property=\"og:image:type\" content=\"image\/jpeg\" \/>\n<meta name=\"author\" content=\"Fabyio Villegas\" \/>\n<meta name=\"twitter:card\" content=\"summary_large_image\" \/>\n<meta name=\"twitter:creator\" content=\"@questionpro\" \/>\n<meta name=\"twitter:site\" content=\"@questionpro\" \/>\n<meta name=\"twitter:label1\" content=\"Yazan:\" \/>\n\t<meta name=\"twitter:data1\" content=\"Fabyio Villegas\" \/>\n\t<meta name=\"twitter:label2\" content=\"Tahmini okuma s\u00fcresi\" \/>\n\t<meta name=\"twitter:data2\" content=\"6 dakika\" \/>\n<script type=\"application\/ld+json\" class=\"yoast-schema-graph\">{\"@context\":\"https:\/\/schema.org\",\"@graph\":[{\"@type\":\"Article\",\"@id\":\"https:\/\/www.questionpro.com\/blog\/tr\/veri-toplama-plani-nedir-uygulanacak-adimlar\/#article\",\"isPartOf\":{\"@id\":\"https:\/\/www.questionpro.com\/blog\/tr\/veri-toplama-plani-nedir-uygulanacak-adimlar\/\"},\"author\":{\"name\":\"Fabyio Villegas\",\"@id\":\"https:\/\/www.questionpro.com\/blog\/tr\/#\/schema\/person\/4f0c1596eb1a64b215717f16e263068d\"},\"headline\":\"Veri Toplama Plan\u0131: Nedir + Uygulanacak Ad\u0131mlar\",\"datePublished\":\"2022-12-29T18:00:00+00:00\",\"dateModified\":\"2023-05-26T04:26:25+00:00\",\"mainEntityOfPage\":{\"@id\":\"https:\/\/www.questionpro.com\/blog\/tr\/veri-toplama-plani-nedir-uygulanacak-adimlar\/\"},\"wordCount\":1179,\"publisher\":{\"@id\":\"https:\/\/www.questionpro.com\/blog\/tr\/#organization\"},\"articleSection\":[\"Pazar Ara\u015ft\u0131rmas\u0131\"],\"inLanguage\":\"tr\"},{\"@type\":\"WebPage\",\"@id\":\"https:\/\/www.questionpro.com\/blog\/tr\/veri-toplama-plani-nedir-uygulanacak-adimlar\/\",\"url\":\"https:\/\/www.questionpro.com\/blog\/tr\/veri-toplama-plani-nedir-uygulanacak-adimlar\/\",\"name\":\"Veri Toplama Plan\u0131: Nedir + Uygulanacak Ad\u0131mlar | QuestionPro\",\"isPartOf\":{\"@id\":\"https:\/\/www.questionpro.com\/blog\/tr\/#website\"},\"datePublished\":\"2022-12-29T18:00:00+00:00\",\"dateModified\":\"2023-05-26T04:26:25+00:00\",\"description\":\"Veri toplama plan\u0131, hangi verilere ve nas\u0131l ihtiya\u00e7 duydu\u011funuza karar verir. Veri toplama \u00e7abalar\u0131n\u0131za odaklanmak i\u00e7in iyi bir yoldur. Daha fazlas\u0131n\u0131 \u00f6\u011frenin.\",\"breadcrumb\":{\"@id\":\"https:\/\/www.questionpro.com\/blog\/tr\/veri-toplama-plani-nedir-uygulanacak-adimlar\/#breadcrumb\"},\"inLanguage\":\"tr\",\"potentialAction\":[{\"@type\":\"ReadAction\",\"target\":[\"https:\/\/www.questionpro.com\/blog\/tr\/veri-toplama-plani-nedir-uygulanacak-adimlar\/\"]}]},{\"@type\":\"BreadcrumbList\",\"@id\":\"https:\/\/www.questionpro.com\/blog\/tr\/veri-toplama-plani-nedir-uygulanacak-adimlar\/#breadcrumb\",\"itemListElement\":[{\"@type\":\"ListItem\",\"position\":1,\"name\":\"Ev\",\"item\":\"https:\/\/www.questionpro.com\/blog\/tr\/\"},{\"@type\":\"ListItem\",\"position\":2,\"name\":\"Uncategorized @tr\",\"item\":\"https:\/\/www.questionpro.com\/blog\/tr\/category\/uncategorized-tr\/\"},{\"@type\":\"ListItem\",\"position\":3,\"name\":\"Veri Toplama Plan\u0131: Nedir + Uygulanacak Ad\u0131mlar\"}]},{\"@type\":\"WebSite\",\"@id\":\"https:\/\/www.questionpro.com\/blog\/tr\/#website\",\"url\":\"https:\/\/www.questionpro.com\/blog\/tr\/\",\"name\":\"QuestionPro\",\"description\":\"\",\"publisher\":{\"@id\":\"https:\/\/www.questionpro.com\/blog\/tr\/#organization\"},\"potentialAction\":[{\"@type\":\"SearchAction\",\"target\":{\"@type\":\"EntryPoint\",\"urlTemplate\":\"https:\/\/www.questionpro.com\/blog\/tr\/?s={search_term_string}\"},\"query-input\":\"required name=search_term_string\"}],\"inLanguage\":\"tr\"},{\"@type\":\"Organization\",\"@id\":\"https:\/\/www.questionpro.com\/blog\/tr\/#organization\",\"name\":\"QuestionPro\",\"url\":\"https:\/\/www.questionpro.com\/blog\/tr\/\",\"logo\":{\"@type\":\"ImageObject\",\"inLanguage\":\"tr\",\"@id\":\"https:\/\/www.questionpro.com\/blog\/tr\/#\/schema\/logo\/image\/\",\"url\":\"https:\/\/www.questionpro.com\/blog\/wp-content\/uploads\/2022\/10\/questionpro-logo.svg\",\"contentUrl\":\"https:\/\/www.questionpro.com\/blog\/wp-content\/uploads\/2022\/10\/questionpro-logo.svg\",\"caption\":\"QuestionPro\"},\"image\":{\"@id\":\"https:\/\/www.questionpro.com\/blog\/tr\/#\/schema\/logo\/image\/\"},\"sameAs\":[\"https:\/\/www.facebook.com\/questionpro\",\"https:\/\/twitter.com\/questionpro\",\"https:\/\/www.linkedin.com\/company\/questionpro\/\"]},{\"@type\":\"Person\",\"@id\":\"https:\/\/www.questionpro.com\/blog\/tr\/#\/schema\/person\/4f0c1596eb1a64b215717f16e263068d\",\"name\":\"Fabyio Villegas\",\"image\":{\"@type\":\"ImageObject\",\"inLanguage\":\"tr\",\"@id\":\"https:\/\/www.questionpro.com\/blog\/tr\/#\/schema\/person\/image\/\",\"url\":\"https:\/\/secure.gravatar.com\/avatar\/c1eda364265c66792ad93d208502b662?s=96&d=mm&r=g\",\"contentUrl\":\"https:\/\/secure.gravatar.com\/avatar\/c1eda364265c66792ad93d208502b662?s=96&d=mm&r=g\",\"caption\":\"Fabyio Villegas\"},\"description\":\"Copywriter and SEO Specialist. With over 11 years of experience in Digital Marketing and Educational Content Curation.\",\"url\":\"https:\/\/www.questionpro.com\/blog\/tr\/author\/fabiola\/\"}]}<\/script>\n<!-- \/ Yoast SEO plugin. -->","yoast_head_json":{"title":"Veri Toplama Plan\u0131: Nedir + Uygulanacak Ad\u0131mlar | QuestionPro","description":"Veri toplama plan\u0131, hangi verilere ve nas\u0131l ihtiya\u00e7 duydu\u011funuza karar verir. Veri toplama \u00e7abalar\u0131n\u0131za odaklanmak i\u00e7in iyi bir yoldur. Daha fazlas\u0131n\u0131 \u00f6\u011frenin.","robots":{"index":"index","follow":"follow","max-snippet":"max-snippet:-1","max-image-preview":"max-image-preview:large","max-video-preview":"max-video-preview:-1"},"canonical":"https:\/\/www.questionpro.com\/blog\/tr\/veri-toplama-plani-nedir-uygulanacak-adimlar\/","og_locale":"tr_TR","og_type":"article","og_title":"Veri Toplama Plan\u0131: Nedir + Uygulanacak Ad\u0131mlar | QuestionPro","og_description":"Veri toplama plan\u0131, hangi verilere ve nas\u0131l ihtiya\u00e7 duydu\u011funuza karar verir. Veri toplama \u00e7abalar\u0131n\u0131za odaklanmak i\u00e7in iyi bir yoldur. Daha fazlas\u0131n\u0131 \u00f6\u011frenin.","og_url":"https:\/\/www.questionpro.com\/blog\/tr\/veri-toplama-plani-nedir-uygulanacak-adimlar\/","og_site_name":"QuestionPro","article_publisher":"https:\/\/www.facebook.com\/questionpro","article_published_time":"2022-12-29T18:00:00+00:00","article_modified_time":"2023-05-26T04:26:25+00:00","og_image":[{"width":2100,"height":1254,"url":"https:\/\/www.questionpro.com\/blog\/wp-content\/uploads\/2022\/12\/data-collection-plan.jpg","type":"image\/jpeg"}],"author":"Fabyio Villegas","twitter_card":"summary_large_image","twitter_creator":"@questionpro","twitter_site":"@questionpro","twitter_misc":{"Yazan:":"Fabyio Villegas","Tahmini okuma s\u00fcresi":"6 dakika"},"schema":{"@context":"https:\/\/schema.org","@graph":[{"@type":"Article","@id":"https:\/\/www.questionpro.com\/blog\/tr\/veri-toplama-plani-nedir-uygulanacak-adimlar\/#article","isPartOf":{"@id":"https:\/\/www.questionpro.com\/blog\/tr\/veri-toplama-plani-nedir-uygulanacak-adimlar\/"},"author":{"name":"Fabyio Villegas","@id":"https:\/\/www.questionpro.com\/blog\/tr\/#\/schema\/person\/4f0c1596eb1a64b215717f16e263068d"},"headline":"Veri Toplama Plan\u0131: Nedir + Uygulanacak Ad\u0131mlar","datePublished":"2022-12-29T18:00:00+00:00","dateModified":"2023-05-26T04:26:25+00:00","mainEntityOfPage":{"@id":"https:\/\/www.questionpro.com\/blog\/tr\/veri-toplama-plani-nedir-uygulanacak-adimlar\/"},"wordCount":1179,"publisher":{"@id":"https:\/\/www.questionpro.com\/blog\/tr\/#organization"},"articleSection":["Pazar Ara\u015ft\u0131rmas\u0131"],"inLanguage":"tr"},{"@type":"WebPage","@id":"https:\/\/www.questionpro.com\/blog\/tr\/veri-toplama-plani-nedir-uygulanacak-adimlar\/","url":"https:\/\/www.questionpro.com\/blog\/tr\/veri-toplama-plani-nedir-uygulanacak-adimlar\/","name":"Veri Toplama Plan\u0131: Nedir + Uygulanacak Ad\u0131mlar | QuestionPro","isPartOf":{"@id":"https:\/\/www.questionpro.com\/blog\/tr\/#website"},"datePublished":"2022-12-29T18:00:00+00:00","dateModified":"2023-05-26T04:26:25+00:00","description":"Veri toplama plan\u0131, hangi verilere ve nas\u0131l ihtiya\u00e7 duydu\u011funuza karar verir. Veri toplama \u00e7abalar\u0131n\u0131za odaklanmak i\u00e7in iyi bir yoldur. Daha fazlas\u0131n\u0131 \u00f6\u011frenin.","breadcrumb":{"@id":"https:\/\/www.questionpro.com\/blog\/tr\/veri-toplama-plani-nedir-uygulanacak-adimlar\/#breadcrumb"},"inLanguage":"tr","potentialAction":[{"@type":"ReadAction","target":["https:\/\/www.questionpro.com\/blog\/tr\/veri-toplama-plani-nedir-uygulanacak-adimlar\/"]}]},{"@type":"BreadcrumbList","@id":"https:\/\/www.questionpro.com\/blog\/tr\/veri-toplama-plani-nedir-uygulanacak-adimlar\/#breadcrumb","itemListElement":[{"@type":"ListItem","position":1,"name":"Ev","item":"https:\/\/www.questionpro.com\/blog\/tr\/"},{"@type":"ListItem","position":2,"name":"Uncategorized @tr","item":"https:\/\/www.questionpro.com\/blog\/tr\/category\/uncategorized-tr\/"},{"@type":"ListItem","position":3,"name":"Veri Toplama Plan\u0131: Nedir + Uygulanacak Ad\u0131mlar"}]},{"@type":"WebSite","@id":"https:\/\/www.questionpro.com\/blog\/tr\/#website","url":"https:\/\/www.questionpro.com\/blog\/tr\/","name":"QuestionPro","description":"","publisher":{"@id":"https:\/\/www.questionpro.com\/blog\/tr\/#organization"},"potentialAction":[{"@type":"SearchAction","target":{"@type":"EntryPoint","urlTemplate":"https:\/\/www.questionpro.com\/blog\/tr\/?s={search_term_string}"},"query-input":"required name=search_term_string"}],"inLanguage":"tr"},{"@type":"Organization","@id":"https:\/\/www.questionpro.com\/blog\/tr\/#organization","name":"QuestionPro","url":"https:\/\/www.questionpro.com\/blog\/tr\/","logo":{"@type":"ImageObject","inLanguage":"tr","@id":"https:\/\/www.questionpro.com\/blog\/tr\/#\/schema\/logo\/image\/","url":"https:\/\/www.questionpro.com\/blog\/wp-content\/uploads\/2022\/10\/questionpro-logo.svg","contentUrl":"https:\/\/www.questionpro.com\/blog\/wp-content\/uploads\/2022\/10\/questionpro-logo.svg","caption":"QuestionPro"},"image":{"@id":"https:\/\/www.questionpro.com\/blog\/tr\/#\/schema\/logo\/image\/"},"sameAs":["https:\/\/www.facebook.com\/questionpro","https:\/\/twitter.com\/questionpro","https:\/\/www.linkedin.com\/company\/questionpro\/"]},{"@type":"Person","@id":"https:\/\/www.questionpro.com\/blog\/tr\/#\/schema\/person\/4f0c1596eb1a64b215717f16e263068d","name":"Fabyio Villegas","image":{"@type":"ImageObject","inLanguage":"tr","@id":"https:\/\/www.questionpro.com\/blog\/tr\/#\/schema\/person\/image\/","url":"https:\/\/secure.gravatar.com\/avatar\/c1eda364265c66792ad93d208502b662?s=96&d=mm&r=g","contentUrl":"https:\/\/secure.gravatar.com\/avatar\/c1eda364265c66792ad93d208502b662?s=96&d=mm&r=g","caption":"Fabyio Villegas"},"description":"Copywriter and SEO Specialist. With over 11 years of experience in Digital Marketing and Educational Content Curation.","url":"https:\/\/www.questionpro.com\/blog\/tr\/author\/fabiola\/"}]}},"featured_image_src":"https:\/\/www.questionpro.com\/blog\/wp-content\/uploads\/2022\/12\/data-collection-plan.jpg","featured_image_src_square":"https:\/\/www.questionpro.com\/blog\/wp-content\/uploads\/2022\/12\/data-collection-plan.jpg","author_info":{"display_name":"Fabyio Villegas","author_link":"https:\/\/www.questionpro.com\/blog\/tr\/author\/fabiola\/"},"_links":{"self":[{"href":"https:\/\/www.questionpro.com\/blog\/tr\/wp-json\/wp\/v2\/posts\/794238"}],"collection":[{"href":"https:\/\/www.questionpro.com\/blog\/tr\/wp-json\/wp\/v2\/posts"}],"about":[{"href":"https:\/\/www.questionpro.com\/blog\/tr\/wp-json\/wp\/v2\/types\/post"}],"author":[{"embeddable":true,"href":"https:\/\/www.questionpro.com\/blog\/tr\/wp-json\/wp\/v2\/users\/49"}],"replies":[{"embeddable":true,"href":"https:\/\/www.questionpro.com\/blog\/tr\/wp-json\/wp\/v2\/comments?post=794238"}],"version-history":[{"count":1,"href":"https:\/\/www.questionpro.com\/blog\/tr\/wp-json\/wp\/v2\/posts\/794238\/revisions"}],"predecessor-version":[{"id":794239,"href":"https:\/\/www.questionpro.com\/blog\/tr\/wp-json\/wp\/v2\/posts\/794238\/revisions\/794239"}],"wp:featuredmedia":[{"embeddable":true,"href":"https:\/\/www.questionpro.com\/blog\/tr\/wp-json\/wp\/v2\/media\/768339"}],"wp:attachment":[{"href":"https:\/\/www.questionpro.com\/blog\/tr\/wp-json\/wp\/v2\/media?parent=794238"}],"wp:term":[{"taxonomy":"category","embeddable":true,"href":"https:\/\/www.questionpro.com\/blog\/tr\/wp-json\/wp\/v2\/categories?post=794238"},{"taxonomy":"post_tag","embeddable":true,"href":"https:\/\/www.questionpro.com\/blog\/tr\/wp-json\/wp\/v2\/tags?post=794238"}],"curies":[{"name":"wp","href":"https:\/\/api.w.org\/{rel}","templated":true}]}}