

{"id":799811,"date":"2019-10-10T23:47:02","date_gmt":"2019-10-11T06:47:02","guid":{"rendered":"https:\/\/www.questionpro.com\/blog\/en-yuksek-yaniti-almak-icin-anket-gondermek-icin-en-iyi-zaman-var-mi\/"},"modified":"2023-06-27T17:31:08","modified_gmt":"2023-06-27T17:31:08","slug":"en-yuksek-yaniti-almak-icin-anket-gondermek-icin-en-iyi-zaman-var-mi","status":"publish","type":"post","link":"https:\/\/www.questionpro.com\/blog\/tr\/en-yuksek-yaniti-almak-icin-anket-gondermek-icin-en-iyi-zaman-var-mi\/","title":{"rendered":"En y\u00fcksek yan\u0131tlar\u0131 almak i\u00e7in anket g\u00f6ndermek i\u00e7in en uygun zaman nedir?"},"content":{"rendered":"\n<p>Anketler s\u00f6z konusu oldu\u011funda zamanlama \u00e7ok \u00f6nemli bir fakt\u00f6rd\u00fcr. Hayal k\u0131r\u0131kl\u0131\u011f\u0131 yaratan yan\u0131t oranlar\u0131 ya da de\u011ferli geri bildirimler almak aras\u0131ndaki fark bu olabilir. Anket g\u00f6ndermek i\u00e7in en uygun zaman\u0131 belirlemek, kat\u0131l\u0131m\u0131 art\u0131rmak ve en fazla yan\u0131t\u0131 almak i\u00e7in \u00e7ok \u00f6nemlidir.<\/p>\n\n<p>Anket kampanyalar\u0131n\u0131z\u0131n ba\u015far\u0131l\u0131 olmas\u0131n\u0131 sa\u011flamak i\u00e7in hedef kitlenizin eri\u015filebilirli\u011fi, etkile\u015fim kal\u0131plar\u0131 ve onlara ula\u015fmak i\u00e7in en iyi zamanlama hakk\u0131nda derinlemesine bilgi sahibi olman\u0131z \u00e7ok \u00f6nemlidir. Bu fakt\u00f6rler anketlerinizin etkinli\u011fini b\u00fcy\u00fck \u00f6l\u00e7\u00fcde etkileyebilir ve sonu\u00e7ta ba\u015far\u0131lar\u0131n\u0131 belirleyebilir.<\/p>\n\n<p>Bu blogda, anket g\u00f6ndermek i\u00e7in en uygun zaman\u0131 ve en iyi yan\u0131t oran\u0131n\u0131 elde etmenize yard\u0131mc\u0131 olacak kan\u0131tlanm\u0131\u015f taktikleri ve i\u00e7g\u00f6r\u00fcleri inceleyece\u011fiz. Anketlerinizi verimli bir \u015fekilde zamanlaman\u0131n s\u0131rlar\u0131n\u0131, ka\u00e7\u0131nman\u0131z gereken hatalar\u0131 ve kat\u0131l\u0131m\u0131 art\u0131rmak ve bilin\u00e7li karar verme i\u00e7in ihtiya\u00e7 duydu\u011funuz verileri toplamak i\u00e7in uygulanabilir \u00f6nerileri ke\u015ffedin.<\/p>\n\n<h2 class=\"wp-block-heading\">En y\u00fcksek anket yan\u0131tlar\u0131n\u0131 almak i\u00e7in kontrol noktalar\u0131<\/h2>\n\n<p>Anketler s\u00f6z konusu oldu\u011funda, y\u00fcksek yan\u0131t oranlar\u0131 genellikle a\u015fa\u011f\u0131daki kontrol noktalar\u0131na ba\u011fl\u0131d\u0131r:<\/p>\n\n<h3 class=\"wp-block-heading\">Do\u011fru kitleyi hedefleyin<\/h3>\n\n<ol>\n<li>Anketinizin spesifik <a href=\"https:\/\/www.questionpro.com\/blog\/tr\/hedef-kitle-nedir-ve-nasil-tanimlanir\/\">hedef kitlesini<\/a> belirleyin. Hedef kitlenizin \u00f6zellikleri, ilgi alanlar\u0131 ve demografik \u00f6zellikleri hakk\u0131nda bilgi edinin.<\/li>\n\n\n\n<li>Bir kat\u0131l\u0131mc\u0131 profili se\u00e7in &#8211; bu insanlar kim? B2B veya B2C.<\/li>\n<\/ol>\n\n<h3 class=\"wp-block-heading\">Anketin tasarlanmas\u0131<\/h3>\n\n<ol>\n<li>Anketlerin hedef kitleye y\u00f6nelik olarak ne kadar iyi yaz\u0131ld\u0131\u011f\u0131.<\/li>\n\n\n\n<li>Al\u0131c\u0131n\u0131n dikkatini \u00e7eken ve ilgisini \u00e7eken bir konu sat\u0131r\u0131 ile g\u00f6rsel olarak \u00e7ekici bir anket olu\u015fturun.<\/li>\n\n\n\n<li>Anket sorular\u0131n\u0131z\u0131 hedef kitlenin gereksinimlerine ve ilgi alanlar\u0131na g\u00f6re ki\u015fiselle\u015ftirin, alaka d\u00fczeyini sa\u011flay\u0131n ve yan\u0131t olas\u0131l\u0131\u011f\u0131n\u0131 art\u0131r\u0131n.<\/li>\n\n\n\n<li>Anketin uzunlu\u011funu g\u00f6z \u00f6n\u00fcnde bulundurun &#8211; k\u0131sa ve uzun anketler. Basit ve k\u0131sa anketler, en y\u00fcksek m\u00fc\u015fteri geri bildirimi ve daha fazla yan\u0131t alma \u015fans\u0131na sahiptir.<\/li>\n\n\n\n<li>Belirli bir konuya veya hedefe odaklanan bir anket olu\u015fturun.<\/li>\n\n\n\n<li>Kat\u0131l\u0131mc\u0131lar\u0131n bunalmas\u0131n\u0131 \u00f6nlemek i\u00e7in soru say\u0131s\u0131n\u0131 minimumda tutun.<\/li>\n\n\n\n<li>Kat\u0131l\u0131mc\u0131lar\u0131n anketi h\u0131zl\u0131 ve basit bir \u015fekilde bitirebilmeleri i\u00e7in en \u00f6nemli sorulara \u00f6ncelik verin.<\/li>\n<\/ol>\n\n<h3 class=\"wp-block-heading\">Da\u011f\u0131t\u0131m ve zamanlamay\u0131 optimize edin<\/h3>\n\n<ol>\n<li><a href=\"https:\/\/www.questionpro.com\/blog\/tr\/anket-hedefleri-orneklerle-adim-adim-kilavuz\/\">Anket hedeflerinize<\/a> ula\u015fmak i\u00e7in ihtiyac\u0131n\u0131z olan hedef yan\u0131t say\u0131s\u0131n\u0131 belirleyin.<\/li>\n\n\n\n<li>Anket daveti g\u00f6ndermek i\u00e7in en uygun zaman\u0131 se\u00e7in.<\/li>\n\n\n\n<li>Al\u0131c\u0131lar\u0131n uygunlu\u011fu, \u00e7al\u0131\u015fma programlar\u0131 ve zaman dilimleri gibi fakt\u00f6rleri g\u00f6z \u00f6n\u00fcnde bulundurun.<\/li>\n\n\n\n<li>Bir\u00e7ok kat\u0131l\u0131mc\u0131 anketlere ak\u0131ll\u0131 telefonlardan veya tabletlerden eri\u015fti\u011fi i\u00e7in anketi mobil cihazlar i\u00e7in optimize edin.<\/li>\n<\/ol>\n\n<h3 class=\"wp-block-heading\">Hat\u0131rlatma g\u00f6nderin<\/h3>\n\n<ol>\n<li>Anketi hala tamamlamas\u0131 gereken ki\u015filere dost\u00e7a hat\u0131rlatmalarla takip edin.<\/li>\n\n\n\n<li>Rahats\u0131zl\u0131ktan ka\u00e7\u0131n\u0131rken kat\u0131l\u0131m\u0131 te\u015fvik etmek i\u00e7in uygun aral\u0131klarla hat\u0131rlat\u0131c\u0131lar g\u00f6nderin.<\/li>\n\n\n\n<li>Geri bildirimlerinin \u00f6nemini ve anketi tamamlamak i\u00e7in kalan s\u00fcreyi vurgulay\u0131n.<\/li>\n<\/ol>\n\n<h3 class=\"wp-block-heading\">Minnettarl\u0131\u011f\u0131n\u0131z\u0131 ifade edin<\/h3>\n\n<ol>\n<li>Anket tamamland\u0131\u011f\u0131nda, kat\u0131l\u0131mc\u0131lara zaman ay\u0131rd\u0131klar\u0131 ve de\u011ferli geri bildirimleri i\u00e7in te\u015fekk\u00fcr edin.<\/li>\n\n\n\n<li>Anket sonu\u00e7lar\u0131n\u0131n bir \u00f6zetini sunun veya geri bildirimlerinin nas\u0131l kullan\u0131laca\u011f\u0131n\u0131 a\u00e7\u0131klay\u0131n.<\/li>\n\n\n\n<li>Bir te\u015fekk\u00fcr notu iyi niyeti te\u015fvik eder ve gelecekte s\u00fcrekli etkile\u015fim \u015fans\u0131n\u0131 art\u0131r\u0131r.<\/li>\n<\/ol>\n\n<h2 class=\"wp-block-heading\">Anket g\u00f6ndermek i\u00e7in en uygun zaman<\/h2>\n\n<p>Kat\u0131l\u0131mc\u0131lar\u0131m\u0131z\u0131n dikkatini \u00e7ekmek i\u00e7in rekabet etti\u011fimiz bir d\u00fcnyada, anket davetlerini nas\u0131l ve ne zaman g\u00f6nderdi\u011fimiz sonu\u00e7lar\u0131 etkiler. \u0130nsanlar y\u0131llard\u0131r bize en y\u00fcksek yan\u0131tlar\u0131 almak i\u00e7in anket g\u00f6ndermek i\u00e7in en uygun zaman\u0131n ne zaman oldu\u011funu soruyor. M\u00fc\u015fterilerimizle i\u015fbirli\u011fi yapt\u0131\u011f\u0131m\u0131z 13 y\u0131l boyunca anekdot niteli\u011finde veriler toplad\u0131k.<\/p>\n\n<p>\u015eimdi neler oldu\u011funu anlamak i\u00e7in kullan\u0131m verileriyle desteklemenin tam zaman\u0131. Cevap arad\u0131\u011f\u0131m\u0131z sorular \u015funlard\u0131r:<\/p>\n\n<ol>\n<li>Anket g\u00f6ndermek ve da\u011f\u0131tmak i\u00e7in haftan\u0131n en pop\u00fcler g\u00fcn\u00fc hangisidir?<\/li>\n\n\n\n<li>Anket g\u00f6ndermek ve da\u011f\u0131tmak i\u00e7in en uygun zaman nedir?<\/li>\n\n\n\n<li>Anket g\u00f6ndermek i\u00e7in en pop\u00fcler zaman ay\u0131n hangi haftas\u0131d\u0131r?<\/li>\n\n\n\n<li>Kat\u0131l\u0131mc\u0131lar m\u00fc\u015fterilerimiz i\u00e7in anketleri en \u00e7ok g\u00fcn\u00fcn hangi saatinde tamaml\u0131yor?<\/li>\n\n\n\n<li>Hedef kitle ile etkile\u015fim d\u00fczeyi bir anketin da\u011f\u0131t\u0131m tarihini nas\u0131l etkiler?<\/li>\n\n\n\n<li>Farkl\u0131 \u00fcr\u00fcn t\u00fcrleri (Topluluklar, \u0130\u015f G\u00fcc\u00fc, CX) aras\u0131nda kayda de\u011fer farkl\u0131l\u0131klar var m\u0131?<\/li>\n<\/ol>\n\n<p>Bu sorular\u0131 veri madencili\u011fi ekibimize y\u00f6nelttik ve i\u015fte size anketleri nas\u0131l ve ne zaman da\u011f\u0131taca\u011f\u0131n\u0131z\u0131 yeniden d\u00fc\u015f\u00fcnmeniz i\u00e7in ilham verebilecek baz\u0131 ilgin\u00e7 bulgular.<\/p>\n\n<p><strong><em>L\u00fctfen dikkat<\/em><\/strong><em>  &#8211; M\u00fc\u015fterilerimizin gizlili\u011fini korumak ve gizlilik ve g\u00fcvenlik yasalar\u0131na uymak i\u00e7in, ge\u00e7ti\u011fimiz y\u0131l boyunca Amerika Birle\u015fik Devletleri&#8217;nde belirli kitle profili t\u00fcrlerini veya konular\u0131n\u0131 ve \u00f6zellikle hedeflenen etkinlikleri g\u00f6r\u00fcnt\u00fclemedik. Farkl\u0131 QuestionPro \u00fcr\u00fcn \u00f6zelliklerine g\u00f6re anket da\u011f\u0131t\u0131m ve tamamlama zaman damgalar\u0131n\u0131 g\u00f6r\u00fcnt\u00fcleyerek analizimizi kullan\u0131m verilerine odaklad\u0131k<\/em>.<\/p>\n\n<h3 class=\"wp-block-heading\">01. Sal\u0131, anket g\u00f6ndermek i\u00e7in haftan\u0131n en pop\u00fcler g\u00fcn\u00fcd\u00fcr.<\/h3>\n\n<figure class=\"wp-block-image\"><img loading=\"lazy\" decoding=\"async\" width=\"992\" height=\"594\" src=\"https:\/\/www.questionpro.com\/blog\/wp-content\/uploads\/2019\/10\/4-01.jpg\" alt=\"anket g&#xF6;ndermek i&#xE7;in en iyi g&#xFC;n\" class=\"wp-image-81282\"\/><\/figure>\n\n<p>Sal\u0131 ve hemen ard\u0131ndan Pazartesi, QuestionPro&#8217;dan anket da\u011f\u0131tmak ve g\u00f6ndermek i\u00e7in haftan\u0131n en pop\u00fcler iki g\u00fcn\u00fcd\u00fcr.<\/p>\n\n<p>Per\u015fembe \u00fc\u00e7\u00fcnc\u00fc s\u0131rada yer al\u0131rken, onu \u00c7ar\u015famba ve ard\u0131ndan Cuma g\u00fcnleri takip ederek hafta i\u00e7i g\u00fcnlerini tamaml\u0131yor. \u015ea\u015f\u0131rt\u0131c\u0131 bir \u015fekilde, Cumartesi g\u00fcn\u00fcn\u00fcn da\u011f\u0131t\u0131m hacmi Cuma g\u00fcn\u00fcne g\u00f6re biraz d\u00fc\u015ferken, Pazar g\u00fcn\u00fc t\u00fcm haftan\u0131n en az pop\u00fcler g\u00fcn\u00fcd\u00fcr.<\/p>\n\n<p>M\u00fc\u015fteriyle y\u00fcz y\u00fcze \u00e7al\u0131\u015fan ekiplerimizle yapt\u0131\u011f\u0131m\u0131z anketlerde, Sal\u0131 g\u00fcn\u00fc anket da\u011f\u0131t\u0131m\u0131n\u0131n pop\u00fcler oldu\u011funu, \u00e7\u00fcnk\u00fc anket y\u00f6neticisine toplu olarak lansman\u0131 test etmek ve anketi resmi olarak da\u011f\u0131tmadan \u00f6nce Pazartesi g\u00fcn\u00fc de\u011fi\u015fiklikler yapmak i\u00e7in zaman tan\u0131d\u0131\u011f\u0131n\u0131 belirttiler.<\/p>\n\n<p>Pazartesi g\u00fcnleri ikinci s\u0131radad\u0131r \u00e7\u00fcnk\u00fc anket y\u00f6neticileri anketlerini resmi olarak da\u011f\u0131tmadan \u00f6nce t\u00fcm haftay\u0131 anketlerini olu\u015fturmak ve test etmek i\u00e7in harcarlar.<\/p>\n\n<h3 class=\"wp-block-heading\">02. Anket daveti g\u00f6ndermek i\u00e7in en uygun zaman yerel saatle sabah 10 ile 11 aras\u0131d\u0131r.<\/h3>\n\n<figure class=\"wp-block-image\"><img loading=\"lazy\" decoding=\"async\" width=\"992\" height=\"594\" src=\"https:\/\/www.questionpro.com\/blog\/wp-content\/uploads\/2019\/10\/4-05.jpg\" alt=\"Anket g&#xF6;ndermek i&#xE7;in en iyi zaman\" class=\"wp-image-81310\"\/><\/figure>\n\n<p>M\u00fc\u015fterilerimiz anketleri genellikle sabah saat 10-11 aras\u0131nda teslim etmekte, bunu sabah erken saatlerde yerel saatle 6 ile 9 aras\u0131 takip etmektedir.<\/p>\n\n<p>Convertful taraf\u0131ndan yap\u0131lan bir ara\u015ft\u0131rma, e-posta pazarlamas\u0131 i\u00e7in benzer pop\u00fcler e-posta da\u011f\u0131t\u0131m zamanlar\u0131n\u0131n profesyonel hizmetler i\u00e7in sabah 10 oldu\u011funu, ancak e-ticaret ve yaz\u0131l\u0131m\/SaaS kitleleri i\u00e7in farkl\u0131 tercih edilen da\u011f\u0131t\u0131m zamanlar\u0131 oldu\u011funu g\u00f6stermi\u015ftir (\u00f6\u011flen 12 &#8211; \u00f6\u011flen 2 aras\u0131).<\/p>\n\n<p>Bu \u00e7al\u0131\u015fma i\u00e7in belirli hedef kitle t\u00fcrlerini incelememi\u015f olsak da, zaman\u0131n ger\u00e7ekten hedef kitlenize ba\u011fl\u0131 oldu\u011funu kabul ediyoruz. Payla\u015ft\u0131\u011f\u0131m\u0131z veri noktalar\u0131n\u0131 alman\u0131z\u0131 ve en y\u00fcksek yan\u0131t oran\u0131 i\u00e7in en iyi olan\u0131 bulana kadar bunlar\u0131 \u00e7e\u015fitli zamanlarda test etmenizi \u00f6neririz.<\/p>\n\n<h3 class=\"wp-block-heading\">03. En y\u00fcksek anket g\u00f6nderme ve tamamlama faaliyetini ay\u0131n son haftas\u0131nda g\u00f6r\u00fcyoruz.<\/h3>\n\n<figure class=\"wp-block-image\"><img loading=\"lazy\" decoding=\"async\" width=\"992\" height=\"594\" src=\"https:\/\/www.questionpro.com\/blog\/wp-content\/uploads\/2019\/10\/4-02.jpg\" alt=\"Anket g&#xF6;nderme zaman&#x131;\" class=\"wp-image-81289\"\/><\/figure>\n\n<p>QuestionPro m\u00fc\u015fterileri i\u00e7in ay sonunu tamamlamak ayn\u0131 zamanda \u00fczerinde \u00e7al\u0131\u015f\u0131lan anketlerin da\u011f\u0131t\u0131lmas\u0131 anlam\u0131na da geliyor. Birinci haftadan d\u00f6rd\u00fcnc\u00fc haftaya kadar, da\u011f\u0131t\u0131m faaliyeti g\u00fc\u00e7l\u00fc bir \u015fekilde ba\u015flar ancak ikinci haftada en d\u00fc\u015f\u00fck seviyeye iner, ard\u0131ndan d\u00f6rd\u00fcnc\u00fc haftada istikrarl\u0131 bir \u015fekilde en y\u00fcksek seviyeye \u00e7\u0131kar.<\/p>\n\n<p>M\u00fc\u015fteriye d\u00f6n\u00fck ekiplerimiz, ay\u0131n ortas\u0131n\u0131n anket olu\u015fturmaya veya sonu\u00e7lar\u0131 analiz etmeye odakland\u0131\u011f\u0131n\u0131 do\u011frulad\u0131. Ay\u0131n son haftas\u0131 ve ilk haftas\u0131, anket da\u011f\u0131t\u0131m se\u00e7enekleri, \u00f6rneklem b\u00fcy\u00fckl\u00fckleri ve sahadaki aktif anketlerin nas\u0131l y\u00f6netilece\u011fine ili\u015fkin sorularda genellikle bir de\u011fi\u015fim g\u00f6rd\u00fckleri zamanlard\u0131r.<\/p>\n\n<h3 class=\"wp-block-heading\">04. Kat\u0131l\u0131mc\u0131lar\u0131n anketleri en h\u0131zl\u0131 tamamlad\u0131klar\u0131 en pop\u00fcler g\u00fcn Sal\u0131 g\u00fcnleridir.<\/h3>\n\n<figure class=\"wp-block-image\"><img loading=\"lazy\" decoding=\"async\" width=\"992\" height=\"594\" src=\"https:\/\/www.questionpro.com\/blog\/wp-content\/uploads\/2019\/10\/4-03.jpg\" alt=\"Anket g&#xF6;ndermek i&#xE7;in en iyi zaman\" class=\"wp-image-81296\"\/><\/figure>\n\n<p>Bu soruyu yan\u0131tlamak i\u00e7in, tamamlanan anketleri g\u00f6ndermek ve almak i\u00e7in ge\u00e7en ortalama s\u00fcreye dayal\u0131 zaman damgalar\u0131n\u0131 inceledik. Sal\u0131 g\u00fcn\u00fcn\u00fcn en h\u0131zl\u0131 yan\u0131t s\u00fcresine sahip oldu\u011funu, hafta sonu sonu\u00e7 alman\u0131n ise en uzun s\u00fcrd\u00fc\u011f\u00fcn\u00fc g\u00f6rd\u00fck.<\/p>\n\n<p>\u0130kinci en y\u00fcksek yan\u0131t al\u0131nan g\u00fcn\u00fcn Cuma olmas\u0131 \u015fa\u015f\u0131rt\u0131c\u0131 g\u00f6r\u00fcnebilir. M\u00fc\u015fteriyle y\u00fczle\u015fen ekibimiz, Cuma g\u00fcn\u00fcn\u00fcn do\u011frudan anket kat\u0131l\u0131mc\u0131lar\u0131ndan gelen sorular\u0131n artt\u0131\u011f\u0131 y\u00fcksek aktiviteli bir g\u00fcn oldu\u011funu do\u011frulad\u0131. Tamamlanma s\u00fcresi haftan\u0131n geri kalan\u0131nda yava\u015flar, ancak o g\u00fcnlerde anket g\u00f6nderme konusunda endi\u015felenecek kadar de\u011fil.<\/p>\n\n<p>Anketin tamamlanma s\u00fcresini etkileyebilecek di\u011fer fakt\u00f6rler anketin uzunlu\u011fu ve konusudur. Sa\u011flad\u0131\u011f\u0131m\u0131z verileri kullanman\u0131z\u0131 ve anket projeleriniz i\u00e7in en uygun olan\u0131 belirlemek \u00fczere kendi yan\u0131tlama \u00e7al\u0131\u015fman\u0131z\u0131 test etmenizi \u00f6neririz.<\/p>\n\n<h3 class=\"wp-block-heading\">05. Hedef kitlenizin kat\u0131l\u0131m d\u00fczeyi, da\u011f\u0131t\u0131m tarihini ve anket tamamlama oranlar\u0131n\u0131 etkiler.<\/h3>\n\n<figure class=\"wp-block-image\"><img loading=\"lazy\" decoding=\"async\" width=\"992\" height=\"620\" src=\"https:\/\/www.questionpro.com\/blog\/wp-content\/uploads\/2019\/10\/4-04.jpg\" alt=\"anketler ne zaman g&#xF6;nderilmeli\" class=\"wp-image-81303\"\/><\/figure>\n\n<p>QuestionPro Communities vs. Surveys i\u00e7in \u00e7ok ilgin\u00e7 bir \u015fey bulduk. Anket m\u00fc\u015fterilerinin anket g\u00f6ndermek i\u00e7in ay\u0131n daha pop\u00fcler zamanlar\u0131, haftan\u0131n g\u00fcnleri ve saatleri vard\u0131. Buna kar\u015f\u0131l\u0131k, Topluluk m\u00fc\u015fterileri haftan\u0131n her g\u00fcn\u00fc uyan\u0131k olduklar\u0131 saatlerde anket e-posta davetleri g\u00f6nderdi ve hatta hafta sonlar\u0131 da kat\u0131l\u0131m faaliyetleri g\u00f6sterdi!<\/p>\n\n<p>Elbette kitle profili t\u00fcr\u00fc \u00f6nemlidir &#8211; B2B topluluklar\u0131 \u00e7al\u0131\u015fma haftas\u0131 boyunca etkile\u015fimi tercih ederken, B2C topluluklar\u0131 neredeyse her zaman anketlere yan\u0131t vermeye a\u00e7\u0131kt\u0131r.<\/p>\n\n<p>Bu sonu\u00e7lar bize, hedef kitlenizle y\u00fcksek d\u00fczeyde etkile\u015fim halindeyseniz, yan\u0131t oranlar\u0131n\u0131z\u0131n genellikle hedef kitleleriyle d\u00fczenli olarak ba\u011flant\u0131 kurmayanlara g\u00f6re daha y\u00fcksek ve daha h\u0131zl\u0131 olaca\u011f\u0131n\u0131 s\u00f6yl\u00fcyor. Anketlerinizi ne zaman veya nas\u0131l g\u00f6nderdi\u011finiz \u00f6nemli de\u011fildir.<\/p>\n\n<p>Sekt\u00f6rden ba\u011f\u0131ms\u0131z olarak, y\u00fcksek kat\u0131l\u0131ml\u0131 kat\u0131l\u0131mc\u0131lar neredeyse t\u00fcm anket da\u011f\u0131t\u0131m\u0131, tamamlanma tarihi ve zaman mant\u0131\u011f\u0131n\u0131 geride b\u0131rakmaktad\u0131r. Bununla birlikte, y\u00fcksek kat\u0131l\u0131ml\u0131 bir kitleyi y\u00f6netmek, devam eden ili\u015fkileri i\u015fe almak, s\u00fcrd\u00fcrmek ve y\u00f6netmek i\u00e7in k\u0131sa ve uzun vadeli stratejiler gerektirir. Ba\u015flang\u0131\u00e7ta harcanan \u00e7aba ve masraflar y\u00fcksektir, ancak y\u00fcksek kat\u0131l\u0131ml\u0131 bir kitleden yararlanabildi\u011finizde uzun vadeli faydalar \u00e7ok b\u00fcy\u00fckt\u00fcr.<\/p>\n\n<h3 class=\"wp-block-heading\">06. \u00dcr\u00fcne \u00f6zel da\u011f\u0131t\u0131m<\/h3>\n\n<p>Farkl\u0131 \u00fcr\u00fcn t\u00fcrleri farkl\u0131 hedeflere, kitlelere, kullan\u0131m durumlar\u0131na ve \u00f6zelliklere sahiptir. Topluluklar i\u015fbirli\u011fi ve bilgi payla\u015f\u0131m\u0131na, i\u015fg\u00fcc\u00fc \u00fcr\u00fcnleri \u00e7al\u0131\u015fan operasyonlar\u0131n\u0131 iyile\u015ftirmeye ve CX \u00fcr\u00fcnleri m\u00fc\u015fteri deneyimini iyile\u015ftirmeye odaklan\u0131r.<\/p>\n\n<ul>\n<li><a href=\"https:\/\/www.questionpro.com\/workforce\/\">\u0130\u015fg\u00fcc\u00fc<\/a> &#8211; Pazartesi ve Sal\u0131, \u00e7al\u0131\u015fan ba\u011fl\u0131l\u0131\u011f\u0131 anketlerinin g\u00f6nderildi\u011fi iki pop\u00fcler g\u00fcn oldu. Bu, \u00f6nemli i\u015f e-postalar\u0131n\u0131 g\u00f6ndermek i\u00e7in en iyi g\u00fcn\u00fcn Pazartesi veya Sal\u0131 g\u00fcn\u00fc sabah\u0131n erken saatlerinde veya \u00f6\u011fleden sonra ortas\u0131 oldu\u011funu g\u00f6steren \u00e7al\u0131\u015fan anketleriyle de uyumludur, \u00e7\u00fcnk\u00fc bu saatlerde a\u00e7\u0131lma oranlar\u0131 en y\u00fcksektir.<\/li>\n\n\n\n<li><a href=\"https:\/\/www.questionpro.com\/communities\/\">Topluluklar<\/a> &#8211; Sal\u0131 g\u00fcn\u00fc topluluk anketlerinin g\u00f6nderilmesi i\u00e7in en pop\u00fcler g\u00fcnd\u00fcr, ancak di\u011fer g\u00fcnler biraz daha d\u00fc\u015f\u00fck olmakla birlikte olduk\u00e7a tutarl\u0131d\u0131r.<\/li>\n\n\n\n<li><a href=\"https:\/\/www.questionpro.com\/cx\/\">CX<\/a> &#8211; M\u00fc\u015fteri deneyimi i\u00e7in durum de\u011fi\u015fir. M\u00fc\u015fteri anketleri genellikle sat\u0131\u015f noktas\u0131 ve m\u00fc\u015fteri yolculu\u011funa ba\u011fl\u0131d\u0131r. Otomatikle\u015ftirilmi\u015fse, tarih ve saat m\u00fc\u015fteri etkinli\u011fine g\u00f6re de\u011fi\u015fecektir.<\/li>\n<\/ul>\n\n<h2 class=\"wp-block-heading\">Anket g\u00f6nderirken ka\u00e7\u0131n\u0131lmas\u0131 gereken hatalar<\/h2>\n\n<p>Bir anketi da\u011f\u0131t\u0131rken ve g\u00f6ndermek i\u00e7in en uygun zaman\u0131 belirlerken, ka\u00e7\u0131n\u0131lmas\u0131 gereken belirli hatalar\u0131n fark\u0131nda olmak \u00e7ok \u00f6nemlidir. \u0130\u015fte ka\u00e7\u0131nman\u0131z gereken baz\u0131 s\u0131k yap\u0131lan hatalar:<\/p>\n\n<ul>\n<li><h3>Anketlerin hafta sonlar\u0131 veya tatil g\u00fcnlerinde g\u00f6nderilmesi<\/h3><\/li>\n<\/ul>\n\n<p>Bir anketi g\u00f6ndermek i\u00e7in en uygun zaman\u0131 d\u00fc\u015f\u00fcnmezseniz yan\u0131t oranlar\u0131n\u0131 b\u00fcy\u00fck \u00f6l\u00e7\u00fcde etkileyebilir. Anketleri hafta sonlar\u0131, tatiller veya insanlar\u0131n yan\u0131t verme olas\u0131l\u0131\u011f\u0131n\u0131n daha d\u00fc\u015f\u00fck olabilece\u011fi yo\u011fun d\u00f6nemlerde g\u00f6ndermeyin.<\/p>\n\n<ul>\n<li><h3>\u00d6nyarg\u0131l\u0131 veya y\u00f6nlendirici sorular sormak<\/h3><\/li>\n<\/ul>\n\n<p>\u00d6nyarg\u0131 yaratmamaya veya <a href=\"https:\/\/www.questionpro.com\/blog\/tr\/yonlendirici-sorular-tanim-ozellikler-ve-ornekler\/\">y\u00f6nlendirici sorular<\/a> sorarak kat\u0131l\u0131mc\u0131lar\u0131n cevaplar\u0131n\u0131 de\u011fi\u015ftirmemeye dikkat edin. D\u00fcr\u00fcst cevaplar almak i\u00e7in sorular\u0131n\u0131z\u0131 adil ve net tutun.<\/p>\n\n<ul>\n<li><h3>Takip veya ileti\u015fim eksikli\u011fi<\/h3><\/li>\n<\/ul>\n\n<p>Anket tamamland\u0131ktan sonra, sonu\u00e7lar\u0131 veya geri bildirimlere yan\u0131t olarak yap\u0131lan faaliyetleri payla\u015fmak \u00e7ok \u00f6nemlidir. Kat\u0131l\u0131mc\u0131lar\u0131 g\u00fcncel tutmak \u015feffafl\u0131\u011f\u0131 ve ay\u0131rd\u0131klar\u0131 zaman i\u00e7in minnettarl\u0131\u011f\u0131 te\u015fvik eder.<\/p>\n\n<ul>\n<li><h3>Kat\u0131l\u0131mc\u0131lara te\u015fekk\u00fcr etmemek<\/h3><\/li>\n<\/ul>\n\n<p>Anketi yan\u0131tlayanlara minnettarl\u0131\u011f\u0131n\u0131z\u0131 ifade etmek \u00e7ok \u00f6nemlidir. Basit bir &#8220;te\u015fekk\u00fcr&#8221; mektubu, zamanlar\u0131 ve katk\u0131lar\u0131 i\u00e7in minnettarl\u0131\u011f\u0131n\u0131z\u0131 ifade etmek ve gelecekteki i\u015fbirlikleri i\u00e7in iyi niyet olu\u015fturmak i\u00e7in uzun bir yol kat eder.<\/p>\n\n<h2 class=\"wp-block-heading\">T\u00fcm bunlardan \u00e7\u0131kar\u0131lacak sonu\u00e7 nedir? Zamanlama fark yaratabilir<\/h2>\n\n<p>K\u0131sacas\u0131, anket da\u011f\u0131t\u0131m\u0131 ve yan\u0131tlama zamanlamas\u0131na ili\u015fkin ara\u015ft\u0131rmam\u0131zdan elde etti\u011fimiz bulgular \u015f\u00f6yledir:<\/p>\n\n<ul>\n<li>Sal\u0131 g\u00fcn\u00fc, anket daveti g\u00f6ndermek i\u00e7in en pop\u00fcler zamand\u0131r.<\/li>\n\n\n\n<li>Anket g\u00f6ndermek i\u00e7in en pop\u00fcler zaman yerel saatle sabah 10-11 aras\u0131d\u0131r.<\/li>\n\n\n\n<li>Ay\u0131n son haftas\u0131 davetiye g\u00f6ndermek i\u00e7in en pop\u00fcler zamand\u0131r.<\/li>\n\n\n\n<li>Sal\u0131 g\u00fcn\u00fc, di\u011fer g\u00fcnlere k\u0131yasla anketlere en h\u0131zl\u0131 yan\u0131t verilen g\u00fcnd\u00fcr.<\/li>\n\n\n\n<li>Etkile\u015fimi y\u00fcksek kitleler, davetlerin g\u00f6nderildi\u011fi tarih veya saatten ba\u011f\u0131ms\u0131z olarak genellikle daha h\u0131zl\u0131 ve daha \u00e7abuk yan\u0131t verir.<\/li>\n<\/ul>\n\n<p>Anket g\u00f6ndermek i\u00e7in en uygun zaman\u0131 ve yan\u0131t oranlar\u0131n\u0131z\u0131 nas\u0131l en \u00fcst d\u00fczeye \u00e7\u0131karaca\u011f\u0131n\u0131z\u0131 m\u0131 merak ediyorsunuz? Zaten do\u011fru yoldas\u0131n\u0131z! Analizimizden payla\u015ft\u0131\u011f\u0131m\u0131z verilere dayanarak, i\u00e7g\u00f6r\u00fcleriniz i\u00e7in en uygun olan\u0131 belirlemek \u00fczere kendi anket zamanlama projenizi y\u00fcr\u00fctmenizi \u015fiddetle tavsiye ediyoruz.<\/p>\n\n<p>Bunu, kurulu\u015funuzun zaman ve belirli \u00fcr\u00fcn \u00f6zelliklerinden yararlanmay\u0131 d\u00fc\u015f\u00fcnmesini sa\u011flamak i\u00e7in bir temel olarak kullan\u0131n ve davetiyelerin hedef kitlenizin geri bildirim sunmak i\u00e7in uygun oldu\u011fu zamanlarda g\u00f6nderilmesini sa\u011flay\u0131n.<\/p>\n\n<p>QuestionPro&#8217;da, i\u015finizi geli\u015ftirmek i\u00e7in de\u011ferli bilgiler toplaman\u0131za yard\u0131mc\u0131 olmaya kendimizi adad\u0131k. Kullan\u0131c\u0131 dostu anket tasar\u0131m\u0131m\u0131z ve ara\u00e7lar\u0131m\u0131z size her ad\u0131mda rehberlik ederek ba\u015far\u0131l\u0131 bir anket i\u00e7in bilin\u00e7li kararlar alman\u0131z\u0131 sa\u011flayacakt\u0131r.<\/p>\n\n<p>Anketinizin zamanlamas\u0131n\u0131 do\u011fru yaparak, al\u0131c\u0131lar\u0131n\u0131z\u0131 hayal k\u0131r\u0131kl\u0131\u011f\u0131na u\u011fratmaktan ka\u00e7\u0131nmakla kalmaz, ayn\u0131 zamanda yan\u0131t verme isteklerini de art\u0131r\u0131rs\u0131n\u0131z. Kitlenizin ilgisini \u00e7ekin ve kayda de\u011fer de\u011ferli yan\u0131tlar elde edin &#8211; ba\u015far\u0131l\u0131 bir anketin nihai hedefi budur. Bu anket m\u00fckemmelli\u011fi yolculu\u011funda QuestionPro&#8217;nun g\u00fcvenilir orta\u011f\u0131n\u0131z olmas\u0131na izin verin.<\/p>\n\n<p class=\"has-text-align-center\"><a href=\"https:\/\/www.questionpro.com\/tr\/\" target=\"_blank\" rel=\"noopener\">\n  <button>DAHA FAZLA BI\u0307LGI\u0307 EDI\u0307NI\u0307N<\/button>\n<\/a>       <a href=\"https:\/\/www.questionpro.com\/a\/showEntry.do?sourceRef=blog\" target=\"_blank\" rel=\"noopener\">\n  <button>\u00dcCRETS\u0130Z KAYDOLUN<\/button>\n<\/a><\/p>\n","protected":false},"excerpt":{"rendered":"<p>Anketler s\u00f6z konusu oldu\u011funda zamanlama \u00e7ok \u00f6nemli bir fakt\u00f6rd\u00fcr. Hayal k\u0131r\u0131kl\u0131\u011f\u0131 yaratan yan\u0131t oranlar\u0131 ya da de\u011ferli geri bildirimler almak [&hellip;]<\/p>\n","protected":false},"author":74,"featured_media":654669,"comment_status":"closed","ping_status":"closed","sticky":false,"template":"","format":"standard","meta":{"_genesis_hide_title":false,"_genesis_hide_breadcrumbs":false,"_genesis_hide_singular_image":false,"_genesis_hide_footer_widgets":false,"_genesis_custom_body_class":"","_genesis_custom_post_class":"","_genesis_layout":"","footnotes":""},"categories":[1127,1036],"tags":[],"yoast_head":"<!-- This site is optimized with the Yoast SEO plugin v20.4 - https:\/\/yoast.com\/wordpress\/plugins\/seo\/ -->\n<title>En y\u00fcksek yan\u0131tlar\u0131 almak i\u00e7in anket g\u00f6ndermek i\u00e7in en uygun zaman nedir?<\/title>\n<meta name=\"description\" content=\"Maksimum yan\u0131t oran\u0131 elde etmek i\u00e7in anket g\u00f6ndermek i\u00e7in en uygun zaman\u0131n ne oldu\u011funu \u00f6\u011frenin. Anket g\u00f6ndermek i\u00e7in haftan\u0131n en pop\u00fcler g\u00fcn\u00fc Sal\u0131&#039;d\u0131r.\" \/>\n<meta name=\"robots\" content=\"index, follow, max-snippet:-1, max-image-preview:large, max-video-preview:-1\" \/>\n<link rel=\"canonical\" href=\"https:\/\/www.questionpro.com\/blog\/tr\/en-yuksek-yaniti-almak-icin-anket-gondermek-icin-en-iyi-zaman-var-mi\/\" \/>\n<meta property=\"og:locale\" content=\"tr_TR\" \/>\n<meta property=\"og:type\" content=\"article\" \/>\n<meta property=\"og:title\" content=\"En y\u00fcksek yan\u0131tlar\u0131 almak i\u00e7in anket g\u00f6ndermek i\u00e7in en uygun zaman nedir?\" \/>\n<meta property=\"og:description\" content=\"Maksimum yan\u0131t oran\u0131 elde etmek i\u00e7in anket g\u00f6ndermek i\u00e7in en uygun zaman\u0131n ne oldu\u011funu \u00f6\u011frenin. Anket g\u00f6ndermek i\u00e7in haftan\u0131n en pop\u00fcler g\u00fcn\u00fc Sal\u0131&#039;d\u0131r.\" \/>\n<meta property=\"og:url\" content=\"https:\/\/www.questionpro.com\/blog\/tr\/en-yuksek-yaniti-almak-icin-anket-gondermek-icin-en-iyi-zaman-var-mi\/\" \/>\n<meta property=\"og:site_name\" content=\"QuestionPro\" \/>\n<meta property=\"article:publisher\" content=\"https:\/\/www.facebook.com\/questionpro\" \/>\n<meta property=\"article:published_time\" content=\"2019-10-11T06:47:02+00:00\" \/>\n<meta property=\"article:modified_time\" content=\"2023-06-27T17:31:08+00:00\" \/>\n<meta property=\"og:image\" content=\"https:\/\/www.questionpro.com\/blog\/wp-content\/uploads\/2019\/10\/image2-1-1.jpg\" \/>\n\t<meta property=\"og:image:width\" content=\"992\" \/>\n\t<meta property=\"og:image:height\" content=\"594\" \/>\n\t<meta property=\"og:image:type\" content=\"image\/jpeg\" \/>\n<meta name=\"author\" content=\"Esther LaVielle\" \/>\n<meta name=\"twitter:card\" content=\"summary_large_image\" \/>\n<meta name=\"twitter:creator\" content=\"@questionpro\" \/>\n<meta name=\"twitter:site\" content=\"@questionpro\" \/>\n<meta name=\"twitter:label1\" content=\"Yazan:\" \/>\n\t<meta name=\"twitter:data1\" content=\"Esther LaVielle\" \/>\n\t<meta name=\"twitter:label2\" content=\"Tahmini okuma s\u00fcresi\" \/>\n\t<meta name=\"twitter:data2\" content=\"13 dakika\" \/>\n<script type=\"application\/ld+json\" class=\"yoast-schema-graph\">{\"@context\":\"https:\/\/schema.org\",\"@graph\":[{\"@type\":\"Article\",\"@id\":\"https:\/\/www.questionpro.com\/blog\/tr\/en-yuksek-yaniti-almak-icin-anket-gondermek-icin-en-iyi-zaman-var-mi\/#article\",\"isPartOf\":{\"@id\":\"https:\/\/www.questionpro.com\/blog\/tr\/en-yuksek-yaniti-almak-icin-anket-gondermek-icin-en-iyi-zaman-var-mi\/\"},\"author\":{\"name\":\"Esther LaVielle\",\"@id\":\"https:\/\/www.questionpro.com\/blog\/tr\/#\/schema\/person\/2609a5088a41bddcd765aeee4945ccf4\"},\"headline\":\"En y\u00fcksek yan\u0131tlar\u0131 almak i\u00e7in anket g\u00f6ndermek i\u00e7in en uygun zaman nedir?\",\"datePublished\":\"2019-10-11T06:47:02+00:00\",\"dateModified\":\"2023-06-27T17:31:08+00:00\",\"mainEntityOfPage\":{\"@id\":\"https:\/\/www.questionpro.com\/blog\/tr\/en-yuksek-yaniti-almak-icin-anket-gondermek-icin-en-iyi-zaman-var-mi\/\"},\"wordCount\":2619,\"publisher\":{\"@id\":\"https:\/\/www.questionpro.com\/blog\/tr\/#organization\"},\"articleSection\":[\"Anketler\",\"Uncategorized @tr\"],\"inLanguage\":\"tr\"},{\"@type\":\"WebPage\",\"@id\":\"https:\/\/www.questionpro.com\/blog\/tr\/en-yuksek-yaniti-almak-icin-anket-gondermek-icin-en-iyi-zaman-var-mi\/\",\"url\":\"https:\/\/www.questionpro.com\/blog\/tr\/en-yuksek-yaniti-almak-icin-anket-gondermek-icin-en-iyi-zaman-var-mi\/\",\"name\":\"En y\u00fcksek yan\u0131tlar\u0131 almak i\u00e7in anket g\u00f6ndermek i\u00e7in en uygun zaman nedir?\",\"isPartOf\":{\"@id\":\"https:\/\/www.questionpro.com\/blog\/tr\/#website\"},\"datePublished\":\"2019-10-11T06:47:02+00:00\",\"dateModified\":\"2023-06-27T17:31:08+00:00\",\"description\":\"Maksimum yan\u0131t oran\u0131 elde etmek i\u00e7in anket g\u00f6ndermek i\u00e7in en uygun zaman\u0131n ne oldu\u011funu \u00f6\u011frenin. Anket g\u00f6ndermek i\u00e7in haftan\u0131n en pop\u00fcler g\u00fcn\u00fc Sal\u0131'd\u0131r.\",\"breadcrumb\":{\"@id\":\"https:\/\/www.questionpro.com\/blog\/tr\/en-yuksek-yaniti-almak-icin-anket-gondermek-icin-en-iyi-zaman-var-mi\/#breadcrumb\"},\"inLanguage\":\"tr\",\"potentialAction\":[{\"@type\":\"ReadAction\",\"target\":[\"https:\/\/www.questionpro.com\/blog\/tr\/en-yuksek-yaniti-almak-icin-anket-gondermek-icin-en-iyi-zaman-var-mi\/\"]}]},{\"@type\":\"BreadcrumbList\",\"@id\":\"https:\/\/www.questionpro.com\/blog\/tr\/en-yuksek-yaniti-almak-icin-anket-gondermek-icin-en-iyi-zaman-var-mi\/#breadcrumb\",\"itemListElement\":[{\"@type\":\"ListItem\",\"position\":1,\"name\":\"Ev\",\"item\":\"https:\/\/www.questionpro.com\/blog\/tr\/\"},{\"@type\":\"ListItem\",\"position\":2,\"name\":\"Anketler\",\"item\":\"https:\/\/www.questionpro.com\/blog\/tr\/category\/anketler\/\"},{\"@type\":\"ListItem\",\"position\":3,\"name\":\"En y\u00fcksek yan\u0131tlar\u0131 almak i\u00e7in anket g\u00f6ndermek i\u00e7in en uygun zaman nedir?\"}]},{\"@type\":\"WebSite\",\"@id\":\"https:\/\/www.questionpro.com\/blog\/tr\/#website\",\"url\":\"https:\/\/www.questionpro.com\/blog\/tr\/\",\"name\":\"QuestionPro\",\"description\":\"\",\"publisher\":{\"@id\":\"https:\/\/www.questionpro.com\/blog\/tr\/#organization\"},\"potentialAction\":[{\"@type\":\"SearchAction\",\"target\":{\"@type\":\"EntryPoint\",\"urlTemplate\":\"https:\/\/www.questionpro.com\/blog\/tr\/?s={search_term_string}\"},\"query-input\":\"required name=search_term_string\"}],\"inLanguage\":\"tr\"},{\"@type\":\"Organization\",\"@id\":\"https:\/\/www.questionpro.com\/blog\/tr\/#organization\",\"name\":\"QuestionPro\",\"url\":\"https:\/\/www.questionpro.com\/blog\/tr\/\",\"logo\":{\"@type\":\"ImageObject\",\"inLanguage\":\"tr\",\"@id\":\"https:\/\/www.questionpro.com\/blog\/tr\/#\/schema\/logo\/image\/\",\"url\":\"https:\/\/www.questionpro.com\/blog\/wp-content\/uploads\/2022\/10\/questionpro-logo.svg\",\"contentUrl\":\"https:\/\/www.questionpro.com\/blog\/wp-content\/uploads\/2022\/10\/questionpro-logo.svg\",\"caption\":\"QuestionPro\"},\"image\":{\"@id\":\"https:\/\/www.questionpro.com\/blog\/tr\/#\/schema\/logo\/image\/\"},\"sameAs\":[\"https:\/\/www.facebook.com\/questionpro\",\"https:\/\/twitter.com\/questionpro\",\"https:\/\/www.linkedin.com\/company\/questionpro\/\"]},{\"@type\":\"Person\",\"@id\":\"https:\/\/www.questionpro.com\/blog\/tr\/#\/schema\/person\/2609a5088a41bddcd765aeee4945ccf4\",\"name\":\"Esther LaVielle\",\"image\":{\"@type\":\"ImageObject\",\"inLanguage\":\"tr\",\"@id\":\"https:\/\/www.questionpro.com\/blog\/tr\/#\/schema\/person\/image\/\",\"url\":\"https:\/\/secure.gravatar.com\/avatar\/0ad2379820a7342029395882101cc737?s=96&d=mm&r=g\",\"contentUrl\":\"https:\/\/secure.gravatar.com\/avatar\/0ad2379820a7342029395882101cc737?s=96&d=mm&r=g\",\"caption\":\"Esther LaVielle\"},\"url\":\"https:\/\/www.questionpro.com\/blog\/tr\/author\/ermahlvl\/\"}]}<\/script>\n<!-- \/ Yoast SEO plugin. -->","yoast_head_json":{"title":"En y\u00fcksek yan\u0131tlar\u0131 almak i\u00e7in anket g\u00f6ndermek i\u00e7in en uygun zaman nedir?","description":"Maksimum yan\u0131t oran\u0131 elde etmek i\u00e7in anket g\u00f6ndermek i\u00e7in en uygun zaman\u0131n ne oldu\u011funu \u00f6\u011frenin. Anket g\u00f6ndermek i\u00e7in haftan\u0131n en pop\u00fcler g\u00fcn\u00fc Sal\u0131'd\u0131r.","robots":{"index":"index","follow":"follow","max-snippet":"max-snippet:-1","max-image-preview":"max-image-preview:large","max-video-preview":"max-video-preview:-1"},"canonical":"https:\/\/www.questionpro.com\/blog\/tr\/en-yuksek-yaniti-almak-icin-anket-gondermek-icin-en-iyi-zaman-var-mi\/","og_locale":"tr_TR","og_type":"article","og_title":"En y\u00fcksek yan\u0131tlar\u0131 almak i\u00e7in anket g\u00f6ndermek i\u00e7in en uygun zaman nedir?","og_description":"Maksimum yan\u0131t oran\u0131 elde etmek i\u00e7in anket g\u00f6ndermek i\u00e7in en uygun zaman\u0131n ne oldu\u011funu \u00f6\u011frenin. Anket g\u00f6ndermek i\u00e7in haftan\u0131n en pop\u00fcler g\u00fcn\u00fc Sal\u0131'd\u0131r.","og_url":"https:\/\/www.questionpro.com\/blog\/tr\/en-yuksek-yaniti-almak-icin-anket-gondermek-icin-en-iyi-zaman-var-mi\/","og_site_name":"QuestionPro","article_publisher":"https:\/\/www.facebook.com\/questionpro","article_published_time":"2019-10-11T06:47:02+00:00","article_modified_time":"2023-06-27T17:31:08+00:00","og_image":[{"width":992,"height":594,"url":"https:\/\/www.questionpro.com\/blog\/wp-content\/uploads\/2019\/10\/image2-1-1.jpg","type":"image\/jpeg"}],"author":"Esther LaVielle","twitter_card":"summary_large_image","twitter_creator":"@questionpro","twitter_site":"@questionpro","twitter_misc":{"Yazan:":"Esther LaVielle","Tahmini okuma s\u00fcresi":"13 dakika"},"schema":{"@context":"https:\/\/schema.org","@graph":[{"@type":"Article","@id":"https:\/\/www.questionpro.com\/blog\/tr\/en-yuksek-yaniti-almak-icin-anket-gondermek-icin-en-iyi-zaman-var-mi\/#article","isPartOf":{"@id":"https:\/\/www.questionpro.com\/blog\/tr\/en-yuksek-yaniti-almak-icin-anket-gondermek-icin-en-iyi-zaman-var-mi\/"},"author":{"name":"Esther LaVielle","@id":"https:\/\/www.questionpro.com\/blog\/tr\/#\/schema\/person\/2609a5088a41bddcd765aeee4945ccf4"},"headline":"En y\u00fcksek yan\u0131tlar\u0131 almak i\u00e7in anket g\u00f6ndermek i\u00e7in en uygun zaman nedir?","datePublished":"2019-10-11T06:47:02+00:00","dateModified":"2023-06-27T17:31:08+00:00","mainEntityOfPage":{"@id":"https:\/\/www.questionpro.com\/blog\/tr\/en-yuksek-yaniti-almak-icin-anket-gondermek-icin-en-iyi-zaman-var-mi\/"},"wordCount":2619,"publisher":{"@id":"https:\/\/www.questionpro.com\/blog\/tr\/#organization"},"articleSection":["Anketler","Uncategorized @tr"],"inLanguage":"tr"},{"@type":"WebPage","@id":"https:\/\/www.questionpro.com\/blog\/tr\/en-yuksek-yaniti-almak-icin-anket-gondermek-icin-en-iyi-zaman-var-mi\/","url":"https:\/\/www.questionpro.com\/blog\/tr\/en-yuksek-yaniti-almak-icin-anket-gondermek-icin-en-iyi-zaman-var-mi\/","name":"En y\u00fcksek yan\u0131tlar\u0131 almak i\u00e7in anket g\u00f6ndermek i\u00e7in en uygun zaman nedir?","isPartOf":{"@id":"https:\/\/www.questionpro.com\/blog\/tr\/#website"},"datePublished":"2019-10-11T06:47:02+00:00","dateModified":"2023-06-27T17:31:08+00:00","description":"Maksimum yan\u0131t oran\u0131 elde etmek i\u00e7in anket g\u00f6ndermek i\u00e7in en uygun zaman\u0131n ne oldu\u011funu \u00f6\u011frenin. Anket g\u00f6ndermek i\u00e7in haftan\u0131n en pop\u00fcler g\u00fcn\u00fc Sal\u0131'd\u0131r.","breadcrumb":{"@id":"https:\/\/www.questionpro.com\/blog\/tr\/en-yuksek-yaniti-almak-icin-anket-gondermek-icin-en-iyi-zaman-var-mi\/#breadcrumb"},"inLanguage":"tr","potentialAction":[{"@type":"ReadAction","target":["https:\/\/www.questionpro.com\/blog\/tr\/en-yuksek-yaniti-almak-icin-anket-gondermek-icin-en-iyi-zaman-var-mi\/"]}]},{"@type":"BreadcrumbList","@id":"https:\/\/www.questionpro.com\/blog\/tr\/en-yuksek-yaniti-almak-icin-anket-gondermek-icin-en-iyi-zaman-var-mi\/#breadcrumb","itemListElement":[{"@type":"ListItem","position":1,"name":"Ev","item":"https:\/\/www.questionpro.com\/blog\/tr\/"},{"@type":"ListItem","position":2,"name":"Anketler","item":"https:\/\/www.questionpro.com\/blog\/tr\/category\/anketler\/"},{"@type":"ListItem","position":3,"name":"En y\u00fcksek yan\u0131tlar\u0131 almak i\u00e7in anket g\u00f6ndermek i\u00e7in en uygun zaman nedir?"}]},{"@type":"WebSite","@id":"https:\/\/www.questionpro.com\/blog\/tr\/#website","url":"https:\/\/www.questionpro.com\/blog\/tr\/","name":"QuestionPro","description":"","publisher":{"@id":"https:\/\/www.questionpro.com\/blog\/tr\/#organization"},"potentialAction":[{"@type":"SearchAction","target":{"@type":"EntryPoint","urlTemplate":"https:\/\/www.questionpro.com\/blog\/tr\/?s={search_term_string}"},"query-input":"required name=search_term_string"}],"inLanguage":"tr"},{"@type":"Organization","@id":"https:\/\/www.questionpro.com\/blog\/tr\/#organization","name":"QuestionPro","url":"https:\/\/www.questionpro.com\/blog\/tr\/","logo":{"@type":"ImageObject","inLanguage":"tr","@id":"https:\/\/www.questionpro.com\/blog\/tr\/#\/schema\/logo\/image\/","url":"https:\/\/www.questionpro.com\/blog\/wp-content\/uploads\/2022\/10\/questionpro-logo.svg","contentUrl":"https:\/\/www.questionpro.com\/blog\/wp-content\/uploads\/2022\/10\/questionpro-logo.svg","caption":"QuestionPro"},"image":{"@id":"https:\/\/www.questionpro.com\/blog\/tr\/#\/schema\/logo\/image\/"},"sameAs":["https:\/\/www.facebook.com\/questionpro","https:\/\/twitter.com\/questionpro","https:\/\/www.linkedin.com\/company\/questionpro\/"]},{"@type":"Person","@id":"https:\/\/www.questionpro.com\/blog\/tr\/#\/schema\/person\/2609a5088a41bddcd765aeee4945ccf4","name":"Esther LaVielle","image":{"@type":"ImageObject","inLanguage":"tr","@id":"https:\/\/www.questionpro.com\/blog\/tr\/#\/schema\/person\/image\/","url":"https:\/\/secure.gravatar.com\/avatar\/0ad2379820a7342029395882101cc737?s=96&d=mm&r=g","contentUrl":"https:\/\/secure.gravatar.com\/avatar\/0ad2379820a7342029395882101cc737?s=96&d=mm&r=g","caption":"Esther LaVielle"},"url":"https:\/\/www.questionpro.com\/blog\/tr\/author\/ermahlvl\/"}]}},"featured_image_src":"https:\/\/www.questionpro.com\/blog\/wp-content\/uploads\/2019\/10\/image2-1-1.jpg","featured_image_src_square":"https:\/\/www.questionpro.com\/blog\/wp-content\/uploads\/2019\/10\/image2-1-1.jpg","author_info":{"display_name":"Esther LaVielle","author_link":"https:\/\/www.questionpro.com\/blog\/tr\/author\/ermahlvl\/"},"_links":{"self":[{"href":"https:\/\/www.questionpro.com\/blog\/tr\/wp-json\/wp\/v2\/posts\/799811"}],"collection":[{"href":"https:\/\/www.questionpro.com\/blog\/tr\/wp-json\/wp\/v2\/posts"}],"about":[{"href":"https:\/\/www.questionpro.com\/blog\/tr\/wp-json\/wp\/v2\/types\/post"}],"author":[{"embeddable":true,"href":"https:\/\/www.questionpro.com\/blog\/tr\/wp-json\/wp\/v2\/users\/74"}],"replies":[{"embeddable":true,"href":"https:\/\/www.questionpro.com\/blog\/tr\/wp-json\/wp\/v2\/comments?post=799811"}],"version-history":[{"count":1,"href":"https:\/\/www.questionpro.com\/blog\/tr\/wp-json\/wp\/v2\/posts\/799811\/revisions"}],"predecessor-version":[{"id":799812,"href":"https:\/\/www.questionpro.com\/blog\/tr\/wp-json\/wp\/v2\/posts\/799811\/revisions\/799812"}],"wp:featuredmedia":[{"embeddable":true,"href":"https:\/\/www.questionpro.com\/blog\/tr\/wp-json\/wp\/v2\/media\/654669"}],"wp:attachment":[{"href":"https:\/\/www.questionpro.com\/blog\/tr\/wp-json\/wp\/v2\/media?parent=799811"}],"wp:term":[{"taxonomy":"category","embeddable":true,"href":"https:\/\/www.questionpro.com\/blog\/tr\/wp-json\/wp\/v2\/categories?post=799811"},{"taxonomy":"post_tag","embeddable":true,"href":"https:\/\/www.questionpro.com\/blog\/tr\/wp-json\/wp\/v2\/tags?post=799811"}],"curies":[{"name":"wp","href":"https:\/\/api.w.org\/{rel}","templated":true}]}}