

{"id":799952,"date":"2018-01-30T03:36:37","date_gmt":"2018-01-30T03:36:37","guid":{"rendered":"https:\/\/www.questionpro.com\/blog\/gdpr-veri-koleksiyonu\/"},"modified":"2018-01-30T03:36:37","modified_gmt":"2018-01-30T03:36:37","slug":"gdpr-veri-koleksiyonu","status":"publish","type":"post","link":"https:\/\/www.questionpro.com\/blog\/tr\/gdpr-veri-koleksiyonu\/","title":{"rendered":"GDPR Veri Toplama Y\u00f6netmeli\u011fi \u0130\u015fletmeniz \u0130\u00e7in Ge\u00e7erli mi?"},"content":{"rendered":"<p>&nbsp;<\/p>\n<h2><b>GDPR veri toplama uyumlulu\u011fu  <\/b><\/h2>\n<p><span style=\"font-weight: 400;\">Genel Veri Koruma Y\u00f6netmeli\u011fi (GDPR), Avrupa vatanda\u015flar\u0131n\u0131n ki\u015fisel verilerini i\u015fleyen t\u00fcm kurulu\u015flar\/i\u015fletmeler veya bireyler i\u00e7in ge\u00e7erlidir. GDPR uyumu, 25 May\u0131s 2018 tarihinde mevcut Veri Koruma Yasas\u0131n\u0131 ge\u00e7ersiz k\u0131lacakt\u0131r.  <\/span><\/p>\n<p><span style=\"font-weight: 400;\">Bu yeni yasa form\u00fclasyonu, kurulu\u015flar\u0131n verilerini nas\u0131l kullanabilecekleri konusunda bireylere bir \u00fcst\u00fcnl\u00fck sa\u011flayacakt\u0131r. Bu uygulama, ihlallerin tespit edilmesi veya y\u00f6netmeli\u011fe uyulmamas\u0131 halinde a\u011f\u0131r para cezalar\u0131 anlam\u0131na gelecektir.<\/span><\/p>\n<p style=\"text-align: center;\"><a href=\"https:\/\/www.questionpro.com\/survey-templates\/gdpr-survey\/\" target=\"_blank\" rel=\"noopener noreferrer\">\u00dccretsiz GDPR Anket \u015eablonu<\/a><\/p>\n<h2><b>GDPR veri toplama uyumlulu\u011fu i\u015fletmeniz i\u00e7in ge\u00e7erli mi?<\/b><\/h2>\n<p><span style=\"font-weight: 400;\">Kurulu\u015funuz veya i\u015fletmeniz ya da bir birey olarak siz, kendi \u00e7al\u0131\u015fanlar\u0131n\u0131z da dahil olmak \u00fczere Avrupa vatanda\u015flar\u0131ndan herhangi bir veri topluyor musunuz? Bu sorunun cevab\u0131 evet ise, GDPR sizin i\u00e7in ge\u00e7erlidir.  <\/span><\/p>\n<p><span style=\"font-weight: 400;\">\u0130\u015fletmeniz veya kurulu\u015funuz Avrupa b\u00f6lgesinde faaliyet g\u00f6stermiyorsa, ancak bu b\u00f6lgeden veri topluyorsan\u0131z, y\u00f6netmelik sizin i\u00e7in de ge\u00e7erlidir. Bu y\u00f6neti\u015fimi i\u00e7eren bir ba\u015fka husus da, \u015fu anda Veri Koruma Yasas\u0131na tabi iseniz, <a href=\"https:\/\/www.questionpro.com\/gdpr\/\">GDPR anketine<\/a> uyumlu olman\u0131z gerekti\u011fidir.  <\/span><\/p>\n<p><span style=\"font-weight: 400;\">Buna ek olarak, ki\u015fisel verileri toplarken ve i\u015flerken net bir s\u0131n\u0131r vard\u0131r. Veri kontrol\u00f6r\u00fc m\u00fc yoksa veri i\u015fleyen mi oldu\u011funuzu belirtmeniz \u00e7ok \u00f6nemli olacakt\u0131r.  <\/span><\/p>\n<p><b>Veri Sorumlusu <\/b><span style=\"font-weight: 400;\">&#8211; Ki\u015fisel verilerin nas\u0131l ve neden i\u015flendi\u011fini d\u00fczenlerler.<\/span><\/p>\n<p><b>Veri \u0130\u015fleyici <\/b><span style=\"font-weight: 400;\">&#8211; Veri sorumlusu i\u00e7in verilerin teknik olarak i\u015flenmesini ger\u00e7ekle\u015ftirirler.<\/span><\/p>\n<p><span style=\"font-weight: 400;\">Meslekleriyle ilgili olarak veri denetleyicisi, ticari bir i\u015fletme, devlet kurumu veya hatta bir hay\u0131r kurumu olan herhangi biri olabilir ve bir i\u015flemci herhangi bir Bilgi Teknolojisi sa\u011flay\u0131c\u0131s\u0131 veya benzer bir profil olabilir. Her iki taraf\u0131n da GDPR uyumlu olmas\u0131 gerekir.  <\/span><\/p>\n<h2><b>GDPR veri toplamay\u0131 nas\u0131l etkileyecek?<\/b><\/h2>\n<p><span style=\"font-weight: 400;\">GDPR veri toplama y\u00f6netmeli\u011fi baz\u0131 kat\u0131 politikalar getirecek ve verileri kurulu\u015flar taraf\u0131ndan toplanan bireylere s\u00f6z hakk\u0131 verecektir. \u015eimdi GDPR&#8217;nin veri toplamay\u0131 nas\u0131l etkileyece\u011fini anlayal\u0131m:  <\/span><\/p>\n<p><b>1. Ki\u015fisel verilerin ne oldu\u011funun yeniden tan\u0131mlanmas\u0131  <\/b><\/p>\n<p><span style=\"font-weight: 400;\">GDPR y\u00f6netmeli\u011fi kapsam\u0131nda &#8220;Ki\u015fisel Veri&#8221; tan\u0131m\u0131n\u0131n tamam\u0131 de\u011fi\u015fecektir. Bir birey art\u0131k tek bir veri ile tan\u0131mlanamaz. Ancak bu veriler di\u011fer ilgili verilerle birle\u015ftirilirse bireyin kimli\u011fi tespit edilebilir. Bu genel olarak IP adresini, \u00e7erez dizelerini ve benzerlerini i\u00e7erecektir.  <\/span><\/p>\n<p><b>2. \u015eeffaf veri toplama<\/b><\/p>\n<p><span style=\"font-weight: 400;\"><a href=\"https:\/\/www.questionpro.com\/gdpr\/\">GDPR veri toplama<\/a> uyumlulu\u011funun zorunlu hale getirilmesiyle birlikte, bu d\u00fczenleme veri toplama s\u00fcrecinin son derece \u015feffaf olmas\u0131n\u0131 sa\u011flayacakt\u0131r. Veri toplay\u0131c\u0131n\u0131n, bu verilerin neden topland\u0131\u011f\u0131 ve nerede kullan\u0131laca\u011f\u0131 ve verileri sa\u011flayan ki\u015finin haklar\u0131n\u0131n neler oldu\u011fu konusunda net bilgi vermesi gerekir.<\/span><\/p>\n<p><b>3. Do\u011fru kelimeleri kullanmak<\/b><\/p>\n<p><span style=\"font-weight: 400;\">Terminolojilerin veya ifadelerin belirsizli\u011fi ge\u00e7mi\u015fte kalacakt\u0131r. Bu ne anlama geliyor? Bu, art\u0131k e-postalarda veya benzer ortamlarda okuyucular\u0131n kafas\u0131n\u0131 kar\u0131\u015ft\u0131ran gizlilik beyanlar\u0131n\u0131n kullan\u0131lmayaca\u011f\u0131 anlam\u0131na geliyor. \u00d6rne\u011fin. &#8220;Teklifi almak istemiyorsan\u0131z a\u015fa\u011f\u0131daki kutuyu i\u015faretlemeyin&#8221; gibi ifadeler yan\u0131lt\u0131c\u0131d\u0131r ve okuyucular\u0131n kafas\u0131n\u0131 kar\u0131\u015ft\u0131r\u0131r, bu nedenle ki\u015fisel bilgilerini vermeyi kabul ederek verirler.  <\/span><\/p>\n<p><span style=\"font-weight: 400;\">Son olarak, GDPR veri toplama uyumlulu\u011funa uymamak a\u011f\u0131r para cezalar\u0131n\u0131 ve cezalar\u0131 davet edecektir. D\u00fczenlemeye uymayan i\u015fletmelere, hangisi daha y\u00fcksekse, 24 milyon dolara veya k\u00fcresel cironun %4&#8217;\u00fcne kadar para cezas\u0131 verilebilir.<\/span><\/p>\n<p>&nbsp;<\/p>\n","protected":false},"excerpt":{"rendered":"<p>&nbsp; GDPR veri toplama uyumlulu\u011fu Genel Veri Koruma Y\u00f6netmeli\u011fi (GDPR), Avrupa vatanda\u015flar\u0131n\u0131n ki\u015fisel verilerini i\u015fleyen t\u00fcm kurulu\u015flar\/i\u015fletmeler veya bireyler i\u00e7in [&hellip;]<\/p>\n","protected":false},"author":86,"featured_media":667770,"comment_status":"closed","ping_status":"closed","sticky":false,"template":"","format":"standard","meta":{"_genesis_hide_title":false,"_genesis_hide_breadcrumbs":false,"_genesis_hide_singular_image":false,"_genesis_hide_footer_widgets":false,"_genesis_custom_body_class":"","_genesis_custom_post_class":"","_genesis_layout":"","footnotes":""},"categories":[1677],"tags":[1678],"yoast_head":"<!-- This site is optimized with the Yoast SEO plugin v20.4 - https:\/\/yoast.com\/wordpress\/plugins\/seo\/ -->\n<title>GDPR Veri Toplama Y\u00f6netmeli\u011fi \u0130\u015fletmeniz \u0130\u00e7in Ge\u00e7erli mi? | QuestionPro<\/title>\n<meta name=\"description\" content=\"GDPR Veri Toplama&#039;n\u0131n i\u015fletmeniz i\u00e7in ge\u00e7erli olup olmad\u0131\u011f\u0131n\u0131 \u00f6\u011frenin. GDPR Veri Toplama&#039;ya neden ihtiya\u00e7 duydu\u011funuzu ve bunun i\u015finizi nas\u0131l etkiledi\u011fini anlay\u0131n.\" \/>\n<meta name=\"robots\" content=\"index, follow, max-snippet:-1, max-image-preview:large, max-video-preview:-1\" \/>\n<link rel=\"canonical\" href=\"https:\/\/www.questionpro.com\/blog\/tr\/gdpr-veri-koleksiyonu\/\" \/>\n<meta property=\"og:locale\" content=\"tr_TR\" \/>\n<meta property=\"og:type\" content=\"article\" \/>\n<meta property=\"og:title\" content=\"GDPR Veri Toplama Y\u00f6netmeli\u011fi \u0130\u015fletmeniz \u0130\u00e7in Ge\u00e7erli mi? | QuestionPro\" \/>\n<meta property=\"og:description\" content=\"GDPR Veri Toplama&#039;n\u0131n i\u015fletmeniz i\u00e7in ge\u00e7erli olup olmad\u0131\u011f\u0131n\u0131 \u00f6\u011frenin. GDPR Veri Toplama&#039;ya neden ihtiya\u00e7 duydu\u011funuzu ve bunun i\u015finizi nas\u0131l etkiledi\u011fini anlay\u0131n.\" \/>\n<meta property=\"og:url\" content=\"https:\/\/www.questionpro.com\/blog\/tr\/gdpr-veri-koleksiyonu\/\" \/>\n<meta property=\"og:site_name\" content=\"QuestionPro\" \/>\n<meta property=\"article:publisher\" content=\"https:\/\/www.facebook.com\/questionpro\" \/>\n<meta property=\"article:published_time\" content=\"2018-01-30T03:36:37+00:00\" \/>\n<meta property=\"og:image\" content=\"https:\/\/www.questionpro.com\/blog\/wp-content\/uploads\/2018\/01\/GDPR-DATA-COLLECTION.jpg\" \/>\n\t<meta property=\"og:image:width\" content=\"992\" \/>\n\t<meta property=\"og:image:height\" content=\"594\" \/>\n\t<meta property=\"og:image:type\" content=\"image\/jpeg\" \/>\n<meta name=\"author\" content=\"Adi Bhat\" \/>\n<meta name=\"twitter:card\" content=\"summary_large_image\" \/>\n<meta name=\"twitter:creator\" content=\"@questionpro\" \/>\n<meta name=\"twitter:site\" content=\"@questionpro\" \/>\n<meta name=\"twitter:label1\" content=\"Yazan:\" \/>\n\t<meta name=\"twitter:data1\" content=\"Adi Bhat\" \/>\n\t<meta name=\"twitter:label2\" content=\"Tahmini okuma s\u00fcresi\" \/>\n\t<meta name=\"twitter:data2\" content=\"3 dakika\" \/>\n<script type=\"application\/ld+json\" class=\"yoast-schema-graph\">{\"@context\":\"https:\/\/schema.org\",\"@graph\":[{\"@type\":\"Article\",\"@id\":\"https:\/\/www.questionpro.com\/blog\/tr\/gdpr-veri-koleksiyonu\/#article\",\"isPartOf\":{\"@id\":\"https:\/\/www.questionpro.com\/blog\/tr\/gdpr-veri-koleksiyonu\/\"},\"author\":{\"name\":\"Adi Bhat\",\"@id\":\"https:\/\/www.questionpro.com\/blog\/tr\/#\/schema\/person\/6240dce6e1901b1a6c7f3dbd3e22567f\"},\"headline\":\"GDPR Veri Toplama Y\u00f6netmeli\u011fi \u0130\u015fletmeniz \u0130\u00e7in Ge\u00e7erli mi?\",\"datePublished\":\"2018-01-30T03:36:37+00:00\",\"dateModified\":\"2018-01-30T03:36:37+00:00\",\"mainEntityOfPage\":{\"@id\":\"https:\/\/www.questionpro.com\/blog\/tr\/gdpr-veri-koleksiyonu\/\"},\"wordCount\":590,\"publisher\":{\"@id\":\"https:\/\/www.questionpro.com\/blog\/tr\/#organization\"},\"keywords\":[\"GDPR\"],\"articleSection\":[\"Genel Veri Koruma Y\u00f6netmeli\u011fi\"],\"inLanguage\":\"tr\"},{\"@type\":\"WebPage\",\"@id\":\"https:\/\/www.questionpro.com\/blog\/tr\/gdpr-veri-koleksiyonu\/\",\"url\":\"https:\/\/www.questionpro.com\/blog\/tr\/gdpr-veri-koleksiyonu\/\",\"name\":\"GDPR Veri Toplama Y\u00f6netmeli\u011fi \u0130\u015fletmeniz \u0130\u00e7in Ge\u00e7erli mi? | QuestionPro\",\"isPartOf\":{\"@id\":\"https:\/\/www.questionpro.com\/blog\/tr\/#website\"},\"datePublished\":\"2018-01-30T03:36:37+00:00\",\"dateModified\":\"2018-01-30T03:36:37+00:00\",\"description\":\"GDPR Veri Toplama'n\u0131n i\u015fletmeniz i\u00e7in ge\u00e7erli olup olmad\u0131\u011f\u0131n\u0131 \u00f6\u011frenin. GDPR Veri Toplama'ya neden ihtiya\u00e7 duydu\u011funuzu ve bunun i\u015finizi nas\u0131l etkiledi\u011fini anlay\u0131n.\",\"breadcrumb\":{\"@id\":\"https:\/\/www.questionpro.com\/blog\/tr\/gdpr-veri-koleksiyonu\/#breadcrumb\"},\"inLanguage\":\"tr\",\"potentialAction\":[{\"@type\":\"ReadAction\",\"target\":[\"https:\/\/www.questionpro.com\/blog\/tr\/gdpr-veri-koleksiyonu\/\"]}]},{\"@type\":\"BreadcrumbList\",\"@id\":\"https:\/\/www.questionpro.com\/blog\/tr\/gdpr-veri-koleksiyonu\/#breadcrumb\",\"itemListElement\":[{\"@type\":\"ListItem\",\"position\":1,\"name\":\"Ev\",\"item\":\"https:\/\/www.questionpro.com\/blog\/tr\/\"},{\"@type\":\"ListItem\",\"position\":2,\"name\":\"Uncategorized @tr\",\"item\":\"https:\/\/www.questionpro.com\/blog\/tr\/category\/uncategorized-tr\/\"},{\"@type\":\"ListItem\",\"position\":3,\"name\":\"GDPR Veri Toplama Y\u00f6netmeli\u011fi \u0130\u015fletmeniz \u0130\u00e7in Ge\u00e7erli mi?\"}]},{\"@type\":\"WebSite\",\"@id\":\"https:\/\/www.questionpro.com\/blog\/tr\/#website\",\"url\":\"https:\/\/www.questionpro.com\/blog\/tr\/\",\"name\":\"QuestionPro\",\"description\":\"\",\"publisher\":{\"@id\":\"https:\/\/www.questionpro.com\/blog\/tr\/#organization\"},\"potentialAction\":[{\"@type\":\"SearchAction\",\"target\":{\"@type\":\"EntryPoint\",\"urlTemplate\":\"https:\/\/www.questionpro.com\/blog\/tr\/?s={search_term_string}\"},\"query-input\":\"required name=search_term_string\"}],\"inLanguage\":\"tr\"},{\"@type\":\"Organization\",\"@id\":\"https:\/\/www.questionpro.com\/blog\/tr\/#organization\",\"name\":\"QuestionPro\",\"url\":\"https:\/\/www.questionpro.com\/blog\/tr\/\",\"logo\":{\"@type\":\"ImageObject\",\"inLanguage\":\"tr\",\"@id\":\"https:\/\/www.questionpro.com\/blog\/tr\/#\/schema\/logo\/image\/\",\"url\":\"https:\/\/www.questionpro.com\/blog\/wp-content\/uploads\/2022\/10\/questionpro-logo.svg\",\"contentUrl\":\"https:\/\/www.questionpro.com\/blog\/wp-content\/uploads\/2022\/10\/questionpro-logo.svg\",\"caption\":\"QuestionPro\"},\"image\":{\"@id\":\"https:\/\/www.questionpro.com\/blog\/tr\/#\/schema\/logo\/image\/\"},\"sameAs\":[\"https:\/\/www.facebook.com\/questionpro\",\"https:\/\/twitter.com\/questionpro\",\"https:\/\/www.linkedin.com\/company\/questionpro\/\"]},{\"@type\":\"Person\",\"@id\":\"https:\/\/www.questionpro.com\/blog\/tr\/#\/schema\/person\/6240dce6e1901b1a6c7f3dbd3e22567f\",\"name\":\"Adi Bhat\",\"image\":{\"@type\":\"ImageObject\",\"inLanguage\":\"tr\",\"@id\":\"https:\/\/www.questionpro.com\/blog\/tr\/#\/schema\/person\/image\/\",\"url\":\"https:\/\/secure.gravatar.com\/avatar\/33be79da19de28bbea9b5a059532a027?s=96&d=mm&r=g\",\"contentUrl\":\"https:\/\/secure.gravatar.com\/avatar\/33be79da19de28bbea9b5a059532a027?s=96&d=mm&r=g\",\"caption\":\"Adi Bhat\"},\"description\":\"Aditya Bhat, a.k.a. \u2018Adi\u2019, is a thought leader in market strategy and business development. He leads QuestionPro's sales teams to partner with companies, government organizations, and nonprofit institution.\",\"sameAs\":[\"https:\/\/www.questionpro.com\/\"],\"url\":\"https:\/\/www.questionpro.com\/blog\/tr\/author\/adityabhat\/\"}]}<\/script>\n<!-- \/ Yoast SEO plugin. -->","yoast_head_json":{"title":"GDPR Veri Toplama Y\u00f6netmeli\u011fi \u0130\u015fletmeniz \u0130\u00e7in Ge\u00e7erli mi? | QuestionPro","description":"GDPR Veri Toplama'n\u0131n i\u015fletmeniz i\u00e7in ge\u00e7erli olup olmad\u0131\u011f\u0131n\u0131 \u00f6\u011frenin. GDPR Veri Toplama'ya neden ihtiya\u00e7 duydu\u011funuzu ve bunun i\u015finizi nas\u0131l etkiledi\u011fini anlay\u0131n.","robots":{"index":"index","follow":"follow","max-snippet":"max-snippet:-1","max-image-preview":"max-image-preview:large","max-video-preview":"max-video-preview:-1"},"canonical":"https:\/\/www.questionpro.com\/blog\/tr\/gdpr-veri-koleksiyonu\/","og_locale":"tr_TR","og_type":"article","og_title":"GDPR Veri Toplama Y\u00f6netmeli\u011fi \u0130\u015fletmeniz \u0130\u00e7in Ge\u00e7erli mi? | QuestionPro","og_description":"GDPR Veri Toplama'n\u0131n i\u015fletmeniz i\u00e7in ge\u00e7erli olup olmad\u0131\u011f\u0131n\u0131 \u00f6\u011frenin. GDPR Veri Toplama'ya neden ihtiya\u00e7 duydu\u011funuzu ve bunun i\u015finizi nas\u0131l etkiledi\u011fini anlay\u0131n.","og_url":"https:\/\/www.questionpro.com\/blog\/tr\/gdpr-veri-koleksiyonu\/","og_site_name":"QuestionPro","article_publisher":"https:\/\/www.facebook.com\/questionpro","article_published_time":"2018-01-30T03:36:37+00:00","og_image":[{"width":992,"height":594,"url":"https:\/\/www.questionpro.com\/blog\/wp-content\/uploads\/2018\/01\/GDPR-DATA-COLLECTION.jpg","type":"image\/jpeg"}],"author":"Adi Bhat","twitter_card":"summary_large_image","twitter_creator":"@questionpro","twitter_site":"@questionpro","twitter_misc":{"Yazan:":"Adi Bhat","Tahmini okuma s\u00fcresi":"3 dakika"},"schema":{"@context":"https:\/\/schema.org","@graph":[{"@type":"Article","@id":"https:\/\/www.questionpro.com\/blog\/tr\/gdpr-veri-koleksiyonu\/#article","isPartOf":{"@id":"https:\/\/www.questionpro.com\/blog\/tr\/gdpr-veri-koleksiyonu\/"},"author":{"name":"Adi Bhat","@id":"https:\/\/www.questionpro.com\/blog\/tr\/#\/schema\/person\/6240dce6e1901b1a6c7f3dbd3e22567f"},"headline":"GDPR Veri Toplama Y\u00f6netmeli\u011fi \u0130\u015fletmeniz \u0130\u00e7in Ge\u00e7erli mi?","datePublished":"2018-01-30T03:36:37+00:00","dateModified":"2018-01-30T03:36:37+00:00","mainEntityOfPage":{"@id":"https:\/\/www.questionpro.com\/blog\/tr\/gdpr-veri-koleksiyonu\/"},"wordCount":590,"publisher":{"@id":"https:\/\/www.questionpro.com\/blog\/tr\/#organization"},"keywords":["GDPR"],"articleSection":["Genel Veri Koruma Y\u00f6netmeli\u011fi"],"inLanguage":"tr"},{"@type":"WebPage","@id":"https:\/\/www.questionpro.com\/blog\/tr\/gdpr-veri-koleksiyonu\/","url":"https:\/\/www.questionpro.com\/blog\/tr\/gdpr-veri-koleksiyonu\/","name":"GDPR Veri Toplama Y\u00f6netmeli\u011fi \u0130\u015fletmeniz \u0130\u00e7in Ge\u00e7erli mi? | QuestionPro","isPartOf":{"@id":"https:\/\/www.questionpro.com\/blog\/tr\/#website"},"datePublished":"2018-01-30T03:36:37+00:00","dateModified":"2018-01-30T03:36:37+00:00","description":"GDPR Veri Toplama'n\u0131n i\u015fletmeniz i\u00e7in ge\u00e7erli olup olmad\u0131\u011f\u0131n\u0131 \u00f6\u011frenin. GDPR Veri Toplama'ya neden ihtiya\u00e7 duydu\u011funuzu ve bunun i\u015finizi nas\u0131l etkiledi\u011fini anlay\u0131n.","breadcrumb":{"@id":"https:\/\/www.questionpro.com\/blog\/tr\/gdpr-veri-koleksiyonu\/#breadcrumb"},"inLanguage":"tr","potentialAction":[{"@type":"ReadAction","target":["https:\/\/www.questionpro.com\/blog\/tr\/gdpr-veri-koleksiyonu\/"]}]},{"@type":"BreadcrumbList","@id":"https:\/\/www.questionpro.com\/blog\/tr\/gdpr-veri-koleksiyonu\/#breadcrumb","itemListElement":[{"@type":"ListItem","position":1,"name":"Ev","item":"https:\/\/www.questionpro.com\/blog\/tr\/"},{"@type":"ListItem","position":2,"name":"Uncategorized @tr","item":"https:\/\/www.questionpro.com\/blog\/tr\/category\/uncategorized-tr\/"},{"@type":"ListItem","position":3,"name":"GDPR Veri Toplama Y\u00f6netmeli\u011fi \u0130\u015fletmeniz \u0130\u00e7in Ge\u00e7erli mi?"}]},{"@type":"WebSite","@id":"https:\/\/www.questionpro.com\/blog\/tr\/#website","url":"https:\/\/www.questionpro.com\/blog\/tr\/","name":"QuestionPro","description":"","publisher":{"@id":"https:\/\/www.questionpro.com\/blog\/tr\/#organization"},"potentialAction":[{"@type":"SearchAction","target":{"@type":"EntryPoint","urlTemplate":"https:\/\/www.questionpro.com\/blog\/tr\/?s={search_term_string}"},"query-input":"required name=search_term_string"}],"inLanguage":"tr"},{"@type":"Organization","@id":"https:\/\/www.questionpro.com\/blog\/tr\/#organization","name":"QuestionPro","url":"https:\/\/www.questionpro.com\/blog\/tr\/","logo":{"@type":"ImageObject","inLanguage":"tr","@id":"https:\/\/www.questionpro.com\/blog\/tr\/#\/schema\/logo\/image\/","url":"https:\/\/www.questionpro.com\/blog\/wp-content\/uploads\/2022\/10\/questionpro-logo.svg","contentUrl":"https:\/\/www.questionpro.com\/blog\/wp-content\/uploads\/2022\/10\/questionpro-logo.svg","caption":"QuestionPro"},"image":{"@id":"https:\/\/www.questionpro.com\/blog\/tr\/#\/schema\/logo\/image\/"},"sameAs":["https:\/\/www.facebook.com\/questionpro","https:\/\/twitter.com\/questionpro","https:\/\/www.linkedin.com\/company\/questionpro\/"]},{"@type":"Person","@id":"https:\/\/www.questionpro.com\/blog\/tr\/#\/schema\/person\/6240dce6e1901b1a6c7f3dbd3e22567f","name":"Adi Bhat","image":{"@type":"ImageObject","inLanguage":"tr","@id":"https:\/\/www.questionpro.com\/blog\/tr\/#\/schema\/person\/image\/","url":"https:\/\/secure.gravatar.com\/avatar\/33be79da19de28bbea9b5a059532a027?s=96&d=mm&r=g","contentUrl":"https:\/\/secure.gravatar.com\/avatar\/33be79da19de28bbea9b5a059532a027?s=96&d=mm&r=g","caption":"Adi Bhat"},"description":"Aditya Bhat, a.k.a. \u2018Adi\u2019, is a thought leader in market strategy and business development. He leads QuestionPro's sales teams to partner with companies, government organizations, and nonprofit institution.","sameAs":["https:\/\/www.questionpro.com\/"],"url":"https:\/\/www.questionpro.com\/blog\/tr\/author\/adityabhat\/"}]}},"featured_image_src":"https:\/\/www.questionpro.com\/blog\/wp-content\/uploads\/2018\/01\/GDPR-DATA-COLLECTION.jpg","featured_image_src_square":"https:\/\/www.questionpro.com\/blog\/wp-content\/uploads\/2018\/01\/GDPR-DATA-COLLECTION.jpg","author_info":{"display_name":"Adi Bhat","author_link":"https:\/\/www.questionpro.com\/blog\/tr\/author\/adityabhat\/"},"_links":{"self":[{"href":"https:\/\/www.questionpro.com\/blog\/tr\/wp-json\/wp\/v2\/posts\/799952"}],"collection":[{"href":"https:\/\/www.questionpro.com\/blog\/tr\/wp-json\/wp\/v2\/posts"}],"about":[{"href":"https:\/\/www.questionpro.com\/blog\/tr\/wp-json\/wp\/v2\/types\/post"}],"author":[{"embeddable":true,"href":"https:\/\/www.questionpro.com\/blog\/tr\/wp-json\/wp\/v2\/users\/86"}],"replies":[{"embeddable":true,"href":"https:\/\/www.questionpro.com\/blog\/tr\/wp-json\/wp\/v2\/comments?post=799952"}],"version-history":[{"count":0,"href":"https:\/\/www.questionpro.com\/blog\/tr\/wp-json\/wp\/v2\/posts\/799952\/revisions"}],"wp:featuredmedia":[{"embeddable":true,"href":"https:\/\/www.questionpro.com\/blog\/tr\/wp-json\/wp\/v2\/media\/667770"}],"wp:attachment":[{"href":"https:\/\/www.questionpro.com\/blog\/tr\/wp-json\/wp\/v2\/media?parent=799952"}],"wp:term":[{"taxonomy":"category","embeddable":true,"href":"https:\/\/www.questionpro.com\/blog\/tr\/wp-json\/wp\/v2\/categories?post=799952"},{"taxonomy":"post_tag","embeddable":true,"href":"https:\/\/www.questionpro.com\/blog\/tr\/wp-json\/wp\/v2\/tags?post=799952"}],"curies":[{"name":"wp","href":"https:\/\/api.w.org\/{rel}","templated":true}]}}