

{"id":800537,"date":"2018-08-02T05:07:52","date_gmt":"2018-08-02T12:07:52","guid":{"rendered":"https:\/\/www.questionpro.com\/blog\/betimsel-arastirma-vs-iliskisel-arastirma\/"},"modified":"2023-06-30T21:11:09","modified_gmt":"2023-06-30T21:11:09","slug":"betimsel-arastirma-vs-iliskisel-arastirma","status":"publish","type":"post","link":"https:\/\/www.questionpro.com\/blog\/tr\/betimsel-arastirma-vs-iliskisel-arastirma\/","title":{"rendered":"Tan\u0131mlay\u0131c\u0131 Korelasyonel: Tan\u0131mlay\u0131c\u0131 ve korelasyonel ara\u015ft\u0131rma"},"content":{"rendered":"\n<p>Betimsel ara\u015ft\u0131rma ve Korelasyonel ara\u015ft\u0131rma, ara\u015ft\u0131rmac\u0131lar\u0131n kendi alanlar\u0131nda iddial\u0131 ve \u00f6l\u00e7\u00fcl\u00fc kararlar almalar\u0131na yard\u0131mc\u0131 olan iki \u00f6nemli ara\u015ft\u0131rma <a href=\"https:\/\/www.questionpro.com\/blog\/tr\/arastirma-nedir-tanim-yontemler-turler-ve-ornekler\/\">t\u00fcr\u00fcd\u00fcr<\/a>. Tan\u0131mlay\u0131c\u0131 korelasyonel ara\u015ft\u0131rmalarda hem tan\u0131mlay\u0131c\u0131 ara\u015ft\u0131rma hem de korelasyonel ara\u015ft\u0131rma kullan\u0131l\u0131r.  <\/p>\n\n<p>Betimsel ara\u015ft\u0131rma, nitelikleri nesnel ve sistematik olarak tan\u0131mlamak i\u00e7in davran\u0131\u015f\u0131n g\u00f6zlemlenmesini i\u00e7eren bir ara\u015ft\u0131rma y\u00f6ntemi olarak tan\u0131mlan\u0131r. Tan\u0131mlay\u0131c\u0131 bir ara\u015ft\u0131rma projesi, olgular\u0131 veya gruplar\u0131 derinlemesine anlamay\u0131 ama\u00e7lar.  <\/p>\n\n<p>\u00d6te yandan <a href=\"https:\/\/www.questionpro.com\/blog\/tr\/korelasyonel-arastirma-orneklerle-nedir\/\">korelasyonel ara\u015ft\u0131rma<\/a>, ara\u015ft\u0131rmac\u0131n\u0131n de\u011fi\u015fkenleri de\u011fi\u015ftirmeye veya aralar\u0131nda nedensellik ili\u015fkisi kurmaya \u00e7al\u0131\u015fmadan, de\u011fi\u015fkenlerin ger\u00e7ek d\u00fcnyada do\u011fal olarak nas\u0131l ili\u015fkili oldu\u011funu tan\u0131mlayan ve tahmin eden bir y\u00f6ntemdir.  <\/p>\n\n<p>Tan\u0131mlay\u0131c\u0131 ara\u015ft\u0131rman\u0131n temel amac\u0131 mevcut durumun anl\u0131k bir g\u00f6r\u00fcnt\u00fcs\u00fcn\u00fc olu\u015fturmak iken, korelasyonel ara\u015ft\u0131rma iki veya daha fazla varl\u0131\u011f\u0131n veya de\u011fi\u015fkenin kar\u015f\u0131la\u015ft\u0131r\u0131lmas\u0131na yard\u0131mc\u0131 olur.<\/p>\n<div class=\"tags-wrap\">\n<p class=\"content-index\" style=\"margin-top: 0;\">\u0130\u00e7erik Dizini<\/p>\n<ol style=\"font-weight: 400; margin: 0 30px; line-height: 22px;\">\n<li><a href=\"#what_is_descriptive_correlational_research?\">Tan\u0131mlay\u0131c\u0131 korelasyonel ara\u015ft\u0131rma nedir?<\/a><\/li>\n<li><a href=\"#how_are_descriptive_research_and_correlational_research_carried_out?\">Tan\u0131mlay\u0131c\u0131 ara\u015ft\u0131rmalar ve korelasyonel ara\u015ft\u0131rmalar nas\u0131l y\u00fcr\u00fct\u00fcl\u00fcr?<\/a><\/li>\n<li><a href=\"#descriptive_research_vs_correlational_research\">Tan\u0131mlay\u0131c\u0131 ara\u015ft\u0131rma vs ili\u015fkisel ara\u015ft\u0131rma<\/a><\/li>\n<li><a href=\"#features_of_descriptive_correlational_research\">Tan\u0131mlay\u0131c\u0131 korelasyonel ara\u015ft\u0131rman\u0131n \u00f6zellikleri<\/a><\/li>\n<li><a href=\"#examples_of_descriptive_correlational_research\">Tan\u0131mlay\u0131c\u0131 korelasyonel ara\u015ft\u0131rma \u00f6rnekleri<\/a><\/li>\n<li><a href=\"#conclusion\">Sonu\u00e7<\/a><\/li>\n<\/ol>\n<\/div>\n\n<h2 class=\"wp-block-heading\" id=\"what_is_descriptive_correlational_research?\">Tan\u0131mlay\u0131c\u0131 korelasyonel ara\u015ft\u0131rma nedir?<\/h2>\n\n<p>Tan\u0131mlay\u0131c\u0131 korelasyonel ara\u015ft\u0131rma, iki veya daha fazla de\u011fi\u015fken aras\u0131ndaki ili\u015fkiyi neden-sonu\u00e7 ili\u015fkisi hakk\u0131nda herhangi bir iddiada bulunmadan a\u00e7\u0131klamaya \u00e7al\u0131\u015fan bir ara\u015ft\u0131rma tasar\u0131m\u0131 t\u00fcr\u00fcd\u00fcr. Aralar\u0131nda bir ba\u011flant\u0131 olup olmad\u0131\u011f\u0131n\u0131 g\u00f6rmek i\u00e7in en az iki de\u011fi\u015fkene ili\u015fkin verilerin toplanmas\u0131n\u0131 ve analiz edilmesini i\u00e7erir.  <\/p>\n\n<p>Tan\u0131mlay\u0131c\u0131 korelasyonel ara\u015ft\u0131rmalarda, ara\u015ft\u0131rmac\u0131lar ilgilenilen de\u011fi\u015fkenleri a\u00e7\u0131klamak ve nas\u0131l ili\u015fkili olduklar\u0131n\u0131 bulmak i\u00e7in veri toplar. As\u0131l ama\u00e7, de\u011fi\u015fkenleri de\u011fi\u015ftirmeden veya bir \u015feyin di\u011ferine neden oldu\u011funu varsaymadan, de\u011fi\u015fkenleri ve nas\u0131l ili\u015fkili olduklar\u0131n\u0131 tam olarak a\u00e7\u0131klamakt\u0131r.<\/p>\n\n<p>Tan\u0131mlay\u0131c\u0131 korelasyonel ara\u015ft\u0131rmalarda, ara\u015ft\u0131rmac\u0131lar herhangi bir de\u011fi\u015fkeni de\u011fi\u015ftirmez veya neden-sonu\u00e7 ba\u011flant\u0131lar\u0131 bulmaya \u00e7al\u0131\u015fmaz. Bunun yerine, sadece ilgilenilen de\u011fi\u015fkenleri izler ve \u00f6l\u00e7er ve ard\u0131ndan verilerden ortaya \u00e7\u0131kan kal\u0131plara ve ili\u015fkilere bakarlar.<\/p>\n\n<p>Deneysel ara\u015ft\u0131rma, ba\u011f\u0131ms\u0131z de\u011fi\u015fkenin ba\u011f\u0131ml\u0131 de\u011fi\u015fkeni nas\u0131l etkiledi\u011fini g\u00f6rmeyi i\u00e7erirken, tan\u0131mlay\u0131c\u0131 korelasyonel ara\u015ft\u0131rma sadece de\u011fi\u015fkenler aras\u0131ndaki ili\u015fkiyi tan\u0131mlar.  <\/p>\n\n<p>Tan\u0131mlay\u0131c\u0131 korelasyonel ara\u015ft\u0131rmalarda, korelasyonel ara\u015ft\u0131rma tasar\u0131mlar\u0131 iki veya daha fazla de\u011fi\u015fken aras\u0131ndaki ili\u015fkinin b\u00fcy\u00fckl\u00fc\u011f\u00fcn\u00fc ve y\u00f6n\u00fcn\u00fc \u00f6l\u00e7erek aralar\u0131ndaki ili\u015fkileri ortaya koyar. Ba\u015flang\u0131\u00e7ta, kar\u015f\u0131la\u015ft\u0131r\u0131lan gruplar veya de\u011fi\u015fkenler aras\u0131nda ba\u015flang\u0131\u00e7 denkli\u011fi olu\u015fturulmas\u0131, tan\u0131mlay\u0131c\u0131 korelasyonel ara\u015ft\u0131rmalarda esast\u0131r<\/p>\n\n<p>Ba\u011f\u0131ms\u0131z de\u011fi\u015fken, tan\u0131mlay\u0131c\u0131 korelasyonel ara\u015ft\u0131rmalarda \u00f6l\u00e7\u00fclen ba\u011f\u0131ml\u0131 de\u011fi\u015fkenin \u00f6l\u00e7\u00fcm\u00fcnden \u00f6nce ortaya \u00e7\u0131kar. Amac\u0131, belirli bir n\u00fcfusun veya grubun \u00f6zelliklerini veya eylemlerini a\u00e7\u0131klamak ve ba\u011f\u0131ms\u0131z ve ba\u011f\u0131ml\u0131 de\u011fi\u015fkenler aras\u0131ndaki ba\u011flant\u0131lara bakmakt\u0131r.<\/p>\n\n<h2 class=\"wp-block-heading\" id=\"how_are_descriptive_research_and_correlational_research_carried_out?\">Tan\u0131mlay\u0131c\u0131 ara\u015ft\u0131rmalar ve korelasyonel ara\u015ft\u0131rmalar nas\u0131l y\u00fcr\u00fct\u00fcl\u00fcr?<\/h2>\n\n<p>Tan\u0131mlay\u0131c\u0131 ara\u015ft\u0131rma \u00fc\u00e7 y\u00f6ntem kullan\u0131larak ger\u00e7ekle\u015ftirilmi\u015ftir:  <\/p>\n\n<ul>\n<li>Vaka <strong>\u00e7al\u0131\u015fmalar\u0131 &#8211;<\/strong> Vaka \u00e7al\u0131\u015fmalar\u0131, bireylerin veya gruplar\u0131n derinlemesine ara\u015ft\u0131r\u0131lmas\u0131n\u0131 ve incelenmesini i\u00e7erir. Vaka \u00e7al\u0131\u015fmalar\u0131 bir hipoteze yol a\u00e7ar ve bir olguyu incelemenin kapsam\u0131n\u0131 daha da geni\u015fletir. Ancak vaka \u00e7al\u0131\u015fmalar\u0131, do\u011fru tahminlerde bulunma kapasitesine sahip olmad\u0131klar\u0131 i\u00e7in neden ve sonu\u00e7 belirlemek i\u00e7in kullan\u0131lmamal\u0131d\u0131r.<\/li>\n\n\n\n<li><strong>Anketler-<\/strong> Anket, kat\u0131l\u0131mc\u0131 olarak da bilinen bir n\u00fcfusa uygulanan bir dizi sorudan olu\u015fur. Anketler, kat\u0131l\u0131mc\u0131lardan anlaml\u0131 bilgiler toplanmas\u0131na yard\u0131mc\u0131 olan pop\u00fcler bir <a href=\"https:\/\/www.questionpro.com\/blog\/tr\/what-is-market-research-2\/\">pazar ara\u015ft\u0131rmas\u0131<\/a> arac\u0131d\u0131r. \u0130yi kalitede veri toplamak i\u00e7in, bir anketin a\u00e7\u0131k u\u00e7lu ve kapal\u0131 u\u00e7lu sorular\u0131n dengeli bir kar\u0131\u015f\u0131m\u0131 olmas\u0131 gereken iyi anket sorular\u0131na sahip olmas\u0131 gerekir<a href=\"https:\/\/www.questionpro.com\/close-ended-questions.html\">.<\/a><\/li>\n\n\n\n<li>Do\u011fal <strong>G\u00f6zlem-<\/strong> Do\u011fal g\u00f6zlemler, g\u00f6zlem yap\u0131lan ki\u015fiyi\/nesneyi rahats\u0131z etmeden do\u011fal ortamda ger\u00e7ekle\u015ftirilir. Bu, bir s\u00fcpermarketteki insanlar hakk\u0131nda onlara haber vermeden not almaya benzer. Bu, toplanan verilerin daha ge\u00e7erli olmas\u0131n\u0131 sa\u011flar \u00e7\u00fcnk\u00fc insanlar burada g\u00f6zlemlendiklerinin fark\u0131nda de\u011fildir. Bu onlar\u0131n do\u011fal \u00f6zelliklerini ortaya \u00e7\u0131karma e\u011filimindedir.<\/li>\n<\/ul>\n\n<p>Korelasyonel ara\u015ft\u0131rma, veri toplamak i\u00e7in do\u011fal g\u00f6zlemi de kullan\u0131r. Ancak buna ek olarak, bilgi toplamak i\u00e7in ar\u015fiv verilerini kullan\u0131r. Ar\u015fiv verileri, benzer nitelikte daha \u00f6nce yap\u0131lm\u0131\u015f <a href=\"https:\/\/www.questionpro.com\/blog\/tr\/arastirma-nedir-tanim-yontemler-turler-ve-ornekler\/\">ara\u015ft\u0131rmalardan<\/a> toplan\u0131r. Ar\u015fiv verileri <a href=\"https:\/\/www.questionpro.com\/primary-research.html\">birincil ara\u015ft\u0131rma<\/a> yoluyla toplan\u0131r.<\/p>\n\n<p><em>Do\u011fal g\u00f6zlemin aksine, ar\u015fiv yoluyla toplanan bilgiler basittir. \u00d6rne\u011fin, sosyal g\u00fcvenlik numaralar\u0131n\u0131 kullanarak Amerika Birle\u015fik Devletleri&#8217;nde Jacinda ad\u0131nda ka\u00e7 ki\u015fi oldu\u011funu saymak.  <\/em><\/p>\n\n<h2 class=\"wp-block-heading\" id=\"descriptive_research_vs_correlational_research\">Tan\u0131mlay\u0131c\u0131 ara\u015ft\u0131rma vs ili\u015fkisel ara\u015ft\u0131rma  <\/h2>\n\n<figure class=\"wp-block-image size-full\"><img loading=\"lazy\" decoding=\"async\" width=\"992\" height=\"594\" src=\"https:\/\/www.questionpro.com\/blog\/wp-content\/uploads\/2018\/08\/Descriptive-Research-Vs-Correlational-Research.jpg\" alt=\"betimleyici_ara&#x15F;t&#x131;rma_vs_ili&#x15F;kisel_ara&#x15F;t&#x131;rma\" class=\"wp-image-99893\"\/><\/figure>\n\n<figure class=\"wp-block-table\"><table><tbody><tr><td><strong>Nitelikler  <\/strong><\/td><td><strong>Tan\u0131mlay\u0131c\u0131 Ara\u015ft\u0131rma <\/strong><\/td><td><strong>Korelasyonel Ara\u015ft\u0131rma <\/strong><\/td><\/tr><tr><td><strong>Ama\u00e7 <\/strong><\/td><td>Tan\u0131mlay\u0131c\u0131 ara\u015ft\u0131rma, yeni ger\u00e7ekleri ve ara\u015ft\u0131rman\u0131n anlam\u0131n\u0131 ortaya \u00e7\u0131karmak i\u00e7in kullan\u0131l\u0131r.<\/td><td>Korelasyonel ara\u015ft\u0131rma iki de\u011fi\u015fkeni \u00f6l\u00e7mek i\u00e7in ger\u00e7ekle\u015ftirilir.<\/td><\/tr><tr><td><strong>Do\u011fa <\/strong><\/td><td>Tan\u0131mlay\u0131c\u0131 ara\u015ft\u0131rma analitiktir ve derinlemesine \u00e7al\u0131\u015fmalar ara\u015ft\u0131rma s\u0131ras\u0131nda bilgi toplanmas\u0131na yard\u0131mc\u0131 olur.<\/td><td>Korelasyon do\u011fas\u0131 gere\u011fi matematikseldir. Pozitif bir korelasyon, iki de\u011fi\u015fken aras\u0131ndaki ili\u015fkiyi istatistiksel olarak \u00f6l\u00e7mek i\u00e7in katsay\u0131 olarak g\u00f6r\u00fcn\u00fcr.<\/td><\/tr><tr><td><strong>Ama\u00e7lar  <\/strong><\/td><td>Tan\u0131mlay\u0131c\u0131 nitelik, di\u011fer <a href=\"https:\/\/www.questionpro.com\/blog\/tr\/quantitative-research-2\/\">nicel ara\u015ft\u0131rmalar\u0131n<\/a> ger\u00e7ekle\u015ftirilmesi i\u00e7in bir bilgi taban\u0131 sa\u011flar<\/td><td>Bu ara\u015ft\u0131rma t\u00fcr\u00fc, bir \u00e7al\u0131\u015fmadaki iki de\u011fi\u015fkenin ne \u00f6l\u00e7\u00fcde ili\u015fkili oldu\u011funu ke\u015ffetmek i\u00e7in kullan\u0131l\u0131r.<\/td><\/tr><tr><td><strong>\u00d6rnek <\/strong><\/td><td>Konaklama sekt\u00f6r\u00fcnde en yayg\u0131n kullan\u0131lan \u00e7al\u0131\u015fan motivasyon ara\u00e7lar\u0131 hakk\u0131nda bilgi edinmek i\u00e7in bir ara\u015ft\u0131rma yap\u0131lm\u0131\u015ft\u0131r.<\/td><td>Kanser ve evlili\u011fin ili\u015fkili olup olmad\u0131\u011f\u0131n\u0131 \u00f6\u011frenmek i\u00e7in ara\u015ft\u0131rmalar yap\u0131lm\u0131\u015ft\u0131r.<\/td><\/tr><\/tbody><\/table><\/figure>\n\n<h2 class=\"wp-block-heading\" id=\"features_of_descriptive_correlational_research\">Tan\u0131mlay\u0131c\u0131 korelasyonel ara\u015ft\u0131rman\u0131n \u00f6zellikleri<\/h2>\n\n<p>Tan\u0131mlay\u0131c\u0131 korelasyonel ara\u015ft\u0131rman\u0131n temel \u00f6zellikleri a\u015fa\u011f\u0131dakileri i\u00e7erir:<\/p>\n\n<figure class=\"wp-block-image size-full\"><img loading=\"lazy\" decoding=\"async\" width=\"1410\" height=\"1182\" src=\"https:\/\/www.questionpro.com\/blog\/wp-content\/uploads\/2023\/05\/features_of_descriptive_correlational_research.jpg\" alt=\"tan&#x131;mlay&#x131;c&#x131;_ili&#x15F;kisel_ara&#x15F;t&#x131;rman&#x131;n_&#xF6;zellikleri\" class=\"wp-image-792244\"\/><\/figure>\n\n<ol>\n<li><h3>A\u00e7\u0131klama<\/h3>Temel ama\u00e7, t\u0131pk\u0131 betimsel ara\u015ft\u0131rmalarda oldu\u011fu gibi, ilgilenilen de\u011fi\u015fkenleri eksiksiz bir \u015fekilde tan\u0131mlamakt\u0131r. Ara\u015ft\u0131rmac\u0131lar belirli bir grubun veya olay\u0131n \u00f6zelliklerini, davran\u0131\u015flar\u0131n\u0131 veya tutumlar\u0131n\u0131 a\u00e7\u0131klamay\u0131 ama\u00e7lar.  <\/li>\n<\/ol>\n\n<ol start=\"2\">\n<li><h3>\u0130li\u015fkiler<\/h3>Korelasyonel ara\u015ft\u0131rma gibi, tan\u0131mlay\u0131c\u0131 korelasyonel ara\u015ft\u0131rma da iki veya daha fazla fakt\u00f6r\u00fcn nas\u0131l ili\u015fkili oldu\u011funa bakar. De\u011fi\u015fkenlerin zaman i\u00e7inde nas\u0131l de\u011fi\u015ftikleri veya nas\u0131l ba\u011flant\u0131l\u0131 olduklar\u0131 gibi birbirleriyle nas\u0131l ba\u011flant\u0131l\u0131 olduklar\u0131na bakar.<\/li>\n<\/ol>\n\n<ol start=\"3\">\n<li><h3>Nicel analiz<\/h3>Nicel verileri analiz etmek i\u00e7in kullan\u0131lan y\u00f6ntemlerin \u00e7o\u011fu tan\u0131mlay\u0131c\u0131 korelasyonel ara\u015ft\u0131rmalarda kullan\u0131l\u0131r. Ara\u015ft\u0131rmac\u0131lar, de\u011fi\u015fkenler aras\u0131ndaki ili\u015fkilerin boyutunu ve y\u00f6n\u00fcn\u00fc incelemek ve \u00f6l\u00e7mek i\u00e7in istatistiksel y\u00f6ntemler kullan\u0131rlar.<\/li>\n<\/ol>\n\n<ol start=\"4\">\n<li><h3>Manip\u00fclasyon yok<\/h3>Korelasyonel ara\u015ft\u0131rmalarda oldu\u011fu gibi, ara\u015ft\u0131rmac\u0131 de\u011fi\u015fkenleri de\u011fi\u015ftirmez veya kontrol etmez. Veriler, herhangi bir de\u011fi\u015fiklik veya m\u00fcdahale olmadan do\u011fal ortam\u0131nda al\u0131n\u0131r.<\/li>\n<\/ol>\n\n<ol start=\"5\">\n<li><h3>Kesitsel veya boylamsal<\/h3>Tan\u0131mlay\u0131c\u0131 korelasyonel ara\u015ft\u0131rmalar i\u00e7in kesitsel veya boylamsal tasar\u0131mlar kullan\u0131labilir. Kesitsel ara\u015ft\u0131rmalar zaman\u0131n bir noktas\u0131nda veri toplarken, boylamsal ara\u015ft\u0131rmalar zaman i\u00e7indeki de\u011fi\u015fiklikleri ve ili\u015fkileri incelemek i\u00e7in uzun bir s\u00fcre boyunca veri toplar.  <\/li>\n<\/ol>\n\n<h2 class=\"wp-block-heading\" id=\"examples_of_descriptive_correlational_research\">Tan\u0131mlay\u0131c\u0131 korelasyonel ara\u015ft\u0131rma \u00f6rnekleri<\/h2>\n\n<p>\u00d6rne\u011fin, tan\u0131mlay\u0131c\u0131 korelasyonel ara\u015ft\u0131rma, bir ki\u015finin ya\u015f\u0131 ile ne kadar para kazand\u0131\u011f\u0131 aras\u0131ndaki ba\u011flant\u0131ya bakabilir. Ara\u015ft\u0131rmac\u0131, insanlar\u0131n ya\u015f ve gelirlerinden bir \u00f6rneklem al\u0131r ve daha sonra iki fakt\u00f6r aras\u0131nda bir ba\u011flant\u0131 olup olmad\u0131\u011f\u0131n\u0131 g\u00f6rmek i\u00e7in verilere bakar.<\/p>\n\n<ul>\n<li><strong>\u00d6rnek 1<\/strong>: \u00dcniversite \u00f6\u011frencilerinin ne kadar uyuduklar\u0131 ile okulda ne kadar ba\u015far\u0131l\u0131 olduklar\u0131 aras\u0131nda bir ba\u011flant\u0131 olup olmad\u0131\u011f\u0131n\u0131 bulmak i\u00e7in bir ara\u015ft\u0131rma projesi yap\u0131l\u0131r. \u00c7ocuklar\u0131n her gece ka\u00e7 saat uyuduklar\u0131n\u0131 ve not ortalamalar\u0131n\u0131n ne oldu\u011funu takip ediyorlar. Ara\u015ft\u0131rmac\u0131, verileri inceleyerek \u00f6\u011frencilerin nas\u0131l uyuduklar\u0131n\u0131 tan\u0131mlayabilir ve ne kadar uyuduklar\u0131 ile okulda ne kadar ba\u015far\u0131l\u0131 olduklar\u0131 aras\u0131nda bir ba\u011flant\u0131 olup olmad\u0131\u011f\u0131n\u0131 \u00f6\u011frenebilir.<\/li>\n<\/ul>\n\n<ul>\n<li><strong>\u00d6rnek 2<\/strong>: Bir ara\u015ft\u0131rmac\u0131, 40 ila 60 ya\u015flar\u0131 aras\u0131ndaki ki\u015filerin egzersiz al\u0131\u015fkanl\u0131klar\u0131n\u0131n fiziksel sa\u011fl\u0131klar\u0131n\u0131 nas\u0131l etkiledi\u011fini bilmek istemektedir. Ne s\u0131kl\u0131kta ve ne kadar s\u0131k\u0131 egzersiz yapt\u0131\u011f\u0131n\u0131z, v\u00fccut kitle endeksiniz (BMI), kan bas\u0131nc\u0131n\u0131z ve kolesterol rakamlar\u0131n\u0131z gibi konularda notlar al\u0131rlar. Ara\u015ft\u0131rmac\u0131, verileri analiz ederek kat\u0131l\u0131mc\u0131lar\u0131n egzersiz al\u0131\u015fkanl\u0131klar\u0131n\u0131 ve fiziksel sa\u011fl\u0131klar\u0131n\u0131 tan\u0131mlayabilir ve bu fakt\u00f6rler aras\u0131nda herhangi bir ba\u011flant\u0131 olup olmad\u0131\u011f\u0131n\u0131 ara\u015ft\u0131rabilir.<\/li>\n<\/ul>\n\n<ul>\n<li><strong>\u00d6rnek 3<\/strong>: Diyelim ki bir ara\u015ft\u0131rmac\u0131, spor yapan \u00fcniversite \u00f6\u011frencilerinin daha az stresli hissedip hissetmedi\u011fini \u00f6\u011frenmek istiyor. Ara\u015ft\u0131rmac\u0131, bir anket kullanarak \u00f6\u011frencilerin haftada ka\u00e7 saat egzersiz yapt\u0131klar\u0131n\u0131 ve ne kadar stresli hissettiklerini \u00f6\u011freniyor. Verilere bak\u0131ld\u0131\u011f\u0131nda, ara\u015ft\u0131rmac\u0131 egzersiz ve stres seviyeleri aras\u0131nda orta d\u00fczeyde negatif bir korelasyon oldu\u011funu bulabilir. Bu, egzersiz artt\u0131k\u00e7a stres seviyelerinin d\u00fc\u015fme e\u011filiminde oldu\u011fu anlam\u0131na gelir.  <\/li>\n<\/ul>\n\n<h2 class=\"wp-block-heading\" id=\"conclusion\">Sonu\u00e7<\/h2>\n\n<p>Tan\u0131mlay\u0131c\u0131 korelasyonel ara\u015ft\u0131rma, bir pop\u00fclasyonun veya grubun \u00f6zellikleri ve farkl\u0131 par\u00e7alar\u0131 aras\u0131ndaki ili\u015fkiler hakk\u0131nda bilgi edinmek i\u00e7in iyi bir yoldur. Ara\u015ft\u0131rmac\u0131lar\u0131n de\u011fi\u015fkenleri ayr\u0131nt\u0131l\u0131 olarak tan\u0131mlamas\u0131na ve bir de\u011fi\u015fkenin di\u011ferine neden oldu\u011funu \u00f6ne s\u00fcrmeden aralar\u0131ndaki ili\u015fkileri incelemesine olanak tan\u0131r.  <\/p>\n\n<p>Tan\u0131mlay\u0131c\u0131 korelasyonel ara\u015ft\u0131rmalar faydal\u0131 bilgiler verir ve daha fazla ara\u015ft\u0131rma yapmak veya hipotezler \u00fcretmek i\u00e7in bir ba\u015flang\u0131\u00e7 noktas\u0131 olarak kullan\u0131labilir. Bu t\u00fcr bir \u00e7al\u0131\u015fman\u0131n neden-sonu\u00e7 ili\u015fkisini g\u00f6sterememesi ve kesitsel verilere dayanmas\u0131 gibi sorunlar\u0131n fark\u0131nda olmak \u00f6nemlidir.  <\/p>\n\n<p>Yine de, tan\u0131mlay\u0131c\u0131 korelasyonel ara\u015ft\u0131rmalar bir \u015feyleri anlamam\u0131za yard\u0131mc\u0131 olur ve bir\u00e7ok alanda karar vermemizi kolayla\u015ft\u0131r\u0131r.<\/p>\n\n<p>QuestionPro, tan\u0131mlay\u0131c\u0131 korelasyonel ara\u015ft\u0131rmalar i\u00e7in \u00e7ok kullan\u0131\u015fl\u0131 bir ara\u00e7t\u0131r. Bir\u00e7ok \u00f6zelli\u011fi ve kullan\u0131m\u0131 kolay aray\u00fcz\u00fc, ara\u015ft\u0131rmac\u0131lar\u0131n verileri h\u0131zl\u0131 bir \u015fekilde toplamas\u0131na ve incelemesine yard\u0131mc\u0131 olarak belirli bir pop\u00fclasyon veya gruptaki de\u011fi\u015fkenlerin \u00f6zelliklerini ve aralar\u0131ndaki ili\u015fkileri daha iyi anlamalar\u0131n\u0131 sa\u011flar.  <\/p>\n\n<p>Yaz\u0131l\u0131mdaki farkl\u0131 soru t\u00fcrleri, <a href=\"https:\/\/www.questionpro.com\/blog\/tr\/analytical-research-2\/\">analitik ara\u015ft\u0131rma<\/a> ara\u00e7lar\u0131 ve raporlama \u00f6zellikleri ara\u015ft\u0131rma s\u00fcrecini iyile\u015ftirir ve ara\u015ft\u0131rmac\u0131lar\u0131n faydal\u0131 sonu\u00e7lar elde etmesine yard\u0131mc\u0131 olur. QuestionPro, tan\u0131mlay\u0131c\u0131 korelasyonel ara\u015ft\u0131rma yapmay\u0131 kolayla\u015ft\u0131r\u0131r, bu da onu bir\u00e7ok alanda \u00f6nemli \u015feyler \u00f6\u011frenmek ve kararlar almak i\u00e7in yararl\u0131 bir ara\u00e7 haline getirir.<\/p>\n\n<p style=\"text-align: center;\"><a href=\"https:\/\/www.questionpro.com\/research-edition-survey-software\/\" target=\"_blank\" rel=\"noopener\">\n  <button>DAHA FAZLA BI\u0307LGI\u0307 EDI\u0307NI\u0307N<\/button>\n<\/a>       <a href=\"https:\/\/www.questionpro.com\/a\/showEntry.do?classID=1053&#038;sourceRef=blog\" target=\"_blank\" rel=\"noopener\">\n  <button>\u00dcCRETS\u0130Z DENEME<\/button>\n<\/a><\/p>\n","protected":false},"excerpt":{"rendered":"<p>Betimsel ara\u015ft\u0131rma ve Korelasyonel ara\u015ft\u0131rma, ara\u015ft\u0131rmac\u0131lar\u0131n kendi alanlar\u0131nda iddial\u0131 ve \u00f6l\u00e7\u00fcl\u00fc kararlar almalar\u0131na yard\u0131mc\u0131 olan iki \u00f6nemli ara\u015ft\u0131rma t\u00fcr\u00fcd\u00fcr. Tan\u0131mlay\u0131c\u0131 [&hellip;]<\/p>\n","protected":false},"author":86,"featured_media":792243,"comment_status":"closed","ping_status":"closed","sticky":false,"template":"","format":"standard","meta":{"_genesis_hide_title":false,"_genesis_hide_breadcrumbs":false,"_genesis_hide_singular_image":false,"_genesis_hide_footer_widgets":false,"_genesis_custom_body_class":"","_genesis_custom_post_class":"","_genesis_layout":"","footnotes":""},"categories":[1114],"tags":[],"yoast_head":"<!-- This site is optimized with the Yoast SEO plugin v20.4 - https:\/\/yoast.com\/wordpress\/plugins\/seo\/ -->\n<title>Tan\u0131mlay\u0131c\u0131 Korelasyonel: Tan\u0131mlay\u0131c\u0131 ve korelasyonel ara\u015ft\u0131rma<\/title>\n<meta name=\"description\" content=\"Tan\u0131mlay\u0131c\u0131 korelasyonel ara\u015ft\u0131rmalarda, kar\u015f\u0131la\u015ft\u0131r\u0131lan gruplar\u0131n veya de\u011fi\u015fkenlerin ba\u015flang\u0131\u00e7ta ayn\u0131 oldu\u011fundan emin olmak \u00f6nemlidir.\" \/>\n<meta name=\"robots\" content=\"index, follow, max-snippet:-1, max-image-preview:large, max-video-preview:-1\" \/>\n<link rel=\"canonical\" href=\"https:\/\/www.questionpro.com\/blog\/tr\/betimsel-arastirma-vs-iliskisel-arastirma\/\" \/>\n<meta property=\"og:locale\" content=\"tr_TR\" \/>\n<meta property=\"og:type\" content=\"article\" \/>\n<meta property=\"og:title\" content=\"Tan\u0131mlay\u0131c\u0131 Korelasyonel: Tan\u0131mlay\u0131c\u0131 ve korelasyonel ara\u015ft\u0131rma\" \/>\n<meta property=\"og:description\" content=\"Tan\u0131mlay\u0131c\u0131 korelasyonel ara\u015ft\u0131rmalarda, kar\u015f\u0131la\u015ft\u0131r\u0131lan gruplar\u0131n veya de\u011fi\u015fkenlerin ba\u015flang\u0131\u00e7ta ayn\u0131 oldu\u011fundan emin olmak \u00f6nemlidir.\" \/>\n<meta property=\"og:url\" content=\"https:\/\/www.questionpro.com\/blog\/tr\/betimsel-arastirma-vs-iliskisel-arastirma\/\" \/>\n<meta property=\"og:site_name\" content=\"QuestionPro\" \/>\n<meta property=\"article:publisher\" content=\"https:\/\/www.facebook.com\/questionpro\" \/>\n<meta property=\"article:published_time\" content=\"2018-08-02T12:07:52+00:00\" \/>\n<meta property=\"article:modified_time\" content=\"2023-06-30T21:11:09+00:00\" \/>\n<meta property=\"og:image\" content=\"https:\/\/www.questionpro.com\/blog\/wp-content\/uploads\/2023\/05\/descriptive_correlational.jpg\" \/>\n\t<meta property=\"og:image:width\" content=\"2100\" \/>\n\t<meta property=\"og:image:height\" content=\"1254\" \/>\n\t<meta property=\"og:image:type\" content=\"image\/jpeg\" \/>\n<meta name=\"author\" content=\"Adi Bhat\" \/>\n<meta name=\"twitter:card\" content=\"summary_large_image\" \/>\n<meta name=\"twitter:creator\" content=\"@questionpro\" \/>\n<meta name=\"twitter:site\" content=\"@questionpro\" \/>\n<meta name=\"twitter:label1\" content=\"Yazan:\" \/>\n\t<meta name=\"twitter:data1\" content=\"Adi Bhat\" \/>\n\t<meta name=\"twitter:label2\" content=\"Tahmini okuma s\u00fcresi\" \/>\n\t<meta name=\"twitter:data2\" content=\"10 dakika\" \/>\n<script type=\"application\/ld+json\" class=\"yoast-schema-graph\">{\"@context\":\"https:\/\/schema.org\",\"@graph\":[{\"@type\":\"Article\",\"@id\":\"https:\/\/www.questionpro.com\/blog\/tr\/betimsel-arastirma-vs-iliskisel-arastirma\/#article\",\"isPartOf\":{\"@id\":\"https:\/\/www.questionpro.com\/blog\/tr\/betimsel-arastirma-vs-iliskisel-arastirma\/\"},\"author\":{\"name\":\"Adi Bhat\",\"@id\":\"https:\/\/www.questionpro.com\/blog\/tr\/#\/schema\/person\/6240dce6e1901b1a6c7f3dbd3e22567f\"},\"headline\":\"Tan\u0131mlay\u0131c\u0131 Korelasyonel: Tan\u0131mlay\u0131c\u0131 ve korelasyonel ara\u015ft\u0131rma\",\"datePublished\":\"2018-08-02T12:07:52+00:00\",\"dateModified\":\"2023-06-30T21:11:09+00:00\",\"mainEntityOfPage\":{\"@id\":\"https:\/\/www.questionpro.com\/blog\/tr\/betimsel-arastirma-vs-iliskisel-arastirma\/\"},\"wordCount\":2021,\"publisher\":{\"@id\":\"https:\/\/www.questionpro.com\/blog\/tr\/#organization\"},\"articleSection\":[\"Pazar Ara\u015ft\u0131rmas\u0131\"],\"inLanguage\":\"tr\"},{\"@type\":\"WebPage\",\"@id\":\"https:\/\/www.questionpro.com\/blog\/tr\/betimsel-arastirma-vs-iliskisel-arastirma\/\",\"url\":\"https:\/\/www.questionpro.com\/blog\/tr\/betimsel-arastirma-vs-iliskisel-arastirma\/\",\"name\":\"Tan\u0131mlay\u0131c\u0131 Korelasyonel: Tan\u0131mlay\u0131c\u0131 ve korelasyonel ara\u015ft\u0131rma\",\"isPartOf\":{\"@id\":\"https:\/\/www.questionpro.com\/blog\/tr\/#website\"},\"datePublished\":\"2018-08-02T12:07:52+00:00\",\"dateModified\":\"2023-06-30T21:11:09+00:00\",\"description\":\"Tan\u0131mlay\u0131c\u0131 korelasyonel ara\u015ft\u0131rmalarda, kar\u015f\u0131la\u015ft\u0131r\u0131lan gruplar\u0131n veya de\u011fi\u015fkenlerin ba\u015flang\u0131\u00e7ta ayn\u0131 oldu\u011fundan emin olmak \u00f6nemlidir.\",\"breadcrumb\":{\"@id\":\"https:\/\/www.questionpro.com\/blog\/tr\/betimsel-arastirma-vs-iliskisel-arastirma\/#breadcrumb\"},\"inLanguage\":\"tr\",\"potentialAction\":[{\"@type\":\"ReadAction\",\"target\":[\"https:\/\/www.questionpro.com\/blog\/tr\/betimsel-arastirma-vs-iliskisel-arastirma\/\"]}]},{\"@type\":\"BreadcrumbList\",\"@id\":\"https:\/\/www.questionpro.com\/blog\/tr\/betimsel-arastirma-vs-iliskisel-arastirma\/#breadcrumb\",\"itemListElement\":[{\"@type\":\"ListItem\",\"position\":1,\"name\":\"Ev\",\"item\":\"https:\/\/www.questionpro.com\/blog\/tr\/\"},{\"@type\":\"ListItem\",\"position\":2,\"name\":\"Pazar Ara\u015ft\u0131rmas\u0131\",\"item\":\"https:\/\/www.questionpro.com\/blog\/tr\/category\/pazar-arastirmasi-tr\/\"},{\"@type\":\"ListItem\",\"position\":3,\"name\":\"Tan\u0131mlay\u0131c\u0131 Korelasyonel: Tan\u0131mlay\u0131c\u0131 ve korelasyonel ara\u015ft\u0131rma\"}]},{\"@type\":\"WebSite\",\"@id\":\"https:\/\/www.questionpro.com\/blog\/tr\/#website\",\"url\":\"https:\/\/www.questionpro.com\/blog\/tr\/\",\"name\":\"QuestionPro\",\"description\":\"\",\"publisher\":{\"@id\":\"https:\/\/www.questionpro.com\/blog\/tr\/#organization\"},\"potentialAction\":[{\"@type\":\"SearchAction\",\"target\":{\"@type\":\"EntryPoint\",\"urlTemplate\":\"https:\/\/www.questionpro.com\/blog\/tr\/?s={search_term_string}\"},\"query-input\":\"required name=search_term_string\"}],\"inLanguage\":\"tr\"},{\"@type\":\"Organization\",\"@id\":\"https:\/\/www.questionpro.com\/blog\/tr\/#organization\",\"name\":\"QuestionPro\",\"url\":\"https:\/\/www.questionpro.com\/blog\/tr\/\",\"logo\":{\"@type\":\"ImageObject\",\"inLanguage\":\"tr\",\"@id\":\"https:\/\/www.questionpro.com\/blog\/tr\/#\/schema\/logo\/image\/\",\"url\":\"https:\/\/www.questionpro.com\/blog\/wp-content\/uploads\/2022\/10\/questionpro-logo.svg\",\"contentUrl\":\"https:\/\/www.questionpro.com\/blog\/wp-content\/uploads\/2022\/10\/questionpro-logo.svg\",\"caption\":\"QuestionPro\"},\"image\":{\"@id\":\"https:\/\/www.questionpro.com\/blog\/tr\/#\/schema\/logo\/image\/\"},\"sameAs\":[\"https:\/\/www.facebook.com\/questionpro\",\"https:\/\/twitter.com\/questionpro\",\"https:\/\/www.linkedin.com\/company\/questionpro\/\"]},{\"@type\":\"Person\",\"@id\":\"https:\/\/www.questionpro.com\/blog\/tr\/#\/schema\/person\/6240dce6e1901b1a6c7f3dbd3e22567f\",\"name\":\"Adi Bhat\",\"image\":{\"@type\":\"ImageObject\",\"inLanguage\":\"tr\",\"@id\":\"https:\/\/www.questionpro.com\/blog\/tr\/#\/schema\/person\/image\/\",\"url\":\"https:\/\/secure.gravatar.com\/avatar\/33be79da19de28bbea9b5a059532a027?s=96&d=mm&r=g\",\"contentUrl\":\"https:\/\/secure.gravatar.com\/avatar\/33be79da19de28bbea9b5a059532a027?s=96&d=mm&r=g\",\"caption\":\"Adi Bhat\"},\"description\":\"Aditya Bhat, a.k.a. \u2018Adi\u2019, is a thought leader in market strategy and business development. He leads QuestionPro's sales teams to partner with companies, government organizations, and nonprofit institution.\",\"sameAs\":[\"https:\/\/www.questionpro.com\/\"],\"url\":\"https:\/\/www.questionpro.com\/blog\/tr\/author\/adityabhat\/\"}]}<\/script>\n<!-- \/ Yoast SEO plugin. -->","yoast_head_json":{"title":"Tan\u0131mlay\u0131c\u0131 Korelasyonel: Tan\u0131mlay\u0131c\u0131 ve korelasyonel ara\u015ft\u0131rma","description":"Tan\u0131mlay\u0131c\u0131 korelasyonel ara\u015ft\u0131rmalarda, kar\u015f\u0131la\u015ft\u0131r\u0131lan gruplar\u0131n veya de\u011fi\u015fkenlerin ba\u015flang\u0131\u00e7ta ayn\u0131 oldu\u011fundan emin olmak \u00f6nemlidir.","robots":{"index":"index","follow":"follow","max-snippet":"max-snippet:-1","max-image-preview":"max-image-preview:large","max-video-preview":"max-video-preview:-1"},"canonical":"https:\/\/www.questionpro.com\/blog\/tr\/betimsel-arastirma-vs-iliskisel-arastirma\/","og_locale":"tr_TR","og_type":"article","og_title":"Tan\u0131mlay\u0131c\u0131 Korelasyonel: Tan\u0131mlay\u0131c\u0131 ve korelasyonel ara\u015ft\u0131rma","og_description":"Tan\u0131mlay\u0131c\u0131 korelasyonel ara\u015ft\u0131rmalarda, kar\u015f\u0131la\u015ft\u0131r\u0131lan gruplar\u0131n veya de\u011fi\u015fkenlerin ba\u015flang\u0131\u00e7ta ayn\u0131 oldu\u011fundan emin olmak \u00f6nemlidir.","og_url":"https:\/\/www.questionpro.com\/blog\/tr\/betimsel-arastirma-vs-iliskisel-arastirma\/","og_site_name":"QuestionPro","article_publisher":"https:\/\/www.facebook.com\/questionpro","article_published_time":"2018-08-02T12:07:52+00:00","article_modified_time":"2023-06-30T21:11:09+00:00","og_image":[{"width":2100,"height":1254,"url":"https:\/\/www.questionpro.com\/blog\/wp-content\/uploads\/2023\/05\/descriptive_correlational.jpg","type":"image\/jpeg"}],"author":"Adi Bhat","twitter_card":"summary_large_image","twitter_creator":"@questionpro","twitter_site":"@questionpro","twitter_misc":{"Yazan:":"Adi Bhat","Tahmini okuma s\u00fcresi":"10 dakika"},"schema":{"@context":"https:\/\/schema.org","@graph":[{"@type":"Article","@id":"https:\/\/www.questionpro.com\/blog\/tr\/betimsel-arastirma-vs-iliskisel-arastirma\/#article","isPartOf":{"@id":"https:\/\/www.questionpro.com\/blog\/tr\/betimsel-arastirma-vs-iliskisel-arastirma\/"},"author":{"name":"Adi Bhat","@id":"https:\/\/www.questionpro.com\/blog\/tr\/#\/schema\/person\/6240dce6e1901b1a6c7f3dbd3e22567f"},"headline":"Tan\u0131mlay\u0131c\u0131 Korelasyonel: Tan\u0131mlay\u0131c\u0131 ve korelasyonel ara\u015ft\u0131rma","datePublished":"2018-08-02T12:07:52+00:00","dateModified":"2023-06-30T21:11:09+00:00","mainEntityOfPage":{"@id":"https:\/\/www.questionpro.com\/blog\/tr\/betimsel-arastirma-vs-iliskisel-arastirma\/"},"wordCount":2021,"publisher":{"@id":"https:\/\/www.questionpro.com\/blog\/tr\/#organization"},"articleSection":["Pazar Ara\u015ft\u0131rmas\u0131"],"inLanguage":"tr"},{"@type":"WebPage","@id":"https:\/\/www.questionpro.com\/blog\/tr\/betimsel-arastirma-vs-iliskisel-arastirma\/","url":"https:\/\/www.questionpro.com\/blog\/tr\/betimsel-arastirma-vs-iliskisel-arastirma\/","name":"Tan\u0131mlay\u0131c\u0131 Korelasyonel: Tan\u0131mlay\u0131c\u0131 ve korelasyonel ara\u015ft\u0131rma","isPartOf":{"@id":"https:\/\/www.questionpro.com\/blog\/tr\/#website"},"datePublished":"2018-08-02T12:07:52+00:00","dateModified":"2023-06-30T21:11:09+00:00","description":"Tan\u0131mlay\u0131c\u0131 korelasyonel ara\u015ft\u0131rmalarda, kar\u015f\u0131la\u015ft\u0131r\u0131lan gruplar\u0131n veya de\u011fi\u015fkenlerin ba\u015flang\u0131\u00e7ta ayn\u0131 oldu\u011fundan emin olmak \u00f6nemlidir.","breadcrumb":{"@id":"https:\/\/www.questionpro.com\/blog\/tr\/betimsel-arastirma-vs-iliskisel-arastirma\/#breadcrumb"},"inLanguage":"tr","potentialAction":[{"@type":"ReadAction","target":["https:\/\/www.questionpro.com\/blog\/tr\/betimsel-arastirma-vs-iliskisel-arastirma\/"]}]},{"@type":"BreadcrumbList","@id":"https:\/\/www.questionpro.com\/blog\/tr\/betimsel-arastirma-vs-iliskisel-arastirma\/#breadcrumb","itemListElement":[{"@type":"ListItem","position":1,"name":"Ev","item":"https:\/\/www.questionpro.com\/blog\/tr\/"},{"@type":"ListItem","position":2,"name":"Pazar Ara\u015ft\u0131rmas\u0131","item":"https:\/\/www.questionpro.com\/blog\/tr\/category\/pazar-arastirmasi-tr\/"},{"@type":"ListItem","position":3,"name":"Tan\u0131mlay\u0131c\u0131 Korelasyonel: Tan\u0131mlay\u0131c\u0131 ve korelasyonel ara\u015ft\u0131rma"}]},{"@type":"WebSite","@id":"https:\/\/www.questionpro.com\/blog\/tr\/#website","url":"https:\/\/www.questionpro.com\/blog\/tr\/","name":"QuestionPro","description":"","publisher":{"@id":"https:\/\/www.questionpro.com\/blog\/tr\/#organization"},"potentialAction":[{"@type":"SearchAction","target":{"@type":"EntryPoint","urlTemplate":"https:\/\/www.questionpro.com\/blog\/tr\/?s={search_term_string}"},"query-input":"required name=search_term_string"}],"inLanguage":"tr"},{"@type":"Organization","@id":"https:\/\/www.questionpro.com\/blog\/tr\/#organization","name":"QuestionPro","url":"https:\/\/www.questionpro.com\/blog\/tr\/","logo":{"@type":"ImageObject","inLanguage":"tr","@id":"https:\/\/www.questionpro.com\/blog\/tr\/#\/schema\/logo\/image\/","url":"https:\/\/www.questionpro.com\/blog\/wp-content\/uploads\/2022\/10\/questionpro-logo.svg","contentUrl":"https:\/\/www.questionpro.com\/blog\/wp-content\/uploads\/2022\/10\/questionpro-logo.svg","caption":"QuestionPro"},"image":{"@id":"https:\/\/www.questionpro.com\/blog\/tr\/#\/schema\/logo\/image\/"},"sameAs":["https:\/\/www.facebook.com\/questionpro","https:\/\/twitter.com\/questionpro","https:\/\/www.linkedin.com\/company\/questionpro\/"]},{"@type":"Person","@id":"https:\/\/www.questionpro.com\/blog\/tr\/#\/schema\/person\/6240dce6e1901b1a6c7f3dbd3e22567f","name":"Adi Bhat","image":{"@type":"ImageObject","inLanguage":"tr","@id":"https:\/\/www.questionpro.com\/blog\/tr\/#\/schema\/person\/image\/","url":"https:\/\/secure.gravatar.com\/avatar\/33be79da19de28bbea9b5a059532a027?s=96&d=mm&r=g","contentUrl":"https:\/\/secure.gravatar.com\/avatar\/33be79da19de28bbea9b5a059532a027?s=96&d=mm&r=g","caption":"Adi Bhat"},"description":"Aditya Bhat, a.k.a. \u2018Adi\u2019, is a thought leader in market strategy and business development. He leads QuestionPro's sales teams to partner with companies, government organizations, and nonprofit institution.","sameAs":["https:\/\/www.questionpro.com\/"],"url":"https:\/\/www.questionpro.com\/blog\/tr\/author\/adityabhat\/"}]}},"featured_image_src":"https:\/\/www.questionpro.com\/blog\/wp-content\/uploads\/2023\/05\/descriptive_correlational.jpg","featured_image_src_square":"https:\/\/www.questionpro.com\/blog\/wp-content\/uploads\/2023\/05\/descriptive_correlational.jpg","author_info":{"display_name":"Adi Bhat","author_link":"https:\/\/www.questionpro.com\/blog\/tr\/author\/adityabhat\/"},"_links":{"self":[{"href":"https:\/\/www.questionpro.com\/blog\/tr\/wp-json\/wp\/v2\/posts\/800537"}],"collection":[{"href":"https:\/\/www.questionpro.com\/blog\/tr\/wp-json\/wp\/v2\/posts"}],"about":[{"href":"https:\/\/www.questionpro.com\/blog\/tr\/wp-json\/wp\/v2\/types\/post"}],"author":[{"embeddable":true,"href":"https:\/\/www.questionpro.com\/blog\/tr\/wp-json\/wp\/v2\/users\/86"}],"replies":[{"embeddable":true,"href":"https:\/\/www.questionpro.com\/blog\/tr\/wp-json\/wp\/v2\/comments?post=800537"}],"version-history":[{"count":1,"href":"https:\/\/www.questionpro.com\/blog\/tr\/wp-json\/wp\/v2\/posts\/800537\/revisions"}],"predecessor-version":[{"id":800538,"href":"https:\/\/www.questionpro.com\/blog\/tr\/wp-json\/wp\/v2\/posts\/800537\/revisions\/800538"}],"wp:featuredmedia":[{"embeddable":true,"href":"https:\/\/www.questionpro.com\/blog\/tr\/wp-json\/wp\/v2\/media\/792243"}],"wp:attachment":[{"href":"https:\/\/www.questionpro.com\/blog\/tr\/wp-json\/wp\/v2\/media?parent=800537"}],"wp:term":[{"taxonomy":"category","embeddable":true,"href":"https:\/\/www.questionpro.com\/blog\/tr\/wp-json\/wp\/v2\/categories?post=800537"},{"taxonomy":"post_tag","embeddable":true,"href":"https:\/\/www.questionpro.com\/blog\/tr\/wp-json\/wp\/v2\/tags?post=800537"}],"curies":[{"name":"wp","href":"https:\/\/api.w.org\/{rel}","templated":true}]}}